{"id":183265,"date":"2021-04-28T11:47:00","date_gmt":"2021-04-28T11:47:00","guid":{"rendered":"https:\/\/www.welovecycling.com\/wide\/?p=183265"},"modified":"2021-04-28T11:48:03","modified_gmt":"2021-04-28T11:48:03","slug":"check-out-the-giro-ditalia-2021-start-list","status":"publish","type":"post","link":"https:\/\/www.welovecycling.com\/wide\/2021\/04\/28\/check-out-the-giro-ditalia-2021-start-list\/","title":{"rendered":"Check Out the Giro d\u2019Italia 2021 Start List"},"content":{"rendered":"<p><strong>This year\u2019s Italian Grand Tour is taking place from May 8\u201430. It will return six months after the last edition, which was pushed back in the calendar due to the Coronavirus pandemic. The riders will start in Turin and end in Milano.<\/strong><\/p>\n<p><!--more--><\/p>\n<p>The reigning champ, Tao Geoghegan Hart, won\u2019t be there to defend his title. He is focusing on a debut at the Tour de France instead. Egan Bernal will be leading the Ineos Grenadiers squad. Simon Yates (Team BikeExchange) will return once again to try to claim the pink jersey. Vincenzo Nibali is likely to lead Trek-Segafredo and Romain Bardet will ride in his first Grand Tour for DSM. Mikel Landa will be there to win for Bahrain-Victorious and Movistar is placing its hopes in Marc Soler. And we shouldn\u2019t omit Jo\u00e3o Almeida (Deceuninck \u2013 Quick-Step), who will be hoping to hold on to the pink jersey all the way to the end this time.<\/p>\n<figure id=\"attachment_183269\" aria-describedby=\"caption-attachment-183269\" style=\"width: 1024px\" class=\"wp-caption alignnone\"><a href=\"https:\/\/d2p6e6u75xmxt8.cloudfront.net\/2\/2021\/04\/Almeida-profimedia-0564993348.jpg\"><img loading=\"lazy\" decoding=\"async\" class=\"size-large wp-image-183269\" src=\"https:\/\/d2p6e6u75xmxt8.cloudfront.net\/2\/2021\/04\/Almeida-profimedia-0564993348-1024x682.jpg\" alt=\"Joao Almeida\" width=\"1024\" height=\"682\" \/><\/a><figcaption id=\"caption-attachment-183269\" class=\"wp-caption-text\">Almeida sure hopes to stay in pink this year. \u00a9 Profimedia<\/figcaption><\/figure>\n<h2><strong>Giro d\u2019Italia 2021 provisional start list<\/strong><\/h2>\n<h4><span style=\"font-size: 18pt;\"><strong><span style=\"font-size: 14pt;\">Eolo-Kometa<\/span> <span style=\"font-size: 14pt;\">Cycling Team<\/span><\/strong><\/span><\/h4>\n<p>Lorenzo Fortunato<br \/>\nEdward Ravasi<br \/>\nFrancesco Gavazzi<br \/>\nManuel Belletti<br \/>\nLuca Wackermann<br \/>\nAlejandro Ropero<br \/>\nDavide Bais<br \/>\nVincenzo Albanese<\/p>\n<h4><strong>Alpecin-Fenix<\/strong><\/h4>\n<p>Oscar Riesebeek<br \/>\nGianni Vermeersch<br \/>\nAlexander Krieger<br \/>\nTim Merlier<br \/>\nLouis Vervaeke<br \/>\nSenne Leysen<br \/>\nJimmy Janssens<br \/>\nDries De Bondt<\/p>\n<h4><strong>Groupama-FDJ<\/strong><\/h4>\n<p>Lars van den Berg<br \/>\nAntoine Duchesne<br \/>\nTobias Ludvigsson<br \/>\nAttila Valter<br \/>\nSimon Guglielmi<br \/>\nMatteo Badilatti<br \/>\nRudy Molard<br \/>\nSebastien Reichenbach<\/p>\n<h4><strong>Astana-Premier Tech<\/strong><\/h4>\n<p>Fabio Felline<br \/>\nVadim Pronskiy<br \/>\nHarold Alfonso Tejada Canacue<br \/>\nLuis Le\u00f3n S\u00e1nchez<br \/>\nGorka Izagirre Insausti<br \/>\nAlexander Vlasov<br \/>\nSamuele Battistella<br \/>\nMatteo Sobrero<\/p>\n<h4><strong>Bora-Hansgrohe<\/strong><\/h4>\n<p>Emanuel Buchmann<br \/>\nMaciej Bodnar<br \/>\nMatteo Fabbro<br \/>\nGiovanni Aleotti<br \/>\nDaniel Oss<br \/>\nCesare Benedetti<br \/>\nFelix Gro\u00dfschartner<br \/>\nPeter Sagan<\/p>\n<h4><strong>Team BikeExchange<\/strong><\/h4>\n<p>Tanel Kangert<br \/>\nSimon Yates<br \/>\nCameron Meyer<br \/>\nNick Schultz<br \/>\nCallum Scotson<br \/>\nMichael Hepburn<br \/>\nChristopher Juul Jensen<br \/>\nMikel Nieve Ituralde<\/p>\n<h4><strong>UAE Team Emirates<\/strong><\/h4>\n<p>Davide Formolo<br \/>\nAlessandro Covi<br \/>\nValerio Conti<br \/>\nMaximiliano Ariel Richeze<br \/>\nDiego Ulissi<br \/>\nFernando Gaviria<br \/>\nJuan Sebastian Molano Benavides<br \/>\nJoe Dombrowski<\/p>\n<h4><strong>Cofidis<\/strong><\/h4>\n<p>Natnael Berhane<br \/>\nR\u00e9my Rochas<br \/>\nFabio Sabatini<br \/>\nNicolas Edet<br \/>\nSimone Consonni<br \/>\nVictor Lafay<br \/>\nElia Viviani<br \/>\nAttilio Viviani<\/p>\n<h4><strong>Trek\u2013Segafredo<\/strong><\/h4>\n<p>Giorgio Brambilla<br \/>\nAmanuel Ghebreigzabhier Werkilu<br \/>\nRyan Mullen<br \/>\nJacopo Mosca<br \/>\nGiulio Ciccone<br \/>\nVincenzo Nibali<br \/>\nMatteo Moschetti<br \/>\nBauke Mollema<\/p>\n<h4><strong>Deceuninck-QuickStep<\/strong><\/h4>\n<p>Iljo Keisse<br \/>\nRemco Evenepoel<br \/>\nPieter Serry<br \/>\nMikkel Fr\u00f8lich Honore<br \/>\nJames Knox<br \/>\nJo\u00e3o Almeida<br \/>\nFausto Masnada<br \/>\nRemi Cavagna<\/p>\n<h4><strong>EF Education-Nippo<\/strong><\/h4>\n<p>Simon Carr<br \/>\nWilliam Barta<br \/>\nAlberto Bettiol<br \/>\nHugh Carthy<br \/>\nRuben Guerreiro<br \/>\nJonathan Caicedo<br \/>\nJens Keukeleire<br \/>\nTejay van Garderen<\/p>\n<h4><strong>Israel Start\u2013Up Nation<\/strong><\/h4>\n<p>Davide Cimolai<br \/>\nKrists Neilands<br \/>\nGuy Niv<br \/>\nAlessandro De Marchi<br \/>\nAlex Dowsett<br \/>\nDaniel Martin<br \/>\nPatrick Bevin<br \/>\nMatthias Br\u00e4ndle<\/p>\n<h4><strong>Intermarch\u00e9-Wanty-Gobert Mat\u00e9riaux<\/strong><\/h4>\n<p>Rein Taaram\u00e4e<br \/>\nWesley Kreder<br \/>\nTaco Van Der Hoorn<br \/>\nQuinten Hermans<br \/>\nAndrea Pasqualon<br \/>\nRiccardo Minali<br \/>\nSimone Petilli<br \/>\nJan Hirt<\/p>\n<h4><strong>Ineos Grenadiers<\/strong><\/h4>\n<p>Pavel Sivakov<br \/>\nIvan Ramiro Sosa Cuervo<br \/>\nEgan Arley Bernal Gomez<br \/>\nFilippo Ganna<br \/>\nSalvatore Puccio<br \/>\nJonathan Castroviejo Nicolas<br \/>\nGianni Moscon<br \/>\nDaniel Mart\u00ednez<\/p>\n<h4><strong>Bahrain Victorious<\/strong><\/h4>\n<p>Mikel Landa Meana<br \/>\nDomen Novak<br \/>\nMatej Mohoric<br \/>\nSantiago Buitrago Sanchez<br \/>\nJan Tratnik<br \/>\nGino Mader<br \/>\nPello Bilbao<br \/>\nDamiano Caruso<\/p>\n<h4><strong>Androni Giocattoli-Sidermec<\/strong><\/h4>\n<p>Simon Pellaud<br \/>\nNatnael Tesfatsion<br \/>\nFilippo Tagliani<br \/>\nNicola Venchiarutti<br \/>\nAndrii Ponomar<br \/>\nEduardo Sep\u00falveda<br \/>\nJefferson Alexander Cepeda<br \/>\nSimone Ravanelli<\/p>\n<h4><strong>Team Jumbo\u2013Visma<\/strong><\/h4>\n<p>Koen Bouwman<br \/>\nDylan Groenewegen<br \/>\nEdoardo Affini<br \/>\nPaul Martens<br \/>\nTobias Foss<br \/>\nGeorge Bennett<br \/>\nDavid Dekker<br \/>\nJos van Emden<\/p>\n<h4><strong>AG2R Citro\u00ebn Team<\/strong><\/h4>\n<p>Tony Gallopin<br \/>\nAndrea Vendrame<br \/>\nMathias Frank<br \/>\nBen Gastauer<br \/>\nGeoffrey Bouchard<br \/>\nLawrence Warbasse<br \/>\nFrancois Bidard<br \/>\nClement Champoussin<\/p>\n<h4><strong>Team DSM<\/strong><\/h4>\n<p>Nikias Arndt<br \/>\nNicolas Roche<br \/>\nJai Hindley<br \/>\nMax Kanter<br \/>\nRomain Bardet<br \/>\nNico Denz<br \/>\nMichael Storer<br \/>\nChris Hamilton<\/p>\n<h4><strong>Lotto Soudal<\/strong><\/h4>\n<p>Harm Vanhouck<br \/>\nStefano Oldani<br \/>\nThomas De Gendt<br \/>\nRoger Kluge<br \/>\nJasper De Buyst<br \/>\nKobe Goossens<br \/>\nTomasz Marczynski<br \/>\nCaleb Ewan<\/p>\n<h4><strong>Bardiani-CSF-Faizane<\/strong><\/h4>\n<p>Davide Gabburo<br \/>\nAlessandro Tonelli<br \/>\nFilippo Fiorelli<br \/>\nUmberto Marengo<br \/>\nSamuele Zoccarato<br \/>\nEnrico Battaglin<br \/>\nFilippo Zana<br \/>\nGiovanni Visconti<\/p>\n<h4><strong>Movistar Team<\/strong><\/h4>\n<p>Antonio Pedrero<br \/>\nAlbert Torres<br \/>\nDario Cataldo<br \/>\nNelson Oliveira<br \/>\nMathias Norsgaard Jorgensen<br \/>\nEiner Augusto Rubio<br \/>\nDavide Villella<br \/>\nMarc Soler<\/p>\n<h4><strong>Qhubeka Assos<\/strong><\/h4>\n<p>Bert-Jan Lindeman<br \/>\nKilian Frankiny<br \/>\nMax Walscheid<br \/>\nDomenico Pozzovivo<br \/>\nGiacomo Nizzolo<br \/>\nMauro Schmid<br \/>\n\u0141ukasz Wi\u015bniowski<br \/>\nVictor Campenaerts<\/p>\n","protected":false},"excerpt":{"rendered":"<p>This year\u2019s Italian Grand Tour is taking place from May 8\u201430. It will return six months after the last edition, [&hellip;]<\/p>\n","protected":false},"author":99,"featured_media":183268,"comment_status":"open","ping_status":"open","sticky":false,"template":"","format":"standard","meta":{"footnotes":""},"categories":[329],"tags":[5177,2621,402,4479,1785,794,1786,4515,426],"global-categories":[3366],"class_list":["post-183265","post","type-post","status-publish","format-standard","has-post-thumbnail","hentry","category-road-cycling","tag-2021-giro","tag-egan-bernal","tag-giro-ditalia","tag-joao-almeida","tag-marc-soler","tag-mikel-landa","tag-simon-yates","tag-tao-geoghegan-hart","tag-vincenzo-nibali","global-categories-cycling"],"yoast_head":"<!-- This site is optimized with the Yoast SEO Premium plugin v25.3 (Yoast SEO v25.9) - https:\/\/yoast.com\/wordpress\/plugins\/seo\/ -->\n<title>Giro d&#039;Italia Start 2021 List - We Love Cycling Magazine<\/title>\n<meta name=\"description\" content=\"This year\u2019s Italian Grand Tour is taking place from May 8\u201430. It will return six months after the last edition, which was pushed back in the calendar due\" \/>\n<meta name=\"robots\" content=\"index, follow, max-snippet:-1, max-image-preview:large, max-video-preview:-1\" \/>\n<link rel=\"canonical\" href=\"https:\/\/www.welovecycling.com\/wide\/2021\/04\/28\/check-out-the-giro-ditalia-2021-start-list\/\" \/>\n<meta property=\"og:locale\" content=\"en_US\" \/>\n<meta property=\"og:type\" content=\"article\" \/>\n<meta property=\"og:title\" content=\"Check Out the Giro d\u2019Italia 2021 Start List\" \/>\n<meta property=\"og:description\" content=\"This year\u2019s Italian Grand Tour is taking place from May 8\u201430. It will return six months after the last edition, which was pushed back in the calendar due\" \/>\n<meta property=\"og:url\" content=\"https:\/\/www.welovecycling.com\/wide\/2021\/04\/28\/check-out-the-giro-ditalia-2021-start-list\/\" \/>\n<meta property=\"og:site_name\" content=\"\u0160koda We Love Cycling\" \/>\n<meta property=\"article:published_time\" content=\"2021-04-28T11:47:00+00:00\" \/>\n<meta property=\"article:modified_time\" content=\"2021-04-28T11:48:03+00:00\" \/>\n<meta property=\"og:image\" content=\"https:\/\/d2p6e6u75xmxt8.cloudfront.net\/2\/2021\/04\/Giro-dItalia-prize-profimedia-0593201370-CVR.webp\" \/>\n\t<meta property=\"og:image:width\" content=\"900\" \/>\n\t<meta property=\"og:image:height\" content=\"600\" \/>\n\t<meta property=\"og:image:type\" content=\"image\/webp\" \/>\n<meta name=\"author\" content=\"tereza\" \/>\n<meta name=\"twitter:card\" content=\"summary_large_image\" \/>\n<meta name=\"twitter:label1\" content=\"Written by\" \/>\n\t<meta name=\"twitter:data1\" content=\"Monica Buck\" \/>\n\t<meta name=\"twitter:label2\" content=\"Est. reading time\" \/>\n\t<meta name=\"twitter:data2\" content=\"4\" \/>\n<script type=\"application\/ld+json\" class=\"yoast-schema-graph\">{\"@context\":\"https:\/\/schema.org\",\"@graph\":[{\"@type\":\"WebPage\",\"@id\":\"https:\/\/www.welovecycling.com\/wide\/2021\/04\/28\/check-out-the-giro-ditalia-2021-start-list\/\",\"url\":\"https:\/\/www.welovecycling.com\/wide\/2021\/04\/28\/check-out-the-giro-ditalia-2021-start-list\/\",\"name\":\"Giro d'Italia Start 2021 List - We Love Cycling Magazine\",\"isPartOf\":{\"@id\":\"https:\/\/www.welovecycling.com\/wide\/#website\"},\"primaryImageOfPage\":{\"@id\":\"https:\/\/www.welovecycling.com\/wide\/2021\/04\/28\/check-out-the-giro-ditalia-2021-start-list\/#primaryimage\"},\"image\":{\"@id\":\"https:\/\/www.welovecycling.com\/wide\/2021\/04\/28\/check-out-the-giro-ditalia-2021-start-list\/#primaryimage\"},\"thumbnailUrl\":\"https:\/\/d2p6e6u75xmxt8.cloudfront.net\/2\/2021\/04\/Giro-dItalia-prize-profimedia-0593201370-CVR.webp\",\"datePublished\":\"2021-04-28T11:47:00+00:00\",\"dateModified\":\"2021-04-28T11:48:03+00:00\",\"author\":{\"@id\":\"https:\/\/www.welovecycling.com\/wide\/#\/schema\/person\/50f01ecd18718d2333cf72e823c4f926\"},\"description\":\"This year\u2019s Italian Grand Tour is taking place from May 8\u201430. It will return six months after the last edition, which was pushed back in the calendar due\",\"breadcrumb\":{\"@id\":\"https:\/\/www.welovecycling.com\/wide\/2021\/04\/28\/check-out-the-giro-ditalia-2021-start-list\/#breadcrumb\"},\"inLanguage\":\"en-US\",\"potentialAction\":[{\"@type\":\"ReadAction\",\"target\":[\"https:\/\/www.welovecycling.com\/wide\/2021\/04\/28\/check-out-the-giro-ditalia-2021-start-list\/\"]}]},{\"@type\":\"ImageObject\",\"inLanguage\":\"en-US\",\"@id\":\"https:\/\/www.welovecycling.com\/wide\/2021\/04\/28\/check-out-the-giro-ditalia-2021-start-list\/#primaryimage\",\"url\":\"https:\/\/d2p6e6u75xmxt8.cloudfront.net\/2\/2021\/04\/Giro-dItalia-prize-profimedia-0593201370-CVR.webp\",\"contentUrl\":\"https:\/\/d2p6e6u75xmxt8.cloudfront.net\/2\/2021\/04\/Giro-dItalia-prize-profimedia-0593201370-CVR.webp\",\"width\":900,\"height\":600,\"caption\":\"Giro d'Italia\"},{\"@type\":\"BreadcrumbList\",\"@id\":\"https:\/\/www.welovecycling.com\/wide\/2021\/04\/28\/check-out-the-giro-ditalia-2021-start-list\/#breadcrumb\",\"itemListElement\":[{\"@type\":\"ListItem\",\"position\":1,\"name\":\"Home\",\"item\":\"https:\/\/www.welovecycling.com\/wide\/\"},{\"@type\":\"ListItem\",\"position\":2,\"name\":\"Check Out the Giro d\u2019Italia 2021 Start List\"}]},{\"@type\":\"WebSite\",\"@id\":\"https:\/\/www.welovecycling.com\/wide\/#website\",\"url\":\"https:\/\/www.welovecycling.com\/wide\/\",\"name\":\"\u0160koda We Love Cycling\",\"description\":\"\u0160koda We Love Cycling magazine\",\"alternateName\":\"\u0160koda WLC\",\"potentialAction\":[{\"@type\":\"SearchAction\",\"target\":{\"@type\":\"EntryPoint\",\"urlTemplate\":\"https:\/\/www.welovecycling.com\/wide\/?s={search_term_string}\"},\"query-input\":{\"@type\":\"PropertyValueSpecification\",\"valueRequired\":true,\"valueName\":\"search_term_string\"}}],\"inLanguage\":\"en-US\"},{\"@type\":\"Person\",\"@id\":\"https:\/\/www.welovecycling.com\/wide\/#\/schema\/person\/50f01ecd18718d2333cf72e823c4f926\",\"name\":\"tereza\",\"image\":{\"@type\":\"ImageObject\",\"inLanguage\":\"en-US\",\"@id\":\"https:\/\/www.welovecycling.com\/wide\/#\/schema\/person\/image\/\",\"url\":\"https:\/\/secure.gravatar.com\/avatar\/1f9eb71be33845f0afabce3791bc1c58ecdb0a25c62964987e5dbcf7a20d2ec7?s=96&d=mm&r=g\",\"contentUrl\":\"https:\/\/secure.gravatar.com\/avatar\/1f9eb71be33845f0afabce3791bc1c58ecdb0a25c62964987e5dbcf7a20d2ec7?s=96&d=mm&r=g\",\"caption\":\"tereza\"},\"url\":\"https:\/\/www.welovecycling.com\/wide\/author\/tereza\/\"}]}<\/script>\n<!-- \/ Yoast SEO Premium plugin. -->","yoast_head_json":{"title":"Giro d'Italia Start 2021 List - We Love Cycling Magazine","description":"This year\u2019s Italian Grand Tour is taking place from May 8\u201430. It will return six months after the last edition, which was pushed back in the calendar due","robots":{"index":"index","follow":"follow","max-snippet":"max-snippet:-1","max-image-preview":"max-image-preview:large","max-video-preview":"max-video-preview:-1"},"canonical":"https:\/\/www.welovecycling.com\/wide\/2021\/04\/28\/check-out-the-giro-ditalia-2021-start-list\/","og_locale":"en_US","og_type":"article","og_title":"Check Out the Giro d\u2019Italia 2021 Start List","og_description":"This year\u2019s Italian Grand Tour is taking place from May 8\u201430. It will return six months after the last edition, which was pushed back in the calendar due","og_url":"https:\/\/www.welovecycling.com\/wide\/2021\/04\/28\/check-out-the-giro-ditalia-2021-start-list\/","og_site_name":"\u0160koda We Love Cycling","article_published_time":"2021-04-28T11:47:00+00:00","article_modified_time":"2021-04-28T11:48:03+00:00","og_image":[{"width":900,"height":600,"url":"https:\/\/d2p6e6u75xmxt8.cloudfront.net\/2\/2021\/04\/Giro-dItalia-prize-profimedia-0593201370-CVR.webp","type":"image\/webp"}],"author":"tereza","twitter_card":"summary_large_image","twitter_misc":{"Written by":"Monica Buck","Est. reading time":"4"},"schema":{"@context":"https:\/\/schema.org","@graph":[{"@type":"WebPage","@id":"https:\/\/www.welovecycling.com\/wide\/2021\/04\/28\/check-out-the-giro-ditalia-2021-start-list\/","url":"https:\/\/www.welovecycling.com\/wide\/2021\/04\/28\/check-out-the-giro-ditalia-2021-start-list\/","name":"Giro d'Italia Start 2021 List - We Love Cycling Magazine","isPartOf":{"@id":"https:\/\/www.welovecycling.com\/wide\/#website"},"primaryImageOfPage":{"@id":"https:\/\/www.welovecycling.com\/wide\/2021\/04\/28\/check-out-the-giro-ditalia-2021-start-list\/#primaryimage"},"image":{"@id":"https:\/\/www.welovecycling.com\/wide\/2021\/04\/28\/check-out-the-giro-ditalia-2021-start-list\/#primaryimage"},"thumbnailUrl":"https:\/\/d2p6e6u75xmxt8.cloudfront.net\/2\/2021\/04\/Giro-dItalia-prize-profimedia-0593201370-CVR.webp","datePublished":"2021-04-28T11:47:00+00:00","dateModified":"2021-04-28T11:48:03+00:00","author":{"@id":"https:\/\/www.welovecycling.com\/wide\/#\/schema\/person\/50f01ecd18718d2333cf72e823c4f926"},"description":"This year\u2019s Italian Grand Tour is taking place from May 8\u201430. It will return six months after the last edition, which was pushed back in the calendar due","breadcrumb":{"@id":"https:\/\/www.welovecycling.com\/wide\/2021\/04\/28\/check-out-the-giro-ditalia-2021-start-list\/#breadcrumb"},"inLanguage":"en-US","potentialAction":[{"@type":"ReadAction","target":["https:\/\/www.welovecycling.com\/wide\/2021\/04\/28\/check-out-the-giro-ditalia-2021-start-list\/"]}]},{"@type":"ImageObject","inLanguage":"en-US","@id":"https:\/\/www.welovecycling.com\/wide\/2021\/04\/28\/check-out-the-giro-ditalia-2021-start-list\/#primaryimage","url":"https:\/\/d2p6e6u75xmxt8.cloudfront.net\/2\/2021\/04\/Giro-dItalia-prize-profimedia-0593201370-CVR.webp","contentUrl":"https:\/\/d2p6e6u75xmxt8.cloudfront.net\/2\/2021\/04\/Giro-dItalia-prize-profimedia-0593201370-CVR.webp","width":900,"height":600,"caption":"Giro d'Italia"},{"@type":"BreadcrumbList","@id":"https:\/\/www.welovecycling.com\/wide\/2021\/04\/28\/check-out-the-giro-ditalia-2021-start-list\/#breadcrumb","itemListElement":[{"@type":"ListItem","position":1,"name":"Home","item":"https:\/\/www.welovecycling.com\/wide\/"},{"@type":"ListItem","position":2,"name":"Check Out the Giro d\u2019Italia 2021 Start List"}]},{"@type":"WebSite","@id":"https:\/\/www.welovecycling.com\/wide\/#website","url":"https:\/\/www.welovecycling.com\/wide\/","name":"\u0160koda We Love Cycling","description":"\u0160koda We Love Cycling magazine","alternateName":"\u0160koda WLC","potentialAction":[{"@type":"SearchAction","target":{"@type":"EntryPoint","urlTemplate":"https:\/\/www.welovecycling.com\/wide\/?s={search_term_string}"},"query-input":{"@type":"PropertyValueSpecification","valueRequired":true,"valueName":"search_term_string"}}],"inLanguage":"en-US"},{"@type":"Person","@id":"https:\/\/www.welovecycling.com\/wide\/#\/schema\/person\/50f01ecd18718d2333cf72e823c4f926","name":"tereza","image":{"@type":"ImageObject","inLanguage":"en-US","@id":"https:\/\/www.welovecycling.com\/wide\/#\/schema\/person\/image\/","url":"https:\/\/secure.gravatar.com\/avatar\/1f9eb71be33845f0afabce3791bc1c58ecdb0a25c62964987e5dbcf7a20d2ec7?s=96&d=mm&r=g","contentUrl":"https:\/\/secure.gravatar.com\/avatar\/1f9eb71be33845f0afabce3791bc1c58ecdb0a25c62964987e5dbcf7a20d2ec7?s=96&d=mm&r=g","caption":"tereza"},"url":"https:\/\/www.welovecycling.com\/wide\/author\/tereza\/"}]}},"_links":{"self":[{"href":"https:\/\/www.welovecycling.com\/wide\/wp-json\/wp\/v2\/posts\/183265","targetHints":{"allow":["GET"]}}],"collection":[{"href":"https:\/\/www.welovecycling.com\/wide\/wp-json\/wp\/v2\/posts"}],"about":[{"href":"https:\/\/www.welovecycling.com\/wide\/wp-json\/wp\/v2\/types\/post"}],"author":[{"embeddable":true,"href":"https:\/\/www.welovecycling.com\/wide\/wp-json\/wp\/v2\/users\/99"}],"replies":[{"embeddable":true,"href":"https:\/\/www.welovecycling.com\/wide\/wp-json\/wp\/v2\/comments?post=183265"}],"version-history":[{"count":2,"href":"https:\/\/www.welovecycling.com\/wide\/wp-json\/wp\/v2\/posts\/183265\/revisions"}],"predecessor-version":[{"id":183272,"href":"https:\/\/www.welovecycling.com\/wide\/wp-json\/wp\/v2\/posts\/183265\/revisions\/183272"}],"wp:featuredmedia":[{"embeddable":true,"href":"https:\/\/www.welovecycling.com\/wide\/wp-json\/wp\/v2\/media\/183268"}],"wp:attachment":[{"href":"https:\/\/www.welovecycling.com\/wide\/wp-json\/wp\/v2\/media?parent=183265"}],"wp:term":[{"taxonomy":"category","embeddable":true,"href":"https:\/\/www.welovecycling.com\/wide\/wp-json\/wp\/v2\/categories?post=183265"},{"taxonomy":"post_tag","embeddable":true,"href":"https:\/\/www.welovecycling.com\/wide\/wp-json\/wp\/v2\/tags?post=183265"},{"taxonomy":"global-categories","embeddable":true,"href":"https:\/\/www.welovecycling.com\/wide\/wp-json\/wp\/v2\/global-categories?post=183265"}],"curies":[{"name":"wp","href":"https:\/\/api.w.org\/{rel}","templated":true}]}}