{"id":183151,"date":"2021-04-19T11:38:30","date_gmt":"2021-04-19T11:38:30","guid":{"rendered":"https:\/\/www.welovecycling.com\/wide\/?p=183151"},"modified":"2021-04-19T12:39:37","modified_gmt":"2021-04-19T12:39:37","slug":"wout-van-aert-and-marianne-vos-win-the-amstel-gold-race-and-other-cool-news-from-the-world-of-cycling","status":"publish","type":"post","link":"https:\/\/www.welovecycling.com\/wide\/2021\/04\/19\/wout-van-aert-and-marianne-vos-win-the-amstel-gold-race-and-other-cool-news-from-the-world-of-cycling\/","title":{"rendered":"Wout van Aert and Marianne Vos Win the Amstel Gold Race, and Other Cool News from the World of Cycling"},"content":{"rendered":"<p><strong>Another Monday is here, and so is our news from the world of cycling. So, what did you miss?<\/strong><\/p>\n<p><!--more--><\/p>\n<h2><strong>Photo finish for van Aert<\/strong><\/h2>\n<p>Tom Pidcock launched a move only van Aert and Schachman could follow in the closing part of the race. Leaving the rest of the favourites behind, the trio soon gained an advantage of 20 seconds with 10 km left. They started to slow down in the last kilometre, trying to shift each other to the front. The chase group was coming up quickly and van Aert eventually launched his sprint. Pidcock came alongside and the photo finish could not have been closer. In the end, Wout van Aert was declared the winner.<\/p>\n<figure id=\"attachment_183156\" aria-describedby=\"caption-attachment-183156\" style=\"width: 1024px\" class=\"wp-caption alignnone\"><a href=\"https:\/\/d2p6e6u75xmxt8.cloudfront.net\/2\/2021\/04\/Wout-van-Aert-Amstel-profimedia-0606407043.jpg\"><img loading=\"lazy\" decoding=\"async\" class=\"size-large wp-image-183156\" src=\"https:\/\/d2p6e6u75xmxt8.cloudfront.net\/2\/2021\/04\/Wout-van-Aert-Amstel-profimedia-0606407043-1024x682.jpg\" alt=\"Wout van Aert\" width=\"1024\" height=\"682\" \/><\/a><figcaption id=\"caption-attachment-183156\" class=\"wp-caption-text\">Van Aert crosses the finish line of the men elite &#8216;Amstel Gold Race&#8217;. \u00a9 Profimedia<\/figcaption><\/figure>\n<h4><strong>Amstel Gold Race 2021 results<\/strong><\/h4>\n<ol>\n<li>Wout van Aert (Jumbo-Visma) \u2013 5:03:27<\/li>\n<li>Tom Pidcock (Ineos Grenadiers)<\/li>\n<li>Max Schachmann (Bora-Hansgrohe)<\/li>\n<li>Michael Matthews (BikeExchange) + 2 seconds<\/li>\n<li>Alejandro Valverde (Movistar)<\/li>\n<li>Julian Alaphilippe (Deceuninck \u2013 Quick-Step)<\/li>\n<li>Kristian Sbaragli (Alpecin-Fenix)<\/li>\n<li>Matej Mohori\u010d (Bahrain-Victorious)<\/li>\n<li>Micha\u0142 Kwiatkowski (Ineos Grenadiers)<\/li>\n<li>Tosh van der Sande (Lotto-Soudal)<\/li>\n<\/ol>\n<h2><strong>Marianne Vos wins the sprint<\/strong><\/h2>\n<p>It looked like the two leaders had it all in the bag, but Elisa Longo Borghini refused to work with the defending champion Kasia Newiadoma. They were caught in the closing 300m and swallowed by the chasers. Vos was perfectly positioned and launched her sprint with 150m to go. No one was able to match her power and she crossed the finish line first.<\/p>\n<figure id=\"attachment_183158\" aria-describedby=\"caption-attachment-183158\" style=\"width: 1024px\" class=\"wp-caption alignnone\"><a href=\"https:\/\/d2p6e6u75xmxt8.cloudfront.net\/2\/2021\/04\/Marianne-Vos-profimedia-0606276446.jpg\"><img loading=\"lazy\" decoding=\"async\" class=\"size-large wp-image-183158\" src=\"https:\/\/d2p6e6u75xmxt8.cloudfront.net\/2\/2021\/04\/Marianne-Vos-profimedia-0606276446-1024x682.jpg\" alt=\"Marianne Vos\" width=\"1024\" height=\"682\" \/><\/a><figcaption id=\"caption-attachment-183158\" class=\"wp-caption-text\">Kasia Niewiadoma (L) and Marianne Vos during the Amstel Gold Race Ladies Edition. \u00a9 Profimedia<\/figcaption><\/figure>\n<h4><strong>Amstel Gold Ladies Edition<\/strong><\/h4>\n<ol>\n<li>Marianne Vos (Jumbo-Visma) \u2013 3:00:20<\/li>\n<li>Demi Vollering (SDWorx)<\/li>\n<li>Annemiek van Vleuten (Movistar)<\/li>\n<li>Amanda Spratt (Bike Exchange)<\/li>\n<li>Soraya Paladin (Liv Racing)<\/li>\n<li>Mavi Garcia (Al\u00e9 BTC Ljubljana)<\/li>\n<li>Cecilie Uttrup Ludwig (FDJ-Nouvelle Aquitaine Futuroscope)<\/li>\n<li>Elisa Longo Borghini (Trek-Segafredo)<\/li>\n<li>Ashleigh Moolman Pasio (SDWorx)<\/li>\n<li>Kasia Niewiadoma (Canyon-SRAM)<\/li>\n<\/ol>\n<h2><strong>He\u2019s back!<\/strong><\/h2>\n<div class=\"embed-controller-wrapper\">\n<blockquote class=\"twitter-tweet\" data-width=\"500\" data-dnt=\"true\">\n<p lang=\"en\" dir=\"ltr\">All the sprinters watching <a href=\"https:\/\/twitter.com\/MarkCavendish?ref_src=twsrc%5Etfw\">@MarkCavendish<\/a> winning again\ud83d\ude05<br \/>Congrats mate! <a href=\"https:\/\/t.co\/haVm63PLHO\">pic.twitter.com\/haVm63PLHO<\/a><\/p>\n<p>&mdash; Caleb Ewan (@CalebEwan) <a href=\"https:\/\/twitter.com\/CalebEwan\/status\/1381992801341169668?ref_src=twsrc%5Etfw\">April 13, 2021<\/a><\/p><\/blockquote>\n<p><script async data-src=\"https:\/\/platform.twitter.com\/widgets.js\" charset=\"utf-8\"><\/script><\/div>\n<h2><strong>Sounds good<\/strong><\/h2>\n<div class=\"embed-controller-wrapper\">\n<blockquote class=\"twitter-tweet\" data-width=\"500\" data-dnt=\"true\">\n<p lang=\"en\" dir=\"ltr\">Did world champs recon today.<\/p>\n<p>Riders your in for hell !<\/p>\n<p>Spectators your in for heaven!<\/p>\n<p>&mdash; Luke Rowe (@LukeRowe1990) <a href=\"https:\/\/twitter.com\/LukeRowe1990\/status\/1382688669446897664?ref_src=twsrc%5Etfw\">April 15, 2021<\/a><\/p><\/blockquote>\n<p><script async data-src=\"https:\/\/platform.twitter.com\/widgets.js\" charset=\"utf-8\"><\/script><\/div>\n<h2><strong>It\u2019s on<\/strong><\/h2>\n<div class=\"embed-controller-wrapper\">\n<blockquote class=\"twitter-tweet\" data-width=\"500\" data-dnt=\"true\">\n<p lang=\"zxx\" dir=\"ltr\"><a href=\"https:\/\/t.co\/P9h2NM7jCb\">https:\/\/t.co\/P9h2NM7jCb<\/a> <a href=\"https:\/\/t.co\/EqkotfJtXJ\">pic.twitter.com\/EqkotfJtXJ<\/a><\/p>\n<p>&mdash; Lidl-Trek (@LidlTrek) <a href=\"https:\/\/twitter.com\/LidlTrek\/status\/1382365886422601729?ref_src=twsrc%5Etfw\">April 14, 2021<\/a><\/p><\/blockquote>\n<p><script async data-src=\"https:\/\/platform.twitter.com\/widgets.js\" charset=\"utf-8\"><\/script><\/div>\n<h2><strong>No pain, no gain<\/strong><\/h2>\n<p>https:\/\/www.instagram.com\/p\/CNxyhJeKMW1\/<\/p>\n","protected":false},"excerpt":{"rendered":"<p>Another Monday is here, and so is our news from the world of cycling. So, what did you miss?<\/p>\n","protected":false},"author":99,"featured_media":183157,"comment_status":"open","ping_status":"open","sticky":false,"template":"","format":"standard","meta":{"footnotes":""},"categories":[329],"tags":[1400,4619,2711,2043,3136,831],"global-categories":[3366],"class_list":["post-183151","post","type-post","status-publish","format-standard","has-post-thumbnail","hentry","category-road-cycling","tag-amstel-gold-race","tag-cycling-news","tag-elisa-longo-borghini","tag-kasia-niewiadoma","tag-marianne-vos","tag-wout-van-aert","global-categories-cycling"],"yoast_head":"<!-- This site is optimized with the Yoast SEO Premium plugin v25.3 (Yoast SEO v25.9) - https:\/\/yoast.com\/wordpress\/plugins\/seo\/ -->\n<title>Wout van Aert and Marianne Vos Win the Amstel Gold Race, and Other Cool News from the World of Cycling - \u0160koda We Love Cycling<\/title>\n<meta name=\"description\" content=\"Another Monday is here, and so is our news from the world of cycling. So, what did you miss? Photo finish for van Aert Tom Pidcock launched a move only\" \/>\n<meta name=\"robots\" content=\"index, follow, max-snippet:-1, max-image-preview:large, max-video-preview:-1\" \/>\n<link rel=\"canonical\" href=\"https:\/\/www.welovecycling.com\/wide\/2021\/04\/19\/wout-van-aert-and-marianne-vos-win-the-amstel-gold-race-and-other-cool-news-from-the-world-of-cycling\/\" \/>\n<meta property=\"og:locale\" content=\"en_US\" \/>\n<meta property=\"og:type\" content=\"article\" \/>\n<meta property=\"og:title\" content=\"Wout van Aert and Marianne Vos Win the Amstel Gold Race, and Other Cool News from the World of Cycling\" \/>\n<meta property=\"og:description\" content=\"Another Monday is here, and so is our news from the world of cycling. So, what did you miss? Photo finish for van Aert Tom Pidcock launched a move only\" \/>\n<meta property=\"og:url\" content=\"https:\/\/www.welovecycling.com\/wide\/2021\/04\/19\/wout-van-aert-and-marianne-vos-win-the-amstel-gold-race-and-other-cool-news-from-the-world-of-cycling\/\" \/>\n<meta property=\"og:site_name\" content=\"\u0160koda We Love Cycling\" \/>\n<meta property=\"article:published_time\" content=\"2021-04-19T11:38:30+00:00\" \/>\n<meta property=\"article:modified_time\" content=\"2021-04-19T12:39:37+00:00\" \/>\n<meta property=\"og:image\" content=\"https:\/\/d2p6e6u75xmxt8.cloudfront.net\/2\/2021\/04\/Marianne-Vos-profimedia-0606276340-CVR.webp\" \/>\n\t<meta property=\"og:image:width\" content=\"900\" \/>\n\t<meta property=\"og:image:height\" content=\"600\" \/>\n\t<meta property=\"og:image:type\" content=\"image\/webp\" \/>\n<meta name=\"author\" content=\"tereza\" \/>\n<meta name=\"twitter:card\" content=\"summary_large_image\" \/>\n<meta name=\"twitter:label1\" content=\"Written by\" \/>\n\t<meta name=\"twitter:data1\" content=\"Monica Buck\" \/>\n\t<meta name=\"twitter:label2\" content=\"Est. reading time\" \/>\n\t<meta name=\"twitter:data2\" content=\"4\" \/>\n<script type=\"application\/ld+json\" class=\"yoast-schema-graph\">{\"@context\":\"https:\/\/schema.org\",\"@graph\":[{\"@type\":\"WebPage\",\"@id\":\"https:\/\/www.welovecycling.com\/wide\/2021\/04\/19\/wout-van-aert-and-marianne-vos-win-the-amstel-gold-race-and-other-cool-news-from-the-world-of-cycling\/\",\"url\":\"https:\/\/www.welovecycling.com\/wide\/2021\/04\/19\/wout-van-aert-and-marianne-vos-win-the-amstel-gold-race-and-other-cool-news-from-the-world-of-cycling\/\",\"name\":\"Wout van Aert and Marianne Vos Win the Amstel Gold Race, and Other Cool News from the World of Cycling - \u0160koda We Love Cycling\",\"isPartOf\":{\"@id\":\"https:\/\/www.welovecycling.com\/wide\/#website\"},\"primaryImageOfPage\":{\"@id\":\"https:\/\/www.welovecycling.com\/wide\/2021\/04\/19\/wout-van-aert-and-marianne-vos-win-the-amstel-gold-race-and-other-cool-news-from-the-world-of-cycling\/#primaryimage\"},\"image\":{\"@id\":\"https:\/\/www.welovecycling.com\/wide\/2021\/04\/19\/wout-van-aert-and-marianne-vos-win-the-amstel-gold-race-and-other-cool-news-from-the-world-of-cycling\/#primaryimage\"},\"thumbnailUrl\":\"https:\/\/d2p6e6u75xmxt8.cloudfront.net\/2\/2021\/04\/Marianne-Vos-profimedia-0606276340-CVR.webp\",\"datePublished\":\"2021-04-19T11:38:30+00:00\",\"dateModified\":\"2021-04-19T12:39:37+00:00\",\"author\":{\"@id\":\"https:\/\/www.welovecycling.com\/wide\/#\/schema\/person\/50f01ecd18718d2333cf72e823c4f926\"},\"description\":\"Another Monday is here, and so is our news from the world of cycling. So, what did you miss? Photo finish for van Aert Tom Pidcock launched a move only\",\"breadcrumb\":{\"@id\":\"https:\/\/www.welovecycling.com\/wide\/2021\/04\/19\/wout-van-aert-and-marianne-vos-win-the-amstel-gold-race-and-other-cool-news-from-the-world-of-cycling\/#breadcrumb\"},\"inLanguage\":\"en-US\",\"potentialAction\":[{\"@type\":\"ReadAction\",\"target\":[\"https:\/\/www.welovecycling.com\/wide\/2021\/04\/19\/wout-van-aert-and-marianne-vos-win-the-amstel-gold-race-and-other-cool-news-from-the-world-of-cycling\/\"]}]},{\"@type\":\"ImageObject\",\"inLanguage\":\"en-US\",\"@id\":\"https:\/\/www.welovecycling.com\/wide\/2021\/04\/19\/wout-van-aert-and-marianne-vos-win-the-amstel-gold-race-and-other-cool-news-from-the-world-of-cycling\/#primaryimage\",\"url\":\"https:\/\/d2p6e6u75xmxt8.cloudfront.net\/2\/2021\/04\/Marianne-Vos-profimedia-0606276340-CVR.webp\",\"contentUrl\":\"https:\/\/d2p6e6u75xmxt8.cloudfront.net\/2\/2021\/04\/Marianne-Vos-profimedia-0606276340-CVR.webp\",\"width\":900,\"height\":600},{\"@type\":\"BreadcrumbList\",\"@id\":\"https:\/\/www.welovecycling.com\/wide\/2021\/04\/19\/wout-van-aert-and-marianne-vos-win-the-amstel-gold-race-and-other-cool-news-from-the-world-of-cycling\/#breadcrumb\",\"itemListElement\":[{\"@type\":\"ListItem\",\"position\":1,\"name\":\"Home\",\"item\":\"https:\/\/www.welovecycling.com\/wide\/\"},{\"@type\":\"ListItem\",\"position\":2,\"name\":\"Wout van Aert and Marianne Vos Win the Amstel Gold Race, and Other Cool News from the World of Cycling\"}]},{\"@type\":\"WebSite\",\"@id\":\"https:\/\/www.welovecycling.com\/wide\/#website\",\"url\":\"https:\/\/www.welovecycling.com\/wide\/\",\"name\":\"\u0160koda We Love Cycling\",\"description\":\"\u0160koda We Love Cycling magazine\",\"alternateName\":\"\u0160koda WLC\",\"potentialAction\":[{\"@type\":\"SearchAction\",\"target\":{\"@type\":\"EntryPoint\",\"urlTemplate\":\"https:\/\/www.welovecycling.com\/wide\/?s={search_term_string}\"},\"query-input\":{\"@type\":\"PropertyValueSpecification\",\"valueRequired\":true,\"valueName\":\"search_term_string\"}}],\"inLanguage\":\"en-US\"},{\"@type\":\"Person\",\"@id\":\"https:\/\/www.welovecycling.com\/wide\/#\/schema\/person\/50f01ecd18718d2333cf72e823c4f926\",\"name\":\"tereza\",\"image\":{\"@type\":\"ImageObject\",\"inLanguage\":\"en-US\",\"@id\":\"https:\/\/www.welovecycling.com\/wide\/#\/schema\/person\/image\/\",\"url\":\"https:\/\/secure.gravatar.com\/avatar\/1f9eb71be33845f0afabce3791bc1c58ecdb0a25c62964987e5dbcf7a20d2ec7?s=96&d=mm&r=g\",\"contentUrl\":\"https:\/\/secure.gravatar.com\/avatar\/1f9eb71be33845f0afabce3791bc1c58ecdb0a25c62964987e5dbcf7a20d2ec7?s=96&d=mm&r=g\",\"caption\":\"tereza\"},\"url\":\"https:\/\/www.welovecycling.com\/wide\/author\/tereza\/\"}]}<\/script>\n<!-- \/ Yoast SEO Premium plugin. -->","yoast_head_json":{"title":"Wout van Aert and Marianne Vos Win the Amstel Gold Race, and Other Cool News from the World of Cycling - \u0160koda We Love Cycling","description":"Another Monday is here, and so is our news from the world of cycling. So, what did you miss? Photo finish for van Aert Tom Pidcock launched a move only","robots":{"index":"index","follow":"follow","max-snippet":"max-snippet:-1","max-image-preview":"max-image-preview:large","max-video-preview":"max-video-preview:-1"},"canonical":"https:\/\/www.welovecycling.com\/wide\/2021\/04\/19\/wout-van-aert-and-marianne-vos-win-the-amstel-gold-race-and-other-cool-news-from-the-world-of-cycling\/","og_locale":"en_US","og_type":"article","og_title":"Wout van Aert and Marianne Vos Win the Amstel Gold Race, and Other Cool News from the World of Cycling","og_description":"Another Monday is here, and so is our news from the world of cycling. So, what did you miss? Photo finish for van Aert Tom Pidcock launched a move only","og_url":"https:\/\/www.welovecycling.com\/wide\/2021\/04\/19\/wout-van-aert-and-marianne-vos-win-the-amstel-gold-race-and-other-cool-news-from-the-world-of-cycling\/","og_site_name":"\u0160koda We Love Cycling","article_published_time":"2021-04-19T11:38:30+00:00","article_modified_time":"2021-04-19T12:39:37+00:00","og_image":[{"width":900,"height":600,"url":"https:\/\/d2p6e6u75xmxt8.cloudfront.net\/2\/2021\/04\/Marianne-Vos-profimedia-0606276340-CVR.webp","type":"image\/webp"}],"author":"tereza","twitter_card":"summary_large_image","twitter_misc":{"Written by":"Monica Buck","Est. reading time":"4"},"schema":{"@context":"https:\/\/schema.org","@graph":[{"@type":"WebPage","@id":"https:\/\/www.welovecycling.com\/wide\/2021\/04\/19\/wout-van-aert-and-marianne-vos-win-the-amstel-gold-race-and-other-cool-news-from-the-world-of-cycling\/","url":"https:\/\/www.welovecycling.com\/wide\/2021\/04\/19\/wout-van-aert-and-marianne-vos-win-the-amstel-gold-race-and-other-cool-news-from-the-world-of-cycling\/","name":"Wout van Aert and Marianne Vos Win the Amstel Gold Race, and Other Cool News from the World of Cycling - \u0160koda We Love Cycling","isPartOf":{"@id":"https:\/\/www.welovecycling.com\/wide\/#website"},"primaryImageOfPage":{"@id":"https:\/\/www.welovecycling.com\/wide\/2021\/04\/19\/wout-van-aert-and-marianne-vos-win-the-amstel-gold-race-and-other-cool-news-from-the-world-of-cycling\/#primaryimage"},"image":{"@id":"https:\/\/www.welovecycling.com\/wide\/2021\/04\/19\/wout-van-aert-and-marianne-vos-win-the-amstel-gold-race-and-other-cool-news-from-the-world-of-cycling\/#primaryimage"},"thumbnailUrl":"https:\/\/d2p6e6u75xmxt8.cloudfront.net\/2\/2021\/04\/Marianne-Vos-profimedia-0606276340-CVR.webp","datePublished":"2021-04-19T11:38:30+00:00","dateModified":"2021-04-19T12:39:37+00:00","author":{"@id":"https:\/\/www.welovecycling.com\/wide\/#\/schema\/person\/50f01ecd18718d2333cf72e823c4f926"},"description":"Another Monday is here, and so is our news from the world of cycling. So, what did you miss? Photo finish for van Aert Tom Pidcock launched a move only","breadcrumb":{"@id":"https:\/\/www.welovecycling.com\/wide\/2021\/04\/19\/wout-van-aert-and-marianne-vos-win-the-amstel-gold-race-and-other-cool-news-from-the-world-of-cycling\/#breadcrumb"},"inLanguage":"en-US","potentialAction":[{"@type":"ReadAction","target":["https:\/\/www.welovecycling.com\/wide\/2021\/04\/19\/wout-van-aert-and-marianne-vos-win-the-amstel-gold-race-and-other-cool-news-from-the-world-of-cycling\/"]}]},{"@type":"ImageObject","inLanguage":"en-US","@id":"https:\/\/www.welovecycling.com\/wide\/2021\/04\/19\/wout-van-aert-and-marianne-vos-win-the-amstel-gold-race-and-other-cool-news-from-the-world-of-cycling\/#primaryimage","url":"https:\/\/d2p6e6u75xmxt8.cloudfront.net\/2\/2021\/04\/Marianne-Vos-profimedia-0606276340-CVR.webp","contentUrl":"https:\/\/d2p6e6u75xmxt8.cloudfront.net\/2\/2021\/04\/Marianne-Vos-profimedia-0606276340-CVR.webp","width":900,"height":600},{"@type":"BreadcrumbList","@id":"https:\/\/www.welovecycling.com\/wide\/2021\/04\/19\/wout-van-aert-and-marianne-vos-win-the-amstel-gold-race-and-other-cool-news-from-the-world-of-cycling\/#breadcrumb","itemListElement":[{"@type":"ListItem","position":1,"name":"Home","item":"https:\/\/www.welovecycling.com\/wide\/"},{"@type":"ListItem","position":2,"name":"Wout van Aert and Marianne Vos Win the Amstel Gold Race, and Other Cool News from the World of Cycling"}]},{"@type":"WebSite","@id":"https:\/\/www.welovecycling.com\/wide\/#website","url":"https:\/\/www.welovecycling.com\/wide\/","name":"\u0160koda We Love Cycling","description":"\u0160koda We Love Cycling magazine","alternateName":"\u0160koda WLC","potentialAction":[{"@type":"SearchAction","target":{"@type":"EntryPoint","urlTemplate":"https:\/\/www.welovecycling.com\/wide\/?s={search_term_string}"},"query-input":{"@type":"PropertyValueSpecification","valueRequired":true,"valueName":"search_term_string"}}],"inLanguage":"en-US"},{"@type":"Person","@id":"https:\/\/www.welovecycling.com\/wide\/#\/schema\/person\/50f01ecd18718d2333cf72e823c4f926","name":"tereza","image":{"@type":"ImageObject","inLanguage":"en-US","@id":"https:\/\/www.welovecycling.com\/wide\/#\/schema\/person\/image\/","url":"https:\/\/secure.gravatar.com\/avatar\/1f9eb71be33845f0afabce3791bc1c58ecdb0a25c62964987e5dbcf7a20d2ec7?s=96&d=mm&r=g","contentUrl":"https:\/\/secure.gravatar.com\/avatar\/1f9eb71be33845f0afabce3791bc1c58ecdb0a25c62964987e5dbcf7a20d2ec7?s=96&d=mm&r=g","caption":"tereza"},"url":"https:\/\/www.welovecycling.com\/wide\/author\/tereza\/"}]}},"_links":{"self":[{"href":"https:\/\/www.welovecycling.com\/wide\/wp-json\/wp\/v2\/posts\/183151","targetHints":{"allow":["GET"]}}],"collection":[{"href":"https:\/\/www.welovecycling.com\/wide\/wp-json\/wp\/v2\/posts"}],"about":[{"href":"https:\/\/www.welovecycling.com\/wide\/wp-json\/wp\/v2\/types\/post"}],"author":[{"embeddable":true,"href":"https:\/\/www.welovecycling.com\/wide\/wp-json\/wp\/v2\/users\/99"}],"replies":[{"embeddable":true,"href":"https:\/\/www.welovecycling.com\/wide\/wp-json\/wp\/v2\/comments?post=183151"}],"version-history":[{"count":2,"href":"https:\/\/www.welovecycling.com\/wide\/wp-json\/wp\/v2\/posts\/183151\/revisions"}],"predecessor-version":[{"id":183161,"href":"https:\/\/www.welovecycling.com\/wide\/wp-json\/wp\/v2\/posts\/183151\/revisions\/183161"}],"wp:featuredmedia":[{"embeddable":true,"href":"https:\/\/www.welovecycling.com\/wide\/wp-json\/wp\/v2\/media\/183157"}],"wp:attachment":[{"href":"https:\/\/www.welovecycling.com\/wide\/wp-json\/wp\/v2\/media?parent=183151"}],"wp:term":[{"taxonomy":"category","embeddable":true,"href":"https:\/\/www.welovecycling.com\/wide\/wp-json\/wp\/v2\/categories?post=183151"},{"taxonomy":"post_tag","embeddable":true,"href":"https:\/\/www.welovecycling.com\/wide\/wp-json\/wp\/v2\/tags?post=183151"},{"taxonomy":"global-categories","embeddable":true,"href":"https:\/\/www.welovecycling.com\/wide\/wp-json\/wp\/v2\/global-categories?post=183151"}],"curies":[{"name":"wp","href":"https:\/\/api.w.org\/{rel}","templated":true}]}}