{"id":183024,"date":"2021-04-12T08:09:49","date_gmt":"2021-04-12T08:09:49","guid":{"rendered":"https:\/\/www.welovecycling.com\/wide\/?p=183024"},"modified":"2021-04-12T08:25:42","modified_gmt":"2021-04-12T08:25:42","slug":"major-taylor-iron-riders-a-cycling-club-that-carries-a-proud-black-legacy","status":"publish","type":"post","link":"https:\/\/www.welovecycling.com\/wide\/2021\/04\/12\/major-taylor-iron-riders-a-cycling-club-that-carries-a-proud-black-legacy\/","title":{"rendered":"A Cycling Club That Carries a Proud Black Legacy"},"content":{"rendered":"<p><strong>There are remarkably few minority riders in the upper tiers of professional cycling. For example, there are only five Black riders among the 743-rider World Tour, less than 1 percent; and there was only one Black rider in the 2020 Tour de France.\u00a0<\/strong><!--more--><\/p>\n<p>Clearly, the sport has a diversity issue, one that is rarely acknowledged by the race organizers or the UCI, which has undertaken nothing to make the sport more popular and accessible to minority youth.<\/p>\n<p>This is all the more surprising when you consider the fact that there has already been an Afro-American champion rider. More than 120 years ago, in 1898-99, Marshall (aka \u2018Major\u2019) Taylor established seven world track cycling records, at distances from the quarter-mile to two miles. His one-mile record from a standing start stood for 28 years.<\/p>\n<figure id=\"attachment_174924\" aria-describedby=\"caption-attachment-174924\" style=\"width: 684px\" class=\"wp-caption alignnone\"><a href=\"https:\/\/d2p6e6u75xmxt8.cloudfront.net\/2\/2019\/08\/major-taylor-2-1.jpg\"><img loading=\"lazy\" decoding=\"async\" class=\"wp-image-174924 size-full\" src=\"https:\/\/d2p6e6u75xmxt8.cloudfront.net\/2\/2019\/08\/major-taylor-2-1.jpg\" alt=\"Major Taylor\" width=\"684\" height=\"442\" \/><\/a><figcaption id=\"caption-attachment-174924\" class=\"wp-caption-text\">Major Taylor, the legendary racer.<\/figcaption><\/figure>\n<p>In 1899, he won 22 major championships around the US, and in 1900 he became the American sprint champion and set world records in the half-mile and two-thirds-mile sprints.<\/p>\n<p>His legacy is being carried on today in New York City by a racing club named after him and the US Army\u2019s all-Black 25<sup>th<\/sup> Infantry Bicycle Corps, known as the \u201cIron Riders\u201d. The Major Taylor Iron Riders consists of cyclists of all levels from around the tri-state area of New York, New Jersey and Connecticut. Founded in 2006, it describes itself as a high-performance cycling club <a href=\"https:\/\/mtir.clubexpress.com\/content.aspx?page_id=0&amp;club_id=986748\">whose mission<\/a> it is \u201cto promote the joys, the health benefits and the camaraderie of cycling.\u201d<\/p>\n<p>Membership is open to anyone regardless of race, creed or gender who owns or rides a road bike. The club is made up of two branches, a touring team and a racing team. It undertakes a large number of varied rides around the region every year, such as the Major Taylor Montauk Legend Ride, 120 miles from Brooklyn\u2019s Prospect Park to Montauk on Long Island, or the Port Jefferson Ride, which is over 85 to 90 miles, depending on your starting point. \u201cThe pace will be brisk,\u201d the club warns. \u201cThis isn\u2019t for the faint of heart, so bring your A game!\u201d<\/p>\n<p>https:\/\/www.instagram.com\/p\/CLXmbS9lQff\/?utm_source=ig_web_copy_link<\/p>\n<p>They mean it. According to club member Malik Graves-Pryor, his first ride with the club, in 2009, taught him why they called themselves the Iron Riders.<\/p>\n<p>\u201cWhen I first met the Iron Riders,\u201d he <a href=\"https:\/\/www.velonews.com\/culture\/major-taylor-journal-finding-ecstasy-in-the-agony\/\">writes in VeloNews,<\/a>\u00a0\u201cI had been riding consistently for about three months in an effort to get back into shape. I thought I had everything figured out about cycling.\u201d But he soon learned that, well, he had a lot to learn:<\/p>\n<p>\u201cIn the ensuing hours, my fitness and ego were thoroughly dismantled as I was taken through parts of New York and New Jersey I never knew existed. Harrowing climbs, eye-watering descents, and brutally high pace line speeds were on the menu that day\u2026 I suffered immensely, yet I received a lot of encouraging words on the ride, as well as instruction on how to ride in a pace line, how to smooth out my cadence, when to shift gears effectively, and more.\u201d<\/p>\n<p>https:\/\/www.instagram.com\/p\/CLMsqcflHNn\/?utm_source=ig_web_copy_link<\/p>\n<p>The lessons he has learned with the club since then have not just been about cycling. \u201cThe power of representation in the sport of cycling is something that cannot be underestimated,\u201d Graves-Pryor concludes. \u201cAs we value the importance of <a href=\"https:\/\/www.welovecycling.com\/wide\/2020\/06\/26\/diversity-in-cycling-what-are-the-next-steps\/\">diversity<\/a> in all areas of our lives, we look back and realize that the trail was first blazed by Marshall Major Taylor, the first brick upon which we now all stand and walk down when joining one of his namesake clubs.\u201d<\/p>\n<p>For those living in the region, the Major Taylor Iron Riders club membership costs $40 a year. You can sign up <a href=\"https:\/\/mtir.clubexpress.com\/content.aspx?page_id=60&amp;club_id=986748\">here.<\/a><\/p>\n","protected":false},"excerpt":{"rendered":"<p>There are remarkably few minority riders in the upper tiers of professional cycling. For example, there are only five Black [&hellip;]<\/p>\n","protected":false},"author":99,"featured_media":183026,"comment_status":"open","ping_status":"open","sticky":false,"template":"","format":"standard","meta":{"footnotes":""},"categories":[329],"tags":[3712,4232,5119,5120,5118],"global-categories":[3366],"class_list":["post-183024","post","type-post","status-publish","format-standard","has-post-thumbnail","hentry","category-road-cycling","tag-cycling-diversity","tag-diversity-in-cycling","tag-major-taylor-iron-riders","tag-major-taylor-montauk-legend-ride","tag-malik-graves-pryor","global-categories-cycling"],"yoast_head":"<!-- This site is optimized with the Yoast SEO Premium plugin v25.3 (Yoast SEO v25.9) - https:\/\/yoast.com\/wordpress\/plugins\/seo\/ -->\n<title>Major Taylor Iron Riders: A Cycling Club With a Proud Black Legacy<\/title>\n<meta name=\"description\" content=\"The Major Taylor Iron Riders consists of cyclists of all levels from around the tri-state area of New York, New Jersey and Connecticut.\" \/>\n<meta name=\"robots\" content=\"index, follow, max-snippet:-1, max-image-preview:large, max-video-preview:-1\" \/>\n<link rel=\"canonical\" href=\"https:\/\/www.welovecycling.com\/wide\/2021\/04\/12\/major-taylor-iron-riders-a-cycling-club-that-carries-a-proud-black-legacy\/\" \/>\n<meta property=\"og:locale\" content=\"en_US\" \/>\n<meta property=\"og:type\" content=\"article\" \/>\n<meta property=\"og:title\" content=\"A Cycling Club That Carries a Proud Black Legacy\" \/>\n<meta property=\"og:description\" content=\"The Major Taylor Iron Riders consists of cyclists of all levels from around the tri-state area of New York, New Jersey and Connecticut.\" \/>\n<meta property=\"og:url\" content=\"https:\/\/www.welovecycling.com\/wide\/2021\/04\/12\/major-taylor-iron-riders-a-cycling-club-that-carries-a-proud-black-legacy\/\" \/>\n<meta property=\"og:site_name\" content=\"\u0160koda We Love Cycling\" \/>\n<meta property=\"article:published_time\" content=\"2021-04-12T08:09:49+00:00\" \/>\n<meta property=\"article:modified_time\" content=\"2021-04-12T08:25:42+00:00\" \/>\n<meta property=\"og:image\" content=\"https:\/\/d2p6e6u75xmxt8.cloudfront.net\/2\/2021\/04\/Major-Taylor-Iron-Riders-CVR.webp\" \/>\n\t<meta property=\"og:image:width\" content=\"900\" \/>\n\t<meta property=\"og:image:height\" content=\"600\" \/>\n\t<meta property=\"og:image:type\" content=\"image\/webp\" \/>\n<meta name=\"author\" content=\"tereza\" \/>\n<meta name=\"twitter:card\" content=\"summary_large_image\" \/>\n<meta name=\"twitter:label1\" content=\"Written by\" \/>\n\t<meta name=\"twitter:data1\" content=\"Siegfried Mortkowitz\" \/>\n\t<meta name=\"twitter:label2\" content=\"Est. reading time\" \/>\n\t<meta name=\"twitter:data2\" content=\"5\" \/>\n<script type=\"application\/ld+json\" class=\"yoast-schema-graph\">{\"@context\":\"https:\/\/schema.org\",\"@graph\":[{\"@type\":\"WebPage\",\"@id\":\"https:\/\/www.welovecycling.com\/wide\/2021\/04\/12\/major-taylor-iron-riders-a-cycling-club-that-carries-a-proud-black-legacy\/\",\"url\":\"https:\/\/www.welovecycling.com\/wide\/2021\/04\/12\/major-taylor-iron-riders-a-cycling-club-that-carries-a-proud-black-legacy\/\",\"name\":\"Major Taylor Iron Riders: A Cycling Club With a Proud Black Legacy\",\"isPartOf\":{\"@id\":\"https:\/\/www.welovecycling.com\/wide\/#website\"},\"primaryImageOfPage\":{\"@id\":\"https:\/\/www.welovecycling.com\/wide\/2021\/04\/12\/major-taylor-iron-riders-a-cycling-club-that-carries-a-proud-black-legacy\/#primaryimage\"},\"image\":{\"@id\":\"https:\/\/www.welovecycling.com\/wide\/2021\/04\/12\/major-taylor-iron-riders-a-cycling-club-that-carries-a-proud-black-legacy\/#primaryimage\"},\"thumbnailUrl\":\"https:\/\/d2p6e6u75xmxt8.cloudfront.net\/2\/2021\/04\/Major-Taylor-Iron-Riders-CVR.webp\",\"datePublished\":\"2021-04-12T08:09:49+00:00\",\"dateModified\":\"2021-04-12T08:25:42+00:00\",\"author\":{\"@id\":\"https:\/\/www.welovecycling.com\/wide\/#\/schema\/person\/50f01ecd18718d2333cf72e823c4f926\"},\"description\":\"The Major Taylor Iron Riders consists of cyclists of all levels from around the tri-state area of New York, New Jersey and Connecticut.\",\"breadcrumb\":{\"@id\":\"https:\/\/www.welovecycling.com\/wide\/2021\/04\/12\/major-taylor-iron-riders-a-cycling-club-that-carries-a-proud-black-legacy\/#breadcrumb\"},\"inLanguage\":\"en-US\",\"potentialAction\":[{\"@type\":\"ReadAction\",\"target\":[\"https:\/\/www.welovecycling.com\/wide\/2021\/04\/12\/major-taylor-iron-riders-a-cycling-club-that-carries-a-proud-black-legacy\/\"]}]},{\"@type\":\"ImageObject\",\"inLanguage\":\"en-US\",\"@id\":\"https:\/\/www.welovecycling.com\/wide\/2021\/04\/12\/major-taylor-iron-riders-a-cycling-club-that-carries-a-proud-black-legacy\/#primaryimage\",\"url\":\"https:\/\/d2p6e6u75xmxt8.cloudfront.net\/2\/2021\/04\/Major-Taylor-Iron-Riders-CVR.webp\",\"contentUrl\":\"https:\/\/d2p6e6u75xmxt8.cloudfront.net\/2\/2021\/04\/Major-Taylor-Iron-Riders-CVR.webp\",\"width\":900,\"height\":600,\"caption\":\"Major Taylor Iron Riders\"},{\"@type\":\"BreadcrumbList\",\"@id\":\"https:\/\/www.welovecycling.com\/wide\/2021\/04\/12\/major-taylor-iron-riders-a-cycling-club-that-carries-a-proud-black-legacy\/#breadcrumb\",\"itemListElement\":[{\"@type\":\"ListItem\",\"position\":1,\"name\":\"Home\",\"item\":\"https:\/\/www.welovecycling.com\/wide\/\"},{\"@type\":\"ListItem\",\"position\":2,\"name\":\"A Cycling Club That Carries a Proud Black Legacy\"}]},{\"@type\":\"WebSite\",\"@id\":\"https:\/\/www.welovecycling.com\/wide\/#website\",\"url\":\"https:\/\/www.welovecycling.com\/wide\/\",\"name\":\"\u0160koda We Love Cycling\",\"description\":\"\u0160koda We Love Cycling magazine\",\"alternateName\":\"\u0160koda WLC\",\"potentialAction\":[{\"@type\":\"SearchAction\",\"target\":{\"@type\":\"EntryPoint\",\"urlTemplate\":\"https:\/\/www.welovecycling.com\/wide\/?s={search_term_string}\"},\"query-input\":{\"@type\":\"PropertyValueSpecification\",\"valueRequired\":true,\"valueName\":\"search_term_string\"}}],\"inLanguage\":\"en-US\"},{\"@type\":\"Person\",\"@id\":\"https:\/\/www.welovecycling.com\/wide\/#\/schema\/person\/50f01ecd18718d2333cf72e823c4f926\",\"name\":\"tereza\",\"image\":{\"@type\":\"ImageObject\",\"inLanguage\":\"en-US\",\"@id\":\"https:\/\/www.welovecycling.com\/wide\/#\/schema\/person\/image\/\",\"url\":\"https:\/\/secure.gravatar.com\/avatar\/1f9eb71be33845f0afabce3791bc1c58ecdb0a25c62964987e5dbcf7a20d2ec7?s=96&d=mm&r=g\",\"contentUrl\":\"https:\/\/secure.gravatar.com\/avatar\/1f9eb71be33845f0afabce3791bc1c58ecdb0a25c62964987e5dbcf7a20d2ec7?s=96&d=mm&r=g\",\"caption\":\"tereza\"},\"url\":\"https:\/\/www.welovecycling.com\/wide\/author\/tereza\/\"}]}<\/script>\n<!-- \/ Yoast SEO Premium plugin. -->","yoast_head_json":{"title":"Major Taylor Iron Riders: A Cycling Club With a Proud Black Legacy","description":"The Major Taylor Iron Riders consists of cyclists of all levels from around the tri-state area of New York, New Jersey and Connecticut.","robots":{"index":"index","follow":"follow","max-snippet":"max-snippet:-1","max-image-preview":"max-image-preview:large","max-video-preview":"max-video-preview:-1"},"canonical":"https:\/\/www.welovecycling.com\/wide\/2021\/04\/12\/major-taylor-iron-riders-a-cycling-club-that-carries-a-proud-black-legacy\/","og_locale":"en_US","og_type":"article","og_title":"A Cycling Club That Carries a Proud Black Legacy","og_description":"The Major Taylor Iron Riders consists of cyclists of all levels from around the tri-state area of New York, New Jersey and Connecticut.","og_url":"https:\/\/www.welovecycling.com\/wide\/2021\/04\/12\/major-taylor-iron-riders-a-cycling-club-that-carries-a-proud-black-legacy\/","og_site_name":"\u0160koda We Love Cycling","article_published_time":"2021-04-12T08:09:49+00:00","article_modified_time":"2021-04-12T08:25:42+00:00","og_image":[{"width":900,"height":600,"url":"https:\/\/d2p6e6u75xmxt8.cloudfront.net\/2\/2021\/04\/Major-Taylor-Iron-Riders-CVR.webp","type":"image\/webp"}],"author":"tereza","twitter_card":"summary_large_image","twitter_misc":{"Written by":"Siegfried Mortkowitz","Est. reading time":"5"},"schema":{"@context":"https:\/\/schema.org","@graph":[{"@type":"WebPage","@id":"https:\/\/www.welovecycling.com\/wide\/2021\/04\/12\/major-taylor-iron-riders-a-cycling-club-that-carries-a-proud-black-legacy\/","url":"https:\/\/www.welovecycling.com\/wide\/2021\/04\/12\/major-taylor-iron-riders-a-cycling-club-that-carries-a-proud-black-legacy\/","name":"Major Taylor Iron Riders: A Cycling Club With a Proud Black Legacy","isPartOf":{"@id":"https:\/\/www.welovecycling.com\/wide\/#website"},"primaryImageOfPage":{"@id":"https:\/\/www.welovecycling.com\/wide\/2021\/04\/12\/major-taylor-iron-riders-a-cycling-club-that-carries-a-proud-black-legacy\/#primaryimage"},"image":{"@id":"https:\/\/www.welovecycling.com\/wide\/2021\/04\/12\/major-taylor-iron-riders-a-cycling-club-that-carries-a-proud-black-legacy\/#primaryimage"},"thumbnailUrl":"https:\/\/d2p6e6u75xmxt8.cloudfront.net\/2\/2021\/04\/Major-Taylor-Iron-Riders-CVR.webp","datePublished":"2021-04-12T08:09:49+00:00","dateModified":"2021-04-12T08:25:42+00:00","author":{"@id":"https:\/\/www.welovecycling.com\/wide\/#\/schema\/person\/50f01ecd18718d2333cf72e823c4f926"},"description":"The Major Taylor Iron Riders consists of cyclists of all levels from around the tri-state area of New York, New Jersey and Connecticut.","breadcrumb":{"@id":"https:\/\/www.welovecycling.com\/wide\/2021\/04\/12\/major-taylor-iron-riders-a-cycling-club-that-carries-a-proud-black-legacy\/#breadcrumb"},"inLanguage":"en-US","potentialAction":[{"@type":"ReadAction","target":["https:\/\/www.welovecycling.com\/wide\/2021\/04\/12\/major-taylor-iron-riders-a-cycling-club-that-carries-a-proud-black-legacy\/"]}]},{"@type":"ImageObject","inLanguage":"en-US","@id":"https:\/\/www.welovecycling.com\/wide\/2021\/04\/12\/major-taylor-iron-riders-a-cycling-club-that-carries-a-proud-black-legacy\/#primaryimage","url":"https:\/\/d2p6e6u75xmxt8.cloudfront.net\/2\/2021\/04\/Major-Taylor-Iron-Riders-CVR.webp","contentUrl":"https:\/\/d2p6e6u75xmxt8.cloudfront.net\/2\/2021\/04\/Major-Taylor-Iron-Riders-CVR.webp","width":900,"height":600,"caption":"Major Taylor Iron Riders"},{"@type":"BreadcrumbList","@id":"https:\/\/www.welovecycling.com\/wide\/2021\/04\/12\/major-taylor-iron-riders-a-cycling-club-that-carries-a-proud-black-legacy\/#breadcrumb","itemListElement":[{"@type":"ListItem","position":1,"name":"Home","item":"https:\/\/www.welovecycling.com\/wide\/"},{"@type":"ListItem","position":2,"name":"A Cycling Club That Carries a Proud Black Legacy"}]},{"@type":"WebSite","@id":"https:\/\/www.welovecycling.com\/wide\/#website","url":"https:\/\/www.welovecycling.com\/wide\/","name":"\u0160koda We Love Cycling","description":"\u0160koda We Love Cycling magazine","alternateName":"\u0160koda WLC","potentialAction":[{"@type":"SearchAction","target":{"@type":"EntryPoint","urlTemplate":"https:\/\/www.welovecycling.com\/wide\/?s={search_term_string}"},"query-input":{"@type":"PropertyValueSpecification","valueRequired":true,"valueName":"search_term_string"}}],"inLanguage":"en-US"},{"@type":"Person","@id":"https:\/\/www.welovecycling.com\/wide\/#\/schema\/person\/50f01ecd18718d2333cf72e823c4f926","name":"tereza","image":{"@type":"ImageObject","inLanguage":"en-US","@id":"https:\/\/www.welovecycling.com\/wide\/#\/schema\/person\/image\/","url":"https:\/\/secure.gravatar.com\/avatar\/1f9eb71be33845f0afabce3791bc1c58ecdb0a25c62964987e5dbcf7a20d2ec7?s=96&d=mm&r=g","contentUrl":"https:\/\/secure.gravatar.com\/avatar\/1f9eb71be33845f0afabce3791bc1c58ecdb0a25c62964987e5dbcf7a20d2ec7?s=96&d=mm&r=g","caption":"tereza"},"url":"https:\/\/www.welovecycling.com\/wide\/author\/tereza\/"}]}},"_links":{"self":[{"href":"https:\/\/www.welovecycling.com\/wide\/wp-json\/wp\/v2\/posts\/183024","targetHints":{"allow":["GET"]}}],"collection":[{"href":"https:\/\/www.welovecycling.com\/wide\/wp-json\/wp\/v2\/posts"}],"about":[{"href":"https:\/\/www.welovecycling.com\/wide\/wp-json\/wp\/v2\/types\/post"}],"author":[{"embeddable":true,"href":"https:\/\/www.welovecycling.com\/wide\/wp-json\/wp\/v2\/users\/99"}],"replies":[{"embeddable":true,"href":"https:\/\/www.welovecycling.com\/wide\/wp-json\/wp\/v2\/comments?post=183024"}],"version-history":[{"count":2,"href":"https:\/\/www.welovecycling.com\/wide\/wp-json\/wp\/v2\/posts\/183024\/revisions"}],"predecessor-version":[{"id":183031,"href":"https:\/\/www.welovecycling.com\/wide\/wp-json\/wp\/v2\/posts\/183024\/revisions\/183031"}],"wp:featuredmedia":[{"embeddable":true,"href":"https:\/\/www.welovecycling.com\/wide\/wp-json\/wp\/v2\/media\/183026"}],"wp:attachment":[{"href":"https:\/\/www.welovecycling.com\/wide\/wp-json\/wp\/v2\/media?parent=183024"}],"wp:term":[{"taxonomy":"category","embeddable":true,"href":"https:\/\/www.welovecycling.com\/wide\/wp-json\/wp\/v2\/categories?post=183024"},{"taxonomy":"post_tag","embeddable":true,"href":"https:\/\/www.welovecycling.com\/wide\/wp-json\/wp\/v2\/tags?post=183024"},{"taxonomy":"global-categories","embeddable":true,"href":"https:\/\/www.welovecycling.com\/wide\/wp-json\/wp\/v2\/global-categories?post=183024"}],"curies":[{"name":"wp","href":"https:\/\/api.w.org\/{rel}","templated":true}]}}