{"id":182844,"date":"2021-04-06T12:59:23","date_gmt":"2021-04-06T12:59:23","guid":{"rendered":"https:\/\/www.welovecycling.com\/wide\/?p=182844"},"modified":"2021-04-06T12:59:23","modified_gmt":"2021-04-06T12:59:23","slug":"is-there-a-final-verdict-on-bicycle-helmets","status":"publish","type":"post","link":"https:\/\/www.welovecycling.com\/wide\/2021\/04\/06\/is-there-a-final-verdict-on-bicycle-helmets\/","title":{"rendered":"Is There a Final Verdict on Bicycle Helmets?"},"content":{"rendered":"<p><strong>Let&#8217;s try and find out if there&#8217;s an ultimate answer to the &#8216;do you need to wear a helmet on a bike&#8217; question.<\/strong><\/p>\n<p><!--more--><\/p>\n<p>According to a 2013 study by the American Association of Neurological Surgeons, cycling accidents <a href=\"https:\/\/www.aans.org\/Patient%20Information\/Conditions%20and%20Treatments\/Sports-Related%20Head%20Injury.aspx\">played a role<\/a>\u00a0in some 86,000 of the 447,000 sports-related head injuries treated in emergency rooms in 2009. By comparison, American football accounted for about <a href=\"https:\/\/www.aans.org\/en\/Patients\/Neurosurgical-Conditions-and-Treatments\/Sports-related-Head-Injury\">47,000 of those head injuries<\/a>.<\/p>\n<p>As a result, a variety of safety organizations, cycling associations and other cycling stakeholders have for years insisted that the solution to cycling head injuries and fatalities is wearing a helmet. But not everyone agrees and there have been spirited discussions about the benefits of wearing bicycle helmets over the years. Just stating the argument seems to be counterintuitive because one would think that it must be safer to ride with a helmet since it protects the head much better than wearing nothing at all. So, do you need to wear a helmet on a bike?<\/p>\n<figure id=\"attachment_182846\" aria-describedby=\"caption-attachment-182846\" style=\"width: 1024px\" class=\"wp-caption alignnone\"><a href=\"https:\/\/d2p6e6u75xmxt8.cloudfront.net\/2\/2021\/04\/Cyclist-profimedia-0585822941.jpg\"><img loading=\"lazy\" decoding=\"async\" class=\"wp-image-182846 size-large\" src=\"https:\/\/d2p6e6u75xmxt8.cloudfront.net\/2\/2021\/04\/Cyclist-profimedia-0585822941-1024x754.jpg\" alt=\"Cycling with a helmet\" width=\"1024\" height=\"754\" \/><\/a><figcaption id=\"caption-attachment-182846\" class=\"wp-caption-text\">What&#8217;s the final verdict on helmets? \u00a9 Profimedia<\/figcaption><\/figure>\n<p>According to Dorothy Robinson of the Bicycle Helmet Research Foundation, \u201cCountries where cycling is safest \u2013 those with low fatality rates per cycle-km \u2013 typically have high cycling rates but low helmet wearing. This indicates that helmets make only a minor contribution to overall cyclist safety. In fact, a review of the best quality data (where enforced helmet laws produced increases of at least 40 percentage points in helmet wearing) found <a href=\"https:\/\/www.cyclehelmets.org\/papers\/c2034.pdf\">no evidence of reduced head injury rates<\/a> in response to the increases in helmet wearing.\u201d<\/p>\n<p>On the other hand, <a href=\"https:\/\/academic.oup.com\/ije\/article\/46\/1\/278\/2617198\">an analysis<\/a> in the International Journal of Epidemiology from February 2017 concluded, after reviewing 40 separate studies, that helmet use by cyclists significantly reduced the odds of an injury, both fatal and not. How do you make sense out of those apparently contradictory conclusions?<\/p>\n<p>To begin with, according to the site usa.streetsblog.org, the country with the highest percentage of helmet use, the U.S. (about 55 per cent), also had the highest cyclist fatality rate per distance travelled. On the other hand, the Netherlands, where almost no cyclist wears a helmet, <a href=\"https:\/\/usa.streetsblog.org\/2015\/11\/10\/more-evidence-that-helmet-laws-dont-work\/\">was much safer<\/a>.<\/p>\n<p>The reason? Better\u00a0street design and getting\u00a0more people on bikes \u2013 not blind faith in\u00a0helmets \u2013 are the keys to making\u00a0cycling safer. This has been corroborated by research. <a href=\"https:\/\/bmjopen.bmj.com\/content\/5\/11\/e008052\">A Canadian study<\/a> found that helmet laws\u00a0had\u00a0no relationship to hospitalization rates, whether in areas where helmets were mandated and there was a high degree of self-reported helmet wearing or in areas where there was far less.<\/p>\n<figure id=\"attachment_182849\" aria-describedby=\"caption-attachment-182849\" style=\"width: 1024px\" class=\"wp-caption alignnone\"><a href=\"https:\/\/d2p6e6u75xmxt8.cloudfront.net\/2\/2021\/04\/Female-cyclist-profimedia-0562984063.jpg\"><img loading=\"lazy\" decoding=\"async\" class=\"wp-image-182849 size-large\" src=\"https:\/\/d2p6e6u75xmxt8.cloudfront.net\/2\/2021\/04\/Female-cyclist-profimedia-0562984063-1024x682.jpg\" alt=\"Cyclist on a road\" width=\"1024\" height=\"682\" \/><\/a><figcaption id=\"caption-attachment-182849\" class=\"wp-caption-text\">Cycling becomes safer with better cycling infrastructure. \u00a9 Profimedia<\/figcaption><\/figure>\n<p>What worked much better was having a higher rate of cycling in the community. Using Canadian government data on cycling activity, researchers found that men and women were both less likely to be injured while biking in communities where more\u00a0people bike.<\/p>\n<p>The reason is that the more people in a community bike, the more likely the community is to improve the cycling infrastructure, especially by establishing a path network that separates the cyclists from motorized traffic. This is why advocacy groups in the U.S. focus so much on improving <a href=\"https:\/\/www.welovecycling.com\/wide\/2020\/01\/27\/5-types-of-ambitious-cycling-projects-we-want-to-see-more-of-in-2020\/\">cycling infrastructure.<\/a> Helmets do help mitigate specific head injuries but organizations such as People for Bikes want to prevent those crashes \u2013 particularly collisions between cars and bikes \u2013 from happening at all.<\/p>\n<p>In a perverse way, mandatory helmet use can then actually lead to higher injury rates because it can dissuade people from riding bikes. When helmet use was made mandatory in New Zealand in 1994, the number of trips <a href=\"https:\/\/www.bloomberg.com\/news\/articles\/2017-04-05\/why-bike-helmet-laws-don-t-work\">fell by 51 per cent over the next 10 years<\/a>. And, as we\u2019ve seen, fewer cyclists mean less infrastructure improvement, which means more accidents.<\/p>\n<p>This doesn\u2019t mean you shouldn\u2019t wear a helmet when cycling or, more importantly, not put a helmet on your child. It simply means that all cyclists, whether they wear helmets or not, should cycle responsibly and lobby their local authorities to upgrade the infrastructure to put them out of harm\u2019s way \u2013 that is, away from cars.<\/p>\n","protected":false},"excerpt":{"rendered":"<p>Let&#8217;s try and find out if there&#8217;s an ultimate answer to the &#8216;do you need to wear a helmet on [&hellip;]<\/p>\n","protected":false},"author":99,"featured_media":182845,"comment_status":"open","ping_status":"open","sticky":false,"template":"","format":"standard","meta":{"footnotes":""},"categories":[335],"tags":[5102,5105,5101,5103,5104,396],"global-categories":[3366],"class_list":["post-182844","post","type-post","status-publish","format-standard","has-post-thumbnail","hentry","category-safety","tag-bicycle-helmet","tag-bicycle-helmet-research-foundation","tag-bike-helmet","tag-do-you-need-to-wear-a-helmet","tag-international-journal-of-epidemiology","tag-safety","global-categories-cycling"],"yoast_head":"<!-- This site is optimized with the Yoast SEO Premium plugin v25.3 (Yoast SEO v25.9) - https:\/\/yoast.com\/wordpress\/plugins\/seo\/ -->\n<title>Do You Need to Wear a Helmet on a Bike? - We Love Cycling<\/title>\n<meta name=\"description\" content=\"Let&#039;s try and find out if there&#039;s an ultimate answer to the &#039;do you need to wear a helmet on a bike&#039; question. According to a 2013 study by the American\" \/>\n<meta name=\"robots\" content=\"index, follow, max-snippet:-1, max-image-preview:large, max-video-preview:-1\" \/>\n<link rel=\"canonical\" href=\"https:\/\/www.welovecycling.com\/wide\/2021\/04\/06\/is-there-a-final-verdict-on-bicycle-helmets\/\" \/>\n<meta property=\"og:locale\" content=\"en_US\" \/>\n<meta property=\"og:type\" content=\"article\" \/>\n<meta property=\"og:title\" content=\"Is There a Final Verdict on Bicycle Helmets?\" \/>\n<meta property=\"og:description\" content=\"Let&#039;s try and find out if there&#039;s an ultimate answer to the &#039;do you need to wear a helmet on a bike&#039; question. According to a 2013 study by the American\" \/>\n<meta property=\"og:url\" content=\"https:\/\/www.welovecycling.com\/wide\/2021\/04\/06\/is-there-a-final-verdict-on-bicycle-helmets\/\" \/>\n<meta property=\"og:site_name\" content=\"\u0160koda We Love Cycling\" \/>\n<meta property=\"article:published_time\" content=\"2021-04-06T12:59:23+00:00\" \/>\n<meta property=\"og:image\" content=\"https:\/\/d2p6e6u75xmxt8.cloudfront.net\/2\/2021\/04\/Father-and-son-cycling-profimedia-0586013210-CVR.webp\" \/>\n\t<meta property=\"og:image:width\" content=\"900\" \/>\n\t<meta property=\"og:image:height\" content=\"600\" \/>\n\t<meta property=\"og:image:type\" content=\"image\/webp\" \/>\n<meta name=\"author\" content=\"tereza\" \/>\n<meta name=\"twitter:card\" content=\"summary_large_image\" \/>\n<meta name=\"twitter:label1\" content=\"Written by\" \/>\n\t<meta name=\"twitter:data1\" content=\"Siegfried Mortkowitz\" \/>\n\t<meta name=\"twitter:label2\" content=\"Est. reading time\" \/>\n\t<meta name=\"twitter:data2\" content=\"6\" \/>\n<script type=\"application\/ld+json\" class=\"yoast-schema-graph\">{\"@context\":\"https:\/\/schema.org\",\"@graph\":[{\"@type\":\"WebPage\",\"@id\":\"https:\/\/www.welovecycling.com\/wide\/2021\/04\/06\/is-there-a-final-verdict-on-bicycle-helmets\/\",\"url\":\"https:\/\/www.welovecycling.com\/wide\/2021\/04\/06\/is-there-a-final-verdict-on-bicycle-helmets\/\",\"name\":\"Do You Need to Wear a Helmet on a Bike? - We Love Cycling\",\"isPartOf\":{\"@id\":\"https:\/\/www.welovecycling.com\/wide\/#website\"},\"primaryImageOfPage\":{\"@id\":\"https:\/\/www.welovecycling.com\/wide\/2021\/04\/06\/is-there-a-final-verdict-on-bicycle-helmets\/#primaryimage\"},\"image\":{\"@id\":\"https:\/\/www.welovecycling.com\/wide\/2021\/04\/06\/is-there-a-final-verdict-on-bicycle-helmets\/#primaryimage\"},\"thumbnailUrl\":\"https:\/\/d2p6e6u75xmxt8.cloudfront.net\/2\/2021\/04\/Father-and-son-cycling-profimedia-0586013210-CVR.webp\",\"datePublished\":\"2021-04-06T12:59:23+00:00\",\"author\":{\"@id\":\"https:\/\/www.welovecycling.com\/wide\/#\/schema\/person\/50f01ecd18718d2333cf72e823c4f926\"},\"description\":\"Let's try and find out if there's an ultimate answer to the 'do you need to wear a helmet on a bike' question. According to a 2013 study by the American\",\"breadcrumb\":{\"@id\":\"https:\/\/www.welovecycling.com\/wide\/2021\/04\/06\/is-there-a-final-verdict-on-bicycle-helmets\/#breadcrumb\"},\"inLanguage\":\"en-US\",\"potentialAction\":[{\"@type\":\"ReadAction\",\"target\":[\"https:\/\/www.welovecycling.com\/wide\/2021\/04\/06\/is-there-a-final-verdict-on-bicycle-helmets\/\"]}]},{\"@type\":\"ImageObject\",\"inLanguage\":\"en-US\",\"@id\":\"https:\/\/www.welovecycling.com\/wide\/2021\/04\/06\/is-there-a-final-verdict-on-bicycle-helmets\/#primaryimage\",\"url\":\"https:\/\/d2p6e6u75xmxt8.cloudfront.net\/2\/2021\/04\/Father-and-son-cycling-profimedia-0586013210-CVR.webp\",\"contentUrl\":\"https:\/\/d2p6e6u75xmxt8.cloudfront.net\/2\/2021\/04\/Father-and-son-cycling-profimedia-0586013210-CVR.webp\",\"width\":900,\"height\":600,\"caption\":\"Father and son cycling\"},{\"@type\":\"BreadcrumbList\",\"@id\":\"https:\/\/www.welovecycling.com\/wide\/2021\/04\/06\/is-there-a-final-verdict-on-bicycle-helmets\/#breadcrumb\",\"itemListElement\":[{\"@type\":\"ListItem\",\"position\":1,\"name\":\"Home\",\"item\":\"https:\/\/www.welovecycling.com\/wide\/\"},{\"@type\":\"ListItem\",\"position\":2,\"name\":\"Is There a Final Verdict on Bicycle Helmets?\"}]},{\"@type\":\"WebSite\",\"@id\":\"https:\/\/www.welovecycling.com\/wide\/#website\",\"url\":\"https:\/\/www.welovecycling.com\/wide\/\",\"name\":\"\u0160koda We Love Cycling\",\"description\":\"\u0160koda We Love Cycling magazine\",\"alternateName\":\"\u0160koda WLC\",\"potentialAction\":[{\"@type\":\"SearchAction\",\"target\":{\"@type\":\"EntryPoint\",\"urlTemplate\":\"https:\/\/www.welovecycling.com\/wide\/?s={search_term_string}\"},\"query-input\":{\"@type\":\"PropertyValueSpecification\",\"valueRequired\":true,\"valueName\":\"search_term_string\"}}],\"inLanguage\":\"en-US\"},{\"@type\":\"Person\",\"@id\":\"https:\/\/www.welovecycling.com\/wide\/#\/schema\/person\/50f01ecd18718d2333cf72e823c4f926\",\"name\":\"tereza\",\"image\":{\"@type\":\"ImageObject\",\"inLanguage\":\"en-US\",\"@id\":\"https:\/\/www.welovecycling.com\/wide\/#\/schema\/person\/image\/\",\"url\":\"https:\/\/secure.gravatar.com\/avatar\/1f9eb71be33845f0afabce3791bc1c58ecdb0a25c62964987e5dbcf7a20d2ec7?s=96&d=mm&r=g\",\"contentUrl\":\"https:\/\/secure.gravatar.com\/avatar\/1f9eb71be33845f0afabce3791bc1c58ecdb0a25c62964987e5dbcf7a20d2ec7?s=96&d=mm&r=g\",\"caption\":\"tereza\"},\"url\":\"https:\/\/www.welovecycling.com\/wide\/author\/tereza\/\"}]}<\/script>\n<!-- \/ Yoast SEO Premium plugin. -->","yoast_head_json":{"title":"Do You Need to Wear a Helmet on a Bike? - We Love Cycling","description":"Let's try and find out if there's an ultimate answer to the 'do you need to wear a helmet on a bike' question. According to a 2013 study by the American","robots":{"index":"index","follow":"follow","max-snippet":"max-snippet:-1","max-image-preview":"max-image-preview:large","max-video-preview":"max-video-preview:-1"},"canonical":"https:\/\/www.welovecycling.com\/wide\/2021\/04\/06\/is-there-a-final-verdict-on-bicycle-helmets\/","og_locale":"en_US","og_type":"article","og_title":"Is There a Final Verdict on Bicycle Helmets?","og_description":"Let's try and find out if there's an ultimate answer to the 'do you need to wear a helmet on a bike' question. According to a 2013 study by the American","og_url":"https:\/\/www.welovecycling.com\/wide\/2021\/04\/06\/is-there-a-final-verdict-on-bicycle-helmets\/","og_site_name":"\u0160koda We Love Cycling","article_published_time":"2021-04-06T12:59:23+00:00","og_image":[{"width":900,"height":600,"url":"https:\/\/d2p6e6u75xmxt8.cloudfront.net\/2\/2021\/04\/Father-and-son-cycling-profimedia-0586013210-CVR.webp","type":"image\/webp"}],"author":"tereza","twitter_card":"summary_large_image","twitter_misc":{"Written by":"Siegfried Mortkowitz","Est. reading time":"6"},"schema":{"@context":"https:\/\/schema.org","@graph":[{"@type":"WebPage","@id":"https:\/\/www.welovecycling.com\/wide\/2021\/04\/06\/is-there-a-final-verdict-on-bicycle-helmets\/","url":"https:\/\/www.welovecycling.com\/wide\/2021\/04\/06\/is-there-a-final-verdict-on-bicycle-helmets\/","name":"Do You Need to Wear a Helmet on a Bike? - We Love Cycling","isPartOf":{"@id":"https:\/\/www.welovecycling.com\/wide\/#website"},"primaryImageOfPage":{"@id":"https:\/\/www.welovecycling.com\/wide\/2021\/04\/06\/is-there-a-final-verdict-on-bicycle-helmets\/#primaryimage"},"image":{"@id":"https:\/\/www.welovecycling.com\/wide\/2021\/04\/06\/is-there-a-final-verdict-on-bicycle-helmets\/#primaryimage"},"thumbnailUrl":"https:\/\/d2p6e6u75xmxt8.cloudfront.net\/2\/2021\/04\/Father-and-son-cycling-profimedia-0586013210-CVR.webp","datePublished":"2021-04-06T12:59:23+00:00","author":{"@id":"https:\/\/www.welovecycling.com\/wide\/#\/schema\/person\/50f01ecd18718d2333cf72e823c4f926"},"description":"Let's try and find out if there's an ultimate answer to the 'do you need to wear a helmet on a bike' question. According to a 2013 study by the American","breadcrumb":{"@id":"https:\/\/www.welovecycling.com\/wide\/2021\/04\/06\/is-there-a-final-verdict-on-bicycle-helmets\/#breadcrumb"},"inLanguage":"en-US","potentialAction":[{"@type":"ReadAction","target":["https:\/\/www.welovecycling.com\/wide\/2021\/04\/06\/is-there-a-final-verdict-on-bicycle-helmets\/"]}]},{"@type":"ImageObject","inLanguage":"en-US","@id":"https:\/\/www.welovecycling.com\/wide\/2021\/04\/06\/is-there-a-final-verdict-on-bicycle-helmets\/#primaryimage","url":"https:\/\/d2p6e6u75xmxt8.cloudfront.net\/2\/2021\/04\/Father-and-son-cycling-profimedia-0586013210-CVR.webp","contentUrl":"https:\/\/d2p6e6u75xmxt8.cloudfront.net\/2\/2021\/04\/Father-and-son-cycling-profimedia-0586013210-CVR.webp","width":900,"height":600,"caption":"Father and son cycling"},{"@type":"BreadcrumbList","@id":"https:\/\/www.welovecycling.com\/wide\/2021\/04\/06\/is-there-a-final-verdict-on-bicycle-helmets\/#breadcrumb","itemListElement":[{"@type":"ListItem","position":1,"name":"Home","item":"https:\/\/www.welovecycling.com\/wide\/"},{"@type":"ListItem","position":2,"name":"Is There a Final Verdict on Bicycle Helmets?"}]},{"@type":"WebSite","@id":"https:\/\/www.welovecycling.com\/wide\/#website","url":"https:\/\/www.welovecycling.com\/wide\/","name":"\u0160koda We Love Cycling","description":"\u0160koda We Love Cycling magazine","alternateName":"\u0160koda WLC","potentialAction":[{"@type":"SearchAction","target":{"@type":"EntryPoint","urlTemplate":"https:\/\/www.welovecycling.com\/wide\/?s={search_term_string}"},"query-input":{"@type":"PropertyValueSpecification","valueRequired":true,"valueName":"search_term_string"}}],"inLanguage":"en-US"},{"@type":"Person","@id":"https:\/\/www.welovecycling.com\/wide\/#\/schema\/person\/50f01ecd18718d2333cf72e823c4f926","name":"tereza","image":{"@type":"ImageObject","inLanguage":"en-US","@id":"https:\/\/www.welovecycling.com\/wide\/#\/schema\/person\/image\/","url":"https:\/\/secure.gravatar.com\/avatar\/1f9eb71be33845f0afabce3791bc1c58ecdb0a25c62964987e5dbcf7a20d2ec7?s=96&d=mm&r=g","contentUrl":"https:\/\/secure.gravatar.com\/avatar\/1f9eb71be33845f0afabce3791bc1c58ecdb0a25c62964987e5dbcf7a20d2ec7?s=96&d=mm&r=g","caption":"tereza"},"url":"https:\/\/www.welovecycling.com\/wide\/author\/tereza\/"}]}},"_links":{"self":[{"href":"https:\/\/www.welovecycling.com\/wide\/wp-json\/wp\/v2\/posts\/182844","targetHints":{"allow":["GET"]}}],"collection":[{"href":"https:\/\/www.welovecycling.com\/wide\/wp-json\/wp\/v2\/posts"}],"about":[{"href":"https:\/\/www.welovecycling.com\/wide\/wp-json\/wp\/v2\/types\/post"}],"author":[{"embeddable":true,"href":"https:\/\/www.welovecycling.com\/wide\/wp-json\/wp\/v2\/users\/99"}],"replies":[{"embeddable":true,"href":"https:\/\/www.welovecycling.com\/wide\/wp-json\/wp\/v2\/comments?post=182844"}],"version-history":[{"count":2,"href":"https:\/\/www.welovecycling.com\/wide\/wp-json\/wp\/v2\/posts\/182844\/revisions"}],"predecessor-version":[{"id":182851,"href":"https:\/\/www.welovecycling.com\/wide\/wp-json\/wp\/v2\/posts\/182844\/revisions\/182851"}],"wp:featuredmedia":[{"embeddable":true,"href":"https:\/\/www.welovecycling.com\/wide\/wp-json\/wp\/v2\/media\/182845"}],"wp:attachment":[{"href":"https:\/\/www.welovecycling.com\/wide\/wp-json\/wp\/v2\/media?parent=182844"}],"wp:term":[{"taxonomy":"category","embeddable":true,"href":"https:\/\/www.welovecycling.com\/wide\/wp-json\/wp\/v2\/categories?post=182844"},{"taxonomy":"post_tag","embeddable":true,"href":"https:\/\/www.welovecycling.com\/wide\/wp-json\/wp\/v2\/tags?post=182844"},{"taxonomy":"global-categories","embeddable":true,"href":"https:\/\/www.welovecycling.com\/wide\/wp-json\/wp\/v2\/global-categories?post=182844"}],"curies":[{"name":"wp","href":"https:\/\/api.w.org\/{rel}","templated":true}]}}