{"id":182681,"date":"2021-03-31T14:27:42","date_gmt":"2021-03-31T14:27:42","guid":{"rendered":"https:\/\/www.welovecycling.com\/wide\/?p=182681"},"modified":"2021-03-31T14:27:42","modified_gmt":"2021-03-31T14:27:42","slug":"peter-sagan-could-soon-change-teams-according-to-bora-hansgrohe-manager","status":"publish","type":"post","link":"https:\/\/www.welovecycling.com\/wide\/2021\/03\/31\/peter-sagan-could-soon-change-teams-according-to-bora-hansgrohe-manager\/","title":{"rendered":"Peter Sagan Could Soon Change Teams According to Bora-Hansgrohe Manager"},"content":{"rendered":"<p><strong>The Slovakian superstar endured COVID-19 over the winter. He is slowly getting back in form and put on an impressive show lately as he won stage six of the Volta a Catalunya. However, that might not be enough for the team manager Ralph Denk.<\/strong><\/p>\n<p><!--more--><\/p>\n<p>The 31-year-old Sagan joined Bora-Hansgrohe in 2017 and won 25 races together with three \u0160koda Green Jerseys at the Tour de France. Ralph Denk now questions the superstar\u2019s future with the team. He lost the \u0160koda Green Jersey to Sam Bennett last year and with the rise of young stars such as Mathieu van der Poel or Wout van Aert, he might soon find himself pushed out of the job.<\/p>\n<p>Ralph Denk seems to be tempted to reallocate Sagan\u2019s generous pay, which is estimated between five and six million euros a year.<\/p>\n<figure id=\"attachment_182683\" aria-describedby=\"caption-attachment-182683\" style=\"width: 1024px\" class=\"wp-caption alignnone\"><a href=\"https:\/\/d2p6e6u75xmxt8.cloudfront.net\/2\/2021\/03\/Peter-Sagan-profimedia-0599373098.jpg\"><img loading=\"lazy\" decoding=\"async\" class=\"wp-image-182683 size-large\" src=\"https:\/\/d2p6e6u75xmxt8.cloudfront.net\/2\/2021\/03\/Peter-Sagan-profimedia-0599373098-1024x682.jpg\" alt=\"Peter Sagan\" width=\"1024\" height=\"682\" \/><\/a><figcaption id=\"caption-attachment-182683\" class=\"wp-caption-text\">Sagan at 2021 Milano-Sanremo. \u00a9 Profimedia<\/figcaption><\/figure>\n<p>\u201cPeter is entering the fall of his career,\u201d Denk told the <a href=\"eyJyZWRpcmVjdFVybCI6Ii9zcG9ydC9taXgvdG91ci12ZXJzcHJlY2hlbi1mdWVyLWFja2VybWFubi0tLS13ZW5uLWRpZS1sZWlzdHVuZy1zdGltbXQtLTM4MjMzODU0P2NiPTE2MTcxMjEyNzg3NzUiLCJyZWZlcnJlciI6Imh0dHBzOi8vd3d3Lmdvb2dsZS5jb2\">Kolner Stadt-Anzeiger<\/a>. \u201cThe outcome of our conversations is open. We would like to make the decision in April but I don\u2019t dare say which way things are going. We are very grateful for what Peter has meant to us. The sponsors have received a lot of attention thanks to him but he will be entering the fall of his career.\u201d<\/p>\n<p>\u201cWe also have to consider whether we still want to pay for that or is it better to invest that money in youth? If Peter doesn\u2019t stay, I have a lot of money available. The sponsors trust that I can put together the best possible team with the money.\u201d<\/p>\n<div class=\"embed-controller-wrapper\">\n<blockquote class=\"twitter-tweet\" data-width=\"500\" data-dnt=\"true\">\n<p lang=\"en\" dir=\"ltr\">It was a hard but good <a href=\"https:\/\/twitter.com\/VoltaCatalunya?ref_src=twsrc%5Etfw\">@VoltaCatalunya<\/a> and I&#39;m happy to win a stage in my first participation. My form is getting better but it isn&#39;t where it should be. It&#39;s a motivation to keep working for the next goals! @BORAGmbH <a href=\"https:\/\/twitter.com\/Hansgrohe_PR?ref_src=twsrc%5Etfw\">@Hansgrohe_PR<\/a> <a href=\"https:\/\/twitter.com\/iamspecialized?ref_src=twsrc%5Etfw\">@iamspecialized<\/a> <a href=\"https:\/\/t.co\/yOVxqX6AtZ\">https:\/\/t.co\/yOVxqX6AtZ<\/a><\/p>\n<p>&mdash; Peter Sagan (@petosagan) <a href=\"https:\/\/twitter.com\/petosagan\/status\/1376203795508629512?ref_src=twsrc%5Etfw\">March 28, 2021<\/a><\/p><\/blockquote>\n<p><script async data-src=\"https:\/\/platform.twitter.com\/widgets.js\" charset=\"utf-8\"><\/script><\/div>\n<p>Ralph Denk named Bernal, van Aert, van der Poel, Tadej Poga\u010dar and Julian Alaphilippe in the top five of the sport but does not believe he will move for them: \u201cI would be a bad team boss if I didn\u2019t want one of these superstars in the team but it has to be a fit. At the moment, I don\u2019t see any of these with us in the near future because there are existing contracts or because the philosophy there doesn\u2019t fit.\u201d<\/p>\n<p>\u201cMaybe we\u2019ll create our own star. That would be a cooler story. Maybe Lennard K\u00e4mna and Maximilian Schachmann are candidates for this role. They have already shown outstanding performances and they still have great potential. I will let myself be surprised.\u201d<\/p>\n<p>Do you believe Sagan will change teams soon? Where would you like to see him?<\/p>\n","protected":false},"excerpt":{"rendered":"<p>The Slovakian superstar endured COVID-19 over the winter. He is slowly getting back in form and put on an impressive [&hellip;]<\/p>\n","protected":false},"author":99,"featured_media":182682,"comment_status":"open","ping_status":"open","sticky":false,"template":"","format":"standard","meta":{"footnotes":""},"categories":[329],"tags":[1253,4619,381,1577,5093],"global-categories":[3366],"class_list":["post-182681","post","type-post","status-publish","format-standard","has-post-thumbnail","hentry","category-road-cycling","tag-bora-hansgrohe","tag-cycling-news","tag-peter-sagan","tag-ralph-denk","tag-volta-a-catalunya","global-categories-cycling"],"yoast_head":"<!-- This site is optimized with the Yoast SEO Premium plugin v25.3 (Yoast SEO v25.9) - https:\/\/yoast.com\/wordpress\/plugins\/seo\/ -->\n<title>Peter Sagan Could Soon Change Teams According to Bora-Hansgrohe Manager - \u0160koda We Love Cycling<\/title>\n<meta name=\"description\" content=\"The Slovakian superstar endured COVID-19 over the winter. He is slowly getting back in form and put on an impressive show lately as he won stage six of\" \/>\n<meta name=\"robots\" content=\"index, follow, max-snippet:-1, max-image-preview:large, max-video-preview:-1\" \/>\n<link rel=\"canonical\" href=\"https:\/\/www.welovecycling.com\/wide\/2021\/03\/31\/peter-sagan-could-soon-change-teams-according-to-bora-hansgrohe-manager\/\" \/>\n<meta property=\"og:locale\" content=\"en_US\" \/>\n<meta property=\"og:type\" content=\"article\" \/>\n<meta property=\"og:title\" content=\"Peter Sagan Could Soon Change Teams According to Bora-Hansgrohe Manager\" \/>\n<meta property=\"og:description\" content=\"The Slovakian superstar endured COVID-19 over the winter. He is slowly getting back in form and put on an impressive show lately as he won stage six of\" \/>\n<meta property=\"og:url\" content=\"https:\/\/www.welovecycling.com\/wide\/2021\/03\/31\/peter-sagan-could-soon-change-teams-according-to-bora-hansgrohe-manager\/\" \/>\n<meta property=\"og:site_name\" content=\"\u0160koda We Love Cycling\" \/>\n<meta property=\"article:published_time\" content=\"2021-03-31T14:27:42+00:00\" \/>\n<meta property=\"og:image\" content=\"https:\/\/d2p6e6u75xmxt8.cloudfront.net\/2\/2021\/03\/Peter-Sagan-profimedia-0600624950-CVR.webp\" \/>\n\t<meta property=\"og:image:width\" content=\"900\" \/>\n\t<meta property=\"og:image:height\" content=\"600\" \/>\n\t<meta property=\"og:image:type\" content=\"image\/webp\" \/>\n<meta name=\"author\" content=\"tereza\" \/>\n<meta name=\"twitter:card\" content=\"summary_large_image\" \/>\n<meta name=\"twitter:label1\" content=\"Written by\" \/>\n\t<meta name=\"twitter:data1\" content=\"Monica Buck\" \/>\n\t<meta name=\"twitter:label2\" content=\"Est. reading time\" \/>\n\t<meta name=\"twitter:data2\" content=\"5\" \/>\n<script type=\"application\/ld+json\" class=\"yoast-schema-graph\">{\"@context\":\"https:\/\/schema.org\",\"@graph\":[{\"@type\":\"WebPage\",\"@id\":\"https:\/\/www.welovecycling.com\/wide\/2021\/03\/31\/peter-sagan-could-soon-change-teams-according-to-bora-hansgrohe-manager\/\",\"url\":\"https:\/\/www.welovecycling.com\/wide\/2021\/03\/31\/peter-sagan-could-soon-change-teams-according-to-bora-hansgrohe-manager\/\",\"name\":\"Peter Sagan Could Soon Change Teams According to Bora-Hansgrohe Manager - \u0160koda We Love Cycling\",\"isPartOf\":{\"@id\":\"https:\/\/www.welovecycling.com\/wide\/#website\"},\"primaryImageOfPage\":{\"@id\":\"https:\/\/www.welovecycling.com\/wide\/2021\/03\/31\/peter-sagan-could-soon-change-teams-according-to-bora-hansgrohe-manager\/#primaryimage\"},\"image\":{\"@id\":\"https:\/\/www.welovecycling.com\/wide\/2021\/03\/31\/peter-sagan-could-soon-change-teams-according-to-bora-hansgrohe-manager\/#primaryimage\"},\"thumbnailUrl\":\"https:\/\/d2p6e6u75xmxt8.cloudfront.net\/2\/2021\/03\/Peter-Sagan-profimedia-0600624950-CVR.webp\",\"datePublished\":\"2021-03-31T14:27:42+00:00\",\"author\":{\"@id\":\"https:\/\/www.welovecycling.com\/wide\/#\/schema\/person\/50f01ecd18718d2333cf72e823c4f926\"},\"description\":\"The Slovakian superstar endured COVID-19 over the winter. He is slowly getting back in form and put on an impressive show lately as he won stage six of\",\"breadcrumb\":{\"@id\":\"https:\/\/www.welovecycling.com\/wide\/2021\/03\/31\/peter-sagan-could-soon-change-teams-according-to-bora-hansgrohe-manager\/#breadcrumb\"},\"inLanguage\":\"en-US\",\"potentialAction\":[{\"@type\":\"ReadAction\",\"target\":[\"https:\/\/www.welovecycling.com\/wide\/2021\/03\/31\/peter-sagan-could-soon-change-teams-according-to-bora-hansgrohe-manager\/\"]}]},{\"@type\":\"ImageObject\",\"inLanguage\":\"en-US\",\"@id\":\"https:\/\/www.welovecycling.com\/wide\/2021\/03\/31\/peter-sagan-could-soon-change-teams-according-to-bora-hansgrohe-manager\/#primaryimage\",\"url\":\"https:\/\/d2p6e6u75xmxt8.cloudfront.net\/2\/2021\/03\/Peter-Sagan-profimedia-0600624950-CVR.webp\",\"contentUrl\":\"https:\/\/d2p6e6u75xmxt8.cloudfront.net\/2\/2021\/03\/Peter-Sagan-profimedia-0600624950-CVR.webp\",\"width\":900,\"height\":600,\"caption\":\"Peter Sagan\"},{\"@type\":\"BreadcrumbList\",\"@id\":\"https:\/\/www.welovecycling.com\/wide\/2021\/03\/31\/peter-sagan-could-soon-change-teams-according-to-bora-hansgrohe-manager\/#breadcrumb\",\"itemListElement\":[{\"@type\":\"ListItem\",\"position\":1,\"name\":\"Home\",\"item\":\"https:\/\/www.welovecycling.com\/wide\/\"},{\"@type\":\"ListItem\",\"position\":2,\"name\":\"Peter Sagan Could Soon Change Teams According to Bora-Hansgrohe Manager\"}]},{\"@type\":\"WebSite\",\"@id\":\"https:\/\/www.welovecycling.com\/wide\/#website\",\"url\":\"https:\/\/www.welovecycling.com\/wide\/\",\"name\":\"\u0160koda We Love Cycling\",\"description\":\"\u0160koda We Love Cycling magazine\",\"alternateName\":\"\u0160koda WLC\",\"potentialAction\":[{\"@type\":\"SearchAction\",\"target\":{\"@type\":\"EntryPoint\",\"urlTemplate\":\"https:\/\/www.welovecycling.com\/wide\/?s={search_term_string}\"},\"query-input\":{\"@type\":\"PropertyValueSpecification\",\"valueRequired\":true,\"valueName\":\"search_term_string\"}}],\"inLanguage\":\"en-US\"},{\"@type\":\"Person\",\"@id\":\"https:\/\/www.welovecycling.com\/wide\/#\/schema\/person\/50f01ecd18718d2333cf72e823c4f926\",\"name\":\"tereza\",\"image\":{\"@type\":\"ImageObject\",\"inLanguage\":\"en-US\",\"@id\":\"https:\/\/www.welovecycling.com\/wide\/#\/schema\/person\/image\/\",\"url\":\"https:\/\/secure.gravatar.com\/avatar\/1f9eb71be33845f0afabce3791bc1c58ecdb0a25c62964987e5dbcf7a20d2ec7?s=96&d=mm&r=g\",\"contentUrl\":\"https:\/\/secure.gravatar.com\/avatar\/1f9eb71be33845f0afabce3791bc1c58ecdb0a25c62964987e5dbcf7a20d2ec7?s=96&d=mm&r=g\",\"caption\":\"tereza\"},\"url\":\"https:\/\/www.welovecycling.com\/wide\/author\/tereza\/\"}]}<\/script>\n<!-- \/ Yoast SEO Premium plugin. -->","yoast_head_json":{"title":"Peter Sagan Could Soon Change Teams According to Bora-Hansgrohe Manager - \u0160koda We Love Cycling","description":"The Slovakian superstar endured COVID-19 over the winter. He is slowly getting back in form and put on an impressive show lately as he won stage six of","robots":{"index":"index","follow":"follow","max-snippet":"max-snippet:-1","max-image-preview":"max-image-preview:large","max-video-preview":"max-video-preview:-1"},"canonical":"https:\/\/www.welovecycling.com\/wide\/2021\/03\/31\/peter-sagan-could-soon-change-teams-according-to-bora-hansgrohe-manager\/","og_locale":"en_US","og_type":"article","og_title":"Peter Sagan Could Soon Change Teams According to Bora-Hansgrohe Manager","og_description":"The Slovakian superstar endured COVID-19 over the winter. He is slowly getting back in form and put on an impressive show lately as he won stage six of","og_url":"https:\/\/www.welovecycling.com\/wide\/2021\/03\/31\/peter-sagan-could-soon-change-teams-according-to-bora-hansgrohe-manager\/","og_site_name":"\u0160koda We Love Cycling","article_published_time":"2021-03-31T14:27:42+00:00","og_image":[{"width":900,"height":600,"url":"https:\/\/d2p6e6u75xmxt8.cloudfront.net\/2\/2021\/03\/Peter-Sagan-profimedia-0600624950-CVR.webp","type":"image\/webp"}],"author":"tereza","twitter_card":"summary_large_image","twitter_misc":{"Written by":"Monica Buck","Est. reading time":"5"},"schema":{"@context":"https:\/\/schema.org","@graph":[{"@type":"WebPage","@id":"https:\/\/www.welovecycling.com\/wide\/2021\/03\/31\/peter-sagan-could-soon-change-teams-according-to-bora-hansgrohe-manager\/","url":"https:\/\/www.welovecycling.com\/wide\/2021\/03\/31\/peter-sagan-could-soon-change-teams-according-to-bora-hansgrohe-manager\/","name":"Peter Sagan Could Soon Change Teams According to Bora-Hansgrohe Manager - \u0160koda We Love Cycling","isPartOf":{"@id":"https:\/\/www.welovecycling.com\/wide\/#website"},"primaryImageOfPage":{"@id":"https:\/\/www.welovecycling.com\/wide\/2021\/03\/31\/peter-sagan-could-soon-change-teams-according-to-bora-hansgrohe-manager\/#primaryimage"},"image":{"@id":"https:\/\/www.welovecycling.com\/wide\/2021\/03\/31\/peter-sagan-could-soon-change-teams-according-to-bora-hansgrohe-manager\/#primaryimage"},"thumbnailUrl":"https:\/\/d2p6e6u75xmxt8.cloudfront.net\/2\/2021\/03\/Peter-Sagan-profimedia-0600624950-CVR.webp","datePublished":"2021-03-31T14:27:42+00:00","author":{"@id":"https:\/\/www.welovecycling.com\/wide\/#\/schema\/person\/50f01ecd18718d2333cf72e823c4f926"},"description":"The Slovakian superstar endured COVID-19 over the winter. He is slowly getting back in form and put on an impressive show lately as he won stage six of","breadcrumb":{"@id":"https:\/\/www.welovecycling.com\/wide\/2021\/03\/31\/peter-sagan-could-soon-change-teams-according-to-bora-hansgrohe-manager\/#breadcrumb"},"inLanguage":"en-US","potentialAction":[{"@type":"ReadAction","target":["https:\/\/www.welovecycling.com\/wide\/2021\/03\/31\/peter-sagan-could-soon-change-teams-according-to-bora-hansgrohe-manager\/"]}]},{"@type":"ImageObject","inLanguage":"en-US","@id":"https:\/\/www.welovecycling.com\/wide\/2021\/03\/31\/peter-sagan-could-soon-change-teams-according-to-bora-hansgrohe-manager\/#primaryimage","url":"https:\/\/d2p6e6u75xmxt8.cloudfront.net\/2\/2021\/03\/Peter-Sagan-profimedia-0600624950-CVR.webp","contentUrl":"https:\/\/d2p6e6u75xmxt8.cloudfront.net\/2\/2021\/03\/Peter-Sagan-profimedia-0600624950-CVR.webp","width":900,"height":600,"caption":"Peter Sagan"},{"@type":"BreadcrumbList","@id":"https:\/\/www.welovecycling.com\/wide\/2021\/03\/31\/peter-sagan-could-soon-change-teams-according-to-bora-hansgrohe-manager\/#breadcrumb","itemListElement":[{"@type":"ListItem","position":1,"name":"Home","item":"https:\/\/www.welovecycling.com\/wide\/"},{"@type":"ListItem","position":2,"name":"Peter Sagan Could Soon Change Teams According to Bora-Hansgrohe Manager"}]},{"@type":"WebSite","@id":"https:\/\/www.welovecycling.com\/wide\/#website","url":"https:\/\/www.welovecycling.com\/wide\/","name":"\u0160koda We Love Cycling","description":"\u0160koda We Love Cycling magazine","alternateName":"\u0160koda WLC","potentialAction":[{"@type":"SearchAction","target":{"@type":"EntryPoint","urlTemplate":"https:\/\/www.welovecycling.com\/wide\/?s={search_term_string}"},"query-input":{"@type":"PropertyValueSpecification","valueRequired":true,"valueName":"search_term_string"}}],"inLanguage":"en-US"},{"@type":"Person","@id":"https:\/\/www.welovecycling.com\/wide\/#\/schema\/person\/50f01ecd18718d2333cf72e823c4f926","name":"tereza","image":{"@type":"ImageObject","inLanguage":"en-US","@id":"https:\/\/www.welovecycling.com\/wide\/#\/schema\/person\/image\/","url":"https:\/\/secure.gravatar.com\/avatar\/1f9eb71be33845f0afabce3791bc1c58ecdb0a25c62964987e5dbcf7a20d2ec7?s=96&d=mm&r=g","contentUrl":"https:\/\/secure.gravatar.com\/avatar\/1f9eb71be33845f0afabce3791bc1c58ecdb0a25c62964987e5dbcf7a20d2ec7?s=96&d=mm&r=g","caption":"tereza"},"url":"https:\/\/www.welovecycling.com\/wide\/author\/tereza\/"}]}},"_links":{"self":[{"href":"https:\/\/www.welovecycling.com\/wide\/wp-json\/wp\/v2\/posts\/182681","targetHints":{"allow":["GET"]}}],"collection":[{"href":"https:\/\/www.welovecycling.com\/wide\/wp-json\/wp\/v2\/posts"}],"about":[{"href":"https:\/\/www.welovecycling.com\/wide\/wp-json\/wp\/v2\/types\/post"}],"author":[{"embeddable":true,"href":"https:\/\/www.welovecycling.com\/wide\/wp-json\/wp\/v2\/users\/99"}],"replies":[{"embeddable":true,"href":"https:\/\/www.welovecycling.com\/wide\/wp-json\/wp\/v2\/comments?post=182681"}],"version-history":[{"count":2,"href":"https:\/\/www.welovecycling.com\/wide\/wp-json\/wp\/v2\/posts\/182681\/revisions"}],"predecessor-version":[{"id":182686,"href":"https:\/\/www.welovecycling.com\/wide\/wp-json\/wp\/v2\/posts\/182681\/revisions\/182686"}],"wp:featuredmedia":[{"embeddable":true,"href":"https:\/\/www.welovecycling.com\/wide\/wp-json\/wp\/v2\/media\/182682"}],"wp:attachment":[{"href":"https:\/\/www.welovecycling.com\/wide\/wp-json\/wp\/v2\/media?parent=182681"}],"wp:term":[{"taxonomy":"category","embeddable":true,"href":"https:\/\/www.welovecycling.com\/wide\/wp-json\/wp\/v2\/categories?post=182681"},{"taxonomy":"post_tag","embeddable":true,"href":"https:\/\/www.welovecycling.com\/wide\/wp-json\/wp\/v2\/tags?post=182681"},{"taxonomy":"global-categories","embeddable":true,"href":"https:\/\/www.welovecycling.com\/wide\/wp-json\/wp\/v2\/global-categories?post=182681"}],"curies":[{"name":"wp","href":"https:\/\/api.w.org\/{rel}","templated":true}]}}