{"id":182515,"date":"2021-03-29T09:30:10","date_gmt":"2021-03-29T09:30:10","guid":{"rendered":"https:\/\/www.welovecycling.com\/wide\/?p=182515"},"modified":"2021-03-29T09:30:10","modified_gmt":"2021-03-29T09:30:10","slug":"wout-van-aert-wins-at-ghent-wevelgem-and-other-cool-news-from-the-world-of-cycling","status":"publish","type":"post","link":"https:\/\/www.welovecycling.com\/wide\/2021\/03\/29\/wout-van-aert-wins-at-ghent-wevelgem-and-other-cool-news-from-the-world-of-cycling\/","title":{"rendered":"Wout van Aert Wins at Ghent-Wevelgem and Other Cool News from the World of Cycling"},"content":{"rendered":"<p><strong>Another Monday is here, and so is our news from the world of cycling. So, what did you miss?<\/strong><\/p>\n<p><!--more--><\/p>\n<h2><strong>The Belgian bounces back<\/strong><\/h2>\n<p>Wout van Aert has won another prestigious one-day classic, his first of 2021. After two victories at Tirreno-Adriatico, the Belgian finished third at Milan\u2014San Remo and then placed out of the top 10 at the E3 Saxo Bank Classic. But on Sunday he managed to join the front group in windy conditions and eventually came out the strongest. He beat the likes of Giacomo Nizzolo (Qhubeka-ASSOS), Matteo Trentin (UAE Team Emirates) and Michael Matthews (BikeExchange). Sam Bennett was the only one from Deceuninck\u2014Quick-Step to make the front group, but was dropped before the final sprint.<\/p>\n<figure id=\"attachment_182521\" aria-describedby=\"caption-attachment-182521\" style=\"width: 1024px\" class=\"wp-caption alignnone\"><a href=\"https:\/\/d2p6e6u75xmxt8.cloudfront.net\/2\/2021\/03\/Wout-van-Aert-Ghent-Wevelgem-profimedia-0601844457.jpg\"><img loading=\"lazy\" decoding=\"async\" class=\"wp-image-182521 size-large\" src=\"https:\/\/d2p6e6u75xmxt8.cloudfront.net\/2\/2021\/03\/Wout-van-Aert-Ghent-Wevelgem-profimedia-0601844457-1024x682.jpg\" alt=\"Ghent-Wevelgem\" width=\"1024\" height=\"682\" \/><\/a><figcaption id=\"caption-attachment-182521\" class=\"wp-caption-text\">Another win for Wout van Aert. \u00a9 Profimedia<\/figcaption><\/figure>\n<h4><strong>Ghent-Wevelgem 2021 results<\/strong><\/h4>\n<ol>\n<li>Wout van Aert (Jumbo-Visma)<\/li>\n<li>Giacomo Nizzolo (Qhubeka-ASSOS)<\/li>\n<li>Matteo Trentin (UAE Team Emirates)<\/li>\n<li>Sonny Colbrelli (Bahrain-Victorious)<\/li>\n<li>Michael Matthews (BikeExchange)<\/li>\n<li>Stefan K\u00fcng (Groupama-FDJ)<\/li>\n<li>Nathan Van Hooydonck (Jumbo-Visma)<\/li>\n<li>Dylan van Baarle (Ineos Grenadiers)<\/li>\n<li>Anthony Turgis (Total Direct Energie)<\/li>\n<li>Gianni Vermeersch (Alpecin-Fenix)<\/li>\n<\/ol>\n<h2><strong>Marianne Vos wins for Jumbo Visma<\/strong><\/h2>\n<p>The women\u2019s edition of Ghent Wevelgem was certainly exciting. A number of moves were made after a split on the Kemmelberg, the last of seven climbs. With 15km to go, Elisa Longo Borghini (Trek-Segafredo) and Soraya Paladin rode off the front of a group of seven. It looked like they had done it but were caught just 300 metres before the finish line. It was Marianne Vos who proved to be the strongest in the sprint and claimed the victory.<\/p>\n<figure id=\"attachment_182523\" aria-describedby=\"caption-attachment-182523\" style=\"width: 1024px\" class=\"wp-caption alignnone\"><a href=\"https:\/\/d2p6e6u75xmxt8.cloudfront.net\/2\/2021\/03\/profimedia-0601854576.jpg\"><img loading=\"lazy\" decoding=\"async\" class=\"size-large wp-image-182523\" src=\"https:\/\/d2p6e6u75xmxt8.cloudfront.net\/2\/2021\/03\/profimedia-0601854576-1024x683.jpg\" alt=\"Marianne Vos\" width=\"1024\" height=\"683\" \/><\/a><figcaption id=\"caption-attachment-182523\" class=\"wp-caption-text\">Dutch Marianne Vos celebrates as she crosses the finish line to win the women&#8217;s edition of the Gent-Wevelgem. \u00a9 Profimedia<\/figcaption><\/figure>\n<h4><strong>Ghent Wevelgem Women 2021<\/strong><\/h4>\n<ol>\n<li>Marianne Vos (Jumbo Visma) \u2013 3:45:08<\/li>\n<li>Lotte Kopecky (Liv Racing)<\/li>\n<li>Lisa Brennauer (Ceratizit WNT)<\/li>\n<li>Elisa Balsamo (Valcar Travel and Service)<\/li>\n<li>Marta Bastianelli (Al\u00e9-BTC Ljubljana)<\/li>\n<li>Emilia Fahlin (FDJ-Nouvelle Aquitaine Futuroscope)<\/li>\n<li>Kristen Faulkner (Tibco SVB)<\/li>\n<li>Sarah Roy (BikeExchange)<\/li>\n<li>Emma Norsgaard (Movistar)<\/li>\n<li>Lauren Stephens (Tibco SVB)<\/li>\n<\/ol>\n<h2><strong>Monday<\/strong><\/h2>\n<div class=\"embed-controller-wrapper\">\n<blockquote class=\"twitter-tweet\" data-width=\"500\" data-dnt=\"true\">\n<p lang=\"zxx\" dir=\"ltr\"><a href=\"https:\/\/t.co\/cX3B7hr6js\">pic.twitter.com\/cX3B7hr6js<\/a><\/p>\n<p>&mdash; Cycling out of context (@OutOfCycling) <a href=\"https:\/\/twitter.com\/OutOfCycling\/status\/1375427083959209986?ref_src=twsrc%5Etfw\">March 26, 2021<\/a><\/p><\/blockquote>\n<p><script async data-src=\"https:\/\/platform.twitter.com\/widgets.js\" charset=\"utf-8\"><\/script><\/div>\n<h2><strong>How dare you<\/strong><\/h2>\n<div class=\"embed-controller-wrapper\">\n<blockquote class=\"twitter-tweet\" data-width=\"500\" data-dnt=\"true\">\n<p lang=\"en\" dir=\"ltr\">For live updates of the most climatic race of the year&#8230;<a href=\"https:\/\/t.co\/vEcDGuXZ1S\">https:\/\/t.co\/vEcDGuXZ1S<\/a><\/p>\n<p>&mdash; Alex Dowsett (@alexdowsett) <a href=\"https:\/\/twitter.com\/alexdowsett\/status\/1373197860917886976?ref_src=twsrc%5Etfw\">March 20, 2021<\/a><\/p><\/blockquote>\n<p><script async data-src=\"https:\/\/platform.twitter.com\/widgets.js\" charset=\"utf-8\"><\/script><\/div>\n<h2><strong>True story<\/strong><\/h2>\n<p>https:\/\/www.instagram.com\/p\/CM40j4VKnsQ\/<\/p>\n<h2><strong>It really is easier<\/strong><\/h2>\n<div class=\"embed-controller-wrapper\">\n<blockquote class=\"twitter-tweet\" data-width=\"500\" data-dnt=\"true\">\n<p lang=\"en\" dir=\"ltr\">Finally we can tell them apart! \ud83e\udd2a\ud83d\ude4a\ud83d\udc68\ud83c\udffc\u200d\ud83e\udd1d\u200d\ud83d\udc68\ud83c\udffd<\/p>\n<p>\u2b05\ufe0f Hi <a href=\"https:\/\/twitter.com\/AdamYates7?ref_src=twsrc%5Etfw\">@adamyates7<\/a> Hi <a href=\"https:\/\/twitter.com\/SimonYatess?ref_src=twsrc%5Etfw\">@simonyatess<\/a> \u27a1\ufe0f<a href=\"https:\/\/twitter.com\/hashtag\/VoltaCatalunya100?src=hash&amp;ref_src=twsrc%5Etfw\">#VoltaCatalunya100<\/a> <a href=\"https:\/\/twitter.com\/hashtag\/Twins?src=hash&amp;ref_src=twsrc%5Etfw\">#Twins<\/a> <a href=\"https:\/\/t.co\/Mdm9wTpjKH\">pic.twitter.com\/Mdm9wTpjKH<\/a><\/p>\n<p>&mdash; GreenEDGE Cycling (@GreenEDGEteam) <a href=\"https:\/\/twitter.com\/GreenEDGEteam\/status\/1374007109684240384?ref_src=twsrc%5Etfw\">March 22, 2021<\/a><\/p><\/blockquote>\n<p><script async data-src=\"https:\/\/platform.twitter.com\/widgets.js\" charset=\"utf-8\"><\/script><\/div>\n","protected":false},"excerpt":{"rendered":"<p>Another Monday is here, and so is our news from the world of cycling. So, what did you miss?<\/p>\n","protected":false},"author":99,"featured_media":182520,"comment_status":"open","ping_status":"open","sticky":false,"template":"","format":"standard","meta":{"footnotes":""},"categories":[329],"tags":[4619,5085,3136,1468,831],"global-categories":[3366],"class_list":["post-182515","post","type-post","status-publish","format-standard","has-post-thumbnail","hentry","category-road-cycling","tag-cycling-news","tag-ghent-wevelgem","tag-marianne-vos","tag-sam-bennett","tag-wout-van-aert","global-categories-cycling"],"yoast_head":"<!-- This site is optimized with the Yoast SEO Premium plugin v25.3 (Yoast SEO v25.9) - https:\/\/yoast.com\/wordpress\/plugins\/seo\/ -->\n<title>Wout van Aert Wins at Ghent-Wevelgem and Other Cool News from the World of Cycling - \u0160koda We Love Cycling<\/title>\n<meta name=\"description\" content=\"Another Monday is here, and so is our news from the world of cycling. So, what did you miss? The Belgian bounces back Wout van Aert has won another\" \/>\n<meta name=\"robots\" content=\"index, follow, max-snippet:-1, max-image-preview:large, max-video-preview:-1\" \/>\n<link rel=\"canonical\" href=\"https:\/\/www.welovecycling.com\/wide\/2021\/03\/29\/wout-van-aert-wins-at-ghent-wevelgem-and-other-cool-news-from-the-world-of-cycling\/\" \/>\n<meta property=\"og:locale\" content=\"en_US\" \/>\n<meta property=\"og:type\" content=\"article\" \/>\n<meta property=\"og:title\" content=\"Wout van Aert Wins at Ghent-Wevelgem and Other Cool News from the World of Cycling\" \/>\n<meta property=\"og:description\" content=\"Another Monday is here, and so is our news from the world of cycling. So, what did you miss? The Belgian bounces back Wout van Aert has won another\" \/>\n<meta property=\"og:url\" content=\"https:\/\/www.welovecycling.com\/wide\/2021\/03\/29\/wout-van-aert-wins-at-ghent-wevelgem-and-other-cool-news-from-the-world-of-cycling\/\" \/>\n<meta property=\"og:site_name\" content=\"\u0160koda We Love Cycling\" \/>\n<meta property=\"article:published_time\" content=\"2021-03-29T09:30:10+00:00\" \/>\n<meta property=\"og:image\" content=\"https:\/\/d2p6e6u75xmxt8.cloudfront.net\/2\/2021\/03\/Wout-van-Aert-profimedia-0601836240-CVR.webp\" \/>\n\t<meta property=\"og:image:width\" content=\"900\" \/>\n\t<meta property=\"og:image:height\" content=\"600\" \/>\n\t<meta property=\"og:image:type\" content=\"image\/webp\" \/>\n<meta name=\"author\" content=\"tereza\" \/>\n<meta name=\"twitter:card\" content=\"summary_large_image\" \/>\n<meta name=\"twitter:label1\" content=\"Written by\" \/>\n\t<meta name=\"twitter:data1\" content=\"Monica Buck\" \/>\n\t<meta name=\"twitter:label2\" content=\"Est. reading time\" \/>\n\t<meta name=\"twitter:data2\" content=\"4\" \/>\n<script type=\"application\/ld+json\" class=\"yoast-schema-graph\">{\"@context\":\"https:\/\/schema.org\",\"@graph\":[{\"@type\":\"WebPage\",\"@id\":\"https:\/\/www.welovecycling.com\/wide\/2021\/03\/29\/wout-van-aert-wins-at-ghent-wevelgem-and-other-cool-news-from-the-world-of-cycling\/\",\"url\":\"https:\/\/www.welovecycling.com\/wide\/2021\/03\/29\/wout-van-aert-wins-at-ghent-wevelgem-and-other-cool-news-from-the-world-of-cycling\/\",\"name\":\"Wout van Aert Wins at Ghent-Wevelgem and Other Cool News from the World of Cycling - \u0160koda We Love Cycling\",\"isPartOf\":{\"@id\":\"https:\/\/www.welovecycling.com\/wide\/#website\"},\"primaryImageOfPage\":{\"@id\":\"https:\/\/www.welovecycling.com\/wide\/2021\/03\/29\/wout-van-aert-wins-at-ghent-wevelgem-and-other-cool-news-from-the-world-of-cycling\/#primaryimage\"},\"image\":{\"@id\":\"https:\/\/www.welovecycling.com\/wide\/2021\/03\/29\/wout-van-aert-wins-at-ghent-wevelgem-and-other-cool-news-from-the-world-of-cycling\/#primaryimage\"},\"thumbnailUrl\":\"https:\/\/d2p6e6u75xmxt8.cloudfront.net\/2\/2021\/03\/Wout-van-Aert-profimedia-0601836240-CVR.webp\",\"datePublished\":\"2021-03-29T09:30:10+00:00\",\"author\":{\"@id\":\"https:\/\/www.welovecycling.com\/wide\/#\/schema\/person\/50f01ecd18718d2333cf72e823c4f926\"},\"description\":\"Another Monday is here, and so is our news from the world of cycling. So, what did you miss? The Belgian bounces back Wout van Aert has won another\",\"breadcrumb\":{\"@id\":\"https:\/\/www.welovecycling.com\/wide\/2021\/03\/29\/wout-van-aert-wins-at-ghent-wevelgem-and-other-cool-news-from-the-world-of-cycling\/#breadcrumb\"},\"inLanguage\":\"en-US\",\"potentialAction\":[{\"@type\":\"ReadAction\",\"target\":[\"https:\/\/www.welovecycling.com\/wide\/2021\/03\/29\/wout-van-aert-wins-at-ghent-wevelgem-and-other-cool-news-from-the-world-of-cycling\/\"]}]},{\"@type\":\"ImageObject\",\"inLanguage\":\"en-US\",\"@id\":\"https:\/\/www.welovecycling.com\/wide\/2021\/03\/29\/wout-van-aert-wins-at-ghent-wevelgem-and-other-cool-news-from-the-world-of-cycling\/#primaryimage\",\"url\":\"https:\/\/d2p6e6u75xmxt8.cloudfront.net\/2\/2021\/03\/Wout-van-Aert-profimedia-0601836240-CVR.webp\",\"contentUrl\":\"https:\/\/d2p6e6u75xmxt8.cloudfront.net\/2\/2021\/03\/Wout-van-Aert-profimedia-0601836240-CVR.webp\",\"width\":900,\"height\":600,\"caption\":\"Wout van Aert\"},{\"@type\":\"BreadcrumbList\",\"@id\":\"https:\/\/www.welovecycling.com\/wide\/2021\/03\/29\/wout-van-aert-wins-at-ghent-wevelgem-and-other-cool-news-from-the-world-of-cycling\/#breadcrumb\",\"itemListElement\":[{\"@type\":\"ListItem\",\"position\":1,\"name\":\"Home\",\"item\":\"https:\/\/www.welovecycling.com\/wide\/\"},{\"@type\":\"ListItem\",\"position\":2,\"name\":\"Wout van Aert Wins at Ghent-Wevelgem and Other Cool News from the World of Cycling\"}]},{\"@type\":\"WebSite\",\"@id\":\"https:\/\/www.welovecycling.com\/wide\/#website\",\"url\":\"https:\/\/www.welovecycling.com\/wide\/\",\"name\":\"\u0160koda We Love Cycling\",\"description\":\"\u0160koda We Love Cycling magazine\",\"alternateName\":\"\u0160koda WLC\",\"potentialAction\":[{\"@type\":\"SearchAction\",\"target\":{\"@type\":\"EntryPoint\",\"urlTemplate\":\"https:\/\/www.welovecycling.com\/wide\/?s={search_term_string}\"},\"query-input\":{\"@type\":\"PropertyValueSpecification\",\"valueRequired\":true,\"valueName\":\"search_term_string\"}}],\"inLanguage\":\"en-US\"},{\"@type\":\"Person\",\"@id\":\"https:\/\/www.welovecycling.com\/wide\/#\/schema\/person\/50f01ecd18718d2333cf72e823c4f926\",\"name\":\"tereza\",\"image\":{\"@type\":\"ImageObject\",\"inLanguage\":\"en-US\",\"@id\":\"https:\/\/www.welovecycling.com\/wide\/#\/schema\/person\/image\/\",\"url\":\"https:\/\/secure.gravatar.com\/avatar\/1f9eb71be33845f0afabce3791bc1c58ecdb0a25c62964987e5dbcf7a20d2ec7?s=96&d=mm&r=g\",\"contentUrl\":\"https:\/\/secure.gravatar.com\/avatar\/1f9eb71be33845f0afabce3791bc1c58ecdb0a25c62964987e5dbcf7a20d2ec7?s=96&d=mm&r=g\",\"caption\":\"tereza\"},\"url\":\"https:\/\/www.welovecycling.com\/wide\/author\/tereza\/\"}]}<\/script>\n<!-- \/ Yoast SEO Premium plugin. -->","yoast_head_json":{"title":"Wout van Aert Wins at Ghent-Wevelgem and Other Cool News from the World of Cycling - \u0160koda We Love Cycling","description":"Another Monday is here, and so is our news from the world of cycling. So, what did you miss? The Belgian bounces back Wout van Aert has won another","robots":{"index":"index","follow":"follow","max-snippet":"max-snippet:-1","max-image-preview":"max-image-preview:large","max-video-preview":"max-video-preview:-1"},"canonical":"https:\/\/www.welovecycling.com\/wide\/2021\/03\/29\/wout-van-aert-wins-at-ghent-wevelgem-and-other-cool-news-from-the-world-of-cycling\/","og_locale":"en_US","og_type":"article","og_title":"Wout van Aert Wins at Ghent-Wevelgem and Other Cool News from the World of Cycling","og_description":"Another Monday is here, and so is our news from the world of cycling. So, what did you miss? The Belgian bounces back Wout van Aert has won another","og_url":"https:\/\/www.welovecycling.com\/wide\/2021\/03\/29\/wout-van-aert-wins-at-ghent-wevelgem-and-other-cool-news-from-the-world-of-cycling\/","og_site_name":"\u0160koda We Love Cycling","article_published_time":"2021-03-29T09:30:10+00:00","og_image":[{"width":900,"height":600,"url":"https:\/\/d2p6e6u75xmxt8.cloudfront.net\/2\/2021\/03\/Wout-van-Aert-profimedia-0601836240-CVR.webp","type":"image\/webp"}],"author":"tereza","twitter_card":"summary_large_image","twitter_misc":{"Written by":"Monica Buck","Est. reading time":"4"},"schema":{"@context":"https:\/\/schema.org","@graph":[{"@type":"WebPage","@id":"https:\/\/www.welovecycling.com\/wide\/2021\/03\/29\/wout-van-aert-wins-at-ghent-wevelgem-and-other-cool-news-from-the-world-of-cycling\/","url":"https:\/\/www.welovecycling.com\/wide\/2021\/03\/29\/wout-van-aert-wins-at-ghent-wevelgem-and-other-cool-news-from-the-world-of-cycling\/","name":"Wout van Aert Wins at Ghent-Wevelgem and Other Cool News from the World of Cycling - \u0160koda We Love Cycling","isPartOf":{"@id":"https:\/\/www.welovecycling.com\/wide\/#website"},"primaryImageOfPage":{"@id":"https:\/\/www.welovecycling.com\/wide\/2021\/03\/29\/wout-van-aert-wins-at-ghent-wevelgem-and-other-cool-news-from-the-world-of-cycling\/#primaryimage"},"image":{"@id":"https:\/\/www.welovecycling.com\/wide\/2021\/03\/29\/wout-van-aert-wins-at-ghent-wevelgem-and-other-cool-news-from-the-world-of-cycling\/#primaryimage"},"thumbnailUrl":"https:\/\/d2p6e6u75xmxt8.cloudfront.net\/2\/2021\/03\/Wout-van-Aert-profimedia-0601836240-CVR.webp","datePublished":"2021-03-29T09:30:10+00:00","author":{"@id":"https:\/\/www.welovecycling.com\/wide\/#\/schema\/person\/50f01ecd18718d2333cf72e823c4f926"},"description":"Another Monday is here, and so is our news from the world of cycling. So, what did you miss? The Belgian bounces back Wout van Aert has won another","breadcrumb":{"@id":"https:\/\/www.welovecycling.com\/wide\/2021\/03\/29\/wout-van-aert-wins-at-ghent-wevelgem-and-other-cool-news-from-the-world-of-cycling\/#breadcrumb"},"inLanguage":"en-US","potentialAction":[{"@type":"ReadAction","target":["https:\/\/www.welovecycling.com\/wide\/2021\/03\/29\/wout-van-aert-wins-at-ghent-wevelgem-and-other-cool-news-from-the-world-of-cycling\/"]}]},{"@type":"ImageObject","inLanguage":"en-US","@id":"https:\/\/www.welovecycling.com\/wide\/2021\/03\/29\/wout-van-aert-wins-at-ghent-wevelgem-and-other-cool-news-from-the-world-of-cycling\/#primaryimage","url":"https:\/\/d2p6e6u75xmxt8.cloudfront.net\/2\/2021\/03\/Wout-van-Aert-profimedia-0601836240-CVR.webp","contentUrl":"https:\/\/d2p6e6u75xmxt8.cloudfront.net\/2\/2021\/03\/Wout-van-Aert-profimedia-0601836240-CVR.webp","width":900,"height":600,"caption":"Wout van Aert"},{"@type":"BreadcrumbList","@id":"https:\/\/www.welovecycling.com\/wide\/2021\/03\/29\/wout-van-aert-wins-at-ghent-wevelgem-and-other-cool-news-from-the-world-of-cycling\/#breadcrumb","itemListElement":[{"@type":"ListItem","position":1,"name":"Home","item":"https:\/\/www.welovecycling.com\/wide\/"},{"@type":"ListItem","position":2,"name":"Wout van Aert Wins at Ghent-Wevelgem and Other Cool News from the World of Cycling"}]},{"@type":"WebSite","@id":"https:\/\/www.welovecycling.com\/wide\/#website","url":"https:\/\/www.welovecycling.com\/wide\/","name":"\u0160koda We Love Cycling","description":"\u0160koda We Love Cycling magazine","alternateName":"\u0160koda WLC","potentialAction":[{"@type":"SearchAction","target":{"@type":"EntryPoint","urlTemplate":"https:\/\/www.welovecycling.com\/wide\/?s={search_term_string}"},"query-input":{"@type":"PropertyValueSpecification","valueRequired":true,"valueName":"search_term_string"}}],"inLanguage":"en-US"},{"@type":"Person","@id":"https:\/\/www.welovecycling.com\/wide\/#\/schema\/person\/50f01ecd18718d2333cf72e823c4f926","name":"tereza","image":{"@type":"ImageObject","inLanguage":"en-US","@id":"https:\/\/www.welovecycling.com\/wide\/#\/schema\/person\/image\/","url":"https:\/\/secure.gravatar.com\/avatar\/1f9eb71be33845f0afabce3791bc1c58ecdb0a25c62964987e5dbcf7a20d2ec7?s=96&d=mm&r=g","contentUrl":"https:\/\/secure.gravatar.com\/avatar\/1f9eb71be33845f0afabce3791bc1c58ecdb0a25c62964987e5dbcf7a20d2ec7?s=96&d=mm&r=g","caption":"tereza"},"url":"https:\/\/www.welovecycling.com\/wide\/author\/tereza\/"}]}},"_links":{"self":[{"href":"https:\/\/www.welovecycling.com\/wide\/wp-json\/wp\/v2\/posts\/182515","targetHints":{"allow":["GET"]}}],"collection":[{"href":"https:\/\/www.welovecycling.com\/wide\/wp-json\/wp\/v2\/posts"}],"about":[{"href":"https:\/\/www.welovecycling.com\/wide\/wp-json\/wp\/v2\/types\/post"}],"author":[{"embeddable":true,"href":"https:\/\/www.welovecycling.com\/wide\/wp-json\/wp\/v2\/users\/99"}],"replies":[{"embeddable":true,"href":"https:\/\/www.welovecycling.com\/wide\/wp-json\/wp\/v2\/comments?post=182515"}],"version-history":[{"count":2,"href":"https:\/\/www.welovecycling.com\/wide\/wp-json\/wp\/v2\/posts\/182515\/revisions"}],"predecessor-version":[{"id":182525,"href":"https:\/\/www.welovecycling.com\/wide\/wp-json\/wp\/v2\/posts\/182515\/revisions\/182525"}],"wp:featuredmedia":[{"embeddable":true,"href":"https:\/\/www.welovecycling.com\/wide\/wp-json\/wp\/v2\/media\/182520"}],"wp:attachment":[{"href":"https:\/\/www.welovecycling.com\/wide\/wp-json\/wp\/v2\/media?parent=182515"}],"wp:term":[{"taxonomy":"category","embeddable":true,"href":"https:\/\/www.welovecycling.com\/wide\/wp-json\/wp\/v2\/categories?post=182515"},{"taxonomy":"post_tag","embeddable":true,"href":"https:\/\/www.welovecycling.com\/wide\/wp-json\/wp\/v2\/tags?post=182515"},{"taxonomy":"global-categories","embeddable":true,"href":"https:\/\/www.welovecycling.com\/wide\/wp-json\/wp\/v2\/global-categories?post=182515"}],"curies":[{"name":"wp","href":"https:\/\/api.w.org\/{rel}","templated":true}]}}