{"id":182347,"date":"2021-03-23T09:44:25","date_gmt":"2021-03-23T09:44:25","guid":{"rendered":"https:\/\/www.welovecycling.com\/wide\/?p=182347"},"modified":"2021-03-23T09:45:53","modified_gmt":"2021-03-23T09:45:53","slug":"early-season-spring-cycling-mistakes-unprepared-for-the-weather","status":"publish","type":"post","link":"https:\/\/www.welovecycling.com\/wide\/2021\/03\/23\/early-season-spring-cycling-mistakes-unprepared-for-the-weather\/","title":{"rendered":"Early Season Cycling Mistakes \u2013 Unprepared for the Weather"},"content":{"rendered":"<p><strong>Have you been doing a lot of indoor cycling in the off-season? Good! But that means you might need a few reminders about all the challenges of cycling outdoors. Let\u2019s check out how to get yourself and your bike ready for the spring weather.<\/strong><\/p>\n<p><!--more--><\/p>\n<h2><strong>Don\u2019t underestimate weather<\/strong><\/h2>\n<p>The early season spring weather can be really unpredictable. Of course, it\u2019s not a reason to stay at home, but it is a reason to get ready. Underdressing and doing a long climb without a wind jacket for the descent, or going out in the rain without appropriate accessories turns a lovely ride into a nightmare. The same thing goes for overdressing, a constant feeling of being a bit too hot will ruin your experience.<\/p>\n<figure id=\"attachment_182350\" aria-describedby=\"caption-attachment-182350\" style=\"width: 1024px\" class=\"wp-caption alignnone\"><a href=\"https:\/\/d2p6e6u75xmxt8.cloudfront.net\/2\/2021\/03\/profimedia-0596445583.jpg\"><img loading=\"lazy\" decoding=\"async\" class=\"wp-image-182350 size-large\" src=\"https:\/\/d2p6e6u75xmxt8.cloudfront.net\/2\/2021\/03\/profimedia-0596445583-1024x666.jpg\" alt=\"Cycling in rain\" width=\"1024\" height=\"666\" \/><\/a><figcaption id=\"caption-attachment-182350\" class=\"wp-caption-text\">Are you really dressed for the weather? \u00a9 Profimedia<\/figcaption><\/figure>\n<p><strong>Solution:<\/strong> Spring is the perfect time period to test your functional cycling clothing. Having clothes and accessories that <a href=\"https:\/\/www.welovecycling.com\/wide\/2019\/04\/04\/spring-is-here-time-to-turn-into-a-changeable-cyclist\/\">allow you to adjust<\/a> based on current conditions is key. Check out our article with a few tips on how to do this. And of course, keep in mind the usual good practices.<\/p>\n<p>1. Stay on top of weather forecasts.<\/p>\n<p>2. Dress so you\u2019re slightly cool at the start of your ride. You will warm up.<\/p>\n<p>3. Carry an extra layer on every ride, ideally a wind vest or a rain jacket.<\/p>\n<p>Your bike doesn\u2019t need to worry about hot and cold so much, but it\u2019s a good idea to <a href=\"https:\/\/www.welovecycling.com\/wide\/2020\/03\/13\/preparing-your-bike-for-spring\/\">do a few checks<\/a> before you get out there. Here are a few very important things everyone should do at the start of the season. If you want more detail, check out our previous article.<\/p>\n<figure id=\"attachment_180766\" aria-describedby=\"caption-attachment-180766\" style=\"width: 1024px\" class=\"wp-caption alignnone\"><a href=\"https:\/\/d2p6e6u75xmxt8.cloudfront.net\/2\/2020\/12\/Track-pump-profimedia-0342187227.jpg\"><img loading=\"lazy\" decoding=\"async\" class=\"size-large wp-image-180766\" src=\"https:\/\/d2p6e6u75xmxt8.cloudfront.net\/2\/2020\/12\/Track-pump-profimedia-0342187227-1024x682.jpg\" alt=\"Track pump\" width=\"1024\" height=\"682\" \/><\/a><figcaption id=\"caption-attachment-180766\" class=\"wp-caption-text\">Check your bike thoroughly before you leave. \u00a9 Profimedia<\/figcaption><\/figure>\n<p>1. Check and adjust tyre pressure.<\/p>\n<p>2. Check if the brakes work and if they aren\u2019t worn out too much.<\/p>\n<p>3. Check chain for looseness.<\/p>\n<p>4. Check if all your lights have power.<\/p>\n<h2><strong>Don\u2019t change your cycling position<\/strong><\/h2>\n<p>If you are an experienced cyclist, you pay close attention to your body position on the bike. This feeling on the bike will change between the end of last season and the start of this one. Maybe the saddle height or reach length aren\u2019t as you remember them to be. Before you start adjusting your bike, consider if your condition is the reason.<\/p>\n<p><strong>Solution:<\/strong> Start your spring cycling season with shorter rides under an hour and pay attention to how you feel after about five of these. You might realize that the bike fit is starting to feel good again and no adjustments are necessary. Maybe your range of motion and flexibility simply adjusted to riding outdoors again. Of course, the bike fit itself could be a problem sometimes. <a href=\"https:\/\/www.welovecycling.com\/wide\/2017\/11\/02\/symptoms-bad-bike-fit-fix\/\">Check out our article<\/a> to see how to spot common symptoms of a bad bike fit and how to fix them.<\/p>\n","protected":false},"excerpt":{"rendered":"<p>Have you been doing a lot of indoor cycling in the off-season? Good! But that means you might need a [&hellip;]<\/p>\n","protected":false},"author":99,"featured_media":182348,"comment_status":"open","ping_status":"open","sticky":false,"template":"","format":"standard","meta":{"footnotes":""},"categories":[332],"tags":[4981,1003,3989],"global-categories":[3366],"class_list":["post-182347","post","type-post","status-publish","format-standard","has-post-thumbnail","hentry","category-health-and-training","tag-early-season-cycling-mistakes","tag-spring","tag-spring-cycling","global-categories-cycling"],"yoast_head":"<!-- This site is optimized with the Yoast SEO Premium plugin v25.3 (Yoast SEO v25.9) - https:\/\/yoast.com\/wordpress\/plugins\/seo\/ -->\n<title>Spring Cycling: Early Season Cycling Mistakes<\/title>\n<meta name=\"description\" content=\"What mistakes should you avoid when you start your spring cycling season? Let\u2019s check out how to get yourself and your \ud83d\udeb2 ready.\" \/>\n<meta name=\"robots\" content=\"index, follow, max-snippet:-1, max-image-preview:large, max-video-preview:-1\" \/>\n<link rel=\"canonical\" href=\"https:\/\/www.welovecycling.com\/wide\/2021\/03\/23\/early-season-spring-cycling-mistakes-unprepared-for-the-weather\/\" \/>\n<meta property=\"og:locale\" content=\"en_US\" \/>\n<meta property=\"og:type\" content=\"article\" \/>\n<meta property=\"og:title\" content=\"Early Season Cycling Mistakes \u2013 Unprepared for the Weather\" \/>\n<meta property=\"og:description\" content=\"What mistakes should you avoid when you start your spring cycling season? Let\u2019s check out how to get yourself and your \ud83d\udeb2 ready.\" \/>\n<meta property=\"og:url\" content=\"https:\/\/www.welovecycling.com\/wide\/2021\/03\/23\/early-season-spring-cycling-mistakes-unprepared-for-the-weather\/\" \/>\n<meta property=\"og:site_name\" content=\"\u0160koda We Love Cycling\" \/>\n<meta property=\"article:published_time\" content=\"2021-03-23T09:44:25+00:00\" \/>\n<meta property=\"article:modified_time\" content=\"2021-03-23T09:45:53+00:00\" \/>\n<meta property=\"og:image\" content=\"https:\/\/d2p6e6u75xmxt8.cloudfront.net\/2\/2021\/03\/Cycling-in-Spring-profimedia-0599393847-CVR.webp\" \/>\n\t<meta property=\"og:image:width\" content=\"900\" \/>\n\t<meta property=\"og:image:height\" content=\"600\" \/>\n\t<meta property=\"og:image:type\" content=\"image\/webp\" \/>\n<meta name=\"author\" content=\"tereza\" \/>\n<meta name=\"twitter:card\" content=\"summary_large_image\" \/>\n<meta name=\"twitter:label1\" content=\"Written by\" \/>\n\t<meta name=\"twitter:data1\" content=\"Jiri Kaloc\" \/>\n\t<meta name=\"twitter:label2\" content=\"Est. reading time\" \/>\n\t<meta name=\"twitter:data2\" content=\"6\" \/>\n<script type=\"application\/ld+json\" class=\"yoast-schema-graph\">{\"@context\":\"https:\/\/schema.org\",\"@graph\":[{\"@type\":\"WebPage\",\"@id\":\"https:\/\/www.welovecycling.com\/wide\/2021\/03\/23\/early-season-spring-cycling-mistakes-unprepared-for-the-weather\/\",\"url\":\"https:\/\/www.welovecycling.com\/wide\/2021\/03\/23\/early-season-spring-cycling-mistakes-unprepared-for-the-weather\/\",\"name\":\"Spring Cycling: Early Season Cycling Mistakes\",\"isPartOf\":{\"@id\":\"https:\/\/www.welovecycling.com\/wide\/#website\"},\"primaryImageOfPage\":{\"@id\":\"https:\/\/www.welovecycling.com\/wide\/2021\/03\/23\/early-season-spring-cycling-mistakes-unprepared-for-the-weather\/#primaryimage\"},\"image\":{\"@id\":\"https:\/\/www.welovecycling.com\/wide\/2021\/03\/23\/early-season-spring-cycling-mistakes-unprepared-for-the-weather\/#primaryimage\"},\"thumbnailUrl\":\"https:\/\/d2p6e6u75xmxt8.cloudfront.net\/2\/2021\/03\/Cycling-in-Spring-profimedia-0599393847-CVR.webp\",\"datePublished\":\"2021-03-23T09:44:25+00:00\",\"dateModified\":\"2021-03-23T09:45:53+00:00\",\"author\":{\"@id\":\"https:\/\/www.welovecycling.com\/wide\/#\/schema\/person\/50f01ecd18718d2333cf72e823c4f926\"},\"description\":\"What mistakes should you avoid when you start your spring cycling season? Let\u2019s check out how to get yourself and your \ud83d\udeb2 ready.\",\"breadcrumb\":{\"@id\":\"https:\/\/www.welovecycling.com\/wide\/2021\/03\/23\/early-season-spring-cycling-mistakes-unprepared-for-the-weather\/#breadcrumb\"},\"inLanguage\":\"en-US\",\"potentialAction\":[{\"@type\":\"ReadAction\",\"target\":[\"https:\/\/www.welovecycling.com\/wide\/2021\/03\/23\/early-season-spring-cycling-mistakes-unprepared-for-the-weather\/\"]}]},{\"@type\":\"ImageObject\",\"inLanguage\":\"en-US\",\"@id\":\"https:\/\/www.welovecycling.com\/wide\/2021\/03\/23\/early-season-spring-cycling-mistakes-unprepared-for-the-weather\/#primaryimage\",\"url\":\"https:\/\/d2p6e6u75xmxt8.cloudfront.net\/2\/2021\/03\/Cycling-in-Spring-profimedia-0599393847-CVR.webp\",\"contentUrl\":\"https:\/\/d2p6e6u75xmxt8.cloudfront.net\/2\/2021\/03\/Cycling-in-Spring-profimedia-0599393847-CVR.webp\",\"width\":900,\"height\":600,\"caption\":\"Spring cycling\"},{\"@type\":\"BreadcrumbList\",\"@id\":\"https:\/\/www.welovecycling.com\/wide\/2021\/03\/23\/early-season-spring-cycling-mistakes-unprepared-for-the-weather\/#breadcrumb\",\"itemListElement\":[{\"@type\":\"ListItem\",\"position\":1,\"name\":\"Home\",\"item\":\"https:\/\/www.welovecycling.com\/wide\/\"},{\"@type\":\"ListItem\",\"position\":2,\"name\":\"Early Season Cycling Mistakes \u2013 Unprepared for the Weather\"}]},{\"@type\":\"WebSite\",\"@id\":\"https:\/\/www.welovecycling.com\/wide\/#website\",\"url\":\"https:\/\/www.welovecycling.com\/wide\/\",\"name\":\"\u0160koda We Love Cycling\",\"description\":\"\u0160koda We Love Cycling magazine\",\"alternateName\":\"\u0160koda WLC\",\"potentialAction\":[{\"@type\":\"SearchAction\",\"target\":{\"@type\":\"EntryPoint\",\"urlTemplate\":\"https:\/\/www.welovecycling.com\/wide\/?s={search_term_string}\"},\"query-input\":{\"@type\":\"PropertyValueSpecification\",\"valueRequired\":true,\"valueName\":\"search_term_string\"}}],\"inLanguage\":\"en-US\"},{\"@type\":\"Person\",\"@id\":\"https:\/\/www.welovecycling.com\/wide\/#\/schema\/person\/50f01ecd18718d2333cf72e823c4f926\",\"name\":\"tereza\",\"image\":{\"@type\":\"ImageObject\",\"inLanguage\":\"en-US\",\"@id\":\"https:\/\/www.welovecycling.com\/wide\/#\/schema\/person\/image\/\",\"url\":\"https:\/\/secure.gravatar.com\/avatar\/1f9eb71be33845f0afabce3791bc1c58ecdb0a25c62964987e5dbcf7a20d2ec7?s=96&d=mm&r=g\",\"contentUrl\":\"https:\/\/secure.gravatar.com\/avatar\/1f9eb71be33845f0afabce3791bc1c58ecdb0a25c62964987e5dbcf7a20d2ec7?s=96&d=mm&r=g\",\"caption\":\"tereza\"},\"url\":\"https:\/\/www.welovecycling.com\/wide\/author\/tereza\/\"}]}<\/script>\n<!-- \/ Yoast SEO Premium plugin. -->","yoast_head_json":{"title":"Spring Cycling: Early Season Cycling Mistakes","description":"What mistakes should you avoid when you start your spring cycling season? Let\u2019s check out how to get yourself and your \ud83d\udeb2 ready.","robots":{"index":"index","follow":"follow","max-snippet":"max-snippet:-1","max-image-preview":"max-image-preview:large","max-video-preview":"max-video-preview:-1"},"canonical":"https:\/\/www.welovecycling.com\/wide\/2021\/03\/23\/early-season-spring-cycling-mistakes-unprepared-for-the-weather\/","og_locale":"en_US","og_type":"article","og_title":"Early Season Cycling Mistakes \u2013 Unprepared for the Weather","og_description":"What mistakes should you avoid when you start your spring cycling season? Let\u2019s check out how to get yourself and your \ud83d\udeb2 ready.","og_url":"https:\/\/www.welovecycling.com\/wide\/2021\/03\/23\/early-season-spring-cycling-mistakes-unprepared-for-the-weather\/","og_site_name":"\u0160koda We Love Cycling","article_published_time":"2021-03-23T09:44:25+00:00","article_modified_time":"2021-03-23T09:45:53+00:00","og_image":[{"width":900,"height":600,"url":"https:\/\/d2p6e6u75xmxt8.cloudfront.net\/2\/2021\/03\/Cycling-in-Spring-profimedia-0599393847-CVR.webp","type":"image\/webp"}],"author":"tereza","twitter_card":"summary_large_image","twitter_misc":{"Written by":"Jiri Kaloc","Est. reading time":"6"},"schema":{"@context":"https:\/\/schema.org","@graph":[{"@type":"WebPage","@id":"https:\/\/www.welovecycling.com\/wide\/2021\/03\/23\/early-season-spring-cycling-mistakes-unprepared-for-the-weather\/","url":"https:\/\/www.welovecycling.com\/wide\/2021\/03\/23\/early-season-spring-cycling-mistakes-unprepared-for-the-weather\/","name":"Spring Cycling: Early Season Cycling Mistakes","isPartOf":{"@id":"https:\/\/www.welovecycling.com\/wide\/#website"},"primaryImageOfPage":{"@id":"https:\/\/www.welovecycling.com\/wide\/2021\/03\/23\/early-season-spring-cycling-mistakes-unprepared-for-the-weather\/#primaryimage"},"image":{"@id":"https:\/\/www.welovecycling.com\/wide\/2021\/03\/23\/early-season-spring-cycling-mistakes-unprepared-for-the-weather\/#primaryimage"},"thumbnailUrl":"https:\/\/d2p6e6u75xmxt8.cloudfront.net\/2\/2021\/03\/Cycling-in-Spring-profimedia-0599393847-CVR.webp","datePublished":"2021-03-23T09:44:25+00:00","dateModified":"2021-03-23T09:45:53+00:00","author":{"@id":"https:\/\/www.welovecycling.com\/wide\/#\/schema\/person\/50f01ecd18718d2333cf72e823c4f926"},"description":"What mistakes should you avoid when you start your spring cycling season? Let\u2019s check out how to get yourself and your \ud83d\udeb2 ready.","breadcrumb":{"@id":"https:\/\/www.welovecycling.com\/wide\/2021\/03\/23\/early-season-spring-cycling-mistakes-unprepared-for-the-weather\/#breadcrumb"},"inLanguage":"en-US","potentialAction":[{"@type":"ReadAction","target":["https:\/\/www.welovecycling.com\/wide\/2021\/03\/23\/early-season-spring-cycling-mistakes-unprepared-for-the-weather\/"]}]},{"@type":"ImageObject","inLanguage":"en-US","@id":"https:\/\/www.welovecycling.com\/wide\/2021\/03\/23\/early-season-spring-cycling-mistakes-unprepared-for-the-weather\/#primaryimage","url":"https:\/\/d2p6e6u75xmxt8.cloudfront.net\/2\/2021\/03\/Cycling-in-Spring-profimedia-0599393847-CVR.webp","contentUrl":"https:\/\/d2p6e6u75xmxt8.cloudfront.net\/2\/2021\/03\/Cycling-in-Spring-profimedia-0599393847-CVR.webp","width":900,"height":600,"caption":"Spring cycling"},{"@type":"BreadcrumbList","@id":"https:\/\/www.welovecycling.com\/wide\/2021\/03\/23\/early-season-spring-cycling-mistakes-unprepared-for-the-weather\/#breadcrumb","itemListElement":[{"@type":"ListItem","position":1,"name":"Home","item":"https:\/\/www.welovecycling.com\/wide\/"},{"@type":"ListItem","position":2,"name":"Early Season Cycling Mistakes \u2013 Unprepared for the Weather"}]},{"@type":"WebSite","@id":"https:\/\/www.welovecycling.com\/wide\/#website","url":"https:\/\/www.welovecycling.com\/wide\/","name":"\u0160koda We Love Cycling","description":"\u0160koda We Love Cycling magazine","alternateName":"\u0160koda WLC","potentialAction":[{"@type":"SearchAction","target":{"@type":"EntryPoint","urlTemplate":"https:\/\/www.welovecycling.com\/wide\/?s={search_term_string}"},"query-input":{"@type":"PropertyValueSpecification","valueRequired":true,"valueName":"search_term_string"}}],"inLanguage":"en-US"},{"@type":"Person","@id":"https:\/\/www.welovecycling.com\/wide\/#\/schema\/person\/50f01ecd18718d2333cf72e823c4f926","name":"tereza","image":{"@type":"ImageObject","inLanguage":"en-US","@id":"https:\/\/www.welovecycling.com\/wide\/#\/schema\/person\/image\/","url":"https:\/\/secure.gravatar.com\/avatar\/1f9eb71be33845f0afabce3791bc1c58ecdb0a25c62964987e5dbcf7a20d2ec7?s=96&d=mm&r=g","contentUrl":"https:\/\/secure.gravatar.com\/avatar\/1f9eb71be33845f0afabce3791bc1c58ecdb0a25c62964987e5dbcf7a20d2ec7?s=96&d=mm&r=g","caption":"tereza"},"url":"https:\/\/www.welovecycling.com\/wide\/author\/tereza\/"}]}},"_links":{"self":[{"href":"https:\/\/www.welovecycling.com\/wide\/wp-json\/wp\/v2\/posts\/182347","targetHints":{"allow":["GET"]}}],"collection":[{"href":"https:\/\/www.welovecycling.com\/wide\/wp-json\/wp\/v2\/posts"}],"about":[{"href":"https:\/\/www.welovecycling.com\/wide\/wp-json\/wp\/v2\/types\/post"}],"author":[{"embeddable":true,"href":"https:\/\/www.welovecycling.com\/wide\/wp-json\/wp\/v2\/users\/99"}],"replies":[{"embeddable":true,"href":"https:\/\/www.welovecycling.com\/wide\/wp-json\/wp\/v2\/comments?post=182347"}],"version-history":[{"count":2,"href":"https:\/\/www.welovecycling.com\/wide\/wp-json\/wp\/v2\/posts\/182347\/revisions"}],"predecessor-version":[{"id":182353,"href":"https:\/\/www.welovecycling.com\/wide\/wp-json\/wp\/v2\/posts\/182347\/revisions\/182353"}],"wp:featuredmedia":[{"embeddable":true,"href":"https:\/\/www.welovecycling.com\/wide\/wp-json\/wp\/v2\/media\/182348"}],"wp:attachment":[{"href":"https:\/\/www.welovecycling.com\/wide\/wp-json\/wp\/v2\/media?parent=182347"}],"wp:term":[{"taxonomy":"category","embeddable":true,"href":"https:\/\/www.welovecycling.com\/wide\/wp-json\/wp\/v2\/categories?post=182347"},{"taxonomy":"post_tag","embeddable":true,"href":"https:\/\/www.welovecycling.com\/wide\/wp-json\/wp\/v2\/tags?post=182347"},{"taxonomy":"global-categories","embeddable":true,"href":"https:\/\/www.welovecycling.com\/wide\/wp-json\/wp\/v2\/global-categories?post=182347"}],"curies":[{"name":"wp","href":"https:\/\/api.w.org\/{rel}","templated":true}]}}