{"id":181810,"date":"2021-02-17T15:43:45","date_gmt":"2021-02-17T15:43:45","guid":{"rendered":"https:\/\/www.welovecycling.com\/wide\/?p=181810"},"modified":"2021-02-17T15:43:45","modified_gmt":"2021-02-17T15:43:45","slug":"fabio-jakobsen-was-put-on-a-provisional-starting-list-of-a-belgian-one-day-race","status":"publish","type":"post","link":"https:\/\/www.welovecycling.com\/wide\/2021\/02\/17\/fabio-jakobsen-was-put-on-a-provisional-starting-list-of-a-belgian-one-day-race\/","title":{"rendered":"Fabio Jakobsen Was Put on a Provisional Starting List of a Belgian One-Day Race"},"content":{"rendered":"<p><strong>The Deceuninck \u2013 Quick-Step rider is still recovering from his crash at the 2020 Tour of Poland. Jakobsen has just undergone another operation but will be back at training soon. Will we see him at the GP Monser\u00e9?<\/strong><\/p>\n<p><!--more--><\/p>\n<p>The 1.1-ranked Belgian race (scheduled for March 7) announced on Twitter that both Jakobsen and his teammate Mark Cavendish had been added to the provisional Deceuninck line-up for the event.<\/p>\n<div class=\"embed-controller-wrapper\">\n<blockquote class=\"twitter-tweet\" data-width=\"500\" data-dnt=\"true\">\n<p lang=\"en\" dir=\"ltr\">Guess what? <a href=\"https:\/\/twitter.com\/deceuninck_qst?ref_src=twsrc%5Etfw\">@deceuninck_qst<\/a> just added <a href=\"https:\/\/twitter.com\/FabioJakobsen?ref_src=twsrc%5Etfw\">@FabioJakobsen<\/a> &amp; <a href=\"https:\/\/twitter.com\/MarkCavendish?ref_src=twsrc%5Etfw\">@MarkCavendish<\/a> to their prov. starting list\u2714\ufe0f <\/p>\n<p>We hope to see you here guys!<a href=\"https:\/\/twitter.com\/hashtag\/GPMonser%C3%A921?src=hash&amp;ref_src=twsrc%5Etfw\">#GPMonser\u00e921<\/a> <a href=\"https:\/\/twitter.com\/hashtag\/comebackstronger?src=hash&amp;ref_src=twsrc%5Etfw\">#comebackstronger<\/a> <a href=\"https:\/\/t.co\/vf139yShXB\">pic.twitter.com\/vf139yShXB<\/a><\/p>\n<p>&mdash; MASELIS &#8211; G.P. Monser\u00e9 #VANRSL (@gpmonsere) <a href=\"https:\/\/twitter.com\/gpmonsere\/status\/1361375582324408320?ref_src=twsrc%5Etfw\">February 15, 2021<\/a><\/p><\/blockquote>\n<p><script async data-src=\"https:\/\/platform.twitter.com\/widgets.js\" charset=\"utf-8\"><\/script><\/div>\n<p>However, Patrick Lefevere, the team boss, has since commented that it is unlikely Jakobsen will be ready to race again so soon.<\/p>\n<p>According to cycling website <a href=\"https:\/\/www.wielerflits.nl\/nieuws\/fabio-jakobsen-op-voorlopige-deelnemerslijst-gp-monsere-maar-kans-dat-hij-start-is-minimaal\/\">Wielerflits<\/a>, Lefevere said: \u201cHe just had another operation. He also has insufficient training in his legs. The intention is that he will do a training camp for another month. After that, we hope to gradually give him a taste of competition.\u201d<\/p>\n<figure id=\"attachment_181816\" aria-describedby=\"caption-attachment-181816\" style=\"width: 1024px\" class=\"wp-caption alignnone\"><a href=\"https:\/\/d2p6e6u75xmxt8.cloudfront.net\/2\/2021\/02\/Jakobsen-profimedia-0499637419.jpg\"><img loading=\"lazy\" decoding=\"async\" class=\"wp-image-181816 size-large\" src=\"https:\/\/d2p6e6u75xmxt8.cloudfront.net\/2\/2021\/02\/Jakobsen-profimedia-0499637419-1024x693.jpg\" alt=\"Fabio Jakobsen\" width=\"1024\" height=\"693\" \/><\/a><figcaption id=\"caption-attachment-181816\" class=\"wp-caption-text\">Jakobsen at the 2020 Volta ao Algarve. \u00a9 Profimedia<\/figcaption><\/figure>\n<p>Earlier this month, Jakobsen had implants placed in his jaw. The surgery also included further reconstruction of the scars around his face. He should have the stitches removed on February 25 and should be back to training soon.<\/p>\n<p>However slim the chances might be, we hope to see him in the peloton soon. Fingers crossed, Fabio.<\/p>\n","protected":false},"excerpt":{"rendered":"<p>The Deceuninck \u2013 Quick-Step rider is still recovering from his crash at the 2020 Tour of Poland. Jakobsen has just [&hellip;]<\/p>\n","protected":false},"author":99,"featured_media":181812,"comment_status":"open","ping_status":"open","sticky":false,"template":"","format":"standard","meta":{"footnotes":""},"categories":[329],"tags":[4619,3446,3891,4927,461,648],"global-categories":[3366],"class_list":["post-181810","post","type-post","status-publish","format-standard","has-post-thumbnail","hentry","category-road-cycling","tag-cycling-news","tag-deceuninck-quickstep","tag-fabio-jakobsen","tag-gp-monsere","tag-mark-cavendish","tag-patrick-lefevere","global-categories-cycling"],"yoast_head":"<!-- This site is optimized with the Yoast SEO Premium plugin v25.3 (Yoast SEO v25.9) - https:\/\/yoast.com\/wordpress\/plugins\/seo\/ -->\n<title>Fabio Jakobsen Was Put on a Provisional Starting List of a Belgian One-Day Race - \u0160koda We Love Cycling<\/title>\n<meta name=\"description\" content=\"The Deceuninck \u2013 Quick-Step rider is still recovering from his crash at the 2020 Tour of Poland. Jakobsen has just undergone another operation but will be\" \/>\n<meta name=\"robots\" content=\"index, follow, max-snippet:-1, max-image-preview:large, max-video-preview:-1\" \/>\n<link rel=\"canonical\" href=\"https:\/\/www.welovecycling.com\/wide\/2021\/02\/17\/fabio-jakobsen-was-put-on-a-provisional-starting-list-of-a-belgian-one-day-race\/\" \/>\n<meta property=\"og:locale\" content=\"en_US\" \/>\n<meta property=\"og:type\" content=\"article\" \/>\n<meta property=\"og:title\" content=\"Fabio Jakobsen Was Put on a Provisional Starting List of a Belgian One-Day Race\" \/>\n<meta property=\"og:description\" content=\"The Deceuninck \u2013 Quick-Step rider is still recovering from his crash at the 2020 Tour of Poland. Jakobsen has just undergone another operation but will be\" \/>\n<meta property=\"og:url\" content=\"https:\/\/www.welovecycling.com\/wide\/2021\/02\/17\/fabio-jakobsen-was-put-on-a-provisional-starting-list-of-a-belgian-one-day-race\/\" \/>\n<meta property=\"og:site_name\" content=\"\u0160koda We Love Cycling\" \/>\n<meta property=\"article:published_time\" content=\"2021-02-17T15:43:45+00:00\" \/>\n<meta property=\"og:image\" content=\"https:\/\/d2p6e6u75xmxt8.cloudfront.net\/2\/2021\/02\/Fabio-Jakobsen-profimedia-0532624143-CVR.webp\" \/>\n\t<meta property=\"og:image:width\" content=\"900\" \/>\n\t<meta property=\"og:image:height\" content=\"600\" \/>\n\t<meta property=\"og:image:type\" content=\"image\/webp\" \/>\n<meta name=\"author\" content=\"tereza\" \/>\n<meta name=\"twitter:card\" content=\"summary_large_image\" \/>\n<meta name=\"twitter:label1\" content=\"Written by\" \/>\n\t<meta name=\"twitter:data1\" content=\"Monica Buck\" \/>\n\t<meta name=\"twitter:label2\" content=\"Est. reading time\" \/>\n\t<meta name=\"twitter:data2\" content=\"4\" \/>\n<script type=\"application\/ld+json\" class=\"yoast-schema-graph\">{\"@context\":\"https:\/\/schema.org\",\"@graph\":[{\"@type\":\"WebPage\",\"@id\":\"https:\/\/www.welovecycling.com\/wide\/2021\/02\/17\/fabio-jakobsen-was-put-on-a-provisional-starting-list-of-a-belgian-one-day-race\/\",\"url\":\"https:\/\/www.welovecycling.com\/wide\/2021\/02\/17\/fabio-jakobsen-was-put-on-a-provisional-starting-list-of-a-belgian-one-day-race\/\",\"name\":\"Fabio Jakobsen Was Put on a Provisional Starting List of a Belgian One-Day Race - \u0160koda We Love Cycling\",\"isPartOf\":{\"@id\":\"https:\/\/www.welovecycling.com\/wide\/#website\"},\"primaryImageOfPage\":{\"@id\":\"https:\/\/www.welovecycling.com\/wide\/2021\/02\/17\/fabio-jakobsen-was-put-on-a-provisional-starting-list-of-a-belgian-one-day-race\/#primaryimage\"},\"image\":{\"@id\":\"https:\/\/www.welovecycling.com\/wide\/2021\/02\/17\/fabio-jakobsen-was-put-on-a-provisional-starting-list-of-a-belgian-one-day-race\/#primaryimage\"},\"thumbnailUrl\":\"https:\/\/d2p6e6u75xmxt8.cloudfront.net\/2\/2021\/02\/Fabio-Jakobsen-profimedia-0532624143-CVR.webp\",\"datePublished\":\"2021-02-17T15:43:45+00:00\",\"author\":{\"@id\":\"https:\/\/www.welovecycling.com\/wide\/#\/schema\/person\/50f01ecd18718d2333cf72e823c4f926\"},\"description\":\"The Deceuninck \u2013 Quick-Step rider is still recovering from his crash at the 2020 Tour of Poland. Jakobsen has just undergone another operation but will be\",\"breadcrumb\":{\"@id\":\"https:\/\/www.welovecycling.com\/wide\/2021\/02\/17\/fabio-jakobsen-was-put-on-a-provisional-starting-list-of-a-belgian-one-day-race\/#breadcrumb\"},\"inLanguage\":\"en-US\",\"potentialAction\":[{\"@type\":\"ReadAction\",\"target\":[\"https:\/\/www.welovecycling.com\/wide\/2021\/02\/17\/fabio-jakobsen-was-put-on-a-provisional-starting-list-of-a-belgian-one-day-race\/\"]}]},{\"@type\":\"ImageObject\",\"inLanguage\":\"en-US\",\"@id\":\"https:\/\/www.welovecycling.com\/wide\/2021\/02\/17\/fabio-jakobsen-was-put-on-a-provisional-starting-list-of-a-belgian-one-day-race\/#primaryimage\",\"url\":\"https:\/\/d2p6e6u75xmxt8.cloudfront.net\/2\/2021\/02\/Fabio-Jakobsen-profimedia-0532624143-CVR.webp\",\"contentUrl\":\"https:\/\/d2p6e6u75xmxt8.cloudfront.net\/2\/2021\/02\/Fabio-Jakobsen-profimedia-0532624143-CVR.webp\",\"width\":900,\"height\":600,\"caption\":\"Fabio Jakobsen\"},{\"@type\":\"BreadcrumbList\",\"@id\":\"https:\/\/www.welovecycling.com\/wide\/2021\/02\/17\/fabio-jakobsen-was-put-on-a-provisional-starting-list-of-a-belgian-one-day-race\/#breadcrumb\",\"itemListElement\":[{\"@type\":\"ListItem\",\"position\":1,\"name\":\"Home\",\"item\":\"https:\/\/www.welovecycling.com\/wide\/\"},{\"@type\":\"ListItem\",\"position\":2,\"name\":\"Fabio Jakobsen Was Put on a Provisional Starting List of a Belgian One-Day Race\"}]},{\"@type\":\"WebSite\",\"@id\":\"https:\/\/www.welovecycling.com\/wide\/#website\",\"url\":\"https:\/\/www.welovecycling.com\/wide\/\",\"name\":\"\u0160koda We Love Cycling\",\"description\":\"\u0160koda We Love Cycling magazine\",\"alternateName\":\"\u0160koda WLC\",\"potentialAction\":[{\"@type\":\"SearchAction\",\"target\":{\"@type\":\"EntryPoint\",\"urlTemplate\":\"https:\/\/www.welovecycling.com\/wide\/?s={search_term_string}\"},\"query-input\":{\"@type\":\"PropertyValueSpecification\",\"valueRequired\":true,\"valueName\":\"search_term_string\"}}],\"inLanguage\":\"en-US\"},{\"@type\":\"Person\",\"@id\":\"https:\/\/www.welovecycling.com\/wide\/#\/schema\/person\/50f01ecd18718d2333cf72e823c4f926\",\"name\":\"tereza\",\"image\":{\"@type\":\"ImageObject\",\"inLanguage\":\"en-US\",\"@id\":\"https:\/\/www.welovecycling.com\/wide\/#\/schema\/person\/image\/\",\"url\":\"https:\/\/secure.gravatar.com\/avatar\/1f9eb71be33845f0afabce3791bc1c58ecdb0a25c62964987e5dbcf7a20d2ec7?s=96&d=mm&r=g\",\"contentUrl\":\"https:\/\/secure.gravatar.com\/avatar\/1f9eb71be33845f0afabce3791bc1c58ecdb0a25c62964987e5dbcf7a20d2ec7?s=96&d=mm&r=g\",\"caption\":\"tereza\"},\"url\":\"https:\/\/www.welovecycling.com\/wide\/author\/tereza\/\"}]}<\/script>\n<!-- \/ Yoast SEO Premium plugin. -->","yoast_head_json":{"title":"Fabio Jakobsen Was Put on a Provisional Starting List of a Belgian One-Day Race - \u0160koda We Love Cycling","description":"The Deceuninck \u2013 Quick-Step rider is still recovering from his crash at the 2020 Tour of Poland. Jakobsen has just undergone another operation but will be","robots":{"index":"index","follow":"follow","max-snippet":"max-snippet:-1","max-image-preview":"max-image-preview:large","max-video-preview":"max-video-preview:-1"},"canonical":"https:\/\/www.welovecycling.com\/wide\/2021\/02\/17\/fabio-jakobsen-was-put-on-a-provisional-starting-list-of-a-belgian-one-day-race\/","og_locale":"en_US","og_type":"article","og_title":"Fabio Jakobsen Was Put on a Provisional Starting List of a Belgian One-Day Race","og_description":"The Deceuninck \u2013 Quick-Step rider is still recovering from his crash at the 2020 Tour of Poland. Jakobsen has just undergone another operation but will be","og_url":"https:\/\/www.welovecycling.com\/wide\/2021\/02\/17\/fabio-jakobsen-was-put-on-a-provisional-starting-list-of-a-belgian-one-day-race\/","og_site_name":"\u0160koda We Love Cycling","article_published_time":"2021-02-17T15:43:45+00:00","og_image":[{"width":900,"height":600,"url":"https:\/\/d2p6e6u75xmxt8.cloudfront.net\/2\/2021\/02\/Fabio-Jakobsen-profimedia-0532624143-CVR.webp","type":"image\/webp"}],"author":"tereza","twitter_card":"summary_large_image","twitter_misc":{"Written by":"Monica Buck","Est. reading time":"4"},"schema":{"@context":"https:\/\/schema.org","@graph":[{"@type":"WebPage","@id":"https:\/\/www.welovecycling.com\/wide\/2021\/02\/17\/fabio-jakobsen-was-put-on-a-provisional-starting-list-of-a-belgian-one-day-race\/","url":"https:\/\/www.welovecycling.com\/wide\/2021\/02\/17\/fabio-jakobsen-was-put-on-a-provisional-starting-list-of-a-belgian-one-day-race\/","name":"Fabio Jakobsen Was Put on a Provisional Starting List of a Belgian One-Day Race - \u0160koda We Love Cycling","isPartOf":{"@id":"https:\/\/www.welovecycling.com\/wide\/#website"},"primaryImageOfPage":{"@id":"https:\/\/www.welovecycling.com\/wide\/2021\/02\/17\/fabio-jakobsen-was-put-on-a-provisional-starting-list-of-a-belgian-one-day-race\/#primaryimage"},"image":{"@id":"https:\/\/www.welovecycling.com\/wide\/2021\/02\/17\/fabio-jakobsen-was-put-on-a-provisional-starting-list-of-a-belgian-one-day-race\/#primaryimage"},"thumbnailUrl":"https:\/\/d2p6e6u75xmxt8.cloudfront.net\/2\/2021\/02\/Fabio-Jakobsen-profimedia-0532624143-CVR.webp","datePublished":"2021-02-17T15:43:45+00:00","author":{"@id":"https:\/\/www.welovecycling.com\/wide\/#\/schema\/person\/50f01ecd18718d2333cf72e823c4f926"},"description":"The Deceuninck \u2013 Quick-Step rider is still recovering from his crash at the 2020 Tour of Poland. Jakobsen has just undergone another operation but will be","breadcrumb":{"@id":"https:\/\/www.welovecycling.com\/wide\/2021\/02\/17\/fabio-jakobsen-was-put-on-a-provisional-starting-list-of-a-belgian-one-day-race\/#breadcrumb"},"inLanguage":"en-US","potentialAction":[{"@type":"ReadAction","target":["https:\/\/www.welovecycling.com\/wide\/2021\/02\/17\/fabio-jakobsen-was-put-on-a-provisional-starting-list-of-a-belgian-one-day-race\/"]}]},{"@type":"ImageObject","inLanguage":"en-US","@id":"https:\/\/www.welovecycling.com\/wide\/2021\/02\/17\/fabio-jakobsen-was-put-on-a-provisional-starting-list-of-a-belgian-one-day-race\/#primaryimage","url":"https:\/\/d2p6e6u75xmxt8.cloudfront.net\/2\/2021\/02\/Fabio-Jakobsen-profimedia-0532624143-CVR.webp","contentUrl":"https:\/\/d2p6e6u75xmxt8.cloudfront.net\/2\/2021\/02\/Fabio-Jakobsen-profimedia-0532624143-CVR.webp","width":900,"height":600,"caption":"Fabio Jakobsen"},{"@type":"BreadcrumbList","@id":"https:\/\/www.welovecycling.com\/wide\/2021\/02\/17\/fabio-jakobsen-was-put-on-a-provisional-starting-list-of-a-belgian-one-day-race\/#breadcrumb","itemListElement":[{"@type":"ListItem","position":1,"name":"Home","item":"https:\/\/www.welovecycling.com\/wide\/"},{"@type":"ListItem","position":2,"name":"Fabio Jakobsen Was Put on a Provisional Starting List of a Belgian One-Day Race"}]},{"@type":"WebSite","@id":"https:\/\/www.welovecycling.com\/wide\/#website","url":"https:\/\/www.welovecycling.com\/wide\/","name":"\u0160koda We Love Cycling","description":"\u0160koda We Love Cycling magazine","alternateName":"\u0160koda WLC","potentialAction":[{"@type":"SearchAction","target":{"@type":"EntryPoint","urlTemplate":"https:\/\/www.welovecycling.com\/wide\/?s={search_term_string}"},"query-input":{"@type":"PropertyValueSpecification","valueRequired":true,"valueName":"search_term_string"}}],"inLanguage":"en-US"},{"@type":"Person","@id":"https:\/\/www.welovecycling.com\/wide\/#\/schema\/person\/50f01ecd18718d2333cf72e823c4f926","name":"tereza","image":{"@type":"ImageObject","inLanguage":"en-US","@id":"https:\/\/www.welovecycling.com\/wide\/#\/schema\/person\/image\/","url":"https:\/\/secure.gravatar.com\/avatar\/1f9eb71be33845f0afabce3791bc1c58ecdb0a25c62964987e5dbcf7a20d2ec7?s=96&d=mm&r=g","contentUrl":"https:\/\/secure.gravatar.com\/avatar\/1f9eb71be33845f0afabce3791bc1c58ecdb0a25c62964987e5dbcf7a20d2ec7?s=96&d=mm&r=g","caption":"tereza"},"url":"https:\/\/www.welovecycling.com\/wide\/author\/tereza\/"}]}},"_links":{"self":[{"href":"https:\/\/www.welovecycling.com\/wide\/wp-json\/wp\/v2\/posts\/181810","targetHints":{"allow":["GET"]}}],"collection":[{"href":"https:\/\/www.welovecycling.com\/wide\/wp-json\/wp\/v2\/posts"}],"about":[{"href":"https:\/\/www.welovecycling.com\/wide\/wp-json\/wp\/v2\/types\/post"}],"author":[{"embeddable":true,"href":"https:\/\/www.welovecycling.com\/wide\/wp-json\/wp\/v2\/users\/99"}],"replies":[{"embeddable":true,"href":"https:\/\/www.welovecycling.com\/wide\/wp-json\/wp\/v2\/comments?post=181810"}],"version-history":[{"count":2,"href":"https:\/\/www.welovecycling.com\/wide\/wp-json\/wp\/v2\/posts\/181810\/revisions"}],"predecessor-version":[{"id":181817,"href":"https:\/\/www.welovecycling.com\/wide\/wp-json\/wp\/v2\/posts\/181810\/revisions\/181817"}],"wp:featuredmedia":[{"embeddable":true,"href":"https:\/\/www.welovecycling.com\/wide\/wp-json\/wp\/v2\/media\/181812"}],"wp:attachment":[{"href":"https:\/\/www.welovecycling.com\/wide\/wp-json\/wp\/v2\/media?parent=181810"}],"wp:term":[{"taxonomy":"category","embeddable":true,"href":"https:\/\/www.welovecycling.com\/wide\/wp-json\/wp\/v2\/categories?post=181810"},{"taxonomy":"post_tag","embeddable":true,"href":"https:\/\/www.welovecycling.com\/wide\/wp-json\/wp\/v2\/tags?post=181810"},{"taxonomy":"global-categories","embeddable":true,"href":"https:\/\/www.welovecycling.com\/wide\/wp-json\/wp\/v2\/global-categories?post=181810"}],"curies":[{"name":"wp","href":"https:\/\/api.w.org\/{rel}","templated":true}]}}