{"id":181610,"date":"2021-02-03T12:09:01","date_gmt":"2021-02-03T12:09:01","guid":{"rendered":"https:\/\/www.welovecycling.com\/wide\/?p=181610"},"modified":"2021-02-03T12:09:01","modified_gmt":"2021-02-03T12:09:01","slug":"uci-president-david-lappartient-hopes-the-tour-is-the-start-of-a-new-life","status":"publish","type":"post","link":"https:\/\/www.welovecycling.com\/wide\/2021\/02\/03\/uci-president-david-lappartient-hopes-the-tour-is-the-start-of-a-new-life\/","title":{"rendered":"UCI president David Lappartient Hopes the Tour Is the Start of a New Life"},"content":{"rendered":"<p><strong>The COVID-19 pandemic is causing troubles in 2021 as well. Several races have already been postponed. Their organisers requested them to be rescheduled to May. However, David Lappartient is <a href=\"https:\/\/www.cyclingweekly.com\/news\/racing\/tour-de-france\/uci-president-david-lappartient-on-coronavirus-cancellations-i-hope-the-tour-de-france-is-the-start-of-a-new-life-489502\">concerned<\/a> the calendar may become too crowded.<\/strong><\/p>\n<p><!--more--><br \/>\nThe UCI president talked to <a href=\"https:\/\/www.directvelo.com\/actualite\/86335\/l-uci-pense-a-deux-creneaux-pour-recaser-les-courses\">DirectVelo<\/a> and said he shall wait until March before any races are rescheduled. The list of postponed events grows weekly and already consists of such names as the Tour Down Under, the Volta a la Comunitat Valenciana and the Volta ao Algarve.<\/p>\n<p>\u201cWe have taken the position that everything that can be ridden will be ridden, the road season has to start. Apart from the United Arab Emirates, travel movements outside Europe will be limited.<\/p>\n<figure id=\"attachment_181613\" aria-describedby=\"caption-attachment-181613\" style=\"width: 1024px\" class=\"wp-caption alignnone\"><a href=\"https:\/\/d2p6e6u75xmxt8.cloudfront.net\/2\/2021\/02\/Tour-Down-Under-profimedia-0494338425.jpg\"><img loading=\"lazy\" decoding=\"async\" class=\"wp-image-181613 size-large\" src=\"https:\/\/d2p6e6u75xmxt8.cloudfront.net\/2\/2021\/02\/Tour-Down-Under-profimedia-0494338425-1024x683.jpg\" alt=\"Tour Down Under\" width=\"1024\" height=\"683\" \/><\/a><figcaption id=\"caption-attachment-181613\" class=\"wp-caption-text\">The Tour Down Under has been postponed. \u00a9 Profimedia<\/figcaption><\/figure>\n<p>\u201cMost races will be held in Europe. Some countries are almost completely in lockdown, other countries have strict rules. In Belgium, we can race behind closed doors.<\/p>\n<p>\u201cI was at the Tour of Flanders [last year] and that worked very well. So, actually, the Belgian races are not up for discussion.\u201d<\/p>\n<p>According to Lappartient, it is possible that a race block system will be put in place again. Similar to what has been done in Italy last year with Il Lombardia, Strade Bianche and other Italian races at the start of the 2020 season.<\/p>\n<p>We\u2019re not past the <a href=\"https:\/\/www.welovecycling.com\/wide\/2021\/01\/18\/covid-19-caused-a-third-cycling-boom-raphas-ceo-claims\/\">pandemic<\/a> yet. However, we do hope the Tour is a beacon of a new life as well.<\/p>\n","protected":false},"excerpt":{"rendered":"<p>The COVID-19 pandemic is causing troubles in 2021 as well. Several races have already been postponed. Their organisers requested them [&hellip;]<\/p>\n","protected":false},"author":99,"featured_media":181612,"comment_status":"open","ping_status":"open","sticky":false,"template":"","format":"standard","meta":{"footnotes":""},"categories":[329],"tags":[4619,2434,433,2613,970,3890,4884],"global-categories":[3366],"class_list":["post-181610","post","type-post","status-publish","format-standard","has-post-thumbnail","hentry","category-road-cycling","tag-cycling-news","tag-david-lappartient","tag-tour-de-france","tag-tour-down-under","tag-tour-of-flanders","tag-volta-a-la-comunitat-valenciana","tag-volta-ao-algarve","global-categories-cycling"],"yoast_head":"<!-- This site is optimized with the Yoast SEO Premium plugin v25.3 (Yoast SEO v25.9) - https:\/\/yoast.com\/wordpress\/plugins\/seo\/ -->\n<title>UCI president David Lappartient Hopes the Tour Is the Start of a New Life - \u0160koda We Love Cycling<\/title>\n<meta name=\"description\" content=\"The COVID-19 pandemic is causing troubles in 2021 as well. Several races have already been postponed. Their organisers requested them to be rescheduled to\" \/>\n<meta name=\"robots\" content=\"index, follow, max-snippet:-1, max-image-preview:large, max-video-preview:-1\" \/>\n<link rel=\"canonical\" href=\"https:\/\/www.welovecycling.com\/wide\/2021\/02\/03\/uci-president-david-lappartient-hopes-the-tour-is-the-start-of-a-new-life\/\" \/>\n<meta property=\"og:locale\" content=\"en_US\" \/>\n<meta property=\"og:type\" content=\"article\" \/>\n<meta property=\"og:title\" content=\"UCI president David Lappartient Hopes the Tour Is the Start of a New Life\" \/>\n<meta property=\"og:description\" content=\"The COVID-19 pandemic is causing troubles in 2021 as well. Several races have already been postponed. Their organisers requested them to be rescheduled to\" \/>\n<meta property=\"og:url\" content=\"https:\/\/www.welovecycling.com\/wide\/2021\/02\/03\/uci-president-david-lappartient-hopes-the-tour-is-the-start-of-a-new-life\/\" \/>\n<meta property=\"og:site_name\" content=\"\u0160koda We Love Cycling\" \/>\n<meta property=\"article:published_time\" content=\"2021-02-03T12:09:01+00:00\" \/>\n<meta property=\"og:image\" content=\"https:\/\/d2p6e6u75xmxt8.cloudfront.net\/2\/2021\/02\/David-Lappartient-.profimedia-0502133490-CVRjpg.webp\" \/>\n\t<meta property=\"og:image:width\" content=\"900\" \/>\n\t<meta property=\"og:image:height\" content=\"600\" \/>\n\t<meta property=\"og:image:type\" content=\"image\/webp\" \/>\n<meta name=\"author\" content=\"tereza\" \/>\n<meta name=\"twitter:card\" content=\"summary_large_image\" \/>\n<meta name=\"twitter:label1\" content=\"Written by\" \/>\n\t<meta name=\"twitter:data1\" content=\"Monica Buck\" \/>\n\t<meta name=\"twitter:label2\" content=\"Est. reading time\" \/>\n\t<meta name=\"twitter:data2\" content=\"4\" \/>\n<script type=\"application\/ld+json\" class=\"yoast-schema-graph\">{\"@context\":\"https:\/\/schema.org\",\"@graph\":[{\"@type\":\"WebPage\",\"@id\":\"https:\/\/www.welovecycling.com\/wide\/2021\/02\/03\/uci-president-david-lappartient-hopes-the-tour-is-the-start-of-a-new-life\/\",\"url\":\"https:\/\/www.welovecycling.com\/wide\/2021\/02\/03\/uci-president-david-lappartient-hopes-the-tour-is-the-start-of-a-new-life\/\",\"name\":\"UCI president David Lappartient Hopes the Tour Is the Start of a New Life - \u0160koda We Love Cycling\",\"isPartOf\":{\"@id\":\"https:\/\/www.welovecycling.com\/wide\/#website\"},\"primaryImageOfPage\":{\"@id\":\"https:\/\/www.welovecycling.com\/wide\/2021\/02\/03\/uci-president-david-lappartient-hopes-the-tour-is-the-start-of-a-new-life\/#primaryimage\"},\"image\":{\"@id\":\"https:\/\/www.welovecycling.com\/wide\/2021\/02\/03\/uci-president-david-lappartient-hopes-the-tour-is-the-start-of-a-new-life\/#primaryimage\"},\"thumbnailUrl\":\"https:\/\/d2p6e6u75xmxt8.cloudfront.net\/2\/2021\/02\/David-Lappartient-.profimedia-0502133490-CVRjpg.webp\",\"datePublished\":\"2021-02-03T12:09:01+00:00\",\"author\":{\"@id\":\"https:\/\/www.welovecycling.com\/wide\/#\/schema\/person\/50f01ecd18718d2333cf72e823c4f926\"},\"description\":\"The COVID-19 pandemic is causing troubles in 2021 as well. Several races have already been postponed. Their organisers requested them to be rescheduled to\",\"breadcrumb\":{\"@id\":\"https:\/\/www.welovecycling.com\/wide\/2021\/02\/03\/uci-president-david-lappartient-hopes-the-tour-is-the-start-of-a-new-life\/#breadcrumb\"},\"inLanguage\":\"en-US\",\"potentialAction\":[{\"@type\":\"ReadAction\",\"target\":[\"https:\/\/www.welovecycling.com\/wide\/2021\/02\/03\/uci-president-david-lappartient-hopes-the-tour-is-the-start-of-a-new-life\/\"]}]},{\"@type\":\"ImageObject\",\"inLanguage\":\"en-US\",\"@id\":\"https:\/\/www.welovecycling.com\/wide\/2021\/02\/03\/uci-president-david-lappartient-hopes-the-tour-is-the-start-of-a-new-life\/#primaryimage\",\"url\":\"https:\/\/d2p6e6u75xmxt8.cloudfront.net\/2\/2021\/02\/David-Lappartient-.profimedia-0502133490-CVRjpg.webp\",\"contentUrl\":\"https:\/\/d2p6e6u75xmxt8.cloudfront.net\/2\/2021\/02\/David-Lappartient-.profimedia-0502133490-CVRjpg.webp\",\"width\":900,\"height\":600,\"caption\":\"David Lappartient\"},{\"@type\":\"BreadcrumbList\",\"@id\":\"https:\/\/www.welovecycling.com\/wide\/2021\/02\/03\/uci-president-david-lappartient-hopes-the-tour-is-the-start-of-a-new-life\/#breadcrumb\",\"itemListElement\":[{\"@type\":\"ListItem\",\"position\":1,\"name\":\"Home\",\"item\":\"https:\/\/www.welovecycling.com\/wide\/\"},{\"@type\":\"ListItem\",\"position\":2,\"name\":\"UCI president David Lappartient Hopes the Tour Is the Start of a New Life\"}]},{\"@type\":\"WebSite\",\"@id\":\"https:\/\/www.welovecycling.com\/wide\/#website\",\"url\":\"https:\/\/www.welovecycling.com\/wide\/\",\"name\":\"\u0160koda We Love Cycling\",\"description\":\"\u0160koda We Love Cycling magazine\",\"alternateName\":\"\u0160koda WLC\",\"potentialAction\":[{\"@type\":\"SearchAction\",\"target\":{\"@type\":\"EntryPoint\",\"urlTemplate\":\"https:\/\/www.welovecycling.com\/wide\/?s={search_term_string}\"},\"query-input\":{\"@type\":\"PropertyValueSpecification\",\"valueRequired\":true,\"valueName\":\"search_term_string\"}}],\"inLanguage\":\"en-US\"},{\"@type\":\"Person\",\"@id\":\"https:\/\/www.welovecycling.com\/wide\/#\/schema\/person\/50f01ecd18718d2333cf72e823c4f926\",\"name\":\"tereza\",\"image\":{\"@type\":\"ImageObject\",\"inLanguage\":\"en-US\",\"@id\":\"https:\/\/www.welovecycling.com\/wide\/#\/schema\/person\/image\/\",\"url\":\"https:\/\/secure.gravatar.com\/avatar\/1f9eb71be33845f0afabce3791bc1c58ecdb0a25c62964987e5dbcf7a20d2ec7?s=96&d=mm&r=g\",\"contentUrl\":\"https:\/\/secure.gravatar.com\/avatar\/1f9eb71be33845f0afabce3791bc1c58ecdb0a25c62964987e5dbcf7a20d2ec7?s=96&d=mm&r=g\",\"caption\":\"tereza\"},\"url\":\"https:\/\/www.welovecycling.com\/wide\/author\/tereza\/\"}]}<\/script>\n<!-- \/ Yoast SEO Premium plugin. -->","yoast_head_json":{"title":"UCI president David Lappartient Hopes the Tour Is the Start of a New Life - \u0160koda We Love Cycling","description":"The COVID-19 pandemic is causing troubles in 2021 as well. Several races have already been postponed. Their organisers requested them to be rescheduled to","robots":{"index":"index","follow":"follow","max-snippet":"max-snippet:-1","max-image-preview":"max-image-preview:large","max-video-preview":"max-video-preview:-1"},"canonical":"https:\/\/www.welovecycling.com\/wide\/2021\/02\/03\/uci-president-david-lappartient-hopes-the-tour-is-the-start-of-a-new-life\/","og_locale":"en_US","og_type":"article","og_title":"UCI president David Lappartient Hopes the Tour Is the Start of a New Life","og_description":"The COVID-19 pandemic is causing troubles in 2021 as well. Several races have already been postponed. Their organisers requested them to be rescheduled to","og_url":"https:\/\/www.welovecycling.com\/wide\/2021\/02\/03\/uci-president-david-lappartient-hopes-the-tour-is-the-start-of-a-new-life\/","og_site_name":"\u0160koda We Love Cycling","article_published_time":"2021-02-03T12:09:01+00:00","og_image":[{"width":900,"height":600,"url":"https:\/\/d2p6e6u75xmxt8.cloudfront.net\/2\/2021\/02\/David-Lappartient-.profimedia-0502133490-CVRjpg.webp","type":"image\/webp"}],"author":"tereza","twitter_card":"summary_large_image","twitter_misc":{"Written by":"Monica Buck","Est. reading time":"4"},"schema":{"@context":"https:\/\/schema.org","@graph":[{"@type":"WebPage","@id":"https:\/\/www.welovecycling.com\/wide\/2021\/02\/03\/uci-president-david-lappartient-hopes-the-tour-is-the-start-of-a-new-life\/","url":"https:\/\/www.welovecycling.com\/wide\/2021\/02\/03\/uci-president-david-lappartient-hopes-the-tour-is-the-start-of-a-new-life\/","name":"UCI president David Lappartient Hopes the Tour Is the Start of a New Life - \u0160koda We Love Cycling","isPartOf":{"@id":"https:\/\/www.welovecycling.com\/wide\/#website"},"primaryImageOfPage":{"@id":"https:\/\/www.welovecycling.com\/wide\/2021\/02\/03\/uci-president-david-lappartient-hopes-the-tour-is-the-start-of-a-new-life\/#primaryimage"},"image":{"@id":"https:\/\/www.welovecycling.com\/wide\/2021\/02\/03\/uci-president-david-lappartient-hopes-the-tour-is-the-start-of-a-new-life\/#primaryimage"},"thumbnailUrl":"https:\/\/d2p6e6u75xmxt8.cloudfront.net\/2\/2021\/02\/David-Lappartient-.profimedia-0502133490-CVRjpg.webp","datePublished":"2021-02-03T12:09:01+00:00","author":{"@id":"https:\/\/www.welovecycling.com\/wide\/#\/schema\/person\/50f01ecd18718d2333cf72e823c4f926"},"description":"The COVID-19 pandemic is causing troubles in 2021 as well. Several races have already been postponed. Their organisers requested them to be rescheduled to","breadcrumb":{"@id":"https:\/\/www.welovecycling.com\/wide\/2021\/02\/03\/uci-president-david-lappartient-hopes-the-tour-is-the-start-of-a-new-life\/#breadcrumb"},"inLanguage":"en-US","potentialAction":[{"@type":"ReadAction","target":["https:\/\/www.welovecycling.com\/wide\/2021\/02\/03\/uci-president-david-lappartient-hopes-the-tour-is-the-start-of-a-new-life\/"]}]},{"@type":"ImageObject","inLanguage":"en-US","@id":"https:\/\/www.welovecycling.com\/wide\/2021\/02\/03\/uci-president-david-lappartient-hopes-the-tour-is-the-start-of-a-new-life\/#primaryimage","url":"https:\/\/d2p6e6u75xmxt8.cloudfront.net\/2\/2021\/02\/David-Lappartient-.profimedia-0502133490-CVRjpg.webp","contentUrl":"https:\/\/d2p6e6u75xmxt8.cloudfront.net\/2\/2021\/02\/David-Lappartient-.profimedia-0502133490-CVRjpg.webp","width":900,"height":600,"caption":"David Lappartient"},{"@type":"BreadcrumbList","@id":"https:\/\/www.welovecycling.com\/wide\/2021\/02\/03\/uci-president-david-lappartient-hopes-the-tour-is-the-start-of-a-new-life\/#breadcrumb","itemListElement":[{"@type":"ListItem","position":1,"name":"Home","item":"https:\/\/www.welovecycling.com\/wide\/"},{"@type":"ListItem","position":2,"name":"UCI president David Lappartient Hopes the Tour Is the Start of a New Life"}]},{"@type":"WebSite","@id":"https:\/\/www.welovecycling.com\/wide\/#website","url":"https:\/\/www.welovecycling.com\/wide\/","name":"\u0160koda We Love Cycling","description":"\u0160koda We Love Cycling magazine","alternateName":"\u0160koda WLC","potentialAction":[{"@type":"SearchAction","target":{"@type":"EntryPoint","urlTemplate":"https:\/\/www.welovecycling.com\/wide\/?s={search_term_string}"},"query-input":{"@type":"PropertyValueSpecification","valueRequired":true,"valueName":"search_term_string"}}],"inLanguage":"en-US"},{"@type":"Person","@id":"https:\/\/www.welovecycling.com\/wide\/#\/schema\/person\/50f01ecd18718d2333cf72e823c4f926","name":"tereza","image":{"@type":"ImageObject","inLanguage":"en-US","@id":"https:\/\/www.welovecycling.com\/wide\/#\/schema\/person\/image\/","url":"https:\/\/secure.gravatar.com\/avatar\/1f9eb71be33845f0afabce3791bc1c58ecdb0a25c62964987e5dbcf7a20d2ec7?s=96&d=mm&r=g","contentUrl":"https:\/\/secure.gravatar.com\/avatar\/1f9eb71be33845f0afabce3791bc1c58ecdb0a25c62964987e5dbcf7a20d2ec7?s=96&d=mm&r=g","caption":"tereza"},"url":"https:\/\/www.welovecycling.com\/wide\/author\/tereza\/"}]}},"_links":{"self":[{"href":"https:\/\/www.welovecycling.com\/wide\/wp-json\/wp\/v2\/posts\/181610","targetHints":{"allow":["GET"]}}],"collection":[{"href":"https:\/\/www.welovecycling.com\/wide\/wp-json\/wp\/v2\/posts"}],"about":[{"href":"https:\/\/www.welovecycling.com\/wide\/wp-json\/wp\/v2\/types\/post"}],"author":[{"embeddable":true,"href":"https:\/\/www.welovecycling.com\/wide\/wp-json\/wp\/v2\/users\/99"}],"replies":[{"embeddable":true,"href":"https:\/\/www.welovecycling.com\/wide\/wp-json\/wp\/v2\/comments?post=181610"}],"version-history":[{"count":1,"href":"https:\/\/www.welovecycling.com\/wide\/wp-json\/wp\/v2\/posts\/181610\/revisions"}],"predecessor-version":[{"id":181614,"href":"https:\/\/www.welovecycling.com\/wide\/wp-json\/wp\/v2\/posts\/181610\/revisions\/181614"}],"wp:featuredmedia":[{"embeddable":true,"href":"https:\/\/www.welovecycling.com\/wide\/wp-json\/wp\/v2\/media\/181612"}],"wp:attachment":[{"href":"https:\/\/www.welovecycling.com\/wide\/wp-json\/wp\/v2\/media?parent=181610"}],"wp:term":[{"taxonomy":"category","embeddable":true,"href":"https:\/\/www.welovecycling.com\/wide\/wp-json\/wp\/v2\/categories?post=181610"},{"taxonomy":"post_tag","embeddable":true,"href":"https:\/\/www.welovecycling.com\/wide\/wp-json\/wp\/v2\/tags?post=181610"},{"taxonomy":"global-categories","embeddable":true,"href":"https:\/\/www.welovecycling.com\/wide\/wp-json\/wp\/v2\/global-categories?post=181610"}],"curies":[{"name":"wp","href":"https:\/\/api.w.org\/{rel}","templated":true}]}}