{"id":181504,"date":"2021-01-27T07:40:57","date_gmt":"2021-01-27T07:40:57","guid":{"rendered":"https:\/\/www.welovecycling.com\/wide\/?p=181504"},"modified":"2021-01-28T09:51:00","modified_gmt":"2021-01-28T09:51:00","slug":"training-at-home-by-andy-schleck","status":"publish","type":"post","link":"https:\/\/www.welovecycling.com\/wide\/2021\/01\/27\/training-at-home-by-andy-schleck\/","title":{"rendered":"Training Tips by Andy Schleck"},"content":{"rendered":"<p><strong>We interviewed the Tour de France winner Andy Schleck about his training habits as a professional and as an amateur road cyclist now that he is retired. Here is what he told us about his indoor setup, cross-training, nutrition, and hydration.<\/strong><br \/>\n<!--more--><br \/>\n\u201cThe world moves really fast. Unfortunately, when I was a pro rider, we didn\u2019t have Zwift. So, my training at home was just a basic home trainer and a fan. We invented all kinds of systems to try and make it not as boring,\u201d Andy said when asked about his own home training.<\/p>\n<figure id=\"attachment_181507\" aria-describedby=\"caption-attachment-181507\" style=\"width: 1024px\" class=\"wp-caption alignnone\"><a href=\"https:\/\/d2p6e6u75xmxt8.cloudfront.net\/2\/2021\/01\/Andy-Schleck-3.jpg\"><img loading=\"lazy\" decoding=\"async\" class=\"wp-image-181507 size-large\" src=\"https:\/\/d2p6e6u75xmxt8.cloudfront.net\/2\/2021\/01\/Andy-Schleck-3-1024x683.jpg\" alt=\"Andy Schleck at the Tour\" width=\"1024\" height=\"683\" \/><\/a><figcaption id=\"caption-attachment-181507\" class=\"wp-caption-text\">Andy shot to fame almost overnight when he finished second in the 2007 Giro d\u2019Italia out of the blue aged just 21.<\/figcaption><\/figure>\n<h2><strong>Should you use your PlayStation when training indoors?<\/strong><\/h2>\n<p>\u201cWe would try things like watching a moving while riding or even playing on a PlayStation! But I soon found out that none of those things really worked. I couldn\u2019t concentrate on my training while doing those things,\u201d Andy continued. That meant his training setup was very basic in the end. Just a home trainer, a fan for cooling, and some music. That was the only way to properly go through all the required training indoors.<\/p>\n<h2><strong>I become an addict when I start \u201cZwifting\u201d<\/strong><\/h2>\n<p>\u201cToday, everything has changed with platforms like Zwift, BKool, FulGaz, and <a href=\"https:\/\/www.welovecycling.com\/wide\/2020\/11\/05\/8-best-cycling-apps-helping-to-make-indoor-cycling-fun\/\">many others.<\/a> This can actually make indoor training <a href=\"https:\/\/www.welovecycling.com\/wide\/2020\/10\/20\/start-with-indoor-cycling-this-fall\/\">a fun thing.<\/a> Before, indoor training was the most boring and painful part of the preparation as a pro cyclist. I still prefer riding outside but if you\u2019re in a lockdown or if the weather doesn\u2019t allow for outdoor training, this is definitely an effective and fun alternative. When I get into it and start \u201cZwifting\u201d, I become an addict after two rides,\u201d Andy laughs. \u201cI sign up for competitions. I try hard to beat the others. I have friends that use Zwift every week or even every day. I have to say, big thanks to Zwift for inventing this before [COVID-19] came.\u201d<\/p>\n<h2><strong>Turbo trainer or rollers?<\/strong><\/h2>\n<p>\u201cI believe rollers are good when you just want to spin your legs. Maybe for a warm-up before a time trial or an easy recovery workout at home just to get your legs moving. But to do a proper workout, it simply doesn\u2019t work because you can\u2019t add enough resistance. It\u2019s like you\u2019re just riding flat with a backwind. And you don\u2019t get in shape with flat roads and backwind,\u201d Andy smiles. \u201cBut some modern rollers do allow you to add some limited resistance and they give you a more realistic feel. You can move left and right more than on a fixed home trainer.\u201d<\/p>\n<h2><strong>You can simulate climbs indoor<\/strong><\/h2>\n<figure id=\"attachment_181505\" aria-describedby=\"caption-attachment-181505\" style=\"width: 1024px\" class=\"wp-caption alignnone\"><a href=\"https:\/\/d2p6e6u75xmxt8.cloudfront.net\/2\/2021\/01\/Andy-Schleck-1.jpg\"><img loading=\"lazy\" decoding=\"async\" class=\"wp-image-181505 size-large\" src=\"https:\/\/d2p6e6u75xmxt8.cloudfront.net\/2\/2021\/01\/Andy-Schleck-1-1024x866.jpg\" alt=\"Andy Schleck\" width=\"1024\" height=\"866\" \/><\/a><figcaption id=\"caption-attachment-181505\" class=\"wp-caption-text\">Nowadays, Andy spends and enjoys his time as a cycling coach, owner of a small bicycle shop in Luxembourg.<\/figcaption><\/figure>\n<p>\u201cNowadays, you can really have a variety of indoor training setups. For example, you can get the CLIMB from Wahoo, which <a href=\"https:\/\/eu.wahoofitness.com\/devices\/bike-trainer-accessories\/kickr-climb-indoor-grade-simulator\">attaches to your front wheel<\/a> and helps simulate climbing by lifting your front fork. Some people think it\u2019s just a gimmick but if you want to simulate climbs at home properly, it\u2019s not a bad thing to have. Even if you set the right resistance on a regular trainer, the position on the bike stays the same as riding a flat road. With the Wahoo CLIMB, your position changes, which means you use your muscles differently, just like on a real climb,\u201d Andy explains.<\/p>\n<h2><strong>Pay extra attention to hydration<\/strong><\/h2>\n<p>\u201cYou should have a lot of water or some isotonic drink at hand because you do sweat a lot, more than when you ride outside. That way, you don\u2019t have to stop your training in the middle. A fan can create the feeling you sweat less because it feels cooler but the temperature in your room is still the same even with a fan. So, be careful to <a href=\"https:\/\/www.welovecycling.com\/wide\/2018\/12\/18\/hydration-make-your-own-sports-drink\/\">stay hydrated<\/a> while you do the workout,\u201d warns Andy. He also recommends having a towel on the bike to deal with the sweat.<\/p>\n<h2><strong>Nutrition for indoor training<\/strong><\/h2>\n<p>\u201cA long indoor training session for me as a professional was 2 hours. Sometimes, I would do 2 hours in the morning and 2 hours in the afternoon but never more than 2 hours in one session. And the average indoor workout for most people will usually be around 1 hour. I believe that if you have a healthy lifestyle and you <a href=\"https:\/\/www.welovecycling.com\/wide\/series\/how-to-make-your-food-healthier-step-by-step\/\">eat properly<\/a> throughout the day, you don\u2019t need to eat during that 1-hour session. But if you do a monster session at home of 4-5 hours, then you do need to eat something,\u201d Andy says.<\/p>\n<figure id=\"attachment_181519\" aria-describedby=\"caption-attachment-181519\" style=\"width: 1024px\" class=\"wp-caption alignnone\"><a href=\"https:\/\/d2p6e6u75xmxt8.cloudfront.net\/2\/2021\/01\/Andy-Schleck-profimedia-0186904680.jpg\"><img loading=\"lazy\" decoding=\"async\" class=\"wp-image-181519 size-large\" src=\"https:\/\/d2p6e6u75xmxt8.cloudfront.net\/2\/2021\/01\/Andy-Schleck-profimedia-0186904680-1024x681.jpg\" alt=\"Andy Schleck at Paris-Roubaix\" width=\"1024\" height=\"681\" \/><\/a><figcaption id=\"caption-attachment-181519\" class=\"wp-caption-text\">&#8220;I can\u2019t say I really found a bad cycling location. There are good ones and there are very good ones.\u201d \u00a9 Profimedia<\/figcaption><\/figure>\n<h2><strong>Training core stability in winter<\/strong><\/h2>\n<p>\u201cAs a pro, you need to work on your overall fitness, not just your legs and lungs. Especially the <a href=\"https:\/\/www.welovecycling.com\/wide\/2021\/01\/14\/winter-is-a-great-time-for-cycling-how-to-enjoy-riding-on-snow\/\">off-season in winter<\/a> is when you can work on your core stability. It\u2019s what keeps you straight on the bike. It\u2019s what keeps you from crashing and helps you avoid injuries. And that\u2019s what I used to do, a lot of core training and weight lifting to train the other parts of my body, which I didn\u2019t have enough time to train during the season,\u201d Andy describes. \u201cWinter is also when I was able to sometimes go for an early morning run to stimulate different muscles than with cycling. And I would also do some swimming as a workout for the lung muscles and to improve lung volume.\u201d<\/p>\n<h2><strong>Cycling and staying in shape while busy<\/strong><\/h2>\n<p>\u201cNow that I\u2019m not a professional cyclist, I\u2019m quite busy with other things than cycling. But I still love cycling. I don\u2019t do it for the workout, I ride just because I enjoy it. And I use it to socialize with different people. It\u2019s the most social sport in the world, I believe. I also swim a lot \u2013 that\u2019s also my sport today. I like it because, in 1 hour, I can do a real workout whereas on the bike 1 hour is not really enough for me. I can\u2019t really run anymore because of a knee injury but I do take my dog for very long walks in nature,\u201d Andy describes how his sports activities have changed since retiring from professional cycling.<\/p>\n","protected":false},"excerpt":{"rendered":"<p>We interviewed the Tour de France winner Andy Schleck about his training habits as a professional and as an amateur [&hellip;]<\/p>\n","protected":false},"author":99,"featured_media":181517,"comment_status":"open","ping_status":"open","sticky":false,"template":"","format":"standard","meta":{"footnotes":""},"categories":[329],"tags":[3227,4863,4865,4040,4866,4864,3612],"global-categories":[3366],"class_list":["post-181504","post","type-post","status-publish","format-standard","has-post-thumbnail","hentry","category-road-cycling","tag-andy-schleck","tag-indoor-training","tag-playstation","tag-training-at-home","tag-training-tips","tag-wahoo","tag-zwift","global-categories-cycling"],"yoast_head":"<!-- This site is optimized with the Yoast SEO Premium plugin v25.3 (Yoast SEO v25.9) - https:\/\/yoast.com\/wordpress\/plugins\/seo\/ -->\n<title>Training at Home With Andy Schleck - We Love Cycling Magazine<\/title>\n<meta name=\"description\" content=\"&quot;When I was a pro rider, we didn\u2019t have Zwift. So, my training at home was just a basic home trainer and a fan.&quot;\" \/>\n<meta name=\"robots\" content=\"index, follow, max-snippet:-1, max-image-preview:large, max-video-preview:-1\" \/>\n<link rel=\"canonical\" href=\"https:\/\/www.welovecycling.com\/wide\/2021\/01\/27\/training-at-home-by-andy-schleck\/\" \/>\n<meta property=\"og:locale\" content=\"en_US\" \/>\n<meta property=\"og:type\" content=\"article\" \/>\n<meta property=\"og:title\" content=\"Training Tips by Andy Schleck\" \/>\n<meta property=\"og:description\" content=\"&quot;When I was a pro rider, we didn\u2019t have Zwift. So, my training at home was just a basic home trainer and a fan.&quot;\" \/>\n<meta property=\"og:url\" content=\"https:\/\/www.welovecycling.com\/wide\/2021\/01\/27\/training-at-home-by-andy-schleck\/\" \/>\n<meta property=\"og:site_name\" content=\"\u0160koda We Love Cycling\" \/>\n<meta property=\"article:published_time\" content=\"2021-01-27T07:40:57+00:00\" \/>\n<meta property=\"article:modified_time\" content=\"2021-01-28T09:51:00+00:00\" \/>\n<meta property=\"og:image\" content=\"https:\/\/d2p6e6u75xmxt8.cloudfront.net\/2\/2021\/01\/Andy-Schleck-profimedia-0191666067-CVR.webp\" \/>\n\t<meta property=\"og:image:width\" content=\"900\" \/>\n\t<meta property=\"og:image:height\" content=\"600\" \/>\n\t<meta property=\"og:image:type\" content=\"image\/webp\" \/>\n<meta name=\"author\" content=\"tereza\" \/>\n<meta name=\"twitter:card\" content=\"summary_large_image\" \/>\n<meta name=\"twitter:label1\" content=\"Written by\" \/>\n\t<meta name=\"twitter:data1\" content=\"Jiri Kaloc\" \/>\n\t<meta name=\"twitter:label2\" content=\"Est. reading time\" \/>\n\t<meta name=\"twitter:data2\" content=\"6\" \/>\n<script type=\"application\/ld+json\" class=\"yoast-schema-graph\">{\"@context\":\"https:\/\/schema.org\",\"@graph\":[{\"@type\":\"WebPage\",\"@id\":\"https:\/\/www.welovecycling.com\/wide\/2021\/01\/27\/training-at-home-by-andy-schleck\/\",\"url\":\"https:\/\/www.welovecycling.com\/wide\/2021\/01\/27\/training-at-home-by-andy-schleck\/\",\"name\":\"Training at Home With Andy Schleck - We Love Cycling Magazine\",\"isPartOf\":{\"@id\":\"https:\/\/www.welovecycling.com\/wide\/#website\"},\"primaryImageOfPage\":{\"@id\":\"https:\/\/www.welovecycling.com\/wide\/2021\/01\/27\/training-at-home-by-andy-schleck\/#primaryimage\"},\"image\":{\"@id\":\"https:\/\/www.welovecycling.com\/wide\/2021\/01\/27\/training-at-home-by-andy-schleck\/#primaryimage\"},\"thumbnailUrl\":\"https:\/\/d2p6e6u75xmxt8.cloudfront.net\/2\/2021\/01\/Andy-Schleck-profimedia-0191666067-CVR.webp\",\"datePublished\":\"2021-01-27T07:40:57+00:00\",\"dateModified\":\"2021-01-28T09:51:00+00:00\",\"author\":{\"@id\":\"https:\/\/www.welovecycling.com\/wide\/#\/schema\/person\/50f01ecd18718d2333cf72e823c4f926\"},\"description\":\"\\\"When I was a pro rider, we didn\u2019t have Zwift. So, my training at home was just a basic home trainer and a fan.\\\"\",\"breadcrumb\":{\"@id\":\"https:\/\/www.welovecycling.com\/wide\/2021\/01\/27\/training-at-home-by-andy-schleck\/#breadcrumb\"},\"inLanguage\":\"en-US\",\"potentialAction\":[{\"@type\":\"ReadAction\",\"target\":[\"https:\/\/www.welovecycling.com\/wide\/2021\/01\/27\/training-at-home-by-andy-schleck\/\"]}]},{\"@type\":\"ImageObject\",\"inLanguage\":\"en-US\",\"@id\":\"https:\/\/www.welovecycling.com\/wide\/2021\/01\/27\/training-at-home-by-andy-schleck\/#primaryimage\",\"url\":\"https:\/\/d2p6e6u75xmxt8.cloudfront.net\/2\/2021\/01\/Andy-Schleck-profimedia-0191666067-CVR.webp\",\"contentUrl\":\"https:\/\/d2p6e6u75xmxt8.cloudfront.net\/2\/2021\/01\/Andy-Schleck-profimedia-0191666067-CVR.webp\",\"width\":900,\"height\":600,\"caption\":\"Andy Schleck\"},{\"@type\":\"BreadcrumbList\",\"@id\":\"https:\/\/www.welovecycling.com\/wide\/2021\/01\/27\/training-at-home-by-andy-schleck\/#breadcrumb\",\"itemListElement\":[{\"@type\":\"ListItem\",\"position\":1,\"name\":\"Home\",\"item\":\"https:\/\/www.welovecycling.com\/wide\/\"},{\"@type\":\"ListItem\",\"position\":2,\"name\":\"Training Tips by Andy Schleck\"}]},{\"@type\":\"WebSite\",\"@id\":\"https:\/\/www.welovecycling.com\/wide\/#website\",\"url\":\"https:\/\/www.welovecycling.com\/wide\/\",\"name\":\"\u0160koda We Love Cycling\",\"description\":\"\u0160koda We Love Cycling magazine\",\"alternateName\":\"\u0160koda WLC\",\"potentialAction\":[{\"@type\":\"SearchAction\",\"target\":{\"@type\":\"EntryPoint\",\"urlTemplate\":\"https:\/\/www.welovecycling.com\/wide\/?s={search_term_string}\"},\"query-input\":{\"@type\":\"PropertyValueSpecification\",\"valueRequired\":true,\"valueName\":\"search_term_string\"}}],\"inLanguage\":\"en-US\"},{\"@type\":\"Person\",\"@id\":\"https:\/\/www.welovecycling.com\/wide\/#\/schema\/person\/50f01ecd18718d2333cf72e823c4f926\",\"name\":\"tereza\",\"image\":{\"@type\":\"ImageObject\",\"inLanguage\":\"en-US\",\"@id\":\"https:\/\/www.welovecycling.com\/wide\/#\/schema\/person\/image\/\",\"url\":\"https:\/\/secure.gravatar.com\/avatar\/1f9eb71be33845f0afabce3791bc1c58ecdb0a25c62964987e5dbcf7a20d2ec7?s=96&d=mm&r=g\",\"contentUrl\":\"https:\/\/secure.gravatar.com\/avatar\/1f9eb71be33845f0afabce3791bc1c58ecdb0a25c62964987e5dbcf7a20d2ec7?s=96&d=mm&r=g\",\"caption\":\"tereza\"},\"url\":\"https:\/\/www.welovecycling.com\/wide\/author\/tereza\/\"}]}<\/script>\n<!-- \/ Yoast SEO Premium plugin. -->","yoast_head_json":{"title":"Training at Home With Andy Schleck - We Love Cycling Magazine","description":"\"When I was a pro rider, we didn\u2019t have Zwift. So, my training at home was just a basic home trainer and a fan.\"","robots":{"index":"index","follow":"follow","max-snippet":"max-snippet:-1","max-image-preview":"max-image-preview:large","max-video-preview":"max-video-preview:-1"},"canonical":"https:\/\/www.welovecycling.com\/wide\/2021\/01\/27\/training-at-home-by-andy-schleck\/","og_locale":"en_US","og_type":"article","og_title":"Training Tips by Andy Schleck","og_description":"\"When I was a pro rider, we didn\u2019t have Zwift. So, my training at home was just a basic home trainer and a fan.\"","og_url":"https:\/\/www.welovecycling.com\/wide\/2021\/01\/27\/training-at-home-by-andy-schleck\/","og_site_name":"\u0160koda We Love Cycling","article_published_time":"2021-01-27T07:40:57+00:00","article_modified_time":"2021-01-28T09:51:00+00:00","og_image":[{"width":900,"height":600,"url":"https:\/\/d2p6e6u75xmxt8.cloudfront.net\/2\/2021\/01\/Andy-Schleck-profimedia-0191666067-CVR.webp","type":"image\/webp"}],"author":"tereza","twitter_card":"summary_large_image","twitter_misc":{"Written by":"Jiri Kaloc","Est. reading time":"6"},"schema":{"@context":"https:\/\/schema.org","@graph":[{"@type":"WebPage","@id":"https:\/\/www.welovecycling.com\/wide\/2021\/01\/27\/training-at-home-by-andy-schleck\/","url":"https:\/\/www.welovecycling.com\/wide\/2021\/01\/27\/training-at-home-by-andy-schleck\/","name":"Training at Home With Andy Schleck - We Love Cycling Magazine","isPartOf":{"@id":"https:\/\/www.welovecycling.com\/wide\/#website"},"primaryImageOfPage":{"@id":"https:\/\/www.welovecycling.com\/wide\/2021\/01\/27\/training-at-home-by-andy-schleck\/#primaryimage"},"image":{"@id":"https:\/\/www.welovecycling.com\/wide\/2021\/01\/27\/training-at-home-by-andy-schleck\/#primaryimage"},"thumbnailUrl":"https:\/\/d2p6e6u75xmxt8.cloudfront.net\/2\/2021\/01\/Andy-Schleck-profimedia-0191666067-CVR.webp","datePublished":"2021-01-27T07:40:57+00:00","dateModified":"2021-01-28T09:51:00+00:00","author":{"@id":"https:\/\/www.welovecycling.com\/wide\/#\/schema\/person\/50f01ecd18718d2333cf72e823c4f926"},"description":"\"When I was a pro rider, we didn\u2019t have Zwift. So, my training at home was just a basic home trainer and a fan.\"","breadcrumb":{"@id":"https:\/\/www.welovecycling.com\/wide\/2021\/01\/27\/training-at-home-by-andy-schleck\/#breadcrumb"},"inLanguage":"en-US","potentialAction":[{"@type":"ReadAction","target":["https:\/\/www.welovecycling.com\/wide\/2021\/01\/27\/training-at-home-by-andy-schleck\/"]}]},{"@type":"ImageObject","inLanguage":"en-US","@id":"https:\/\/www.welovecycling.com\/wide\/2021\/01\/27\/training-at-home-by-andy-schleck\/#primaryimage","url":"https:\/\/d2p6e6u75xmxt8.cloudfront.net\/2\/2021\/01\/Andy-Schleck-profimedia-0191666067-CVR.webp","contentUrl":"https:\/\/d2p6e6u75xmxt8.cloudfront.net\/2\/2021\/01\/Andy-Schleck-profimedia-0191666067-CVR.webp","width":900,"height":600,"caption":"Andy Schleck"},{"@type":"BreadcrumbList","@id":"https:\/\/www.welovecycling.com\/wide\/2021\/01\/27\/training-at-home-by-andy-schleck\/#breadcrumb","itemListElement":[{"@type":"ListItem","position":1,"name":"Home","item":"https:\/\/www.welovecycling.com\/wide\/"},{"@type":"ListItem","position":2,"name":"Training Tips by Andy Schleck"}]},{"@type":"WebSite","@id":"https:\/\/www.welovecycling.com\/wide\/#website","url":"https:\/\/www.welovecycling.com\/wide\/","name":"\u0160koda We Love Cycling","description":"\u0160koda We Love Cycling magazine","alternateName":"\u0160koda WLC","potentialAction":[{"@type":"SearchAction","target":{"@type":"EntryPoint","urlTemplate":"https:\/\/www.welovecycling.com\/wide\/?s={search_term_string}"},"query-input":{"@type":"PropertyValueSpecification","valueRequired":true,"valueName":"search_term_string"}}],"inLanguage":"en-US"},{"@type":"Person","@id":"https:\/\/www.welovecycling.com\/wide\/#\/schema\/person\/50f01ecd18718d2333cf72e823c4f926","name":"tereza","image":{"@type":"ImageObject","inLanguage":"en-US","@id":"https:\/\/www.welovecycling.com\/wide\/#\/schema\/person\/image\/","url":"https:\/\/secure.gravatar.com\/avatar\/1f9eb71be33845f0afabce3791bc1c58ecdb0a25c62964987e5dbcf7a20d2ec7?s=96&d=mm&r=g","contentUrl":"https:\/\/secure.gravatar.com\/avatar\/1f9eb71be33845f0afabce3791bc1c58ecdb0a25c62964987e5dbcf7a20d2ec7?s=96&d=mm&r=g","caption":"tereza"},"url":"https:\/\/www.welovecycling.com\/wide\/author\/tereza\/"}]}},"_links":{"self":[{"href":"https:\/\/www.welovecycling.com\/wide\/wp-json\/wp\/v2\/posts\/181504","targetHints":{"allow":["GET"]}}],"collection":[{"href":"https:\/\/www.welovecycling.com\/wide\/wp-json\/wp\/v2\/posts"}],"about":[{"href":"https:\/\/www.welovecycling.com\/wide\/wp-json\/wp\/v2\/types\/post"}],"author":[{"embeddable":true,"href":"https:\/\/www.welovecycling.com\/wide\/wp-json\/wp\/v2\/users\/99"}],"replies":[{"embeddable":true,"href":"https:\/\/www.welovecycling.com\/wide\/wp-json\/wp\/v2\/comments?post=181504"}],"version-history":[{"count":2,"href":"https:\/\/www.welovecycling.com\/wide\/wp-json\/wp\/v2\/posts\/181504\/revisions"}],"predecessor-version":[{"id":181520,"href":"https:\/\/www.welovecycling.com\/wide\/wp-json\/wp\/v2\/posts\/181504\/revisions\/181520"}],"wp:featuredmedia":[{"embeddable":true,"href":"https:\/\/www.welovecycling.com\/wide\/wp-json\/wp\/v2\/media\/181517"}],"wp:attachment":[{"href":"https:\/\/www.welovecycling.com\/wide\/wp-json\/wp\/v2\/media?parent=181504"}],"wp:term":[{"taxonomy":"category","embeddable":true,"href":"https:\/\/www.welovecycling.com\/wide\/wp-json\/wp\/v2\/categories?post=181504"},{"taxonomy":"post_tag","embeddable":true,"href":"https:\/\/www.welovecycling.com\/wide\/wp-json\/wp\/v2\/tags?post=181504"},{"taxonomy":"global-categories","embeddable":true,"href":"https:\/\/www.welovecycling.com\/wide\/wp-json\/wp\/v2\/global-categories?post=181504"}],"curies":[{"name":"wp","href":"https:\/\/api.w.org\/{rel}","templated":true}]}}