{"id":181319,"date":"2021-01-19T13:40:01","date_gmt":"2021-01-19T13:40:01","guid":{"rendered":"https:\/\/www.welovecycling.com\/wide\/?p=181319"},"modified":"2021-01-19T13:40:01","modified_gmt":"2021-01-19T13:40:01","slug":"how-did-bodies-of-the-tour-de-france-riders-change-over-time","status":"publish","type":"post","link":"https:\/\/www.welovecycling.com\/wide\/2021\/01\/19\/how-did-bodies-of-the-tour-de-france-riders-change-over-time\/","title":{"rendered":"How Did Bodies of the Tour de France Riders Change Over Time"},"content":{"rendered":"<p><strong>Have you ever thought about the hypothetical chance to win the Tour de France if you really tried? Let us skip contemplations about training, financial support and a bit of luck as we want to focus entirely on the potential hidden within the human body. Robert J. Wood from <a href=\"https:\/\/www.topendsports.com\/\">Topendsports.com<\/a> examined the body sizes and ages of TdF winners of the past and this is what he found out. Would you fit into his findings?<\/strong><\/p>\n<p><!--more--><\/p>\n<h2><strong>Slimmer, despite keeping the same height<\/strong><\/h2>\n<p>As you might have noted, professional cyclists tend to be outstandingly lean and easy to distinguish by skinny arms and considerably long thighs. Proportionally longer femurs give them extra leverage while pushing the pedals. Moreover, climbers are usually smaller and lighter than sprinters and <a href=\"https:\/\/www.welovecycling.com\/wide\/2018\/09\/10\/the-surprising-origins-of-time-trials\/\">time trialists<\/a> in the peloton. Since climb stages are decisive in the overall standings of the Tour, auspicious riders should have proportions somewhere in the middle between a climber and a <a href=\"https:\/\/www.welovecycling.com\/wide\/2019\/03\/22\/how-do-the-best-sprinters-train\/\">sprinter.<\/a> Have the bodies of the Tour participants changed throughout history? Let us make a brief trip into the past of the race.<\/p>\n<figure id=\"attachment_181322\" aria-describedby=\"caption-attachment-181322\" style=\"width: 1024px\" class=\"wp-caption alignnone\"><a href=\"https:\/\/d2p6e6u75xmxt8.cloudfront.net\/2\/2021\/01\/Tour-de-France-1980-profimedia-0068271717.jpg\"><img loading=\"lazy\" decoding=\"async\" class=\"wp-image-181322 size-large\" src=\"https:\/\/d2p6e6u75xmxt8.cloudfront.net\/2\/2021\/01\/Tour-de-France-1980-profimedia-0068271717-1024x671.jpg\" alt=\"1980 Tour de France\" width=\"1024\" height=\"671\" \/><\/a><figcaption id=\"caption-attachment-181322\" class=\"wp-caption-text\">Did the pro&#8217;s bodies change throughout the Tour de France history? \u00a9 Profimedia<\/figcaption><\/figure>\n<h2><strong>Losing body fat<\/strong><\/h2>\n<p>Despite limited resources, the basic measurements of the Tour de France cyclists, such as height and weight, are available for the winners all the way back to the 1940s. Using these two figures, Robert J. Wood calculated their average BMI measurement and analysed their body size. The average height of the participants has stayed almost the same yet their weight dwindled substantially. According to the calculated Body Mass Index, successful riders are getting leaner than they have ever been. According to available data, there has been a 5-kg drop in riders&#8217; weight since 1990 with no remarkable impact on their average height.<\/p>\n<p>Sometimes, the weight itself is not indicative of the chances for winning the title as we can demonstrate on flyweight rider Luis Oca\u00f1a who dominated the race in 1973 with as few as 52 kg or five-time serial winner Miguel Indurain with fair 80 kg. The average data from the roster of winners, however, show that the overall weight is decreasing while height remains almost the same. That means that riders have less and less fat on their body in contrast with the past.<\/p>\n<figure id=\"attachment_181324\" aria-describedby=\"caption-attachment-181324\" style=\"width: 1024px\" class=\"wp-caption alignnone\"><a href=\"https:\/\/d2p6e6u75xmxt8.cloudfront.net\/2\/2021\/01\/Luis-Ocana-profimedia-0068222482.jpg\"><img loading=\"lazy\" decoding=\"async\" class=\"wp-image-181324 size-large\" src=\"https:\/\/d2p6e6u75xmxt8.cloudfront.net\/2\/2021\/01\/Luis-Ocana-profimedia-0068222482-1024x881.jpg\" alt=\"Luis Ocana\" width=\"1024\" height=\"881\" \/><\/a><figcaption id=\"caption-attachment-181324\" class=\"wp-caption-text\">Luis Oca\u00f1a in 1973. \u00a9 Profimedia<\/figcaption><\/figure>\n<h2><strong>Does optimal height exist?<\/strong><\/h2>\n<p>If your height is under 180 cm, we have bad news for you. Despite exemptions, the average TdF participant&#8217;s height has been between 180 and 182 cm since 1990. The giant of the peloton was Marcel Sieberg with his phenomenal 198 cm who took part in the 2007 and 2008 Tour, while the shortest rider was Samuel Dumoulin at 159 cm who raced the Tour de France 12 times between 2003 and 2016. The data collected since 1947 show that riders&#8217; height is increasing \u2013 with several title winners remarkably taller in the recent decade \u2013 except for Columbian Egan Bernal who is only 175 cm. Legendary winners like Chris Froome, <a href=\"https:\/\/www.welovecycling.com\/wide\/2020\/12\/17\/best-cycling-locations-by-andy-schleck\/\">Andy Schleck<\/a> or Miguel Indur\u00e1in, though, could overlook the peloton with their height of 186 cm.<\/p>\n<figure id=\"attachment_181321\" aria-describedby=\"caption-attachment-181321\" style=\"width: 1024px\" class=\"wp-caption alignnone\"><a href=\"https:\/\/d2p6e6u75xmxt8.cloudfront.net\/2\/2021\/01\/Marcel-Sieberg-profimedia-0496432661.jpg\"><img loading=\"lazy\" decoding=\"async\" class=\"wp-image-181321 size-large\" src=\"https:\/\/d2p6e6u75xmxt8.cloudfront.net\/2\/2021\/01\/Marcel-Sieberg-profimedia-0496432661-1024x682.jpg\" alt=\"Marcel Sieberg\" width=\"1024\" height=\"682\" \/><\/a><figcaption id=\"caption-attachment-181321\" class=\"wp-caption-text\">We&#8217;re pretty sure you can find Marcel Sieberg in the picture. \u00a9 Profimedia<\/figcaption><\/figure>\n<h2><strong>Riders are getting older \u2013 by a few years<\/strong><\/h2>\n<p>The youngest winner was Henri Cornet winning in 1904 at mere 20 years of age while the oldest was Firmin Lambot aged 36 and winning in 1922. Even though we saw <a href=\"https:\/\/www.welovecycling.com\/wide\/2020\/09\/20\/tadej-pogacar-wins-the-2020-tour-de-france\/\">Tadej Poga\u010dar<\/a> winning the last Tour at the age of barely 22, the average age of a title-holder in the last decade has been established at 28 years. The age of the winners is in direct relation with the average age of the participants, which slowly increased from 28 to the current 30 years. The increase can be taken on account of advances in medicine and nutrition as well as more and more satisfactory rewards that motivate cyclists to keep competing at a higher age. The average age of winners is growing slightly, declaring that more experienced riders are more likely to succeed though there are striking exemptions like Egan Bernal who became the youngest winner of the <a href=\"https:\/\/www.letour.fr\/en\/\">Tour de France<\/a> since World War II.<\/p>\n","protected":false},"excerpt":{"rendered":"<p>Have you ever thought about the hypothetical chance to win the Tour de France if you really tried? Let us [&hellip;]<\/p>\n","protected":false},"author":99,"featured_media":181327,"comment_status":"open","ping_status":"open","sticky":false,"template":"","format":"standard","meta":{"footnotes":""},"categories":[329],"tags":[3227,425,2621,4838,4837,2138,4836,1547,2114,4835,3415,433],"global-categories":[3366],"class_list":["post-181319","post","type-post","status-publish","format-standard","has-post-thumbnail","hentry","category-road-cycling","tag-andy-schleck","tag-chris-froome","tag-egan-bernal","tag-firmin-lambot","tag-henri-cornet","tag-luis-ocana","tag-magnus-backstedt","tag-marcel-sieberg","tag-miguel-indurain","tag-robert-j-wood","tag-tadej-pogacar","tag-tour-de-france","global-categories-cycling"],"yoast_head":"<!-- This site is optimized with the Yoast SEO Premium plugin v25.3 (Yoast SEO v25.9) - https:\/\/yoast.com\/wordpress\/plugins\/seo\/ -->\n<title>How Did Bodies of the Tour de France Riders Change Over Time - \u0160koda We Love Cycling<\/title>\n<meta name=\"description\" content=\"Have you ever thought about the hypothetical chance to win the Tour de France if you really tried? Let us skip contemplations about training, financial\" \/>\n<meta name=\"robots\" content=\"index, follow, max-snippet:-1, max-image-preview:large, max-video-preview:-1\" \/>\n<link rel=\"canonical\" href=\"https:\/\/www.welovecycling.com\/wide\/2021\/01\/19\/how-did-bodies-of-the-tour-de-france-riders-change-over-time\/\" \/>\n<meta property=\"og:locale\" content=\"en_US\" \/>\n<meta property=\"og:type\" content=\"article\" \/>\n<meta property=\"og:title\" content=\"How Did Bodies of the Tour de France Riders Change Over Time\" \/>\n<meta property=\"og:description\" content=\"Have you ever thought about the hypothetical chance to win the Tour de France if you really tried? Let us skip contemplations about training, financial\" \/>\n<meta property=\"og:url\" content=\"https:\/\/www.welovecycling.com\/wide\/2021\/01\/19\/how-did-bodies-of-the-tour-de-france-riders-change-over-time\/\" \/>\n<meta property=\"og:site_name\" content=\"\u0160koda We Love Cycling\" \/>\n<meta property=\"article:published_time\" content=\"2021-01-19T13:40:01+00:00\" \/>\n<meta property=\"og:image\" content=\"https:\/\/d2p6e6u75xmxt8.cloudfront.net\/2\/2021\/01\/Tour-de-France-peloton-profimedia-0559058623-CVR.webp\" \/>\n\t<meta property=\"og:image:width\" content=\"900\" \/>\n\t<meta property=\"og:image:height\" content=\"600\" \/>\n\t<meta property=\"og:image:type\" content=\"image\/webp\" \/>\n<meta name=\"author\" content=\"tereza\" \/>\n<meta name=\"twitter:card\" content=\"summary_large_image\" \/>\n<meta name=\"twitter:label1\" content=\"Written by\" \/>\n\t<meta name=\"twitter:data1\" content=\"Adam Marsal\" \/>\n\t<meta name=\"twitter:label2\" content=\"Est. reading time\" \/>\n\t<meta name=\"twitter:data2\" content=\"5\" \/>\n<script type=\"application\/ld+json\" class=\"yoast-schema-graph\">{\"@context\":\"https:\/\/schema.org\",\"@graph\":[{\"@type\":\"WebPage\",\"@id\":\"https:\/\/www.welovecycling.com\/wide\/2021\/01\/19\/how-did-bodies-of-the-tour-de-france-riders-change-over-time\/\",\"url\":\"https:\/\/www.welovecycling.com\/wide\/2021\/01\/19\/how-did-bodies-of-the-tour-de-france-riders-change-over-time\/\",\"name\":\"How Did Bodies of the Tour de France Riders Change Over Time - \u0160koda We Love Cycling\",\"isPartOf\":{\"@id\":\"https:\/\/www.welovecycling.com\/wide\/#website\"},\"primaryImageOfPage\":{\"@id\":\"https:\/\/www.welovecycling.com\/wide\/2021\/01\/19\/how-did-bodies-of-the-tour-de-france-riders-change-over-time\/#primaryimage\"},\"image\":{\"@id\":\"https:\/\/www.welovecycling.com\/wide\/2021\/01\/19\/how-did-bodies-of-the-tour-de-france-riders-change-over-time\/#primaryimage\"},\"thumbnailUrl\":\"https:\/\/d2p6e6u75xmxt8.cloudfront.net\/2\/2021\/01\/Tour-de-France-peloton-profimedia-0559058623-CVR.webp\",\"datePublished\":\"2021-01-19T13:40:01+00:00\",\"author\":{\"@id\":\"https:\/\/www.welovecycling.com\/wide\/#\/schema\/person\/50f01ecd18718d2333cf72e823c4f926\"},\"description\":\"Have you ever thought about the hypothetical chance to win the Tour de France if you really tried? Let us skip contemplations about training, financial\",\"breadcrumb\":{\"@id\":\"https:\/\/www.welovecycling.com\/wide\/2021\/01\/19\/how-did-bodies-of-the-tour-de-france-riders-change-over-time\/#breadcrumb\"},\"inLanguage\":\"en-US\",\"potentialAction\":[{\"@type\":\"ReadAction\",\"target\":[\"https:\/\/www.welovecycling.com\/wide\/2021\/01\/19\/how-did-bodies-of-the-tour-de-france-riders-change-over-time\/\"]}]},{\"@type\":\"ImageObject\",\"inLanguage\":\"en-US\",\"@id\":\"https:\/\/www.welovecycling.com\/wide\/2021\/01\/19\/how-did-bodies-of-the-tour-de-france-riders-change-over-time\/#primaryimage\",\"url\":\"https:\/\/d2p6e6u75xmxt8.cloudfront.net\/2\/2021\/01\/Tour-de-France-peloton-profimedia-0559058623-CVR.webp\",\"contentUrl\":\"https:\/\/d2p6e6u75xmxt8.cloudfront.net\/2\/2021\/01\/Tour-de-France-peloton-profimedia-0559058623-CVR.webp\",\"width\":900,\"height\":600,\"caption\":\"Tour de France\"},{\"@type\":\"BreadcrumbList\",\"@id\":\"https:\/\/www.welovecycling.com\/wide\/2021\/01\/19\/how-did-bodies-of-the-tour-de-france-riders-change-over-time\/#breadcrumb\",\"itemListElement\":[{\"@type\":\"ListItem\",\"position\":1,\"name\":\"Home\",\"item\":\"https:\/\/www.welovecycling.com\/wide\/\"},{\"@type\":\"ListItem\",\"position\":2,\"name\":\"How Did Bodies of the Tour de France Riders Change Over Time\"}]},{\"@type\":\"WebSite\",\"@id\":\"https:\/\/www.welovecycling.com\/wide\/#website\",\"url\":\"https:\/\/www.welovecycling.com\/wide\/\",\"name\":\"\u0160koda We Love Cycling\",\"description\":\"\u0160koda We Love Cycling magazine\",\"alternateName\":\"\u0160koda WLC\",\"potentialAction\":[{\"@type\":\"SearchAction\",\"target\":{\"@type\":\"EntryPoint\",\"urlTemplate\":\"https:\/\/www.welovecycling.com\/wide\/?s={search_term_string}\"},\"query-input\":{\"@type\":\"PropertyValueSpecification\",\"valueRequired\":true,\"valueName\":\"search_term_string\"}}],\"inLanguage\":\"en-US\"},{\"@type\":\"Person\",\"@id\":\"https:\/\/www.welovecycling.com\/wide\/#\/schema\/person\/50f01ecd18718d2333cf72e823c4f926\",\"name\":\"tereza\",\"image\":{\"@type\":\"ImageObject\",\"inLanguage\":\"en-US\",\"@id\":\"https:\/\/www.welovecycling.com\/wide\/#\/schema\/person\/image\/\",\"url\":\"https:\/\/secure.gravatar.com\/avatar\/1f9eb71be33845f0afabce3791bc1c58ecdb0a25c62964987e5dbcf7a20d2ec7?s=96&d=mm&r=g\",\"contentUrl\":\"https:\/\/secure.gravatar.com\/avatar\/1f9eb71be33845f0afabce3791bc1c58ecdb0a25c62964987e5dbcf7a20d2ec7?s=96&d=mm&r=g\",\"caption\":\"tereza\"},\"url\":\"https:\/\/www.welovecycling.com\/wide\/author\/tereza\/\"}]}<\/script>\n<!-- \/ Yoast SEO Premium plugin. -->","yoast_head_json":{"title":"How Did Bodies of the Tour de France Riders Change Over Time - \u0160koda We Love Cycling","description":"Have you ever thought about the hypothetical chance to win the Tour de France if you really tried? Let us skip contemplations about training, financial","robots":{"index":"index","follow":"follow","max-snippet":"max-snippet:-1","max-image-preview":"max-image-preview:large","max-video-preview":"max-video-preview:-1"},"canonical":"https:\/\/www.welovecycling.com\/wide\/2021\/01\/19\/how-did-bodies-of-the-tour-de-france-riders-change-over-time\/","og_locale":"en_US","og_type":"article","og_title":"How Did Bodies of the Tour de France Riders Change Over Time","og_description":"Have you ever thought about the hypothetical chance to win the Tour de France if you really tried? Let us skip contemplations about training, financial","og_url":"https:\/\/www.welovecycling.com\/wide\/2021\/01\/19\/how-did-bodies-of-the-tour-de-france-riders-change-over-time\/","og_site_name":"\u0160koda We Love Cycling","article_published_time":"2021-01-19T13:40:01+00:00","og_image":[{"width":900,"height":600,"url":"https:\/\/d2p6e6u75xmxt8.cloudfront.net\/2\/2021\/01\/Tour-de-France-peloton-profimedia-0559058623-CVR.webp","type":"image\/webp"}],"author":"tereza","twitter_card":"summary_large_image","twitter_misc":{"Written by":"Adam Marsal","Est. reading time":"5"},"schema":{"@context":"https:\/\/schema.org","@graph":[{"@type":"WebPage","@id":"https:\/\/www.welovecycling.com\/wide\/2021\/01\/19\/how-did-bodies-of-the-tour-de-france-riders-change-over-time\/","url":"https:\/\/www.welovecycling.com\/wide\/2021\/01\/19\/how-did-bodies-of-the-tour-de-france-riders-change-over-time\/","name":"How Did Bodies of the Tour de France Riders Change Over Time - \u0160koda We Love Cycling","isPartOf":{"@id":"https:\/\/www.welovecycling.com\/wide\/#website"},"primaryImageOfPage":{"@id":"https:\/\/www.welovecycling.com\/wide\/2021\/01\/19\/how-did-bodies-of-the-tour-de-france-riders-change-over-time\/#primaryimage"},"image":{"@id":"https:\/\/www.welovecycling.com\/wide\/2021\/01\/19\/how-did-bodies-of-the-tour-de-france-riders-change-over-time\/#primaryimage"},"thumbnailUrl":"https:\/\/d2p6e6u75xmxt8.cloudfront.net\/2\/2021\/01\/Tour-de-France-peloton-profimedia-0559058623-CVR.webp","datePublished":"2021-01-19T13:40:01+00:00","author":{"@id":"https:\/\/www.welovecycling.com\/wide\/#\/schema\/person\/50f01ecd18718d2333cf72e823c4f926"},"description":"Have you ever thought about the hypothetical chance to win the Tour de France if you really tried? Let us skip contemplations about training, financial","breadcrumb":{"@id":"https:\/\/www.welovecycling.com\/wide\/2021\/01\/19\/how-did-bodies-of-the-tour-de-france-riders-change-over-time\/#breadcrumb"},"inLanguage":"en-US","potentialAction":[{"@type":"ReadAction","target":["https:\/\/www.welovecycling.com\/wide\/2021\/01\/19\/how-did-bodies-of-the-tour-de-france-riders-change-over-time\/"]}]},{"@type":"ImageObject","inLanguage":"en-US","@id":"https:\/\/www.welovecycling.com\/wide\/2021\/01\/19\/how-did-bodies-of-the-tour-de-france-riders-change-over-time\/#primaryimage","url":"https:\/\/d2p6e6u75xmxt8.cloudfront.net\/2\/2021\/01\/Tour-de-France-peloton-profimedia-0559058623-CVR.webp","contentUrl":"https:\/\/d2p6e6u75xmxt8.cloudfront.net\/2\/2021\/01\/Tour-de-France-peloton-profimedia-0559058623-CVR.webp","width":900,"height":600,"caption":"Tour de France"},{"@type":"BreadcrumbList","@id":"https:\/\/www.welovecycling.com\/wide\/2021\/01\/19\/how-did-bodies-of-the-tour-de-france-riders-change-over-time\/#breadcrumb","itemListElement":[{"@type":"ListItem","position":1,"name":"Home","item":"https:\/\/www.welovecycling.com\/wide\/"},{"@type":"ListItem","position":2,"name":"How Did Bodies of the Tour de France Riders Change Over Time"}]},{"@type":"WebSite","@id":"https:\/\/www.welovecycling.com\/wide\/#website","url":"https:\/\/www.welovecycling.com\/wide\/","name":"\u0160koda We Love Cycling","description":"\u0160koda We Love Cycling magazine","alternateName":"\u0160koda WLC","potentialAction":[{"@type":"SearchAction","target":{"@type":"EntryPoint","urlTemplate":"https:\/\/www.welovecycling.com\/wide\/?s={search_term_string}"},"query-input":{"@type":"PropertyValueSpecification","valueRequired":true,"valueName":"search_term_string"}}],"inLanguage":"en-US"},{"@type":"Person","@id":"https:\/\/www.welovecycling.com\/wide\/#\/schema\/person\/50f01ecd18718d2333cf72e823c4f926","name":"tereza","image":{"@type":"ImageObject","inLanguage":"en-US","@id":"https:\/\/www.welovecycling.com\/wide\/#\/schema\/person\/image\/","url":"https:\/\/secure.gravatar.com\/avatar\/1f9eb71be33845f0afabce3791bc1c58ecdb0a25c62964987e5dbcf7a20d2ec7?s=96&d=mm&r=g","contentUrl":"https:\/\/secure.gravatar.com\/avatar\/1f9eb71be33845f0afabce3791bc1c58ecdb0a25c62964987e5dbcf7a20d2ec7?s=96&d=mm&r=g","caption":"tereza"},"url":"https:\/\/www.welovecycling.com\/wide\/author\/tereza\/"}]}},"_links":{"self":[{"href":"https:\/\/www.welovecycling.com\/wide\/wp-json\/wp\/v2\/posts\/181319","targetHints":{"allow":["GET"]}}],"collection":[{"href":"https:\/\/www.welovecycling.com\/wide\/wp-json\/wp\/v2\/posts"}],"about":[{"href":"https:\/\/www.welovecycling.com\/wide\/wp-json\/wp\/v2\/types\/post"}],"author":[{"embeddable":true,"href":"https:\/\/www.welovecycling.com\/wide\/wp-json\/wp\/v2\/users\/99"}],"replies":[{"embeddable":true,"href":"https:\/\/www.welovecycling.com\/wide\/wp-json\/wp\/v2\/comments?post=181319"}],"version-history":[{"count":2,"href":"https:\/\/www.welovecycling.com\/wide\/wp-json\/wp\/v2\/posts\/181319\/revisions"}],"predecessor-version":[{"id":181328,"href":"https:\/\/www.welovecycling.com\/wide\/wp-json\/wp\/v2\/posts\/181319\/revisions\/181328"}],"wp:featuredmedia":[{"embeddable":true,"href":"https:\/\/www.welovecycling.com\/wide\/wp-json\/wp\/v2\/media\/181327"}],"wp:attachment":[{"href":"https:\/\/www.welovecycling.com\/wide\/wp-json\/wp\/v2\/media?parent=181319"}],"wp:term":[{"taxonomy":"category","embeddable":true,"href":"https:\/\/www.welovecycling.com\/wide\/wp-json\/wp\/v2\/categories?post=181319"},{"taxonomy":"post_tag","embeddable":true,"href":"https:\/\/www.welovecycling.com\/wide\/wp-json\/wp\/v2\/tags?post=181319"},{"taxonomy":"global-categories","embeddable":true,"href":"https:\/\/www.welovecycling.com\/wide\/wp-json\/wp\/v2\/global-categories?post=181319"}],"curies":[{"name":"wp","href":"https:\/\/api.w.org\/{rel}","templated":true}]}}