{"id":181147,"date":"2021-01-11T14:20:48","date_gmt":"2021-01-11T14:20:48","guid":{"rendered":"https:\/\/www.welovecycling.com\/wide\/?p=181147"},"modified":"2021-02-10T12:01:25","modified_gmt":"2021-02-10T12:01:25","slug":"uci-safety-measures-for-2021","status":"publish","type":"post","link":"https:\/\/www.welovecycling.com\/wide\/2021\/01\/11\/uci-safety-measures-for-2021\/","title":{"rendered":"UCI Introduces New Safety Measures for the 2021 Season"},"content":{"rendered":"<p><strong>Covid-19 was not the only reason the 2020 racing season will be remembered for all the wrong reasons. There was also an unusually large number of serious accidents, starting with Fabio Jakobsen\u2019s horrific crash in the Tour de Pologne, in which the race barriers collapsed on impact. Then Remco Evenepoel crashed into a ravine in Il Lombardia, Steven Kruijswijk&#8217;s fell on a pothole-strewn road in the Crit\u00e9rium du Dauphin\u00e9 and many riders crashed on the slippery roads around Nice at the Tour de France \u2013 leading to a mass rider protest and slowdown.<\/strong><\/p>\n<p><!--more--><br \/>\nThe UCI heard the many rider complaints regarding race safety and it has acted. In December the organisation announced <a href=\"https:\/\/www.uci.org\/inside-uci\/press-releases\/road-cycling-the-uci-announces-the-introduction-of-numerous-measures-to-improve-rider-safety-as-of-2021\">14 new safety measures<\/a> that will be implemented in men\u2019s and women\u2019s road cycling starting this year. The key measures include the deployment of safety managers at events, a database of incidents with which to target specific safety actions, revised measures for organisers, drivers, teams and riders, and improved security and barrier standards.<\/p>\n<p>https:\/\/www.instagram.com\/p\/CFmIivZH5Xj\/?utm_source=ig_web_copy_link<\/p>\n<p>The sport\u2019s governing body also created a working group dedicated to rider safety following the race accidents that left Jakobsen in an <a href=\"https:\/\/www.welovecycling.com\/wide\/2020\/11\/11\/dylan-groenewegen-suspended-for-nine-months-over-the-tour-of-poland-crash\/\">induced coma,<\/a> Evenepoel with a fractured pelvis and Bora-Hansgrohe rider Max Schachmann with a fractured collarbone after being wiped out by a car in the final kilometres of Il Lombardia.<\/p>\n<p>Starting this year, the safety of each race will be overseen by a UCI Safety Manager and an Event Safety Manager named by race organisers. In addition, the risks of the proposed route will be evaluated weeks ahead of the race using a database of past incidents with the goal of implementing targeted actions to reduce the <a href=\"https:\/\/www.welovecycling.com\/wide\/2020\/01\/30\/this-is-when-most-urban-cycling-accidents-happen\/\">risk of accidents.<\/a><\/p>\n<p>The new UCI safety measures will be implemented for race organisers, drivers, regulators, TV production crews and race teams. And barriers along the race route (especially at finals and bunch sprints) will have to meet higher safety standards.<\/p>\n<figure id=\"attachment_181150\" aria-describedby=\"caption-attachment-181150\" style=\"width: 1024px\" class=\"wp-caption alignnone\"><a href=\"https:\/\/d2p6e6u75xmxt8.cloudfront.net\/2\/2021\/01\/Tour-de-France-profimedia-0555447466.jpg\"><img loading=\"lazy\" decoding=\"async\" class=\"wp-image-181150 size-large\" src=\"https:\/\/d2p6e6u75xmxt8.cloudfront.net\/2\/2021\/01\/Tour-de-France-profimedia-0555447466-1024x682.jpg\" alt=\"Tour de France 2020\" width=\"1024\" height=\"682\" \/><\/a><figcaption id=\"caption-attachment-181150\" class=\"wp-caption-text\">Thibaut Pinot rests on the road after falling during the 1st stage of the 2020 Tour. \u00a9 Profimedia<\/figcaption><\/figure>\n<p>Organisers, teams and riders will also be held accountable regarding unsafe actions, such as the <a href=\"https:\/\/www.welovecycling.com\/wide\/2019\/08\/02\/the-cycling-races-putting-sustainability-first\/\">discarding of waste<\/a> and other objects outside dedicated zones, with riders being held responsible for throwing drink bottles onto the road or in the peloton and taking dangerous positions on the bike, especially during descents.<\/p>\n<p>Other new safety measures include \u201cthe enhancement and modernisation of the specifications concerning obstacle protection elements used along the course, as well as the harmonisation of signalisation used along the race route; the improvement of communication with riders when important decisions are taken, as well as the creation of a more detailed protocol dealing with the neutralisation of events; better supervision when it comes to the use of equipment by teams that could cause varying problems (for example disc brakes and bottle cages).\u201d<\/p>\n<figure id=\"attachment_181152\" aria-describedby=\"caption-attachment-181152\" style=\"width: 1024px\" class=\"wp-caption alignnone\"><a href=\"https:\/\/d2p6e6u75xmxt8.cloudfront.net\/2\/2021\/01\/2020-Giro-profimedia-0565323409.jpg\"><img loading=\"lazy\" decoding=\"async\" class=\"wp-image-181152 size-large\" src=\"https:\/\/d2p6e6u75xmxt8.cloudfront.net\/2\/2021\/01\/2020-Giro-profimedia-0565323409-1024x682.jpg\" alt=\"2020 Giro\" width=\"1024\" height=\"682\" \/><\/a><figcaption id=\"caption-attachment-181152\" class=\"wp-caption-text\">There are 14 new measures to keep the riders safe in 2021. \u00a9 Profimedia<\/figcaption><\/figure>\n<p>Most of these measures will come into force for men\u2019s and women\u2019s professional cycling this year, with an initial focus on UCI WorldTour and <a href=\"https:\/\/www.welovecycling.com\/wide\/2020\/08\/07\/highlights-of-the-uci-womens-world-tour-2021\/\">UCI Women\u2019s WorldTour<\/a> events. The relevant measures will then progressively be rolled out across the UCI International Road Calendar.<\/p>\n<p>\u201cThe measures announced today enable us to take an important step forward in the reinforcement of safety at road races,\u201d said UCI President David Lappartient. \u201cCycling now has a solid plan of action, which we will continue to improve in consultations with all concerned.\u201d<\/p>\n","protected":false},"excerpt":{"rendered":"<p>Covid-19 was not the only reason the 2020 racing season will be remembered for all the wrong reasons. There was [&hellip;]<\/p>\n","protected":false},"author":99,"featured_media":181149,"comment_status":"open","ping_status":"open","sticky":false,"template":"","format":"standard","meta":{"footnotes":""},"categories":[329],"tags":[1253,3891,3971,3544,4780,3265,433,443,4781],"global-categories":[3366],"class_list":["post-181147","post","type-post","status-publish","format-standard","has-post-thumbnail","hentry","category-road-cycling","tag-bora-hansgrohe","tag-fabio-jakobsen","tag-max-schachmann","tag-remco-evenepoel","tag-safety-measures","tag-steven-kruijswijk","tag-tour-de-france","tag-uci","tag-uci-safety-measures","global-categories-cycling"],"yoast_head":"<!-- This site is optimized with the Yoast SEO Premium plugin v25.3 (Yoast SEO v25.9) - https:\/\/yoast.com\/wordpress\/plugins\/seo\/ -->\n<title>UCI Safety Measures for 2021 - We Love Cycling Magazine<\/title>\n<meta name=\"description\" content=\"Covid-19 was not the only reason the 2020 racing season will be remembered for all the wrong reasons. There was also an unusually large number of serious\" \/>\n<meta name=\"robots\" content=\"index, follow, max-snippet:-1, max-image-preview:large, max-video-preview:-1\" \/>\n<link rel=\"canonical\" href=\"https:\/\/www.welovecycling.com\/wide\/2021\/01\/11\/uci-safety-measures-for-2021\/\" \/>\n<meta property=\"og:locale\" content=\"en_US\" \/>\n<meta property=\"og:type\" content=\"article\" \/>\n<meta property=\"og:title\" content=\"UCI Introduces New Safety Measures for the 2021 Season\" \/>\n<meta property=\"og:description\" content=\"Covid-19 was not the only reason the 2020 racing season will be remembered for all the wrong reasons. There was also an unusually large number of serious\" \/>\n<meta property=\"og:url\" content=\"https:\/\/www.welovecycling.com\/wide\/2021\/01\/11\/uci-safety-measures-for-2021\/\" \/>\n<meta property=\"og:site_name\" content=\"\u0160koda We Love Cycling\" \/>\n<meta property=\"article:published_time\" content=\"2021-01-11T14:20:48+00:00\" \/>\n<meta property=\"article:modified_time\" content=\"2021-02-10T12:01:25+00:00\" \/>\n<meta property=\"og:image\" content=\"https:\/\/d2p6e6u75xmxt8.cloudfront.net\/2\/2021\/01\/Tour-de-Pologne-profimedia-0550145003-CVR.webp\" \/>\n\t<meta property=\"og:image:width\" content=\"900\" \/>\n\t<meta property=\"og:image:height\" content=\"600\" \/>\n\t<meta property=\"og:image:type\" content=\"image\/webp\" \/>\n<meta name=\"author\" content=\"tereza\" \/>\n<meta name=\"twitter:card\" content=\"summary_large_image\" \/>\n<meta name=\"twitter:label1\" content=\"Written by\" \/>\n\t<meta name=\"twitter:data1\" content=\"Siegfried Mortkowitz\" \/>\n\t<meta name=\"twitter:label2\" content=\"Est. reading time\" \/>\n\t<meta name=\"twitter:data2\" content=\"6\" \/>\n<script type=\"application\/ld+json\" class=\"yoast-schema-graph\">{\"@context\":\"https:\/\/schema.org\",\"@graph\":[{\"@type\":\"WebPage\",\"@id\":\"https:\/\/www.welovecycling.com\/wide\/2021\/01\/11\/uci-safety-measures-for-2021\/\",\"url\":\"https:\/\/www.welovecycling.com\/wide\/2021\/01\/11\/uci-safety-measures-for-2021\/\",\"name\":\"UCI Safety Measures for 2021 - We Love Cycling Magazine\",\"isPartOf\":{\"@id\":\"https:\/\/www.welovecycling.com\/wide\/#website\"},\"primaryImageOfPage\":{\"@id\":\"https:\/\/www.welovecycling.com\/wide\/2021\/01\/11\/uci-safety-measures-for-2021\/#primaryimage\"},\"image\":{\"@id\":\"https:\/\/www.welovecycling.com\/wide\/2021\/01\/11\/uci-safety-measures-for-2021\/#primaryimage\"},\"thumbnailUrl\":\"https:\/\/d2p6e6u75xmxt8.cloudfront.net\/2\/2021\/01\/Tour-de-Pologne-profimedia-0550145003-CVR.webp\",\"datePublished\":\"2021-01-11T14:20:48+00:00\",\"dateModified\":\"2021-02-10T12:01:25+00:00\",\"author\":{\"@id\":\"https:\/\/www.welovecycling.com\/wide\/#\/schema\/person\/50f01ecd18718d2333cf72e823c4f926\"},\"description\":\"Covid-19 was not the only reason the 2020 racing season will be remembered for all the wrong reasons. There was also an unusually large number of serious\",\"breadcrumb\":{\"@id\":\"https:\/\/www.welovecycling.com\/wide\/2021\/01\/11\/uci-safety-measures-for-2021\/#breadcrumb\"},\"inLanguage\":\"en-US\",\"potentialAction\":[{\"@type\":\"ReadAction\",\"target\":[\"https:\/\/www.welovecycling.com\/wide\/2021\/01\/11\/uci-safety-measures-for-2021\/\"]}]},{\"@type\":\"ImageObject\",\"inLanguage\":\"en-US\",\"@id\":\"https:\/\/www.welovecycling.com\/wide\/2021\/01\/11\/uci-safety-measures-for-2021\/#primaryimage\",\"url\":\"https:\/\/d2p6e6u75xmxt8.cloudfront.net\/2\/2021\/01\/Tour-de-Pologne-profimedia-0550145003-CVR.webp\",\"contentUrl\":\"https:\/\/d2p6e6u75xmxt8.cloudfront.net\/2\/2021\/01\/Tour-de-Pologne-profimedia-0550145003-CVR.webp\",\"width\":900,\"height\":600,\"caption\":\"Tour de Pologne\"},{\"@type\":\"BreadcrumbList\",\"@id\":\"https:\/\/www.welovecycling.com\/wide\/2021\/01\/11\/uci-safety-measures-for-2021\/#breadcrumb\",\"itemListElement\":[{\"@type\":\"ListItem\",\"position\":1,\"name\":\"Home\",\"item\":\"https:\/\/www.welovecycling.com\/wide\/\"},{\"@type\":\"ListItem\",\"position\":2,\"name\":\"UCI Introduces New Safety Measures for the 2021 Season\"}]},{\"@type\":\"WebSite\",\"@id\":\"https:\/\/www.welovecycling.com\/wide\/#website\",\"url\":\"https:\/\/www.welovecycling.com\/wide\/\",\"name\":\"\u0160koda We Love Cycling\",\"description\":\"\u0160koda We Love Cycling magazine\",\"alternateName\":\"\u0160koda WLC\",\"potentialAction\":[{\"@type\":\"SearchAction\",\"target\":{\"@type\":\"EntryPoint\",\"urlTemplate\":\"https:\/\/www.welovecycling.com\/wide\/?s={search_term_string}\"},\"query-input\":{\"@type\":\"PropertyValueSpecification\",\"valueRequired\":true,\"valueName\":\"search_term_string\"}}],\"inLanguage\":\"en-US\"},{\"@type\":\"Person\",\"@id\":\"https:\/\/www.welovecycling.com\/wide\/#\/schema\/person\/50f01ecd18718d2333cf72e823c4f926\",\"name\":\"tereza\",\"image\":{\"@type\":\"ImageObject\",\"inLanguage\":\"en-US\",\"@id\":\"https:\/\/www.welovecycling.com\/wide\/#\/schema\/person\/image\/\",\"url\":\"https:\/\/secure.gravatar.com\/avatar\/1f9eb71be33845f0afabce3791bc1c58ecdb0a25c62964987e5dbcf7a20d2ec7?s=96&d=mm&r=g\",\"contentUrl\":\"https:\/\/secure.gravatar.com\/avatar\/1f9eb71be33845f0afabce3791bc1c58ecdb0a25c62964987e5dbcf7a20d2ec7?s=96&d=mm&r=g\",\"caption\":\"tereza\"},\"url\":\"https:\/\/www.welovecycling.com\/wide\/author\/tereza\/\"}]}<\/script>\n<!-- \/ Yoast SEO Premium plugin. -->","yoast_head_json":{"title":"UCI Safety Measures for 2021 - We Love Cycling Magazine","description":"Covid-19 was not the only reason the 2020 racing season will be remembered for all the wrong reasons. There was also an unusually large number of serious","robots":{"index":"index","follow":"follow","max-snippet":"max-snippet:-1","max-image-preview":"max-image-preview:large","max-video-preview":"max-video-preview:-1"},"canonical":"https:\/\/www.welovecycling.com\/wide\/2021\/01\/11\/uci-safety-measures-for-2021\/","og_locale":"en_US","og_type":"article","og_title":"UCI Introduces New Safety Measures for the 2021 Season","og_description":"Covid-19 was not the only reason the 2020 racing season will be remembered for all the wrong reasons. There was also an unusually large number of serious","og_url":"https:\/\/www.welovecycling.com\/wide\/2021\/01\/11\/uci-safety-measures-for-2021\/","og_site_name":"\u0160koda We Love Cycling","article_published_time":"2021-01-11T14:20:48+00:00","article_modified_time":"2021-02-10T12:01:25+00:00","og_image":[{"width":900,"height":600,"url":"https:\/\/d2p6e6u75xmxt8.cloudfront.net\/2\/2021\/01\/Tour-de-Pologne-profimedia-0550145003-CVR.webp","type":"image\/webp"}],"author":"tereza","twitter_card":"summary_large_image","twitter_misc":{"Written by":"Siegfried Mortkowitz","Est. reading time":"6"},"schema":{"@context":"https:\/\/schema.org","@graph":[{"@type":"WebPage","@id":"https:\/\/www.welovecycling.com\/wide\/2021\/01\/11\/uci-safety-measures-for-2021\/","url":"https:\/\/www.welovecycling.com\/wide\/2021\/01\/11\/uci-safety-measures-for-2021\/","name":"UCI Safety Measures for 2021 - We Love Cycling Magazine","isPartOf":{"@id":"https:\/\/www.welovecycling.com\/wide\/#website"},"primaryImageOfPage":{"@id":"https:\/\/www.welovecycling.com\/wide\/2021\/01\/11\/uci-safety-measures-for-2021\/#primaryimage"},"image":{"@id":"https:\/\/www.welovecycling.com\/wide\/2021\/01\/11\/uci-safety-measures-for-2021\/#primaryimage"},"thumbnailUrl":"https:\/\/d2p6e6u75xmxt8.cloudfront.net\/2\/2021\/01\/Tour-de-Pologne-profimedia-0550145003-CVR.webp","datePublished":"2021-01-11T14:20:48+00:00","dateModified":"2021-02-10T12:01:25+00:00","author":{"@id":"https:\/\/www.welovecycling.com\/wide\/#\/schema\/person\/50f01ecd18718d2333cf72e823c4f926"},"description":"Covid-19 was not the only reason the 2020 racing season will be remembered for all the wrong reasons. There was also an unusually large number of serious","breadcrumb":{"@id":"https:\/\/www.welovecycling.com\/wide\/2021\/01\/11\/uci-safety-measures-for-2021\/#breadcrumb"},"inLanguage":"en-US","potentialAction":[{"@type":"ReadAction","target":["https:\/\/www.welovecycling.com\/wide\/2021\/01\/11\/uci-safety-measures-for-2021\/"]}]},{"@type":"ImageObject","inLanguage":"en-US","@id":"https:\/\/www.welovecycling.com\/wide\/2021\/01\/11\/uci-safety-measures-for-2021\/#primaryimage","url":"https:\/\/d2p6e6u75xmxt8.cloudfront.net\/2\/2021\/01\/Tour-de-Pologne-profimedia-0550145003-CVR.webp","contentUrl":"https:\/\/d2p6e6u75xmxt8.cloudfront.net\/2\/2021\/01\/Tour-de-Pologne-profimedia-0550145003-CVR.webp","width":900,"height":600,"caption":"Tour de Pologne"},{"@type":"BreadcrumbList","@id":"https:\/\/www.welovecycling.com\/wide\/2021\/01\/11\/uci-safety-measures-for-2021\/#breadcrumb","itemListElement":[{"@type":"ListItem","position":1,"name":"Home","item":"https:\/\/www.welovecycling.com\/wide\/"},{"@type":"ListItem","position":2,"name":"UCI Introduces New Safety Measures for the 2021 Season"}]},{"@type":"WebSite","@id":"https:\/\/www.welovecycling.com\/wide\/#website","url":"https:\/\/www.welovecycling.com\/wide\/","name":"\u0160koda We Love Cycling","description":"\u0160koda We Love Cycling magazine","alternateName":"\u0160koda WLC","potentialAction":[{"@type":"SearchAction","target":{"@type":"EntryPoint","urlTemplate":"https:\/\/www.welovecycling.com\/wide\/?s={search_term_string}"},"query-input":{"@type":"PropertyValueSpecification","valueRequired":true,"valueName":"search_term_string"}}],"inLanguage":"en-US"},{"@type":"Person","@id":"https:\/\/www.welovecycling.com\/wide\/#\/schema\/person\/50f01ecd18718d2333cf72e823c4f926","name":"tereza","image":{"@type":"ImageObject","inLanguage":"en-US","@id":"https:\/\/www.welovecycling.com\/wide\/#\/schema\/person\/image\/","url":"https:\/\/secure.gravatar.com\/avatar\/1f9eb71be33845f0afabce3791bc1c58ecdb0a25c62964987e5dbcf7a20d2ec7?s=96&d=mm&r=g","contentUrl":"https:\/\/secure.gravatar.com\/avatar\/1f9eb71be33845f0afabce3791bc1c58ecdb0a25c62964987e5dbcf7a20d2ec7?s=96&d=mm&r=g","caption":"tereza"},"url":"https:\/\/www.welovecycling.com\/wide\/author\/tereza\/"}]}},"_links":{"self":[{"href":"https:\/\/www.welovecycling.com\/wide\/wp-json\/wp\/v2\/posts\/181147","targetHints":{"allow":["GET"]}}],"collection":[{"href":"https:\/\/www.welovecycling.com\/wide\/wp-json\/wp\/v2\/posts"}],"about":[{"href":"https:\/\/www.welovecycling.com\/wide\/wp-json\/wp\/v2\/types\/post"}],"author":[{"embeddable":true,"href":"https:\/\/www.welovecycling.com\/wide\/wp-json\/wp\/v2\/users\/99"}],"replies":[{"embeddable":true,"href":"https:\/\/www.welovecycling.com\/wide\/wp-json\/wp\/v2\/comments?post=181147"}],"version-history":[{"count":2,"href":"https:\/\/www.welovecycling.com\/wide\/wp-json\/wp\/v2\/posts\/181147\/revisions"}],"predecessor-version":[{"id":181155,"href":"https:\/\/www.welovecycling.com\/wide\/wp-json\/wp\/v2\/posts\/181147\/revisions\/181155"}],"wp:featuredmedia":[{"embeddable":true,"href":"https:\/\/www.welovecycling.com\/wide\/wp-json\/wp\/v2\/media\/181149"}],"wp:attachment":[{"href":"https:\/\/www.welovecycling.com\/wide\/wp-json\/wp\/v2\/media?parent=181147"}],"wp:term":[{"taxonomy":"category","embeddable":true,"href":"https:\/\/www.welovecycling.com\/wide\/wp-json\/wp\/v2\/categories?post=181147"},{"taxonomy":"post_tag","embeddable":true,"href":"https:\/\/www.welovecycling.com\/wide\/wp-json\/wp\/v2\/tags?post=181147"},{"taxonomy":"global-categories","embeddable":true,"href":"https:\/\/www.welovecycling.com\/wide\/wp-json\/wp\/v2\/global-categories?post=181147"}],"curies":[{"name":"wp","href":"https:\/\/api.w.org\/{rel}","templated":true}]}}