{"id":180819,"date":"2020-12-10T09:04:34","date_gmt":"2020-12-10T09:04:34","guid":{"rendered":"https:\/\/www.welovecycling.com\/wide\/?p=180819"},"modified":"2020-12-10T09:07:12","modified_gmt":"2020-12-10T09:07:12","slug":"15-minutes-of-cycling-improves-your-memory","status":"publish","type":"post","link":"https:\/\/www.welovecycling.com\/wide\/2020\/12\/10\/15-minutes-of-cycling-improves-your-memory\/","title":{"rendered":"15 Minutes of Cycling Improves Your Memory"},"content":{"rendered":"<p><strong>We all know that cycling is good for your physical health. New science suggests it can be very good for your brain too! Researchers from the University of Geneva tested what effects cycling has on memory. Here is what they found.<\/strong><\/p>\n<p><!--more--><br \/>\nThe euphoric feeling you get after an intense ride is caused by molecules called endocannabinoids. They are produced in your body during physical activity and flow to the brain where they trigger those nice feelings. In theory, they also bind to receptors in the main brain structure for memory processing. That\u2019s why Kinga Igloi, the lead author of <a href=\"https:\/\/www.nature.com\/articles\/s41598-020-72108-1\">this new study,<\/a> decided to find out what is the link between sport and memory.<\/p>\n<figure id=\"attachment_175696\" aria-describedby=\"caption-attachment-175696\" style=\"width: 1024px\" class=\"wp-caption alignnone\"><a href=\"https:\/\/d2p6e6u75xmxt8.cloudfront.net\/2\/2019\/10\/Cycling-Training-profimedia-0374728363.jpg\"><img loading=\"lazy\" decoding=\"async\" class=\"wp-image-175696 size-large\" src=\"https:\/\/d2p6e6u75xmxt8.cloudfront.net\/2\/2019\/10\/Cycling-Training-profimedia-0374728363-1024x682.jpg\" alt=\"Cyclists on the road\" width=\"1024\" height=\"682\" \/><\/a><figcaption id=\"caption-attachment-175696\" class=\"wp-caption-text\">Cycling is good for your memory. \u00a9 Profimedia<\/figcaption><\/figure>\n<h2><strong>Intense cycling is more effective than moderate<\/strong><\/h2>\n<p>Researchers presented 15 young healthy men with a memory test under three different scenarios in this experiment. One was after 30 minutes of moderate cycling, another one after 15 minutes of intense cycling at 80% of their max heart rate, and the last was after a period of rest. The results spoke clearly \u2013 the participants performed best in the memory test in the scenario with 15 minutes of intense cycling.<\/p>\n<p>The researchers also did blood tests to measure endocannabinoid levels and observed changes in the activation of brain structures with functional MRI. They saw that the faster individuals are, the more they activate their brain sector for memory and brain structure involved in motor processes. Similarly, their endocannabinoid levels increased more if the intensity of cycling was higher.<\/p>\n<p>&#8220;These molecules are involved in synaptic plasticity, the way in which neurons are connected to each other, and thus may act on long-term potentiation, the mechanism for optimal consolidation of memory,&#8221; says researcher Blanca Marin Bosch.<\/p>\n<figure id=\"attachment_180822\" aria-describedby=\"caption-attachment-180822\" style=\"width: 1024px\" class=\"wp-caption alignnone\"><a href=\"https:\/\/d2p6e6u75xmxt8.cloudfront.net\/2\/2020\/12\/Cyclist-profimedia-0330238805.jpg\"><img loading=\"lazy\" decoding=\"async\" class=\"wp-image-180822 size-large\" src=\"https:\/\/d2p6e6u75xmxt8.cloudfront.net\/2\/2020\/12\/Cyclist-profimedia-0330238805-1024x682.jpg\" alt=\"Cyclist in Manchester\" width=\"1024\" height=\"682\" \/><\/a><figcaption id=\"caption-attachment-180822\" class=\"wp-caption-text\">The participants performed best in the memory test in the scenario with 15 minutes of intense cycling. \u00a9 Richard Johnson \/ Caia Image \/ Profimedia<\/figcaption><\/figure>\n<h2><strong>Cycling after school to improve learning<\/strong><\/h2>\n<p>The same research team previously found that cycling at moderate intensity is better for associative memory. So, it seems that not all forms of memory use the same brain mechanisms and not all intensities of cycling have the same effects. But one thing is clear: in all cases, physical exercise improves memory more than being <a href=\"https:\/\/www.welovecycling.com\/wide\/2019\/09\/17\/surviving-the-office-as-an-athlete-fighting-sitting\/\">sedentary.<\/a> Researchers say that these findings should be used to develop new strategies for improving or preserving memory.<\/p>\n<p>&#8220;Sports activity can be an easy-to-implement, minimally-invasive and inexpensive intervention. Would it be useful, for example, to plan a moment of sport at the end of a school morning to consolidate school learning? &#8221; Kinga Igloi suggests.<\/p>\n","protected":false},"excerpt":{"rendered":"<p>We all know that cycling is good for your physical health. New science suggests it can be very good for [&hellip;]<\/p>\n","protected":false},"author":99,"featured_media":180821,"comment_status":"open","ping_status":"open","sticky":false,"template":"","format":"standard","meta":{"footnotes":""},"categories":[332],"tags":[4696,4695,4693,4694,3794],"global-categories":[3366],"class_list":["post-180819","post","type-post","status-publish","format-standard","has-post-thumbnail","hentry","category-health-and-training","tag-blanca-marin-bosch","tag-cycling-and-memory","tag-kinga-igloi","tag-memory","tag-university-of-geneva","global-categories-cycling"],"yoast_head":"<!-- This site is optimized with the Yoast SEO Premium plugin v25.3 (Yoast SEO v25.9) - https:\/\/yoast.com\/wordpress\/plugins\/seo\/ -->\n<title>15 Minutes of Cycling Improves Your Memory - \u0160koda We Love Cycling<\/title>\n<meta name=\"description\" content=\"We all know that cycling is good for your physical health. New science suggests it can be very good for your brain too! Researchers from the University of\" \/>\n<meta name=\"robots\" content=\"index, follow, max-snippet:-1, max-image-preview:large, max-video-preview:-1\" \/>\n<link rel=\"canonical\" href=\"https:\/\/www.welovecycling.com\/wide\/2020\/12\/10\/15-minutes-of-cycling-improves-your-memory\/\" \/>\n<meta property=\"og:locale\" content=\"en_US\" \/>\n<meta property=\"og:type\" content=\"article\" \/>\n<meta property=\"og:title\" content=\"15 Minutes of Cycling Improves Your Memory\" \/>\n<meta property=\"og:description\" content=\"We all know that cycling is good for your physical health. New science suggests it can be very good for your brain too! Researchers from the University of\" \/>\n<meta property=\"og:url\" content=\"https:\/\/www.welovecycling.com\/wide\/2020\/12\/10\/15-minutes-of-cycling-improves-your-memory\/\" \/>\n<meta property=\"og:site_name\" content=\"\u0160koda We Love Cycling\" \/>\n<meta property=\"article:published_time\" content=\"2020-12-10T09:04:34+00:00\" \/>\n<meta property=\"article:modified_time\" content=\"2020-12-10T09:07:12+00:00\" \/>\n<meta property=\"og:image\" content=\"https:\/\/d2p6e6u75xmxt8.cloudfront.net\/2\/2020\/12\/Cycling-frost-profimedia-0571706016-CVR.webp\" \/>\n\t<meta property=\"og:image:width\" content=\"900\" \/>\n\t<meta property=\"og:image:height\" content=\"600\" \/>\n\t<meta property=\"og:image:type\" content=\"image\/webp\" \/>\n<meta name=\"author\" content=\"tereza\" \/>\n<meta name=\"twitter:card\" content=\"summary_large_image\" \/>\n<meta name=\"twitter:label1\" content=\"Written by\" \/>\n\t<meta name=\"twitter:data1\" content=\"Jiri Kaloc\" \/>\n\t<meta name=\"twitter:label2\" content=\"Est. reading time\" \/>\n\t<meta name=\"twitter:data2\" content=\"5\" \/>\n<script type=\"application\/ld+json\" class=\"yoast-schema-graph\">{\"@context\":\"https:\/\/schema.org\",\"@graph\":[{\"@type\":\"WebPage\",\"@id\":\"https:\/\/www.welovecycling.com\/wide\/2020\/12\/10\/15-minutes-of-cycling-improves-your-memory\/\",\"url\":\"https:\/\/www.welovecycling.com\/wide\/2020\/12\/10\/15-minutes-of-cycling-improves-your-memory\/\",\"name\":\"15 Minutes of Cycling Improves Your Memory - \u0160koda We Love Cycling\",\"isPartOf\":{\"@id\":\"https:\/\/www.welovecycling.com\/wide\/#website\"},\"primaryImageOfPage\":{\"@id\":\"https:\/\/www.welovecycling.com\/wide\/2020\/12\/10\/15-minutes-of-cycling-improves-your-memory\/#primaryimage\"},\"image\":{\"@id\":\"https:\/\/www.welovecycling.com\/wide\/2020\/12\/10\/15-minutes-of-cycling-improves-your-memory\/#primaryimage\"},\"thumbnailUrl\":\"https:\/\/d2p6e6u75xmxt8.cloudfront.net\/2\/2020\/12\/Cycling-frost-profimedia-0571706016-CVR.webp\",\"datePublished\":\"2020-12-10T09:04:34+00:00\",\"dateModified\":\"2020-12-10T09:07:12+00:00\",\"author\":{\"@id\":\"https:\/\/www.welovecycling.com\/wide\/#\/schema\/person\/50f01ecd18718d2333cf72e823c4f926\"},\"description\":\"We all know that cycling is good for your physical health. New science suggests it can be very good for your brain too! Researchers from the University of\",\"breadcrumb\":{\"@id\":\"https:\/\/www.welovecycling.com\/wide\/2020\/12\/10\/15-minutes-of-cycling-improves-your-memory\/#breadcrumb\"},\"inLanguage\":\"en-US\",\"potentialAction\":[{\"@type\":\"ReadAction\",\"target\":[\"https:\/\/www.welovecycling.com\/wide\/2020\/12\/10\/15-minutes-of-cycling-improves-your-memory\/\"]}]},{\"@type\":\"ImageObject\",\"inLanguage\":\"en-US\",\"@id\":\"https:\/\/www.welovecycling.com\/wide\/2020\/12\/10\/15-minutes-of-cycling-improves-your-memory\/#primaryimage\",\"url\":\"https:\/\/d2p6e6u75xmxt8.cloudfront.net\/2\/2020\/12\/Cycling-frost-profimedia-0571706016-CVR.webp\",\"contentUrl\":\"https:\/\/d2p6e6u75xmxt8.cloudfront.net\/2\/2020\/12\/Cycling-frost-profimedia-0571706016-CVR.webp\",\"width\":900,\"height\":600,\"caption\":\"Cycling in frost\"},{\"@type\":\"BreadcrumbList\",\"@id\":\"https:\/\/www.welovecycling.com\/wide\/2020\/12\/10\/15-minutes-of-cycling-improves-your-memory\/#breadcrumb\",\"itemListElement\":[{\"@type\":\"ListItem\",\"position\":1,\"name\":\"Home\",\"item\":\"https:\/\/www.welovecycling.com\/wide\/\"},{\"@type\":\"ListItem\",\"position\":2,\"name\":\"15 Minutes of Cycling Improves Your Memory\"}]},{\"@type\":\"WebSite\",\"@id\":\"https:\/\/www.welovecycling.com\/wide\/#website\",\"url\":\"https:\/\/www.welovecycling.com\/wide\/\",\"name\":\"\u0160koda We Love Cycling\",\"description\":\"\u0160koda We Love Cycling magazine\",\"alternateName\":\"\u0160koda WLC\",\"potentialAction\":[{\"@type\":\"SearchAction\",\"target\":{\"@type\":\"EntryPoint\",\"urlTemplate\":\"https:\/\/www.welovecycling.com\/wide\/?s={search_term_string}\"},\"query-input\":{\"@type\":\"PropertyValueSpecification\",\"valueRequired\":true,\"valueName\":\"search_term_string\"}}],\"inLanguage\":\"en-US\"},{\"@type\":\"Person\",\"@id\":\"https:\/\/www.welovecycling.com\/wide\/#\/schema\/person\/50f01ecd18718d2333cf72e823c4f926\",\"name\":\"tereza\",\"image\":{\"@type\":\"ImageObject\",\"inLanguage\":\"en-US\",\"@id\":\"https:\/\/www.welovecycling.com\/wide\/#\/schema\/person\/image\/\",\"url\":\"https:\/\/secure.gravatar.com\/avatar\/1f9eb71be33845f0afabce3791bc1c58ecdb0a25c62964987e5dbcf7a20d2ec7?s=96&d=mm&r=g\",\"contentUrl\":\"https:\/\/secure.gravatar.com\/avatar\/1f9eb71be33845f0afabce3791bc1c58ecdb0a25c62964987e5dbcf7a20d2ec7?s=96&d=mm&r=g\",\"caption\":\"tereza\"},\"url\":\"https:\/\/www.welovecycling.com\/wide\/author\/tereza\/\"}]}<\/script>\n<!-- \/ Yoast SEO Premium plugin. -->","yoast_head_json":{"title":"15 Minutes of Cycling Improves Your Memory - \u0160koda We Love Cycling","description":"We all know that cycling is good for your physical health. New science suggests it can be very good for your brain too! Researchers from the University of","robots":{"index":"index","follow":"follow","max-snippet":"max-snippet:-1","max-image-preview":"max-image-preview:large","max-video-preview":"max-video-preview:-1"},"canonical":"https:\/\/www.welovecycling.com\/wide\/2020\/12\/10\/15-minutes-of-cycling-improves-your-memory\/","og_locale":"en_US","og_type":"article","og_title":"15 Minutes of Cycling Improves Your Memory","og_description":"We all know that cycling is good for your physical health. New science suggests it can be very good for your brain too! Researchers from the University of","og_url":"https:\/\/www.welovecycling.com\/wide\/2020\/12\/10\/15-minutes-of-cycling-improves-your-memory\/","og_site_name":"\u0160koda We Love Cycling","article_published_time":"2020-12-10T09:04:34+00:00","article_modified_time":"2020-12-10T09:07:12+00:00","og_image":[{"width":900,"height":600,"url":"https:\/\/d2p6e6u75xmxt8.cloudfront.net\/2\/2020\/12\/Cycling-frost-profimedia-0571706016-CVR.webp","type":"image\/webp"}],"author":"tereza","twitter_card":"summary_large_image","twitter_misc":{"Written by":"Jiri Kaloc","Est. reading time":"5"},"schema":{"@context":"https:\/\/schema.org","@graph":[{"@type":"WebPage","@id":"https:\/\/www.welovecycling.com\/wide\/2020\/12\/10\/15-minutes-of-cycling-improves-your-memory\/","url":"https:\/\/www.welovecycling.com\/wide\/2020\/12\/10\/15-minutes-of-cycling-improves-your-memory\/","name":"15 Minutes of Cycling Improves Your Memory - \u0160koda We Love Cycling","isPartOf":{"@id":"https:\/\/www.welovecycling.com\/wide\/#website"},"primaryImageOfPage":{"@id":"https:\/\/www.welovecycling.com\/wide\/2020\/12\/10\/15-minutes-of-cycling-improves-your-memory\/#primaryimage"},"image":{"@id":"https:\/\/www.welovecycling.com\/wide\/2020\/12\/10\/15-minutes-of-cycling-improves-your-memory\/#primaryimage"},"thumbnailUrl":"https:\/\/d2p6e6u75xmxt8.cloudfront.net\/2\/2020\/12\/Cycling-frost-profimedia-0571706016-CVR.webp","datePublished":"2020-12-10T09:04:34+00:00","dateModified":"2020-12-10T09:07:12+00:00","author":{"@id":"https:\/\/www.welovecycling.com\/wide\/#\/schema\/person\/50f01ecd18718d2333cf72e823c4f926"},"description":"We all know that cycling is good for your physical health. New science suggests it can be very good for your brain too! Researchers from the University of","breadcrumb":{"@id":"https:\/\/www.welovecycling.com\/wide\/2020\/12\/10\/15-minutes-of-cycling-improves-your-memory\/#breadcrumb"},"inLanguage":"en-US","potentialAction":[{"@type":"ReadAction","target":["https:\/\/www.welovecycling.com\/wide\/2020\/12\/10\/15-minutes-of-cycling-improves-your-memory\/"]}]},{"@type":"ImageObject","inLanguage":"en-US","@id":"https:\/\/www.welovecycling.com\/wide\/2020\/12\/10\/15-minutes-of-cycling-improves-your-memory\/#primaryimage","url":"https:\/\/d2p6e6u75xmxt8.cloudfront.net\/2\/2020\/12\/Cycling-frost-profimedia-0571706016-CVR.webp","contentUrl":"https:\/\/d2p6e6u75xmxt8.cloudfront.net\/2\/2020\/12\/Cycling-frost-profimedia-0571706016-CVR.webp","width":900,"height":600,"caption":"Cycling in frost"},{"@type":"BreadcrumbList","@id":"https:\/\/www.welovecycling.com\/wide\/2020\/12\/10\/15-minutes-of-cycling-improves-your-memory\/#breadcrumb","itemListElement":[{"@type":"ListItem","position":1,"name":"Home","item":"https:\/\/www.welovecycling.com\/wide\/"},{"@type":"ListItem","position":2,"name":"15 Minutes of Cycling Improves Your Memory"}]},{"@type":"WebSite","@id":"https:\/\/www.welovecycling.com\/wide\/#website","url":"https:\/\/www.welovecycling.com\/wide\/","name":"\u0160koda We Love Cycling","description":"\u0160koda We Love Cycling magazine","alternateName":"\u0160koda WLC","potentialAction":[{"@type":"SearchAction","target":{"@type":"EntryPoint","urlTemplate":"https:\/\/www.welovecycling.com\/wide\/?s={search_term_string}"},"query-input":{"@type":"PropertyValueSpecification","valueRequired":true,"valueName":"search_term_string"}}],"inLanguage":"en-US"},{"@type":"Person","@id":"https:\/\/www.welovecycling.com\/wide\/#\/schema\/person\/50f01ecd18718d2333cf72e823c4f926","name":"tereza","image":{"@type":"ImageObject","inLanguage":"en-US","@id":"https:\/\/www.welovecycling.com\/wide\/#\/schema\/person\/image\/","url":"https:\/\/secure.gravatar.com\/avatar\/1f9eb71be33845f0afabce3791bc1c58ecdb0a25c62964987e5dbcf7a20d2ec7?s=96&d=mm&r=g","contentUrl":"https:\/\/secure.gravatar.com\/avatar\/1f9eb71be33845f0afabce3791bc1c58ecdb0a25c62964987e5dbcf7a20d2ec7?s=96&d=mm&r=g","caption":"tereza"},"url":"https:\/\/www.welovecycling.com\/wide\/author\/tereza\/"}]}},"_links":{"self":[{"href":"https:\/\/www.welovecycling.com\/wide\/wp-json\/wp\/v2\/posts\/180819","targetHints":{"allow":["GET"]}}],"collection":[{"href":"https:\/\/www.welovecycling.com\/wide\/wp-json\/wp\/v2\/posts"}],"about":[{"href":"https:\/\/www.welovecycling.com\/wide\/wp-json\/wp\/v2\/types\/post"}],"author":[{"embeddable":true,"href":"https:\/\/www.welovecycling.com\/wide\/wp-json\/wp\/v2\/users\/99"}],"replies":[{"embeddable":true,"href":"https:\/\/www.welovecycling.com\/wide\/wp-json\/wp\/v2\/comments?post=180819"}],"version-history":[{"count":2,"href":"https:\/\/www.welovecycling.com\/wide\/wp-json\/wp\/v2\/posts\/180819\/revisions"}],"predecessor-version":[{"id":180826,"href":"https:\/\/www.welovecycling.com\/wide\/wp-json\/wp\/v2\/posts\/180819\/revisions\/180826"}],"wp:featuredmedia":[{"embeddable":true,"href":"https:\/\/www.welovecycling.com\/wide\/wp-json\/wp\/v2\/media\/180821"}],"wp:attachment":[{"href":"https:\/\/www.welovecycling.com\/wide\/wp-json\/wp\/v2\/media?parent=180819"}],"wp:term":[{"taxonomy":"category","embeddable":true,"href":"https:\/\/www.welovecycling.com\/wide\/wp-json\/wp\/v2\/categories?post=180819"},{"taxonomy":"post_tag","embeddable":true,"href":"https:\/\/www.welovecycling.com\/wide\/wp-json\/wp\/v2\/tags?post=180819"},{"taxonomy":"global-categories","embeddable":true,"href":"https:\/\/www.welovecycling.com\/wide\/wp-json\/wp\/v2\/global-categories?post=180819"}],"curies":[{"name":"wp","href":"https:\/\/api.w.org\/{rel}","templated":true}]}}