{"id":180726,"date":"2020-12-04T09:45:51","date_gmt":"2020-12-04T09:45:51","guid":{"rendered":"https:\/\/www.welovecycling.com\/wide\/?p=180726"},"modified":"2020-12-04T09:39:44","modified_gmt":"2020-12-04T09:39:44","slug":"5-ways-the-cycling-community-came-together-in-2020","status":"publish","type":"post","link":"https:\/\/www.welovecycling.com\/wide\/2020\/12\/04\/5-ways-the-cycling-community-came-together-in-2020\/","title":{"rendered":"5 Ways the Cycling Community Came Together in 2020"},"content":{"rendered":"<p><strong>This wild rollercoaster of a year is finally drawing to a close. Looking back on the past 12 months, most of us feel a bit baffled at how much (and how little) has happened since we optimistically rang in 2020 as the start of a new year. There has been a great deal of devastation, anxiety, and lamenting the loss of a way of living that many took for granted. To be sure, this will be a year that many will look back on with a heavy heart. There are usually a few bright spots to be found amidst the darkness though, and when it comes to cycling\u2014there\u2019s no arguing with the fact that 2020 featured many instances of the cycling community coming together in beautiful and inspiring ways.\u00a0<\/strong><\/p>\n<p><!--more--><\/p>\n<p>With more people riding bikes than ever before, and cyclists appreciating the freedom of their sport in the deepest and most profound sense, it is worth celebrating just a few of the times the cycling community demonstrated solidarity and strength in the face of challenge and uncertainty.<\/p>\n<h2><strong>Social distance cycling communities brightened our online spaces<\/strong><\/h2>\n<figure id=\"attachment_176108\" aria-describedby=\"caption-attachment-176108\" style=\"width: 1024px\" class=\"wp-caption alignnone\"><a href=\"https:\/\/d2p6e6u75xmxt8.cloudfront.net\/2\/2019\/11\/Friends-MTB-profimedia-0281706401.jpg\"><img loading=\"lazy\" decoding=\"async\" class=\"size-large wp-image-176108\" src=\"https:\/\/d2p6e6u75xmxt8.cloudfront.net\/2\/2019\/11\/Friends-MTB-profimedia-0281706401-1024x681.jpg\" alt=\"Friends Cycling\" width=\"1024\" height=\"681\" \/><\/a><figcaption id=\"caption-attachment-176108\" class=\"wp-caption-text\">If we cannot support each other offline, we can always do it online. \u00a9 Alamy \/ Alamy \/ Profimedia<\/figcaption><\/figure>\n<p>A phrase that most of us had probably never spoken before March 2020, \u201csocial distance\u201d quickly became a cornerstone of our lives and interactions. A troubling and lonely reality ensued for many, and yet\u2014human beings promptly rose to the occasion, proving just how adaptable and resilient we are. One such iteration of this irrepressible spirit was the <a href=\"https:\/\/www.facebook.com\/groups\/215255319880702\">Social Distance Cycling Club<\/a> (and other similar groups). As soon as we were told we needed to stay away from one another, online communities blossomed to help fill the void and let people know they were not alone. If you haven\u2019t joined a cycling community like this, it is not too late. These online spaces are a wonderful way to find inspiration, humour, and support.<\/p>\n<h2><strong>Cycling acknowledged its diversity problem and promised to do better<\/strong><\/h2>\n<p>Beyond the pandemic, 2020 brought another crucial event that would reshape the world around us. The killing of George Floyd and the subsequent uprising prompted a serious reckoning in virtually all facets of society\u2014cycling community included. In response to the events, many teams, organisations, and governing bodies stepped up to the plate to discuss what they could do to support Black Lives Matter and work towards more meaningful representation in cycling.<\/p>\n<p>Initiatives like bike-specific demonstrations brought thousands of cyclists together in solidarity and organisations like USA Cycling and Trek Bikes put their commitment to equality in writing. We saw a proliferation of new programs to promote diversity, including plans that will require all staff members to undergo diversity and inclusion training. Most recently, The Black Cyclists Network was formed to encourage individuals from minority backgrounds to become involved in cycling, and they are organising a series of races, in addition to a training camp in the spring in Malaga, Spain. Of course, we all have a role to play in changing the face of cycling, and we look forward to seeing riders from a more diverse array of backgrounds taking up our beloved sport in the years to come.<\/p>\n<div class=\"embed-controller-wrapper\">\n<blockquote class=\"twitter-tweet\" data-width=\"500\" data-dnt=\"true\">\n<p lang=\"en\" dir=\"ltr\">We created BCN to challenge the status quo and show riders that look like us, that there is a community for them. This project is going to amplify the excellent work we have been doing.<\/p>\n<p>Every Little Helps \ud83d\udda4\u270a\ud83c\udfff<\/p>\n<p>Support the Black Cyclists Network Race Team <a href=\"https:\/\/t.co\/4kTxw6JB2m\">https:\/\/t.co\/4kTxw6JB2m<\/a><\/p>\n<p>&mdash; Black Cyclists Network (@BCNtweet) <a href=\"https:\/\/twitter.com\/BCNtweet\/status\/1273316261456482304?ref_src=twsrc%5Etfw\">June 17, 2020<\/a><\/p><\/blockquote>\n<p><script async data-src=\"https:\/\/platform.twitter.com\/widgets.js\" charset=\"utf-8\"><\/script><\/div>\n<h2><strong>People rode their bikes to help support those on the front lines of the pandemic<\/strong><\/h2>\n<p>In addition to taking to the streets to fight for racial justice and equality, many cyclists also found ways to use their bikes to raise funds for those putting themselves at risk in order to keep others safe. Setting an early example, Geraint Thomas, winner of the 2018 Tour de France, took to his at-home bike trainer in April, booted up Zwift, and rode for an astonishing 12 hours for three days straight to raise money for the United Kingdom\u2019s National Health Service (NHS). Thomas also invited other Zwift riders to join his efforts, and many, such as 12-year-old Mak Larkin took him up on the offer. Mak successfully matched Thomas\u2019s impressive 36 hours on the trainer while also raising more than $4,700 on his own for the NHS.<\/p>\n<p>Zwift rode the momentum and organised a four-week series of fundraiser rides as part of its Tour for All in May. The money raised went to Doctors Without Borders for its COVID-19 crisis fund. Organisations like <a href=\"https:\/\/www.welovecycling.com\/wide\/2017\/01\/18\/bike-project-cycling-changing-lives-refugees-london\/\">The Bike Project<\/a> also undertook a program to deliver bikes to refugees instead of asking them to risk their health on public transport. And these are just a few of the hundreds of ways people used their bikes to fight the impact of the virus and show that the cycling community is too strong to be stopped.<\/p>\n<div class=\"embed-controller-wrapper\">\n<blockquote class=\"twitter-tweet\" data-width=\"500\" data-dnt=\"true\">\n<p lang=\"en\" dir=\"ltr\">The <a href=\"https:\/\/twitter.com\/hashtag\/GiftOfABike?src=hash&amp;ref_src=twsrc%5Etfw\">#GiftOfABike<\/a> is more than just transport. It allows refugees like Maureen to feel freedom, joy &amp; liberty. <\/p>\n<p>This Xmas, can you help us gift more bikes to more refugees? Every penny will be doubled in our match giving campaign. <\/p>\n<p>Donate here to help: <a href=\"https:\/\/t.co\/BMZhdqskvN\">https:\/\/t.co\/BMZhdqskvN<\/a> <a href=\"https:\/\/t.co\/nNCVcgiJ2z\">pic.twitter.com\/nNCVcgiJ2z<\/a><\/p>\n<p>&mdash; The Bike Project \ud83e\udde1 (@The_BikeProject) <a href=\"https:\/\/twitter.com\/The_BikeProject\/status\/1330882817417506816?ref_src=twsrc%5Etfw\">November 23, 2020<\/a><\/p><\/blockquote>\n<p><script async data-src=\"https:\/\/platform.twitter.com\/widgets.js\" charset=\"utf-8\"><\/script><\/div>\n<h2><strong>We talked a lot about mental health and how to improve it<\/strong><\/h2>\n<p>A lot of these fundraising efforts also highlighted the central role that cycling plays in maintaining good mental health in the lives of many. The constraints imposed by the pandemic meant that most go-to coping mechanisms and mood-boosting activities were simply unavailable, not to mention the pervasive tone of isolation and anxiety. More people started thinking about the link between cycling and their mental health and sought to share their experiences with others.<\/p>\n<p><a href=\"https:\/\/www.bikeradar.com\/news\/coronavirus-cycling-mental-health\/\">A survey<\/a> commissioned by BikeRadar and CALM, for example, revealed that 87 per cent of cyclists have used riding to boost their mental health during the coronavirus lockdown. Over a third of those polled admitted to struggling with mental health issues since lockdown began, but nearly nine in ten of respondents agreed that cycling has a positive impact on their mental health and credited it with helping them cope.<\/p>\n<figure id=\"attachment_180730\" aria-describedby=\"caption-attachment-180730\" style=\"width: 1024px\" class=\"wp-caption alignnone\"><a href=\"https:\/\/d2p6e6u75xmxt8.cloudfront.net\/2\/2020\/12\/Cycling-woods-nature-profimedia-0573531068.jpg\"><img loading=\"lazy\" decoding=\"async\" class=\"size-large wp-image-180730\" src=\"https:\/\/d2p6e6u75xmxt8.cloudfront.net\/2\/2020\/12\/Cycling-woods-nature-profimedia-0573531068-1024x682.jpg\" alt=\"Cyclist in the woods\" width=\"1024\" height=\"682\" \/><\/a><figcaption id=\"caption-attachment-180730\" class=\"wp-caption-text\">Nine in ten agree cycling has a positive impact on their mental well-being. \u00a9 Profimedia<\/figcaption><\/figure>\n<h2><strong>Cities and governments started listening to the needs of cyclists<\/strong><\/h2>\n<p>Be it for mental health, exercise, transportation, or just to have some fun, people went bike-crazy in 2020. With shops and online retailers recording record numbers, the sport of cycling underwent a major growth spurt. Although those of us who\u2019ve sworn by our bikes for years didn\u2019t need any help understanding why, it was pleasantly surprising to see cities and government officials take note of the trend and start to look for ways to make their communities friendlier for the influx of two-wheel travellers.<\/p>\n<p>Cities from Brussels to Mexico City invested heavily in new cycling infrastructure, building additional cycling paths and lowering speed limits. France vowed to provide residents up to 50 euro for repairs so they can get their bicycles ready for post-lockdown rides and there seems to be a general consensus that more people on bikes is good for everyone. Let\u2019s hope that\u2019s the attitude that carries us into 2021!<\/p>\n","protected":false},"excerpt":{"rendered":"<p>This wild rollercoaster of a year is finally drawing to a close. Looking back on the past 12 months, most [&hellip;]<\/p>\n","protected":false},"author":99,"featured_media":180732,"comment_status":"open","ping_status":"open","sticky":false,"template":"","format":"standard","meta":{"footnotes":""},"categories":[334],"tags":[4667,3945,4664,1080,4665,778,4663,4662],"global-categories":[3366],"class_list":["post-180726","post","type-post","status-publish","format-standard","has-post-thumbnail","hentry","category-socialising-and-culture","tag-bikeradar","tag-covid-19","tag-doctors-without-borders","tag-geraint-thomas","tag-national-health-service","tag-the-bike-project","tag-the-black-cyclists-network","tag-usa-cycling-and-trek-bikes","global-categories-cycling"],"yoast_head":"<!-- This site is optimized with the Yoast SEO Premium plugin v25.3 (Yoast SEO v25.9) - https:\/\/yoast.com\/wordpress\/plugins\/seo\/ -->\n<title>Cycling Community in 2020: How It Came Together - We Love Cycling<\/title>\n<meta name=\"description\" content=\"Let&#039;s celebrate the times the cycling community demonstrated solidarity and strength in the face of challenge and uncertainty.\" \/>\n<meta name=\"robots\" content=\"index, follow, max-snippet:-1, max-image-preview:large, max-video-preview:-1\" \/>\n<link rel=\"canonical\" href=\"https:\/\/www.welovecycling.com\/wide\/2020\/12\/04\/5-ways-the-cycling-community-came-together-in-2020\/\" \/>\n<meta property=\"og:locale\" content=\"en_US\" \/>\n<meta property=\"og:type\" content=\"article\" \/>\n<meta property=\"og:title\" content=\"5 Ways the Cycling Community Came Together in 2020\" \/>\n<meta property=\"og:description\" content=\"Let&#039;s celebrate the times the cycling community demonstrated solidarity and strength in the face of challenge and uncertainty.\" \/>\n<meta property=\"og:url\" content=\"https:\/\/www.welovecycling.com\/wide\/2020\/12\/04\/5-ways-the-cycling-community-came-together-in-2020\/\" \/>\n<meta property=\"og:site_name\" content=\"\u0160koda We Love Cycling\" \/>\n<meta property=\"article:published_time\" content=\"2020-12-04T09:45:51+00:00\" \/>\n<meta property=\"og:image\" content=\"https:\/\/d2p6e6u75xmxt8.cloudfront.net\/2\/2020\/12\/Cyclists-road-pexels-pavel-danilyuk-5807932-CVr.webp\" \/>\n\t<meta property=\"og:image:width\" content=\"900\" \/>\n\t<meta property=\"og:image:height\" content=\"600\" \/>\n\t<meta property=\"og:image:type\" content=\"image\/webp\" \/>\n<meta name=\"author\" content=\"tereza\" \/>\n<meta name=\"twitter:card\" content=\"summary_large_image\" \/>\n<meta name=\"twitter:label1\" content=\"Written by\" \/>\n\t<meta name=\"twitter:data1\" content=\"Megan Flottorp\" \/>\n\t<meta name=\"twitter:label2\" content=\"Est. reading time\" \/>\n\t<meta name=\"twitter:data2\" content=\"7\" \/>\n<script type=\"application\/ld+json\" class=\"yoast-schema-graph\">{\"@context\":\"https:\/\/schema.org\",\"@graph\":[{\"@type\":\"WebPage\",\"@id\":\"https:\/\/www.welovecycling.com\/wide\/2020\/12\/04\/5-ways-the-cycling-community-came-together-in-2020\/\",\"url\":\"https:\/\/www.welovecycling.com\/wide\/2020\/12\/04\/5-ways-the-cycling-community-came-together-in-2020\/\",\"name\":\"Cycling Community in 2020: How It Came Together - We Love Cycling\",\"isPartOf\":{\"@id\":\"https:\/\/www.welovecycling.com\/wide\/#website\"},\"primaryImageOfPage\":{\"@id\":\"https:\/\/www.welovecycling.com\/wide\/2020\/12\/04\/5-ways-the-cycling-community-came-together-in-2020\/#primaryimage\"},\"image\":{\"@id\":\"https:\/\/www.welovecycling.com\/wide\/2020\/12\/04\/5-ways-the-cycling-community-came-together-in-2020\/#primaryimage\"},\"thumbnailUrl\":\"https:\/\/d2p6e6u75xmxt8.cloudfront.net\/2\/2020\/12\/Cyclists-road-pexels-pavel-danilyuk-5807932-CVr.webp\",\"datePublished\":\"2020-12-04T09:45:51+00:00\",\"author\":{\"@id\":\"https:\/\/www.welovecycling.com\/wide\/#\/schema\/person\/50f01ecd18718d2333cf72e823c4f926\"},\"description\":\"Let's celebrate the times the cycling community demonstrated solidarity and strength in the face of challenge and uncertainty.\",\"breadcrumb\":{\"@id\":\"https:\/\/www.welovecycling.com\/wide\/2020\/12\/04\/5-ways-the-cycling-community-came-together-in-2020\/#breadcrumb\"},\"inLanguage\":\"en-US\",\"potentialAction\":[{\"@type\":\"ReadAction\",\"target\":[\"https:\/\/www.welovecycling.com\/wide\/2020\/12\/04\/5-ways-the-cycling-community-came-together-in-2020\/\"]}]},{\"@type\":\"ImageObject\",\"inLanguage\":\"en-US\",\"@id\":\"https:\/\/www.welovecycling.com\/wide\/2020\/12\/04\/5-ways-the-cycling-community-came-together-in-2020\/#primaryimage\",\"url\":\"https:\/\/d2p6e6u75xmxt8.cloudfront.net\/2\/2020\/12\/Cyclists-road-pexels-pavel-danilyuk-5807932-CVr.webp\",\"contentUrl\":\"https:\/\/d2p6e6u75xmxt8.cloudfront.net\/2\/2020\/12\/Cyclists-road-pexels-pavel-danilyuk-5807932-CVr.webp\",\"width\":900,\"height\":600,\"caption\":\"Cyclists on the road\"},{\"@type\":\"BreadcrumbList\",\"@id\":\"https:\/\/www.welovecycling.com\/wide\/2020\/12\/04\/5-ways-the-cycling-community-came-together-in-2020\/#breadcrumb\",\"itemListElement\":[{\"@type\":\"ListItem\",\"position\":1,\"name\":\"Home\",\"item\":\"https:\/\/www.welovecycling.com\/wide\/\"},{\"@type\":\"ListItem\",\"position\":2,\"name\":\"5 Ways the Cycling Community Came Together in 2020\"}]},{\"@type\":\"WebSite\",\"@id\":\"https:\/\/www.welovecycling.com\/wide\/#website\",\"url\":\"https:\/\/www.welovecycling.com\/wide\/\",\"name\":\"\u0160koda We Love Cycling\",\"description\":\"\u0160koda We Love Cycling magazine\",\"alternateName\":\"\u0160koda WLC\",\"potentialAction\":[{\"@type\":\"SearchAction\",\"target\":{\"@type\":\"EntryPoint\",\"urlTemplate\":\"https:\/\/www.welovecycling.com\/wide\/?s={search_term_string}\"},\"query-input\":{\"@type\":\"PropertyValueSpecification\",\"valueRequired\":true,\"valueName\":\"search_term_string\"}}],\"inLanguage\":\"en-US\"},{\"@type\":\"Person\",\"@id\":\"https:\/\/www.welovecycling.com\/wide\/#\/schema\/person\/50f01ecd18718d2333cf72e823c4f926\",\"name\":\"tereza\",\"image\":{\"@type\":\"ImageObject\",\"inLanguage\":\"en-US\",\"@id\":\"https:\/\/www.welovecycling.com\/wide\/#\/schema\/person\/image\/\",\"url\":\"https:\/\/secure.gravatar.com\/avatar\/1f9eb71be33845f0afabce3791bc1c58ecdb0a25c62964987e5dbcf7a20d2ec7?s=96&d=mm&r=g\",\"contentUrl\":\"https:\/\/secure.gravatar.com\/avatar\/1f9eb71be33845f0afabce3791bc1c58ecdb0a25c62964987e5dbcf7a20d2ec7?s=96&d=mm&r=g\",\"caption\":\"tereza\"},\"url\":\"https:\/\/www.welovecycling.com\/wide\/author\/tereza\/\"}]}<\/script>\n<!-- \/ Yoast SEO Premium plugin. -->","yoast_head_json":{"title":"Cycling Community in 2020: How It Came Together - We Love Cycling","description":"Let's celebrate the times the cycling community demonstrated solidarity and strength in the face of challenge and uncertainty.","robots":{"index":"index","follow":"follow","max-snippet":"max-snippet:-1","max-image-preview":"max-image-preview:large","max-video-preview":"max-video-preview:-1"},"canonical":"https:\/\/www.welovecycling.com\/wide\/2020\/12\/04\/5-ways-the-cycling-community-came-together-in-2020\/","og_locale":"en_US","og_type":"article","og_title":"5 Ways the Cycling Community Came Together in 2020","og_description":"Let's celebrate the times the cycling community demonstrated solidarity and strength in the face of challenge and uncertainty.","og_url":"https:\/\/www.welovecycling.com\/wide\/2020\/12\/04\/5-ways-the-cycling-community-came-together-in-2020\/","og_site_name":"\u0160koda We Love Cycling","article_published_time":"2020-12-04T09:45:51+00:00","og_image":[{"width":900,"height":600,"url":"https:\/\/d2p6e6u75xmxt8.cloudfront.net\/2\/2020\/12\/Cyclists-road-pexels-pavel-danilyuk-5807932-CVr.webp","type":"image\/webp"}],"author":"tereza","twitter_card":"summary_large_image","twitter_misc":{"Written by":"Megan Flottorp","Est. reading time":"7"},"schema":{"@context":"https:\/\/schema.org","@graph":[{"@type":"WebPage","@id":"https:\/\/www.welovecycling.com\/wide\/2020\/12\/04\/5-ways-the-cycling-community-came-together-in-2020\/","url":"https:\/\/www.welovecycling.com\/wide\/2020\/12\/04\/5-ways-the-cycling-community-came-together-in-2020\/","name":"Cycling Community in 2020: How It Came Together - We Love Cycling","isPartOf":{"@id":"https:\/\/www.welovecycling.com\/wide\/#website"},"primaryImageOfPage":{"@id":"https:\/\/www.welovecycling.com\/wide\/2020\/12\/04\/5-ways-the-cycling-community-came-together-in-2020\/#primaryimage"},"image":{"@id":"https:\/\/www.welovecycling.com\/wide\/2020\/12\/04\/5-ways-the-cycling-community-came-together-in-2020\/#primaryimage"},"thumbnailUrl":"https:\/\/d2p6e6u75xmxt8.cloudfront.net\/2\/2020\/12\/Cyclists-road-pexels-pavel-danilyuk-5807932-CVr.webp","datePublished":"2020-12-04T09:45:51+00:00","author":{"@id":"https:\/\/www.welovecycling.com\/wide\/#\/schema\/person\/50f01ecd18718d2333cf72e823c4f926"},"description":"Let's celebrate the times the cycling community demonstrated solidarity and strength in the face of challenge and uncertainty.","breadcrumb":{"@id":"https:\/\/www.welovecycling.com\/wide\/2020\/12\/04\/5-ways-the-cycling-community-came-together-in-2020\/#breadcrumb"},"inLanguage":"en-US","potentialAction":[{"@type":"ReadAction","target":["https:\/\/www.welovecycling.com\/wide\/2020\/12\/04\/5-ways-the-cycling-community-came-together-in-2020\/"]}]},{"@type":"ImageObject","inLanguage":"en-US","@id":"https:\/\/www.welovecycling.com\/wide\/2020\/12\/04\/5-ways-the-cycling-community-came-together-in-2020\/#primaryimage","url":"https:\/\/d2p6e6u75xmxt8.cloudfront.net\/2\/2020\/12\/Cyclists-road-pexels-pavel-danilyuk-5807932-CVr.webp","contentUrl":"https:\/\/d2p6e6u75xmxt8.cloudfront.net\/2\/2020\/12\/Cyclists-road-pexels-pavel-danilyuk-5807932-CVr.webp","width":900,"height":600,"caption":"Cyclists on the road"},{"@type":"BreadcrumbList","@id":"https:\/\/www.welovecycling.com\/wide\/2020\/12\/04\/5-ways-the-cycling-community-came-together-in-2020\/#breadcrumb","itemListElement":[{"@type":"ListItem","position":1,"name":"Home","item":"https:\/\/www.welovecycling.com\/wide\/"},{"@type":"ListItem","position":2,"name":"5 Ways the Cycling Community Came Together in 2020"}]},{"@type":"WebSite","@id":"https:\/\/www.welovecycling.com\/wide\/#website","url":"https:\/\/www.welovecycling.com\/wide\/","name":"\u0160koda We Love Cycling","description":"\u0160koda We Love Cycling magazine","alternateName":"\u0160koda WLC","potentialAction":[{"@type":"SearchAction","target":{"@type":"EntryPoint","urlTemplate":"https:\/\/www.welovecycling.com\/wide\/?s={search_term_string}"},"query-input":{"@type":"PropertyValueSpecification","valueRequired":true,"valueName":"search_term_string"}}],"inLanguage":"en-US"},{"@type":"Person","@id":"https:\/\/www.welovecycling.com\/wide\/#\/schema\/person\/50f01ecd18718d2333cf72e823c4f926","name":"tereza","image":{"@type":"ImageObject","inLanguage":"en-US","@id":"https:\/\/www.welovecycling.com\/wide\/#\/schema\/person\/image\/","url":"https:\/\/secure.gravatar.com\/avatar\/1f9eb71be33845f0afabce3791bc1c58ecdb0a25c62964987e5dbcf7a20d2ec7?s=96&d=mm&r=g","contentUrl":"https:\/\/secure.gravatar.com\/avatar\/1f9eb71be33845f0afabce3791bc1c58ecdb0a25c62964987e5dbcf7a20d2ec7?s=96&d=mm&r=g","caption":"tereza"},"url":"https:\/\/www.welovecycling.com\/wide\/author\/tereza\/"}]}},"_links":{"self":[{"href":"https:\/\/www.welovecycling.com\/wide\/wp-json\/wp\/v2\/posts\/180726","targetHints":{"allow":["GET"]}}],"collection":[{"href":"https:\/\/www.welovecycling.com\/wide\/wp-json\/wp\/v2\/posts"}],"about":[{"href":"https:\/\/www.welovecycling.com\/wide\/wp-json\/wp\/v2\/types\/post"}],"author":[{"embeddable":true,"href":"https:\/\/www.welovecycling.com\/wide\/wp-json\/wp\/v2\/users\/99"}],"replies":[{"embeddable":true,"href":"https:\/\/www.welovecycling.com\/wide\/wp-json\/wp\/v2\/comments?post=180726"}],"version-history":[{"count":2,"href":"https:\/\/www.welovecycling.com\/wide\/wp-json\/wp\/v2\/posts\/180726\/revisions"}],"predecessor-version":[{"id":180737,"href":"https:\/\/www.welovecycling.com\/wide\/wp-json\/wp\/v2\/posts\/180726\/revisions\/180737"}],"wp:featuredmedia":[{"embeddable":true,"href":"https:\/\/www.welovecycling.com\/wide\/wp-json\/wp\/v2\/media\/180732"}],"wp:attachment":[{"href":"https:\/\/www.welovecycling.com\/wide\/wp-json\/wp\/v2\/media?parent=180726"}],"wp:term":[{"taxonomy":"category","embeddable":true,"href":"https:\/\/www.welovecycling.com\/wide\/wp-json\/wp\/v2\/categories?post=180726"},{"taxonomy":"post_tag","embeddable":true,"href":"https:\/\/www.welovecycling.com\/wide\/wp-json\/wp\/v2\/tags?post=180726"},{"taxonomy":"global-categories","embeddable":true,"href":"https:\/\/www.welovecycling.com\/wide\/wp-json\/wp\/v2\/global-categories?post=180726"}],"curies":[{"name":"wp","href":"https:\/\/api.w.org\/{rel}","templated":true}]}}