{"id":180311,"date":"2020-11-09T11:50:12","date_gmt":"2020-11-09T11:50:12","guid":{"rendered":"https:\/\/www.welovecycling.com\/wide\/?p=180311"},"modified":"2020-11-09T11:52:14","modified_gmt":"2020-11-09T11:52:14","slug":"primoz-roglic-wins-la-vuelta-and-other-cool-news-from-the-world-of-cycling","status":"publish","type":"post","link":"https:\/\/www.welovecycling.com\/wide\/2020\/11\/09\/primoz-roglic-wins-la-vuelta-and-other-cool-news-from-the-world-of-cycling\/","title":{"rendered":"Primo\u017e Rogli\u010d Wins La Vuelta and Other Cool News from the World of Cycling"},"content":{"rendered":"<p><strong>Another Monday is here and our news from the world of cycling with it. So, what did you miss?<\/strong><\/p>\n<p><!--more--><\/p>\n<h2><strong>The Slovenian wins again<\/strong><\/h2>\n<p>Nothing unexpected happened on the final stage of the race and so Primo\u017e Rogli\u010d (Jumbo-Visma) enjoyed a calm ride towards defending the Vuelta title. Asked how he felt about his victory this year compared to last year, he said it was \u201cimpossible to compare\u201d, but the Slovenian was certainly put under more pressure this time around.<\/p>\n<p>He won by 24 seconds, a small margin in comparison with last year\u2019s 2:33. Riding the Tour clearly took its toll but his TT superiority was enough to beat Richard Carapaz (Ineos Grenadiers) in the end.<\/p>\n<p>Congratulations, Primo\u017e. And enjoy that \u0160koda Green Jersey!<\/p>\n<figure id=\"attachment_180317\" aria-describedby=\"caption-attachment-180317\" style=\"width: 1024px\" class=\"wp-caption alignnone\"><a href=\"https:\/\/d2p6e6u75xmxt8.cloudfront.net\/2\/2020\/11\/Roglic-Green-Jersey-profimedia-0568005632.jpg\"><img loading=\"lazy\" decoding=\"async\" class=\"wp-image-180317 size-large\" src=\"https:\/\/d2p6e6u75xmxt8.cloudfront.net\/2\/2020\/11\/Roglic-Green-Jersey-profimedia-0568005632-1024x745.jpg\" alt=\"Rogli\u010d in Green Jersey\" width=\"1024\" height=\"745\" \/><\/a><figcaption id=\"caption-attachment-180317\" class=\"wp-caption-text\">Big congratulations, Primo\u017e! \u00a9 Profimedia<\/figcaption><\/figure>\n<h4><strong>General classification<\/strong><\/h4>\n<p>1. Primo\u017e Rogli\u010d (Jumbo-Visma) \u2013 72:46:12<br \/>\n2. Richard Carapaz (Ineos Grenadiers) + 24 s<br \/>\n3. Hugh Carthy (EF Pro Cycling) + 1:15<br \/>\n4. Dan Martin (Israel Start-Up Nation) + 2:43<br \/>\n5. Enric Mas (Movistar) + 3:36<br \/>\n6. Wout Poels (Bahrain-McLaren) + 7:16<br \/>\n7. David de la Cruz (UAE Team Emirates) + 7:35<br \/>\n8. David Gaudu (Groupama-FDJ) + 7:45<br \/>\n9. Felix Grossschartner (Bora-Hansgrohe) + 8:15<br \/>\n10. Alejandro Valverde (Movistar) + 9:34<\/p>\n<h4><strong>\u0160koda Green Jersey classification<\/strong><\/h4>\n<p>1. Primo\u017e Rogli\u010d (Jumbo-Visma) \u2013 204 pts<br \/>\n2. Richard Carapaz (Ineos Grenadiers) \u2013 133 pts<br \/>\n3. Dan Martin (Israel Start-Up Nation) \u2013 111 pts<\/p>\n<h4><strong>King of the mountains classification<\/strong><\/h4>\n<p>1. Guillaume Martin (Cofidis) \u2013 99 pts<br \/>\n2. Tim Wellens (Lotto-Soudal) \u2013 34 pts<br \/>\n3. Richard Carapaz (Ineos Grenadiers) \u2013 30pts<\/p>\n<h4><strong>Youth classification<\/strong><\/h4>\n<p>1. Enric Mas (Movistar) \u2013 72:49:48<br \/>\n2. David Gaudu (Grouapama-FDJ) + 4:09<br \/>\n3. Aleksandr Vlasov (Astana) + 6:00<\/p>\n<h4><strong>Teams classification<\/strong><\/h4>\n<p>1. Movistar (Esp) \u2013 218:37:21<br \/>\n2. Jumbo-Visma (Ned) + 10:23<br \/>\n3. Astana (Kaz) + 40:09<\/p>\n<h2><strong>What a pretty thing<\/strong><\/h2>\n<figure id=\"attachment_180319\" aria-describedby=\"caption-attachment-180319\" style=\"width: 1024px\" class=\"wp-caption alignnone\"><a href=\"https:\/\/d2p6e6u75xmxt8.cloudfront.net\/2\/2020\/11\/LaVuelta_FB_TopVisual-1.jpg\"><img loading=\"lazy\" decoding=\"async\" class=\"wp-image-180319 size-large\" src=\"https:\/\/d2p6e6u75xmxt8.cloudfront.net\/2\/2020\/11\/LaVuelta_FB_TopVisual-1-1024x650.jpg\" alt=\"\u0160koda ENYAQ iV\" width=\"1024\" height=\"650\" \/><\/a><figcaption id=\"caption-attachment-180319\" class=\"wp-caption-text\">The biggest difference between the ENYAQ iV model and other \u0160koda and race-leading cars is the fact that it&#8217;s fully electric.<\/figcaption><\/figure>\n<h2><strong>He\u2019s doing well!<\/strong><\/h2>\n<div class=\"embed-controller-wrapper\">\n<blockquote class=\"twitter-tweet\" data-width=\"500\" data-dnt=\"true\">\n<p lang=\"en\" dir=\"ltr\">Not content with trying to take the jobs of our carers at <a href=\"https:\/\/twitter.com\/hashtag\/LaVuelta20?src=hash&amp;ref_src=twsrc%5Etfw\">#LaVuelta20<\/a>, <a href=\"https:\/\/twitter.com\/Andrey_Amador?ref_src=twsrc%5Etfw\">@Andrey_Amador<\/a> is now muscling in on our chef \ud83e\udd23 <a href=\"https:\/\/twitter.com\/hashtag\/BreakfastIsServed?src=hash&amp;ref_src=twsrc%5Etfw\">#BreakfastIsServed<\/a> \ud83d\udc68\u200d\ud83c\udf73 <a href=\"https:\/\/t.co\/KB6NwEeiLn\">pic.twitter.com\/KB6NwEeiLn<\/a><\/p>\n<p>&mdash; INEOS Grenadiers (@INEOSGrenadiers) <a href=\"https:\/\/twitter.com\/INEOSGrenadiers\/status\/1323199875123683329?ref_src=twsrc%5Etfw\">November 2, 2020<\/a><\/p><\/blockquote>\n<p><script async data-src=\"https:\/\/platform.twitter.com\/widgets.js\" charset=\"utf-8\"><\/script><\/div>\n<h2><strong>Can relate to this<\/strong><\/h2>\n<div class=\"embed-controller-wrapper\">\n<blockquote class=\"twitter-tweet\" data-width=\"500\" data-dnt=\"true\">\n<p lang=\"en\" dir=\"ltr\">Biggest achievement during hotel quarantine is progressing from C grade to B grade on Zwift.<\/p>\n<p>&mdash; Cameron Meyer (@cammeyercyclist) <a href=\"https:\/\/twitter.com\/cammeyercyclist\/status\/1323210331993198594?ref_src=twsrc%5Etfw\">November 2, 2020<\/a><\/p><\/blockquote>\n<p><script async data-src=\"https:\/\/platform.twitter.com\/widgets.js\" charset=\"utf-8\"><\/script><\/div>\n<h2><strong>Poor cat<\/strong><\/h2>\n<div class=\"embed-controller-wrapper\">\n<blockquote class=\"twitter-tweet\" data-width=\"500\" data-dnt=\"true\">\n<p lang=\"en\" dir=\"ltr\">Two unrelated pieces of news&#8230;<br \/>1. Two days ago the vet told my cat she needed to go on a diet.<br \/>2. Last night, my husband was working late so decided to order himself a takeaway. <a href=\"https:\/\/t.co\/kLRHkMLrss\">pic.twitter.com\/kLRHkMLrss<\/a><\/p>\n<p>&mdash; Hayley Simmonds (@hayleyrsimmonds) <a href=\"https:\/\/twitter.com\/hayleyrsimmonds\/status\/1323932127747080192?ref_src=twsrc%5Etfw\">November 4, 2020<\/a><\/p><\/blockquote>\n<p><script async data-src=\"https:\/\/platform.twitter.com\/widgets.js\" charset=\"utf-8\"><\/script><\/div>\n","protected":false},"excerpt":{"rendered":"<p>Another Monday is here and our news from the world of cycling with it. So, what did you miss?<\/p>\n","protected":false},"author":99,"featured_media":180321,"comment_status":"open","ping_status":"open","sticky":false,"template":"","format":"standard","meta":{"footnotes":""},"categories":[329],"tags":[4506,4367,2718,479,1221,3065],"global-categories":[3366],"class_list":["post-180311","post","type-post","status-publish","format-standard","has-post-thumbnail","hentry","category-road-cycling","tag-2020-la-vuelta","tag-ineos-grenadiers","tag-jumbo-visma","tag-la-vuelta","tag-primoz-roglic","tag-richard-carapaz","global-categories-cycling"],"yoast_head":"<!-- This site is optimized with the Yoast SEO Premium plugin v25.3 (Yoast SEO v25.9) - https:\/\/yoast.com\/wordpress\/plugins\/seo\/ -->\n<title>Primo\u017e Rogli\u010d Wins La Vuelta and Other Cool News from the World of Cycling - \u0160koda We Love Cycling<\/title>\n<meta name=\"description\" content=\"Another Monday is here and our news from the world of cycling with it. So, what did you miss? The Slovenian wins again Nothing unexpected happened on the\" \/>\n<meta name=\"robots\" content=\"index, follow, max-snippet:-1, max-image-preview:large, max-video-preview:-1\" \/>\n<link rel=\"canonical\" href=\"https:\/\/www.welovecycling.com\/wide\/2020\/11\/09\/primoz-roglic-wins-la-vuelta-and-other-cool-news-from-the-world-of-cycling\/\" \/>\n<meta property=\"og:locale\" content=\"en_US\" \/>\n<meta property=\"og:type\" content=\"article\" \/>\n<meta property=\"og:title\" content=\"Primo\u017e Rogli\u010d Wins La Vuelta and Other Cool News from the World of Cycling\" \/>\n<meta property=\"og:description\" content=\"Another Monday is here and our news from the world of cycling with it. So, what did you miss? The Slovenian wins again Nothing unexpected happened on the\" \/>\n<meta property=\"og:url\" content=\"https:\/\/www.welovecycling.com\/wide\/2020\/11\/09\/primoz-roglic-wins-la-vuelta-and-other-cool-news-from-the-world-of-cycling\/\" \/>\n<meta property=\"og:site_name\" content=\"\u0160koda We Love Cycling\" \/>\n<meta property=\"article:published_time\" content=\"2020-11-09T11:50:12+00:00\" \/>\n<meta property=\"article:modified_time\" content=\"2020-11-09T11:52:14+00:00\" \/>\n<meta property=\"og:image\" content=\"https:\/\/d2p6e6u75xmxt8.cloudfront.net\/2\/2020\/11\/Roglic-profimedia-0568003854-CVR.webp\" \/>\n\t<meta property=\"og:image:width\" content=\"900\" \/>\n\t<meta property=\"og:image:height\" content=\"600\" \/>\n\t<meta property=\"og:image:type\" content=\"image\/webp\" \/>\n<meta name=\"author\" content=\"tereza\" \/>\n<meta name=\"twitter:card\" content=\"summary_large_image\" \/>\n<meta name=\"twitter:label1\" content=\"Written by\" \/>\n\t<meta name=\"twitter:data1\" content=\"Monica Buck\" \/>\n\t<meta name=\"twitter:label2\" content=\"Est. reading time\" \/>\n\t<meta name=\"twitter:data2\" content=\"4\" \/>\n<script type=\"application\/ld+json\" class=\"yoast-schema-graph\">{\"@context\":\"https:\/\/schema.org\",\"@graph\":[{\"@type\":\"WebPage\",\"@id\":\"https:\/\/www.welovecycling.com\/wide\/2020\/11\/09\/primoz-roglic-wins-la-vuelta-and-other-cool-news-from-the-world-of-cycling\/\",\"url\":\"https:\/\/www.welovecycling.com\/wide\/2020\/11\/09\/primoz-roglic-wins-la-vuelta-and-other-cool-news-from-the-world-of-cycling\/\",\"name\":\"Primo\u017e Rogli\u010d Wins La Vuelta and Other Cool News from the World of Cycling - \u0160koda We Love Cycling\",\"isPartOf\":{\"@id\":\"https:\/\/www.welovecycling.com\/wide\/#website\"},\"primaryImageOfPage\":{\"@id\":\"https:\/\/www.welovecycling.com\/wide\/2020\/11\/09\/primoz-roglic-wins-la-vuelta-and-other-cool-news-from-the-world-of-cycling\/#primaryimage\"},\"image\":{\"@id\":\"https:\/\/www.welovecycling.com\/wide\/2020\/11\/09\/primoz-roglic-wins-la-vuelta-and-other-cool-news-from-the-world-of-cycling\/#primaryimage\"},\"thumbnailUrl\":\"https:\/\/d2p6e6u75xmxt8.cloudfront.net\/2\/2020\/11\/Roglic-profimedia-0568003854-CVR.webp\",\"datePublished\":\"2020-11-09T11:50:12+00:00\",\"dateModified\":\"2020-11-09T11:52:14+00:00\",\"author\":{\"@id\":\"https:\/\/www.welovecycling.com\/wide\/#\/schema\/person\/50f01ecd18718d2333cf72e823c4f926\"},\"description\":\"Another Monday is here and our news from the world of cycling with it. So, what did you miss? The Slovenian wins again Nothing unexpected happened on the\",\"breadcrumb\":{\"@id\":\"https:\/\/www.welovecycling.com\/wide\/2020\/11\/09\/primoz-roglic-wins-la-vuelta-and-other-cool-news-from-the-world-of-cycling\/#breadcrumb\"},\"inLanguage\":\"en-US\",\"potentialAction\":[{\"@type\":\"ReadAction\",\"target\":[\"https:\/\/www.welovecycling.com\/wide\/2020\/11\/09\/primoz-roglic-wins-la-vuelta-and-other-cool-news-from-the-world-of-cycling\/\"]}]},{\"@type\":\"ImageObject\",\"inLanguage\":\"en-US\",\"@id\":\"https:\/\/www.welovecycling.com\/wide\/2020\/11\/09\/primoz-roglic-wins-la-vuelta-and-other-cool-news-from-the-world-of-cycling\/#primaryimage\",\"url\":\"https:\/\/d2p6e6u75xmxt8.cloudfront.net\/2\/2020\/11\/Roglic-profimedia-0568003854-CVR.webp\",\"contentUrl\":\"https:\/\/d2p6e6u75xmxt8.cloudfront.net\/2\/2020\/11\/Roglic-profimedia-0568003854-CVR.webp\",\"width\":900,\"height\":600,\"caption\":\"Rogli\u010d at La Vuelta 2020\"},{\"@type\":\"BreadcrumbList\",\"@id\":\"https:\/\/www.welovecycling.com\/wide\/2020\/11\/09\/primoz-roglic-wins-la-vuelta-and-other-cool-news-from-the-world-of-cycling\/#breadcrumb\",\"itemListElement\":[{\"@type\":\"ListItem\",\"position\":1,\"name\":\"Home\",\"item\":\"https:\/\/www.welovecycling.com\/wide\/\"},{\"@type\":\"ListItem\",\"position\":2,\"name\":\"Primo\u017e Rogli\u010d Wins La Vuelta and Other Cool News from the World of Cycling\"}]},{\"@type\":\"WebSite\",\"@id\":\"https:\/\/www.welovecycling.com\/wide\/#website\",\"url\":\"https:\/\/www.welovecycling.com\/wide\/\",\"name\":\"\u0160koda We Love Cycling\",\"description\":\"\u0160koda We Love Cycling magazine\",\"alternateName\":\"\u0160koda WLC\",\"potentialAction\":[{\"@type\":\"SearchAction\",\"target\":{\"@type\":\"EntryPoint\",\"urlTemplate\":\"https:\/\/www.welovecycling.com\/wide\/?s={search_term_string}\"},\"query-input\":{\"@type\":\"PropertyValueSpecification\",\"valueRequired\":true,\"valueName\":\"search_term_string\"}}],\"inLanguage\":\"en-US\"},{\"@type\":\"Person\",\"@id\":\"https:\/\/www.welovecycling.com\/wide\/#\/schema\/person\/50f01ecd18718d2333cf72e823c4f926\",\"name\":\"tereza\",\"image\":{\"@type\":\"ImageObject\",\"inLanguage\":\"en-US\",\"@id\":\"https:\/\/www.welovecycling.com\/wide\/#\/schema\/person\/image\/\",\"url\":\"https:\/\/secure.gravatar.com\/avatar\/1f9eb71be33845f0afabce3791bc1c58ecdb0a25c62964987e5dbcf7a20d2ec7?s=96&d=mm&r=g\",\"contentUrl\":\"https:\/\/secure.gravatar.com\/avatar\/1f9eb71be33845f0afabce3791bc1c58ecdb0a25c62964987e5dbcf7a20d2ec7?s=96&d=mm&r=g\",\"caption\":\"tereza\"},\"url\":\"https:\/\/www.welovecycling.com\/wide\/author\/tereza\/\"}]}<\/script>\n<!-- \/ Yoast SEO Premium plugin. -->","yoast_head_json":{"title":"Primo\u017e Rogli\u010d Wins La Vuelta and Other Cool News from the World of Cycling - \u0160koda We Love Cycling","description":"Another Monday is here and our news from the world of cycling with it. So, what did you miss? The Slovenian wins again Nothing unexpected happened on the","robots":{"index":"index","follow":"follow","max-snippet":"max-snippet:-1","max-image-preview":"max-image-preview:large","max-video-preview":"max-video-preview:-1"},"canonical":"https:\/\/www.welovecycling.com\/wide\/2020\/11\/09\/primoz-roglic-wins-la-vuelta-and-other-cool-news-from-the-world-of-cycling\/","og_locale":"en_US","og_type":"article","og_title":"Primo\u017e Rogli\u010d Wins La Vuelta and Other Cool News from the World of Cycling","og_description":"Another Monday is here and our news from the world of cycling with it. So, what did you miss? The Slovenian wins again Nothing unexpected happened on the","og_url":"https:\/\/www.welovecycling.com\/wide\/2020\/11\/09\/primoz-roglic-wins-la-vuelta-and-other-cool-news-from-the-world-of-cycling\/","og_site_name":"\u0160koda We Love Cycling","article_published_time":"2020-11-09T11:50:12+00:00","article_modified_time":"2020-11-09T11:52:14+00:00","og_image":[{"width":900,"height":600,"url":"https:\/\/d2p6e6u75xmxt8.cloudfront.net\/2\/2020\/11\/Roglic-profimedia-0568003854-CVR.webp","type":"image\/webp"}],"author":"tereza","twitter_card":"summary_large_image","twitter_misc":{"Written by":"Monica Buck","Est. reading time":"4"},"schema":{"@context":"https:\/\/schema.org","@graph":[{"@type":"WebPage","@id":"https:\/\/www.welovecycling.com\/wide\/2020\/11\/09\/primoz-roglic-wins-la-vuelta-and-other-cool-news-from-the-world-of-cycling\/","url":"https:\/\/www.welovecycling.com\/wide\/2020\/11\/09\/primoz-roglic-wins-la-vuelta-and-other-cool-news-from-the-world-of-cycling\/","name":"Primo\u017e Rogli\u010d Wins La Vuelta and Other Cool News from the World of Cycling - \u0160koda We Love Cycling","isPartOf":{"@id":"https:\/\/www.welovecycling.com\/wide\/#website"},"primaryImageOfPage":{"@id":"https:\/\/www.welovecycling.com\/wide\/2020\/11\/09\/primoz-roglic-wins-la-vuelta-and-other-cool-news-from-the-world-of-cycling\/#primaryimage"},"image":{"@id":"https:\/\/www.welovecycling.com\/wide\/2020\/11\/09\/primoz-roglic-wins-la-vuelta-and-other-cool-news-from-the-world-of-cycling\/#primaryimage"},"thumbnailUrl":"https:\/\/d2p6e6u75xmxt8.cloudfront.net\/2\/2020\/11\/Roglic-profimedia-0568003854-CVR.webp","datePublished":"2020-11-09T11:50:12+00:00","dateModified":"2020-11-09T11:52:14+00:00","author":{"@id":"https:\/\/www.welovecycling.com\/wide\/#\/schema\/person\/50f01ecd18718d2333cf72e823c4f926"},"description":"Another Monday is here and our news from the world of cycling with it. So, what did you miss? The Slovenian wins again Nothing unexpected happened on the","breadcrumb":{"@id":"https:\/\/www.welovecycling.com\/wide\/2020\/11\/09\/primoz-roglic-wins-la-vuelta-and-other-cool-news-from-the-world-of-cycling\/#breadcrumb"},"inLanguage":"en-US","potentialAction":[{"@type":"ReadAction","target":["https:\/\/www.welovecycling.com\/wide\/2020\/11\/09\/primoz-roglic-wins-la-vuelta-and-other-cool-news-from-the-world-of-cycling\/"]}]},{"@type":"ImageObject","inLanguage":"en-US","@id":"https:\/\/www.welovecycling.com\/wide\/2020\/11\/09\/primoz-roglic-wins-la-vuelta-and-other-cool-news-from-the-world-of-cycling\/#primaryimage","url":"https:\/\/d2p6e6u75xmxt8.cloudfront.net\/2\/2020\/11\/Roglic-profimedia-0568003854-CVR.webp","contentUrl":"https:\/\/d2p6e6u75xmxt8.cloudfront.net\/2\/2020\/11\/Roglic-profimedia-0568003854-CVR.webp","width":900,"height":600,"caption":"Rogli\u010d at La Vuelta 2020"},{"@type":"BreadcrumbList","@id":"https:\/\/www.welovecycling.com\/wide\/2020\/11\/09\/primoz-roglic-wins-la-vuelta-and-other-cool-news-from-the-world-of-cycling\/#breadcrumb","itemListElement":[{"@type":"ListItem","position":1,"name":"Home","item":"https:\/\/www.welovecycling.com\/wide\/"},{"@type":"ListItem","position":2,"name":"Primo\u017e Rogli\u010d Wins La Vuelta and Other Cool News from the World of Cycling"}]},{"@type":"WebSite","@id":"https:\/\/www.welovecycling.com\/wide\/#website","url":"https:\/\/www.welovecycling.com\/wide\/","name":"\u0160koda We Love Cycling","description":"\u0160koda We Love Cycling magazine","alternateName":"\u0160koda WLC","potentialAction":[{"@type":"SearchAction","target":{"@type":"EntryPoint","urlTemplate":"https:\/\/www.welovecycling.com\/wide\/?s={search_term_string}"},"query-input":{"@type":"PropertyValueSpecification","valueRequired":true,"valueName":"search_term_string"}}],"inLanguage":"en-US"},{"@type":"Person","@id":"https:\/\/www.welovecycling.com\/wide\/#\/schema\/person\/50f01ecd18718d2333cf72e823c4f926","name":"tereza","image":{"@type":"ImageObject","inLanguage":"en-US","@id":"https:\/\/www.welovecycling.com\/wide\/#\/schema\/person\/image\/","url":"https:\/\/secure.gravatar.com\/avatar\/1f9eb71be33845f0afabce3791bc1c58ecdb0a25c62964987e5dbcf7a20d2ec7?s=96&d=mm&r=g","contentUrl":"https:\/\/secure.gravatar.com\/avatar\/1f9eb71be33845f0afabce3791bc1c58ecdb0a25c62964987e5dbcf7a20d2ec7?s=96&d=mm&r=g","caption":"tereza"},"url":"https:\/\/www.welovecycling.com\/wide\/author\/tereza\/"}]}},"_links":{"self":[{"href":"https:\/\/www.welovecycling.com\/wide\/wp-json\/wp\/v2\/posts\/180311","targetHints":{"allow":["GET"]}}],"collection":[{"href":"https:\/\/www.welovecycling.com\/wide\/wp-json\/wp\/v2\/posts"}],"about":[{"href":"https:\/\/www.welovecycling.com\/wide\/wp-json\/wp\/v2\/types\/post"}],"author":[{"embeddable":true,"href":"https:\/\/www.welovecycling.com\/wide\/wp-json\/wp\/v2\/users\/99"}],"replies":[{"embeddable":true,"href":"https:\/\/www.welovecycling.com\/wide\/wp-json\/wp\/v2\/comments?post=180311"}],"version-history":[{"count":2,"href":"https:\/\/www.welovecycling.com\/wide\/wp-json\/wp\/v2\/posts\/180311\/revisions"}],"predecessor-version":[{"id":180322,"href":"https:\/\/www.welovecycling.com\/wide\/wp-json\/wp\/v2\/posts\/180311\/revisions\/180322"}],"wp:featuredmedia":[{"embeddable":true,"href":"https:\/\/www.welovecycling.com\/wide\/wp-json\/wp\/v2\/media\/180321"}],"wp:attachment":[{"href":"https:\/\/www.welovecycling.com\/wide\/wp-json\/wp\/v2\/media?parent=180311"}],"wp:term":[{"taxonomy":"category","embeddable":true,"href":"https:\/\/www.welovecycling.com\/wide\/wp-json\/wp\/v2\/categories?post=180311"},{"taxonomy":"post_tag","embeddable":true,"href":"https:\/\/www.welovecycling.com\/wide\/wp-json\/wp\/v2\/tags?post=180311"},{"taxonomy":"global-categories","embeddable":true,"href":"https:\/\/www.welovecycling.com\/wide\/wp-json\/wp\/v2\/global-categories?post=180311"}],"curies":[{"name":"wp","href":"https:\/\/api.w.org\/{rel}","templated":true}]}}