{"id":180243,"date":"2020-11-04T16:39:17","date_gmt":"2020-11-04T16:39:17","guid":{"rendered":"https:\/\/www.welovecycling.com\/wide\/?p=180243"},"modified":"2021-08-03T10:02:12","modified_gmt":"2021-08-03T10:02:12","slug":"a-thorny-story-of-julian-berrendero-one-of-la-vueltas-first-racers","status":"publish","type":"post","link":"https:\/\/www.welovecycling.com\/wide\/2020\/11\/04\/a-thorny-story-of-julian-berrendero-one-of-la-vueltas-first-racers\/","title":{"rendered":"A Thorny Story of Juli\u00e1n Berrendero &#8211; One of La Vuelta\u2019s First Racers"},"content":{"rendered":"<p><strong>The origins of the Spanish Grand Tour as we know it are resembling the beginnings of adventure novels. Born in a difficult environment and struggling to survive, our hero strives to find his place in the complicated and hostile world, dominated by stronger players.<\/strong><\/p>\n<p><!--more--><\/p>\n<p>The unstable political situation and war marked the first decade of La Vuelta as they did the life of one of its first racers and talented cyclists: the life of one Juli\u00e1n Berrendero. This unknown young man appeared at the second edition of La Vuelta in 1936 and unexpectedly posed a threat to the race\u2019s favourite: Gustaaf Deloor. While Deloor ultimately won the race, Berrendero claimed a promising fourth position and joined the <a href=\"https:\/\/www.welovecycling.com\/wide\/2017\/02\/08\/10-iconic-photographs-history-le-tour-de-france-vol-3\/\">1936 Tour<\/a> a month later.<\/p>\n<figure id=\"attachment_180248\" aria-describedby=\"caption-attachment-180248\" style=\"width: 1024px\" class=\"wp-caption alignnone\"><a href=\"https:\/\/d2p6e6u75xmxt8.cloudfront.net\/2\/2020\/11\/Berrendero-profimedia-0067993512.jpg\"><img loading=\"lazy\" decoding=\"async\" class=\"size-large wp-image-180248\" src=\"https:\/\/d2p6e6u75xmxt8.cloudfront.net\/2\/2020\/11\/Berrendero-profimedia-0067993512-1024x715.jpg\" alt=\"Berrendero at the Tour\" width=\"1024\" height=\"715\" \/><\/a><figcaption id=\"caption-attachment-180248\" class=\"wp-caption-text\">At the 1937 Tour. \u00a9 Profimedia<\/figcaption><\/figure>\n<p>Crossing the finish line of the Grande Boucle, Juli\u00e1n learned his own country has plunged into the atrocious Spanish Civil War. The young cyclist decided to stay in France and run a bicycle shop. Still exiled, he signed a document pledging his allegiance to the regime of 1931. When the civil war was over and thousands of Spaniards fled the country, Juli\u00e1n finally embarked on his way back home, driven by homesickness and the wish to see his family. Unfortunately, the minute Berrendero set foot on Spanish soil, he was arrested by the Francoist regime he openly criticized before.<\/p>\n<p>Thus began almost two years of concentration camp imprisonment, malnourishment, and regular corporeal punishments. Fortunately, Berrendero\u2019s cycling career turned the scales for him.<\/p>\n<figure id=\"attachment_180249\" aria-describedby=\"caption-attachment-180249\" style=\"width: 1024px\" class=\"wp-caption alignnone\"><a href=\"https:\/\/d2p6e6u75xmxt8.cloudfront.net\/2\/2020\/11\/Berrendero-profimedia-0067993500.jpg\"><img loading=\"lazy\" decoding=\"async\" class=\"size-large wp-image-180249\" src=\"https:\/\/d2p6e6u75xmxt8.cloudfront.net\/2\/2020\/11\/Berrendero-profimedia-0067993500-1024x722.jpg\" alt=\"Juli\u00e1n Berrendero Tour\" width=\"1024\" height=\"722\" \/><\/a><figcaption id=\"caption-attachment-180249\" class=\"wp-caption-text\">Racing before being imprisoned. \u00a9 Profimedia<\/figcaption><\/figure>\n<p>During the line-up of prisoners of a C\u00e1diz camp, the captain recognized the face and the athletic constitution of one young prisoner and ordered him to follow him to his office. Berrendero obeyed, terrified of what could be ahead. However, to his great surprise, he found the captain in tears, embracing him, explaining he used to be a cyclist as well; the captain and Juli\u00e1n raced together before the war.<\/p>\n<p>In 1941, Berrendero was released and what else could he have done to commemorate this than return to racing. After intensive training and determination, the 1941 and 1942 La Vuelta saw him back, claiming the victory. Juli\u00e1n Berrendero continued his cycling career with an overall balance of 79 major victories. He died aged 83 in 1995. When visiting Madrid, stop by a bicycle <a href=\"https:\/\/www.berrendero.es\/\">shop still bearing his name<\/a>.<\/p>\n","protected":false},"excerpt":{"rendered":"<p>The origins of the Spanish Grand Tour as we know it are resembling the beginnings of adventure novels. Born in [&hellip;]<\/p>\n","protected":false},"author":99,"featured_media":180247,"comment_status":"open","ping_status":"open","sticky":false,"template":"","format":"standard","meta":{"footnotes":""},"categories":[334],"tags":[4549,4548,4546,479,4547],"global-categories":[3366],"class_list":["post-180243","post","type-post","status-publish","format-standard","has-post-thumbnail","hentry","category-socialising-and-culture","tag-cadiz","tag-gustaaf-deeloor","tag-julian-berrendero","tag-la-vuelta","tag-la-vuelta-history","global-categories-cycling"],"yoast_head":"<!-- This site is optimized with the Yoast SEO Premium plugin v25.3 (Yoast SEO v25.9) - https:\/\/yoast.com\/wordpress\/plugins\/seo\/ -->\n<title>A Thorny Story of Juli\u00e1n Berrendero - One of La Vuelta\u2019s First Racers<\/title>\n<meta name=\"description\" content=\"The unstable political situation and war marked the first decade of La Vuelta as they marked the life of Juli\u00e1n Berrendero.\" \/>\n<meta name=\"robots\" content=\"index, follow, max-snippet:-1, max-image-preview:large, max-video-preview:-1\" \/>\n<link rel=\"canonical\" href=\"https:\/\/www.welovecycling.com\/wide\/2020\/11\/04\/a-thorny-story-of-julian-berrendero-one-of-la-vueltas-first-racers\/\" \/>\n<meta property=\"og:locale\" content=\"en_US\" \/>\n<meta property=\"og:type\" content=\"article\" \/>\n<meta property=\"og:title\" content=\"A Thorny Story of Juli\u00e1n Berrendero - One of La Vuelta\u2019s First Racers\" \/>\n<meta property=\"og:description\" content=\"The unstable political situation and war marked the first decade of La Vuelta as they marked the life of Juli\u00e1n Berrendero.\" \/>\n<meta property=\"og:url\" content=\"https:\/\/www.welovecycling.com\/wide\/2020\/11\/04\/a-thorny-story-of-julian-berrendero-one-of-la-vueltas-first-racers\/\" \/>\n<meta property=\"og:site_name\" content=\"\u0160koda We Love Cycling\" \/>\n<meta property=\"article:published_time\" content=\"2020-11-04T16:39:17+00:00\" \/>\n<meta property=\"article:modified_time\" content=\"2021-08-03T10:02:12+00:00\" \/>\n<meta property=\"og:image\" content=\"https:\/\/d2p6e6u75xmxt8.cloudfront.net\/2\/2020\/11\/Julian-Berredero-profimedia-0198403010-CVR.webp\" \/>\n\t<meta property=\"og:image:width\" content=\"900\" \/>\n\t<meta property=\"og:image:height\" content=\"600\" \/>\n\t<meta property=\"og:image:type\" content=\"image\/webp\" \/>\n<meta name=\"author\" content=\"tereza\" \/>\n<meta name=\"twitter:card\" content=\"summary_large_image\" \/>\n<meta name=\"twitter:label1\" content=\"Written by\" \/>\n\t<meta name=\"twitter:data1\" content=\"Tereza Antonova\" \/>\n\t<meta name=\"twitter:label2\" content=\"Est. reading time\" \/>\n\t<meta name=\"twitter:data2\" content=\"5\" \/>\n<script type=\"application\/ld+json\" class=\"yoast-schema-graph\">{\"@context\":\"https:\/\/schema.org\",\"@graph\":[{\"@type\":\"WebPage\",\"@id\":\"https:\/\/www.welovecycling.com\/wide\/2020\/11\/04\/a-thorny-story-of-julian-berrendero-one-of-la-vueltas-first-racers\/\",\"url\":\"https:\/\/www.welovecycling.com\/wide\/2020\/11\/04\/a-thorny-story-of-julian-berrendero-one-of-la-vueltas-first-racers\/\",\"name\":\"A Thorny Story of Juli\u00e1n Berrendero - One of La Vuelta\u2019s First Racers\",\"isPartOf\":{\"@id\":\"https:\/\/www.welovecycling.com\/wide\/#website\"},\"primaryImageOfPage\":{\"@id\":\"https:\/\/www.welovecycling.com\/wide\/2020\/11\/04\/a-thorny-story-of-julian-berrendero-one-of-la-vueltas-first-racers\/#primaryimage\"},\"image\":{\"@id\":\"https:\/\/www.welovecycling.com\/wide\/2020\/11\/04\/a-thorny-story-of-julian-berrendero-one-of-la-vueltas-first-racers\/#primaryimage\"},\"thumbnailUrl\":\"https:\/\/d2p6e6u75xmxt8.cloudfront.net\/2\/2020\/11\/Julian-Berredero-profimedia-0198403010-CVR.webp\",\"datePublished\":\"2020-11-04T16:39:17+00:00\",\"dateModified\":\"2021-08-03T10:02:12+00:00\",\"author\":{\"@id\":\"https:\/\/www.welovecycling.com\/wide\/#\/schema\/person\/50f01ecd18718d2333cf72e823c4f926\"},\"description\":\"The unstable political situation and war marked the first decade of La Vuelta as they marked the life of Juli\u00e1n Berrendero.\",\"breadcrumb\":{\"@id\":\"https:\/\/www.welovecycling.com\/wide\/2020\/11\/04\/a-thorny-story-of-julian-berrendero-one-of-la-vueltas-first-racers\/#breadcrumb\"},\"inLanguage\":\"en-US\",\"potentialAction\":[{\"@type\":\"ReadAction\",\"target\":[\"https:\/\/www.welovecycling.com\/wide\/2020\/11\/04\/a-thorny-story-of-julian-berrendero-one-of-la-vueltas-first-racers\/\"]}]},{\"@type\":\"ImageObject\",\"inLanguage\":\"en-US\",\"@id\":\"https:\/\/www.welovecycling.com\/wide\/2020\/11\/04\/a-thorny-story-of-julian-berrendero-one-of-la-vueltas-first-racers\/#primaryimage\",\"url\":\"https:\/\/d2p6e6u75xmxt8.cloudfront.net\/2\/2020\/11\/Julian-Berredero-profimedia-0198403010-CVR.webp\",\"contentUrl\":\"https:\/\/d2p6e6u75xmxt8.cloudfront.net\/2\/2020\/11\/Julian-Berredero-profimedia-0198403010-CVR.webp\",\"width\":900,\"height\":600,\"caption\":\"Juli\u00e1n Berredero\"},{\"@type\":\"BreadcrumbList\",\"@id\":\"https:\/\/www.welovecycling.com\/wide\/2020\/11\/04\/a-thorny-story-of-julian-berrendero-one-of-la-vueltas-first-racers\/#breadcrumb\",\"itemListElement\":[{\"@type\":\"ListItem\",\"position\":1,\"name\":\"Home\",\"item\":\"https:\/\/www.welovecycling.com\/wide\/\"},{\"@type\":\"ListItem\",\"position\":2,\"name\":\"A Thorny Story of Juli\u00e1n Berrendero &#8211; One of La Vuelta\u2019s First Racers\"}]},{\"@type\":\"WebSite\",\"@id\":\"https:\/\/www.welovecycling.com\/wide\/#website\",\"url\":\"https:\/\/www.welovecycling.com\/wide\/\",\"name\":\"\u0160koda We Love Cycling\",\"description\":\"\u0160koda We Love Cycling magazine\",\"alternateName\":\"\u0160koda WLC\",\"potentialAction\":[{\"@type\":\"SearchAction\",\"target\":{\"@type\":\"EntryPoint\",\"urlTemplate\":\"https:\/\/www.welovecycling.com\/wide\/?s={search_term_string}\"},\"query-input\":{\"@type\":\"PropertyValueSpecification\",\"valueRequired\":true,\"valueName\":\"search_term_string\"}}],\"inLanguage\":\"en-US\"},{\"@type\":\"Person\",\"@id\":\"https:\/\/www.welovecycling.com\/wide\/#\/schema\/person\/50f01ecd18718d2333cf72e823c4f926\",\"name\":\"tereza\",\"image\":{\"@type\":\"ImageObject\",\"inLanguage\":\"en-US\",\"@id\":\"https:\/\/www.welovecycling.com\/wide\/#\/schema\/person\/image\/\",\"url\":\"https:\/\/secure.gravatar.com\/avatar\/1f9eb71be33845f0afabce3791bc1c58ecdb0a25c62964987e5dbcf7a20d2ec7?s=96&d=mm&r=g\",\"contentUrl\":\"https:\/\/secure.gravatar.com\/avatar\/1f9eb71be33845f0afabce3791bc1c58ecdb0a25c62964987e5dbcf7a20d2ec7?s=96&d=mm&r=g\",\"caption\":\"tereza\"},\"url\":\"https:\/\/www.welovecycling.com\/wide\/author\/tereza\/\"}]}<\/script>\n<!-- \/ Yoast SEO Premium plugin. -->","yoast_head_json":{"title":"A Thorny Story of Juli\u00e1n Berrendero - One of La Vuelta\u2019s First Racers","description":"The unstable political situation and war marked the first decade of La Vuelta as they marked the life of Juli\u00e1n Berrendero.","robots":{"index":"index","follow":"follow","max-snippet":"max-snippet:-1","max-image-preview":"max-image-preview:large","max-video-preview":"max-video-preview:-1"},"canonical":"https:\/\/www.welovecycling.com\/wide\/2020\/11\/04\/a-thorny-story-of-julian-berrendero-one-of-la-vueltas-first-racers\/","og_locale":"en_US","og_type":"article","og_title":"A Thorny Story of Juli\u00e1n Berrendero - One of La Vuelta\u2019s First Racers","og_description":"The unstable political situation and war marked the first decade of La Vuelta as they marked the life of Juli\u00e1n Berrendero.","og_url":"https:\/\/www.welovecycling.com\/wide\/2020\/11\/04\/a-thorny-story-of-julian-berrendero-one-of-la-vueltas-first-racers\/","og_site_name":"\u0160koda We Love Cycling","article_published_time":"2020-11-04T16:39:17+00:00","article_modified_time":"2021-08-03T10:02:12+00:00","og_image":[{"width":900,"height":600,"url":"https:\/\/d2p6e6u75xmxt8.cloudfront.net\/2\/2020\/11\/Julian-Berredero-profimedia-0198403010-CVR.webp","type":"image\/webp"}],"author":"tereza","twitter_card":"summary_large_image","twitter_misc":{"Written by":"Tereza Antonova","Est. reading time":"5"},"schema":{"@context":"https:\/\/schema.org","@graph":[{"@type":"WebPage","@id":"https:\/\/www.welovecycling.com\/wide\/2020\/11\/04\/a-thorny-story-of-julian-berrendero-one-of-la-vueltas-first-racers\/","url":"https:\/\/www.welovecycling.com\/wide\/2020\/11\/04\/a-thorny-story-of-julian-berrendero-one-of-la-vueltas-first-racers\/","name":"A Thorny Story of Juli\u00e1n Berrendero - One of La Vuelta\u2019s First Racers","isPartOf":{"@id":"https:\/\/www.welovecycling.com\/wide\/#website"},"primaryImageOfPage":{"@id":"https:\/\/www.welovecycling.com\/wide\/2020\/11\/04\/a-thorny-story-of-julian-berrendero-one-of-la-vueltas-first-racers\/#primaryimage"},"image":{"@id":"https:\/\/www.welovecycling.com\/wide\/2020\/11\/04\/a-thorny-story-of-julian-berrendero-one-of-la-vueltas-first-racers\/#primaryimage"},"thumbnailUrl":"https:\/\/d2p6e6u75xmxt8.cloudfront.net\/2\/2020\/11\/Julian-Berredero-profimedia-0198403010-CVR.webp","datePublished":"2020-11-04T16:39:17+00:00","dateModified":"2021-08-03T10:02:12+00:00","author":{"@id":"https:\/\/www.welovecycling.com\/wide\/#\/schema\/person\/50f01ecd18718d2333cf72e823c4f926"},"description":"The unstable political situation and war marked the first decade of La Vuelta as they marked the life of Juli\u00e1n Berrendero.","breadcrumb":{"@id":"https:\/\/www.welovecycling.com\/wide\/2020\/11\/04\/a-thorny-story-of-julian-berrendero-one-of-la-vueltas-first-racers\/#breadcrumb"},"inLanguage":"en-US","potentialAction":[{"@type":"ReadAction","target":["https:\/\/www.welovecycling.com\/wide\/2020\/11\/04\/a-thorny-story-of-julian-berrendero-one-of-la-vueltas-first-racers\/"]}]},{"@type":"ImageObject","inLanguage":"en-US","@id":"https:\/\/www.welovecycling.com\/wide\/2020\/11\/04\/a-thorny-story-of-julian-berrendero-one-of-la-vueltas-first-racers\/#primaryimage","url":"https:\/\/d2p6e6u75xmxt8.cloudfront.net\/2\/2020\/11\/Julian-Berredero-profimedia-0198403010-CVR.webp","contentUrl":"https:\/\/d2p6e6u75xmxt8.cloudfront.net\/2\/2020\/11\/Julian-Berredero-profimedia-0198403010-CVR.webp","width":900,"height":600,"caption":"Juli\u00e1n Berredero"},{"@type":"BreadcrumbList","@id":"https:\/\/www.welovecycling.com\/wide\/2020\/11\/04\/a-thorny-story-of-julian-berrendero-one-of-la-vueltas-first-racers\/#breadcrumb","itemListElement":[{"@type":"ListItem","position":1,"name":"Home","item":"https:\/\/www.welovecycling.com\/wide\/"},{"@type":"ListItem","position":2,"name":"A Thorny Story of Juli\u00e1n Berrendero &#8211; One of La Vuelta\u2019s First Racers"}]},{"@type":"WebSite","@id":"https:\/\/www.welovecycling.com\/wide\/#website","url":"https:\/\/www.welovecycling.com\/wide\/","name":"\u0160koda We Love Cycling","description":"\u0160koda We Love Cycling magazine","alternateName":"\u0160koda WLC","potentialAction":[{"@type":"SearchAction","target":{"@type":"EntryPoint","urlTemplate":"https:\/\/www.welovecycling.com\/wide\/?s={search_term_string}"},"query-input":{"@type":"PropertyValueSpecification","valueRequired":true,"valueName":"search_term_string"}}],"inLanguage":"en-US"},{"@type":"Person","@id":"https:\/\/www.welovecycling.com\/wide\/#\/schema\/person\/50f01ecd18718d2333cf72e823c4f926","name":"tereza","image":{"@type":"ImageObject","inLanguage":"en-US","@id":"https:\/\/www.welovecycling.com\/wide\/#\/schema\/person\/image\/","url":"https:\/\/secure.gravatar.com\/avatar\/1f9eb71be33845f0afabce3791bc1c58ecdb0a25c62964987e5dbcf7a20d2ec7?s=96&d=mm&r=g","contentUrl":"https:\/\/secure.gravatar.com\/avatar\/1f9eb71be33845f0afabce3791bc1c58ecdb0a25c62964987e5dbcf7a20d2ec7?s=96&d=mm&r=g","caption":"tereza"},"url":"https:\/\/www.welovecycling.com\/wide\/author\/tereza\/"}]}},"_links":{"self":[{"href":"https:\/\/www.welovecycling.com\/wide\/wp-json\/wp\/v2\/posts\/180243","targetHints":{"allow":["GET"]}}],"collection":[{"href":"https:\/\/www.welovecycling.com\/wide\/wp-json\/wp\/v2\/posts"}],"about":[{"href":"https:\/\/www.welovecycling.com\/wide\/wp-json\/wp\/v2\/types\/post"}],"author":[{"embeddable":true,"href":"https:\/\/www.welovecycling.com\/wide\/wp-json\/wp\/v2\/users\/99"}],"replies":[{"embeddable":true,"href":"https:\/\/www.welovecycling.com\/wide\/wp-json\/wp\/v2\/comments?post=180243"}],"version-history":[{"count":2,"href":"https:\/\/www.welovecycling.com\/wide\/wp-json\/wp\/v2\/posts\/180243\/revisions"}],"predecessor-version":[{"id":184866,"href":"https:\/\/www.welovecycling.com\/wide\/wp-json\/wp\/v2\/posts\/180243\/revisions\/184866"}],"wp:featuredmedia":[{"embeddable":true,"href":"https:\/\/www.welovecycling.com\/wide\/wp-json\/wp\/v2\/media\/180247"}],"wp:attachment":[{"href":"https:\/\/www.welovecycling.com\/wide\/wp-json\/wp\/v2\/media?parent=180243"}],"wp:term":[{"taxonomy":"category","embeddable":true,"href":"https:\/\/www.welovecycling.com\/wide\/wp-json\/wp\/v2\/categories?post=180243"},{"taxonomy":"post_tag","embeddable":true,"href":"https:\/\/www.welovecycling.com\/wide\/wp-json\/wp\/v2\/tags?post=180243"},{"taxonomy":"global-categories","embeddable":true,"href":"https:\/\/www.welovecycling.com\/wide\/wp-json\/wp\/v2\/global-categories?post=180243"}],"curies":[{"name":"wp","href":"https:\/\/api.w.org\/{rel}","templated":true}]}}