{"id":180158,"date":"2020-10-30T13:27:41","date_gmt":"2020-10-30T13:27:41","guid":{"rendered":"https:\/\/www.welovecycling.com\/wide\/?p=180158"},"modified":"2020-10-30T13:27:41","modified_gmt":"2020-10-30T13:27:41","slug":"primoz-roglic-still-leads-the-battle-for-the-skoda-green-jersey","status":"publish","type":"post","link":"https:\/\/www.welovecycling.com\/wide\/2020\/10\/30\/primoz-roglic-still-leads-the-battle-for-the-skoda-green-jersey\/","title":{"rendered":"Primo\u017e Rogli\u010d Still Leads the Battle for the \u0160koda Green Jersey"},"content":{"rendered":"<p><strong>The Slovenian pro might have lost the lead in the GC but he is still ahead in the points competition.<\/strong><\/p>\n<p><!--more--><\/p>\n<p>After hard openings of the first eight stages, the climbers got their well-deserved rest during yesterday\u2019s stage and today\u2019s tenth stage should be no different. However, we will see the elevation rise during the weekend again. So, who can we expect to fight for the Green?<\/p>\n<div class=\"embed-controller-wrapper\">\n<blockquote class=\"twitter-tweet\" data-width=\"500\" data-dnt=\"true\">\n<p lang=\"tl\" dir=\"ltr\">\ud83d\udc9a Preparado <a href=\"https:\/\/twitter.com\/rogla?ref_src=twsrc%5Etfw\">@rogla<\/a> para la etapa 10! <\/p>\n<p>Welcoming green Jersey , <a href=\"https:\/\/twitter.com\/rogla?ref_src=twsrc%5Etfw\">@rogla<\/a> \ud83d\udc4b\ud83c\udffc<\/p>\n<p>@Team_JumboVisma <a href=\"https:\/\/twitter.com\/hashtag\/LaVuelta20?src=hash&amp;ref_src=twsrc%5Etfw\">#LaVuelta20<\/a> <a href=\"https:\/\/t.co\/UetR4CnnIM\">pic.twitter.com\/UetR4CnnIM<\/a><\/p>\n<p>&mdash; La Vuelta (@lavuelta) <a href=\"https:\/\/twitter.com\/lavuelta\/status\/1322139099470405633?ref_src=twsrc%5Etfw\">October 30, 2020<\/a><\/p><\/blockquote>\n<p><script async data-src=\"https:\/\/platform.twitter.com\/widgets.js\" charset=\"utf-8\"><\/script><\/div>\n<p>There are four riders within a minute of each other in the front of the GC. Any of them could explode and win himself a stage and possibly even the Green Jersey. The points are awarded according to the placement at the finish line of every single stage. There are intermediate sprints as well but the number of points awarded there (4 points for the fastest rider) does not make much difference in comparison to the stage wins (25 points for the fastest rider).<\/p>\n<p>Primo\u017e Rogli\u010d (Jumbo-Visma) now has a 23-point lead over Richard Carapaz (Ineos Grenadiers). In theory, all it would take for Carapaz to claim the Green is one win and one crack by the Slovenian. Will Rogli\u010d crack though? What do you think?<\/p>\n<div class=\"embed-controller-wrapper\">\n<blockquote class=\"twitter-tweet\" data-width=\"500\" data-dnt=\"true\">\n<p lang=\"es\" dir=\"ltr\">\ud83c\udfc1 Km 3 | Etapa 10 &#8211; Stage 10 | <a href=\"https:\/\/twitter.com\/hashtag\/LaVuelta20?src=hash&amp;ref_src=twsrc%5Etfw\">#LaVuelta20<\/a><\/p>\n<p>\ud83c\uddea\ud83c\uddf8 \u00a1Primeros ataques! Empieza la lucha por la fuga \ud83d\udd25<br \/>\ud83c\uddec\ud83c\udde7 The fight for the break is on! \ud83d\udd25<\/p>\n<p>\ud83d\udcf8: <a href=\"https:\/\/twitter.com\/charlylopezph?ref_src=twsrc%5Etfw\">@charlylopezph<\/a> <\/p>\n<p>\ud83d\udc49<a href=\"https:\/\/t.co\/zqaO4Bw62K\">https:\/\/t.co\/zqaO4Bw62K<\/a> <a href=\"https:\/\/t.co\/ukFkWNC7E3\">pic.twitter.com\/ukFkWNC7E3<\/a><\/p>\n<p>&mdash; La Vuelta (@lavuelta) <a href=\"https:\/\/twitter.com\/lavuelta\/status\/1322145401101819905?ref_src=twsrc%5Etfw\">October 30, 2020<\/a><\/p><\/blockquote>\n<p><script async data-src=\"https:\/\/platform.twitter.com\/widgets.js\" charset=\"utf-8\"><\/script><\/div>\n<p>Dan Martin sits in third and is back in his very top form after a while. He\u2019s got 73 points to his name so he\u2019s not far behind either. We\u2019ll see who\u2019ll be in the lead on the Alto de l&#8217;Angliru.<\/p>\n<p>Who do you think it will be?<\/p>\n<h4><strong>Points classification after stage nine<\/strong><\/h4>\n<p>1. Primo\u017e Rogli\u010d (Jumbo-Visma) &#8211; 104 points<br \/>\n2. Richard Carapaz (Ineos Grenadiers) &#8211; 81 points<br \/>\n3. Dan Martin (Israel Start-Up Nation) &#8211; 73 points<br \/>\n4. Guillaume Martin (Cofidis) &#8211; 50 points<br \/>\n5. Michael Woods (EF Pro Cycling) &#8211; 45 points<br \/>\n6. Hugh Carthy (EF Pro Cycling) &#8211; 45 points<br \/>\n7. Enric Mas (Movistar) &#8211; 42 points<br \/>\n8. Alejandro Valverde (Movistar) &#8211; 40 points<br \/>\n9. Pascal Ackermann (Bora-Hansgrohe) &#8211; 39 points<br \/>\n10. Sepp Kuss (Jumbo-Visma) &#8211; 35 points<\/p>\n","protected":false},"excerpt":{"rendered":"<p>The Slovenian pro might have lost the lead in the GC but he is still ahead in the points competition.<\/p>\n","protected":false},"author":99,"featured_media":180159,"comment_status":"open","ping_status":"open","sticky":false,"template":"","format":"standard","meta":{"footnotes":""},"categories":[329],"tags":[4506,935,479,1221,3065,3453],"global-categories":[3366],"class_list":["post-180158","post","type-post","status-publish","format-standard","has-post-thumbnail","hentry","category-road-cycling","tag-2020-la-vuelta","tag-dan-martin","tag-la-vuelta","tag-primoz-roglic","tag-richard-carapaz","tag-skoda-green-jersey","global-categories-cycling"],"yoast_head":"<!-- This site is optimized with the Yoast SEO Premium plugin v25.3 (Yoast SEO v25.9) - https:\/\/yoast.com\/wordpress\/plugins\/seo\/ -->\n<title>Primo\u017e Rogli\u010d Still Leads the Battle for the \u0160koda Green Jersey - \u0160koda We Love Cycling<\/title>\n<meta name=\"description\" content=\"The Slovenian pro might have lost the lead in the GC but he is still ahead in the points competition. After hard openings of the first eight stages, the\" \/>\n<meta name=\"robots\" content=\"index, follow, max-snippet:-1, max-image-preview:large, max-video-preview:-1\" \/>\n<link rel=\"canonical\" href=\"https:\/\/www.welovecycling.com\/wide\/2020\/10\/30\/primoz-roglic-still-leads-the-battle-for-the-skoda-green-jersey\/\" \/>\n<meta property=\"og:locale\" content=\"en_US\" \/>\n<meta property=\"og:type\" content=\"article\" \/>\n<meta property=\"og:title\" content=\"Primo\u017e Rogli\u010d Still Leads the Battle for the \u0160koda Green Jersey\" \/>\n<meta property=\"og:description\" content=\"The Slovenian pro might have lost the lead in the GC but he is still ahead in the points competition. After hard openings of the first eight stages, the\" \/>\n<meta property=\"og:url\" content=\"https:\/\/www.welovecycling.com\/wide\/2020\/10\/30\/primoz-roglic-still-leads-the-battle-for-the-skoda-green-jersey\/\" \/>\n<meta property=\"og:site_name\" content=\"\u0160koda We Love Cycling\" \/>\n<meta property=\"article:published_time\" content=\"2020-10-30T13:27:41+00:00\" \/>\n<meta property=\"og:image\" content=\"https:\/\/d2p6e6u75xmxt8.cloudfront.net\/2\/2020\/10\/primoz-roglic-profimedia-0566046911-CVR.webp\" \/>\n\t<meta property=\"og:image:width\" content=\"900\" \/>\n\t<meta property=\"og:image:height\" content=\"600\" \/>\n\t<meta property=\"og:image:type\" content=\"image\/webp\" \/>\n<meta name=\"author\" content=\"tereza\" \/>\n<meta name=\"twitter:card\" content=\"summary_large_image\" \/>\n<meta name=\"twitter:label1\" content=\"Written by\" \/>\n\t<meta name=\"twitter:data1\" content=\"Monica Buck\" \/>\n\t<meta name=\"twitter:label2\" content=\"Est. reading time\" \/>\n\t<meta name=\"twitter:data2\" content=\"2 minutes\" \/>\n<script type=\"application\/ld+json\" class=\"yoast-schema-graph\">{\"@context\":\"https:\/\/schema.org\",\"@graph\":[{\"@type\":\"WebPage\",\"@id\":\"https:\/\/www.welovecycling.com\/wide\/2020\/10\/30\/primoz-roglic-still-leads-the-battle-for-the-skoda-green-jersey\/\",\"url\":\"https:\/\/www.welovecycling.com\/wide\/2020\/10\/30\/primoz-roglic-still-leads-the-battle-for-the-skoda-green-jersey\/\",\"name\":\"Primo\u017e Rogli\u010d Still Leads the Battle for the \u0160koda Green Jersey - \u0160koda We Love Cycling\",\"isPartOf\":{\"@id\":\"https:\/\/www.welovecycling.com\/wide\/#website\"},\"primaryImageOfPage\":{\"@id\":\"https:\/\/www.welovecycling.com\/wide\/2020\/10\/30\/primoz-roglic-still-leads-the-battle-for-the-skoda-green-jersey\/#primaryimage\"},\"image\":{\"@id\":\"https:\/\/www.welovecycling.com\/wide\/2020\/10\/30\/primoz-roglic-still-leads-the-battle-for-the-skoda-green-jersey\/#primaryimage\"},\"thumbnailUrl\":\"https:\/\/d2p6e6u75xmxt8.cloudfront.net\/2\/2020\/10\/primoz-roglic-profimedia-0566046911-CVR.webp\",\"datePublished\":\"2020-10-30T13:27:41+00:00\",\"author\":{\"@id\":\"https:\/\/www.welovecycling.com\/wide\/#\/schema\/person\/50f01ecd18718d2333cf72e823c4f926\"},\"description\":\"The Slovenian pro might have lost the lead in the GC but he is still ahead in the points competition. After hard openings of the first eight stages, the\",\"breadcrumb\":{\"@id\":\"https:\/\/www.welovecycling.com\/wide\/2020\/10\/30\/primoz-roglic-still-leads-the-battle-for-the-skoda-green-jersey\/#breadcrumb\"},\"inLanguage\":\"en-US\",\"potentialAction\":[{\"@type\":\"ReadAction\",\"target\":[\"https:\/\/www.welovecycling.com\/wide\/2020\/10\/30\/primoz-roglic-still-leads-the-battle-for-the-skoda-green-jersey\/\"]}]},{\"@type\":\"ImageObject\",\"inLanguage\":\"en-US\",\"@id\":\"https:\/\/www.welovecycling.com\/wide\/2020\/10\/30\/primoz-roglic-still-leads-the-battle-for-the-skoda-green-jersey\/#primaryimage\",\"url\":\"https:\/\/d2p6e6u75xmxt8.cloudfront.net\/2\/2020\/10\/primoz-roglic-profimedia-0566046911-CVR.webp\",\"contentUrl\":\"https:\/\/d2p6e6u75xmxt8.cloudfront.net\/2\/2020\/10\/primoz-roglic-profimedia-0566046911-CVR.webp\",\"width\":900,\"height\":600,\"caption\":\"Primo\u017e Rogli\u010d\"},{\"@type\":\"BreadcrumbList\",\"@id\":\"https:\/\/www.welovecycling.com\/wide\/2020\/10\/30\/primoz-roglic-still-leads-the-battle-for-the-skoda-green-jersey\/#breadcrumb\",\"itemListElement\":[{\"@type\":\"ListItem\",\"position\":1,\"name\":\"Home\",\"item\":\"https:\/\/www.welovecycling.com\/wide\/\"},{\"@type\":\"ListItem\",\"position\":2,\"name\":\"Primo\u017e Rogli\u010d Still Leads the Battle for the \u0160koda Green Jersey\"}]},{\"@type\":\"WebSite\",\"@id\":\"https:\/\/www.welovecycling.com\/wide\/#website\",\"url\":\"https:\/\/www.welovecycling.com\/wide\/\",\"name\":\"\u0160koda We Love Cycling\",\"description\":\"\u0160koda We Love Cycling magazine\",\"alternateName\":\"\u0160koda WLC\",\"potentialAction\":[{\"@type\":\"SearchAction\",\"target\":{\"@type\":\"EntryPoint\",\"urlTemplate\":\"https:\/\/www.welovecycling.com\/wide\/?s={search_term_string}\"},\"query-input\":{\"@type\":\"PropertyValueSpecification\",\"valueRequired\":true,\"valueName\":\"search_term_string\"}}],\"inLanguage\":\"en-US\"},{\"@type\":\"Person\",\"@id\":\"https:\/\/www.welovecycling.com\/wide\/#\/schema\/person\/50f01ecd18718d2333cf72e823c4f926\",\"name\":\"tereza\",\"image\":{\"@type\":\"ImageObject\",\"inLanguage\":\"en-US\",\"@id\":\"https:\/\/www.welovecycling.com\/wide\/#\/schema\/person\/image\/\",\"url\":\"https:\/\/secure.gravatar.com\/avatar\/1f9eb71be33845f0afabce3791bc1c58ecdb0a25c62964987e5dbcf7a20d2ec7?s=96&d=mm&r=g\",\"contentUrl\":\"https:\/\/secure.gravatar.com\/avatar\/1f9eb71be33845f0afabce3791bc1c58ecdb0a25c62964987e5dbcf7a20d2ec7?s=96&d=mm&r=g\",\"caption\":\"tereza\"},\"url\":\"https:\/\/www.welovecycling.com\/wide\/author\/tereza\/\"}]}<\/script>\n<!-- \/ Yoast SEO Premium plugin. -->","yoast_head_json":{"title":"Primo\u017e Rogli\u010d Still Leads the Battle for the \u0160koda Green Jersey - \u0160koda We Love Cycling","description":"The Slovenian pro might have lost the lead in the GC but he is still ahead in the points competition. After hard openings of the first eight stages, the","robots":{"index":"index","follow":"follow","max-snippet":"max-snippet:-1","max-image-preview":"max-image-preview:large","max-video-preview":"max-video-preview:-1"},"canonical":"https:\/\/www.welovecycling.com\/wide\/2020\/10\/30\/primoz-roglic-still-leads-the-battle-for-the-skoda-green-jersey\/","og_locale":"en_US","og_type":"article","og_title":"Primo\u017e Rogli\u010d Still Leads the Battle for the \u0160koda Green Jersey","og_description":"The Slovenian pro might have lost the lead in the GC but he is still ahead in the points competition. After hard openings of the first eight stages, the","og_url":"https:\/\/www.welovecycling.com\/wide\/2020\/10\/30\/primoz-roglic-still-leads-the-battle-for-the-skoda-green-jersey\/","og_site_name":"\u0160koda We Love Cycling","article_published_time":"2020-10-30T13:27:41+00:00","og_image":[{"width":900,"height":600,"url":"https:\/\/d2p6e6u75xmxt8.cloudfront.net\/2\/2020\/10\/primoz-roglic-profimedia-0566046911-CVR.webp","type":"image\/webp"}],"author":"tereza","twitter_card":"summary_large_image","twitter_misc":{"Written by":"Monica Buck","Est. reading time":"2 minutes"},"schema":{"@context":"https:\/\/schema.org","@graph":[{"@type":"WebPage","@id":"https:\/\/www.welovecycling.com\/wide\/2020\/10\/30\/primoz-roglic-still-leads-the-battle-for-the-skoda-green-jersey\/","url":"https:\/\/www.welovecycling.com\/wide\/2020\/10\/30\/primoz-roglic-still-leads-the-battle-for-the-skoda-green-jersey\/","name":"Primo\u017e Rogli\u010d Still Leads the Battle for the \u0160koda Green Jersey - \u0160koda We Love Cycling","isPartOf":{"@id":"https:\/\/www.welovecycling.com\/wide\/#website"},"primaryImageOfPage":{"@id":"https:\/\/www.welovecycling.com\/wide\/2020\/10\/30\/primoz-roglic-still-leads-the-battle-for-the-skoda-green-jersey\/#primaryimage"},"image":{"@id":"https:\/\/www.welovecycling.com\/wide\/2020\/10\/30\/primoz-roglic-still-leads-the-battle-for-the-skoda-green-jersey\/#primaryimage"},"thumbnailUrl":"https:\/\/d2p6e6u75xmxt8.cloudfront.net\/2\/2020\/10\/primoz-roglic-profimedia-0566046911-CVR.webp","datePublished":"2020-10-30T13:27:41+00:00","author":{"@id":"https:\/\/www.welovecycling.com\/wide\/#\/schema\/person\/50f01ecd18718d2333cf72e823c4f926"},"description":"The Slovenian pro might have lost the lead in the GC but he is still ahead in the points competition. After hard openings of the first eight stages, the","breadcrumb":{"@id":"https:\/\/www.welovecycling.com\/wide\/2020\/10\/30\/primoz-roglic-still-leads-the-battle-for-the-skoda-green-jersey\/#breadcrumb"},"inLanguage":"en-US","potentialAction":[{"@type":"ReadAction","target":["https:\/\/www.welovecycling.com\/wide\/2020\/10\/30\/primoz-roglic-still-leads-the-battle-for-the-skoda-green-jersey\/"]}]},{"@type":"ImageObject","inLanguage":"en-US","@id":"https:\/\/www.welovecycling.com\/wide\/2020\/10\/30\/primoz-roglic-still-leads-the-battle-for-the-skoda-green-jersey\/#primaryimage","url":"https:\/\/d2p6e6u75xmxt8.cloudfront.net\/2\/2020\/10\/primoz-roglic-profimedia-0566046911-CVR.webp","contentUrl":"https:\/\/d2p6e6u75xmxt8.cloudfront.net\/2\/2020\/10\/primoz-roglic-profimedia-0566046911-CVR.webp","width":900,"height":600,"caption":"Primo\u017e Rogli\u010d"},{"@type":"BreadcrumbList","@id":"https:\/\/www.welovecycling.com\/wide\/2020\/10\/30\/primoz-roglic-still-leads-the-battle-for-the-skoda-green-jersey\/#breadcrumb","itemListElement":[{"@type":"ListItem","position":1,"name":"Home","item":"https:\/\/www.welovecycling.com\/wide\/"},{"@type":"ListItem","position":2,"name":"Primo\u017e Rogli\u010d Still Leads the Battle for the \u0160koda Green Jersey"}]},{"@type":"WebSite","@id":"https:\/\/www.welovecycling.com\/wide\/#website","url":"https:\/\/www.welovecycling.com\/wide\/","name":"\u0160koda We Love Cycling","description":"\u0160koda We Love Cycling magazine","alternateName":"\u0160koda WLC","potentialAction":[{"@type":"SearchAction","target":{"@type":"EntryPoint","urlTemplate":"https:\/\/www.welovecycling.com\/wide\/?s={search_term_string}"},"query-input":{"@type":"PropertyValueSpecification","valueRequired":true,"valueName":"search_term_string"}}],"inLanguage":"en-US"},{"@type":"Person","@id":"https:\/\/www.welovecycling.com\/wide\/#\/schema\/person\/50f01ecd18718d2333cf72e823c4f926","name":"tereza","image":{"@type":"ImageObject","inLanguage":"en-US","@id":"https:\/\/www.welovecycling.com\/wide\/#\/schema\/person\/image\/","url":"https:\/\/secure.gravatar.com\/avatar\/1f9eb71be33845f0afabce3791bc1c58ecdb0a25c62964987e5dbcf7a20d2ec7?s=96&d=mm&r=g","contentUrl":"https:\/\/secure.gravatar.com\/avatar\/1f9eb71be33845f0afabce3791bc1c58ecdb0a25c62964987e5dbcf7a20d2ec7?s=96&d=mm&r=g","caption":"tereza"},"url":"https:\/\/www.welovecycling.com\/wide\/author\/tereza\/"}]}},"_links":{"self":[{"href":"https:\/\/www.welovecycling.com\/wide\/wp-json\/wp\/v2\/posts\/180158","targetHints":{"allow":["GET"]}}],"collection":[{"href":"https:\/\/www.welovecycling.com\/wide\/wp-json\/wp\/v2\/posts"}],"about":[{"href":"https:\/\/www.welovecycling.com\/wide\/wp-json\/wp\/v2\/types\/post"}],"author":[{"embeddable":true,"href":"https:\/\/www.welovecycling.com\/wide\/wp-json\/wp\/v2\/users\/99"}],"replies":[{"embeddable":true,"href":"https:\/\/www.welovecycling.com\/wide\/wp-json\/wp\/v2\/comments?post=180158"}],"version-history":[{"count":1,"href":"https:\/\/www.welovecycling.com\/wide\/wp-json\/wp\/v2\/posts\/180158\/revisions"}],"predecessor-version":[{"id":180161,"href":"https:\/\/www.welovecycling.com\/wide\/wp-json\/wp\/v2\/posts\/180158\/revisions\/180161"}],"wp:featuredmedia":[{"embeddable":true,"href":"https:\/\/www.welovecycling.com\/wide\/wp-json\/wp\/v2\/media\/180159"}],"wp:attachment":[{"href":"https:\/\/www.welovecycling.com\/wide\/wp-json\/wp\/v2\/media?parent=180158"}],"wp:term":[{"taxonomy":"category","embeddable":true,"href":"https:\/\/www.welovecycling.com\/wide\/wp-json\/wp\/v2\/categories?post=180158"},{"taxonomy":"post_tag","embeddable":true,"href":"https:\/\/www.welovecycling.com\/wide\/wp-json\/wp\/v2\/tags?post=180158"},{"taxonomy":"global-categories","embeddable":true,"href":"https:\/\/www.welovecycling.com\/wide\/wp-json\/wp\/v2\/global-categories?post=180158"}],"curies":[{"name":"wp","href":"https:\/\/api.w.org\/{rel}","templated":true}]}}