{"id":180119,"date":"2020-10-27T12:40:39","date_gmt":"2020-10-27T12:40:39","guid":{"rendered":"https:\/\/www.welovecycling.com\/wide\/?p=180119"},"modified":"2020-10-27T12:40:39","modified_gmt":"2020-10-27T12:40:39","slug":"how-to-take-a-cycling-selfie","status":"publish","type":"post","link":"https:\/\/www.welovecycling.com\/wide\/2020\/10\/27\/how-to-take-a-cycling-selfie\/","title":{"rendered":"How to Take a \u2018BIKIE\u2019"},"content":{"rendered":"<p><strong>Despite collaborating with photographers and film crews, professional biker Richard Gasperotti learned how to use his small action camera to take great cycling selfies. All of the photos below he took on a self-timer mode. Richard explains how to achieve desirable images when riding alone.<\/strong><\/p>\n<p><!--more--><\/p>\n<h2><strong>1. Mountain View Cave &#8211; Slick Rock Moab, USA (2017)<\/strong><\/h2>\n<p><a href=\"https:\/\/d2p6e6u75xmxt8.cloudfront.net\/2\/2020\/10\/1_Mountain-View-Cave.jpg\"><img loading=\"lazy\" decoding=\"async\" class=\"alignnone size-full wp-image-180120\" src=\"https:\/\/d2p6e6u75xmxt8.cloudfront.net\/2\/2020\/10\/1_Mountain-View-Cave.jpg\" alt=\"Mountain View\" width=\"1000\" height=\"750\" \/><\/a><\/p>\n<p>This photo I captured one late afternoon on the <a href=\"https:\/\/www.amazon.com\/GoPro-HERO6-Black-Action-Camera\/dp\/B07FL9SM19\/ref=sr_1_3?dchild=1&amp;keywords=gopro+6&amp;qid=1603798385&amp;sr=8-3\">GoPro 6<\/a> camera set in the opposite corner of the cave. For outdoor shooting, I use a small portable tripod that is easy to store in a bag pocket. The camera features a self-timer that takes a photo each half a second. I only press the shutter release and let it take pictures. The camera creates tons of lame material this way but I pick the good ones and delete the rest. Before adjusting the camera, I consider the composition and try to figure out my position in the frame. It took three attempts to make the final shot depicting me riding the wall over the divide between the light and the shade.<\/p>\n<h2><strong>2. S\u00f6lden in Austria (2018)<\/strong><\/h2>\n<p><a href=\"https:\/\/d2p6e6u75xmxt8.cloudfront.net\/2\/2020\/10\/2_Solden.jpg\"><img loading=\"lazy\" decoding=\"async\" class=\"alignnone size-full wp-image-180121\" src=\"https:\/\/d2p6e6u75xmxt8.cloudfront.net\/2\/2020\/10\/2_Solden.jpg\" alt=\"\" width=\"1008\" height=\"567\" \/><\/a><\/p>\n<p>This photo shows that even an average stone in the middle of the trail is easy to turn into a platform for a big take off when you find a proper angle to shoot. Despite flying not even a metre above the ground, the mountains in the backdrop provide the image with an epic vibe. That is an example of a basic rule when making a photo where the sky meets the ground. My advice is to <a href=\"https:\/\/www.welovecycling.com\/wide\/2020\/10\/26\/completing-the-stoneman-taurista-trail-in-the-austrian-alps-within-two-days\/\">find a trail<\/a> that enables you to ride the bike right on the horizon, which makes your body and bike silhouettes undisturbed and perfectly visible against the blue sky or white clouds. When seeking a perfect spot, I don&#8217;t mind to dismount the bike and spend some time going after a place that allows me to give the camera an unusual perspective. The result is worth it then. The image was taken on a GoPro 7 camera using the same technique as above. I took approximately 270 frames and chose that only one. Cutting a part of the sky in a photo editor changed the composition remarkably. The slopes are now running from the upper corners and the panoramic the size amplifies the final impression.<\/p>\n<h2><strong>3. Grossglockner in Austria (2018)<\/strong><\/h2>\n<p><a href=\"https:\/\/d2p6e6u75xmxt8.cloudfront.net\/2\/2020\/10\/3_Grosglocker.jpg\"><img loading=\"lazy\" decoding=\"async\" class=\"alignnone size-full wp-image-180122\" src=\"https:\/\/d2p6e6u75xmxt8.cloudfront.net\/2\/2020\/10\/3_Grosglocker.jpg\" alt=\"\" width=\"1000\" height=\"750\" \/><\/a><\/p>\n<p>The light conditions are decisive in making great pictures. What I like about the tiny action cameras is their unlimited flexibility. Any time I see the sun peeking over a ridge or when entering a magically illuminated forest, I bring the bike to a halt, fish the camera out from the pocket and shoot a few pictures here and there. Since lots of photos look impressive with the rider facing the camera, I&#8217;m not reluctant to stop and take a look behind my shoulder to check how does the landscape feel from the other side. Different angles might surprise you considerably. That&#8217;s also how I took this cycling selfie on a camera attached to a tree branch using a piece of duct tape I always carry in my backpack. The best image I\u2019ve selected from about 50 frames.<\/p>\n<h2><strong>4. Campement Zmela Labrissa in Tunisia (2019)<\/strong><\/h2>\n<p><a href=\"https:\/\/d2p6e6u75xmxt8.cloudfront.net\/2\/2020\/10\/4_Zmela-Tunisia.jpg\"><img loading=\"lazy\" decoding=\"async\" class=\"alignnone wp-image-180123 size-large\" src=\"https:\/\/d2p6e6u75xmxt8.cloudfront.net\/2\/2020\/10\/4_Zmela-Tunisia-1024x576.jpg\" alt=\"Zmela Tunisia Photo\" width=\"1024\" height=\"576\" \/><\/a>The photo was taken on the GoPro 8 camera during an early-morning photoshoot in the Sahara Desert. Despite the professional photographer who was in charge, I put the action camera on my foldable tripod to create video content for my YouTube channel. A sequence recorded in the best-quality mode enables me to cut stills from the footage with a photo editor app. Even though the final resolution is worse than if the image were to be taken on the photo mode, it is still acceptable for posting as a cycling selfie on Instagram. While positioning the action camera, I always keep in mind the wide angle of the fish-eye lens that changes perspective and turns you into a tiny dot if I put the camera in too much of a distance.<\/p>\n<h2><strong>5. Les Terres Noires, Archail, Alpes-de-Haute-Provence in France (2017)<\/strong><\/h2>\n<p><a href=\"https:\/\/d2p6e6u75xmxt8.cloudfront.net\/2\/2020\/10\/5_Les-Terres-Noires.jpg\"><img loading=\"lazy\" decoding=\"async\" class=\"alignnone size-large wp-image-180124\" src=\"https:\/\/d2p6e6u75xmxt8.cloudfront.net\/2\/2020\/10\/5_Les-Terres-Noires-1024x768.jpg\" alt=\"Les Terres Noires\" width=\"1024\" height=\"768\" \/><\/a><\/p>\n<p>Waiting for the late afternoon was worth it as low sunbeams wonderfully illuminated the whole scene. Before releasing the shutter on the camera hung on a tree, I continually checked the photo scene using the display of my smartphone connected to the camera by Wi-Fi. Standing on the spot of the expected flight trajectory, I moved the GoPro slowly step by step until a perfect composition was achieved, including the shadow cast on the ground.<\/p>\n<h2><strong>6. Radotin in Czechia (2020)<\/strong><\/h2>\n<p><a href=\"https:\/\/d2p6e6u75xmxt8.cloudfront.net\/2\/2020\/10\/6_Radotin.jpg\"><img loading=\"lazy\" decoding=\"async\" class=\"alignnone wp-image-180125 size-large\" src=\"https:\/\/d2p6e6u75xmxt8.cloudfront.net\/2\/2020\/10\/6_Radotin-1024x575.jpg\" alt=\"Cycling selfie Radot\u00edn\" width=\"1024\" height=\"575\" \/><\/a><\/p>\n<p>Once again, a single frame was cut out from the video footage taken by my new action camera DJI Osmo. Putting the camera on the ground and letting it take a cycling selfie from below gives you extra height and highlights you against the sky.<\/p>\n","protected":false},"excerpt":{"rendered":"<p>Despite collaborating with photographers and film crews, professional biker Richard Gasperotti learned how to use his small action camera to [&hellip;]<\/p>\n","protected":false},"author":99,"featured_media":180130,"comment_status":"open","ping_status":"open","sticky":false,"template":"","format":"standard","meta":{"footnotes":""},"categories":[328,334],"tags":[3346,4522,759,4380,465],"global-categories":[3366],"class_list":["post-180119","post","type-post","status-publish","format-standard","has-post-thumbnail","hentry","category-outdoor-mountain","category-socialising-and-culture","tag-bicycle-selfie","tag-bikie","tag-cube-reaction-hybrid-hpa-slt-500","tag-gopro","tag-richard-gasperotti","global-categories-cycling"],"yoast_head":"<!-- This site is optimized with the Yoast SEO Premium plugin v25.3 (Yoast SEO v25.9) - https:\/\/yoast.com\/wordpress\/plugins\/seo\/ -->\n<title>How to Take a Cycling Selfie - We Love Cycling Magazine<\/title>\n<meta name=\"description\" content=\"Despite collaborating with photographers and film crews, Richard Gasperotti learned how to use his small action camera to take great cycling selfies.\" \/>\n<meta name=\"robots\" content=\"index, follow, max-snippet:-1, max-image-preview:large, max-video-preview:-1\" \/>\n<link rel=\"canonical\" href=\"https:\/\/www.welovecycling.com\/wide\/2020\/10\/27\/how-to-take-a-cycling-selfie\/\" \/>\n<meta property=\"og:locale\" content=\"en_US\" \/>\n<meta property=\"og:type\" content=\"article\" \/>\n<meta property=\"og:title\" content=\"How to Take a \u2018BIKIE\u2019\" \/>\n<meta property=\"og:description\" content=\"Despite collaborating with photographers and film crews, Richard Gasperotti learned how to use his small action camera to take great cycling selfies.\" \/>\n<meta property=\"og:url\" content=\"https:\/\/www.welovecycling.com\/wide\/2020\/10\/27\/how-to-take-a-cycling-selfie\/\" \/>\n<meta property=\"og:site_name\" content=\"\u0160koda We Love Cycling\" \/>\n<meta property=\"article:published_time\" content=\"2020-10-27T12:40:39+00:00\" \/>\n<meta property=\"og:image\" content=\"https:\/\/d2p6e6u75xmxt8.cloudfront.net\/2\/2020\/10\/Gaspi-CVR-1.webp\" \/>\n\t<meta property=\"og:image:width\" content=\"900\" \/>\n\t<meta property=\"og:image:height\" content=\"600\" \/>\n\t<meta property=\"og:image:type\" content=\"image\/webp\" \/>\n<meta name=\"author\" content=\"tereza\" \/>\n<meta name=\"twitter:card\" content=\"summary_large_image\" \/>\n<meta name=\"twitter:label1\" content=\"Written by\" \/>\n\t<meta name=\"twitter:data1\" content=\"Adam Marsal\" \/>\n\t<meta name=\"twitter:label2\" content=\"Est. reading time\" \/>\n\t<meta name=\"twitter:data2\" content=\"5\" \/>\n<script type=\"application\/ld+json\" class=\"yoast-schema-graph\">{\"@context\":\"https:\/\/schema.org\",\"@graph\":[{\"@type\":\"WebPage\",\"@id\":\"https:\/\/www.welovecycling.com\/wide\/2020\/10\/27\/how-to-take-a-cycling-selfie\/\",\"url\":\"https:\/\/www.welovecycling.com\/wide\/2020\/10\/27\/how-to-take-a-cycling-selfie\/\",\"name\":\"How to Take a Cycling Selfie - We Love Cycling Magazine\",\"isPartOf\":{\"@id\":\"https:\/\/www.welovecycling.com\/wide\/#website\"},\"primaryImageOfPage\":{\"@id\":\"https:\/\/www.welovecycling.com\/wide\/2020\/10\/27\/how-to-take-a-cycling-selfie\/#primaryimage\"},\"image\":{\"@id\":\"https:\/\/www.welovecycling.com\/wide\/2020\/10\/27\/how-to-take-a-cycling-selfie\/#primaryimage\"},\"thumbnailUrl\":\"https:\/\/d2p6e6u75xmxt8.cloudfront.net\/2\/2020\/10\/Gaspi-CVR-1.webp\",\"datePublished\":\"2020-10-27T12:40:39+00:00\",\"author\":{\"@id\":\"https:\/\/www.welovecycling.com\/wide\/#\/schema\/person\/50f01ecd18718d2333cf72e823c4f926\"},\"description\":\"Despite collaborating with photographers and film crews, Richard Gasperotti learned how to use his small action camera to take great cycling selfies.\",\"breadcrumb\":{\"@id\":\"https:\/\/www.welovecycling.com\/wide\/2020\/10\/27\/how-to-take-a-cycling-selfie\/#breadcrumb\"},\"inLanguage\":\"en-US\",\"potentialAction\":[{\"@type\":\"ReadAction\",\"target\":[\"https:\/\/www.welovecycling.com\/wide\/2020\/10\/27\/how-to-take-a-cycling-selfie\/\"]}]},{\"@type\":\"ImageObject\",\"inLanguage\":\"en-US\",\"@id\":\"https:\/\/www.welovecycling.com\/wide\/2020\/10\/27\/how-to-take-a-cycling-selfie\/#primaryimage\",\"url\":\"https:\/\/d2p6e6u75xmxt8.cloudfront.net\/2\/2020\/10\/Gaspi-CVR-1.webp\",\"contentUrl\":\"https:\/\/d2p6e6u75xmxt8.cloudfront.net\/2\/2020\/10\/Gaspi-CVR-1.webp\",\"width\":900,\"height\":600,\"caption\":\"Gaspi photo\"},{\"@type\":\"BreadcrumbList\",\"@id\":\"https:\/\/www.welovecycling.com\/wide\/2020\/10\/27\/how-to-take-a-cycling-selfie\/#breadcrumb\",\"itemListElement\":[{\"@type\":\"ListItem\",\"position\":1,\"name\":\"Home\",\"item\":\"https:\/\/www.welovecycling.com\/wide\/\"},{\"@type\":\"ListItem\",\"position\":2,\"name\":\"How to Take a \u2018BIKIE\u2019\"}]},{\"@type\":\"WebSite\",\"@id\":\"https:\/\/www.welovecycling.com\/wide\/#website\",\"url\":\"https:\/\/www.welovecycling.com\/wide\/\",\"name\":\"\u0160koda We Love Cycling\",\"description\":\"\u0160koda We Love Cycling magazine\",\"alternateName\":\"\u0160koda WLC\",\"potentialAction\":[{\"@type\":\"SearchAction\",\"target\":{\"@type\":\"EntryPoint\",\"urlTemplate\":\"https:\/\/www.welovecycling.com\/wide\/?s={search_term_string}\"},\"query-input\":{\"@type\":\"PropertyValueSpecification\",\"valueRequired\":true,\"valueName\":\"search_term_string\"}}],\"inLanguage\":\"en-US\"},{\"@type\":\"Person\",\"@id\":\"https:\/\/www.welovecycling.com\/wide\/#\/schema\/person\/50f01ecd18718d2333cf72e823c4f926\",\"name\":\"tereza\",\"image\":{\"@type\":\"ImageObject\",\"inLanguage\":\"en-US\",\"@id\":\"https:\/\/www.welovecycling.com\/wide\/#\/schema\/person\/image\/\",\"url\":\"https:\/\/secure.gravatar.com\/avatar\/1f9eb71be33845f0afabce3791bc1c58ecdb0a25c62964987e5dbcf7a20d2ec7?s=96&d=mm&r=g\",\"contentUrl\":\"https:\/\/secure.gravatar.com\/avatar\/1f9eb71be33845f0afabce3791bc1c58ecdb0a25c62964987e5dbcf7a20d2ec7?s=96&d=mm&r=g\",\"caption\":\"tereza\"},\"url\":\"https:\/\/www.welovecycling.com\/wide\/author\/tereza\/\"}]}<\/script>\n<!-- \/ Yoast SEO Premium plugin. -->","yoast_head_json":{"title":"How to Take a Cycling Selfie - We Love Cycling Magazine","description":"Despite collaborating with photographers and film crews, Richard Gasperotti learned how to use his small action camera to take great cycling selfies.","robots":{"index":"index","follow":"follow","max-snippet":"max-snippet:-1","max-image-preview":"max-image-preview:large","max-video-preview":"max-video-preview:-1"},"canonical":"https:\/\/www.welovecycling.com\/wide\/2020\/10\/27\/how-to-take-a-cycling-selfie\/","og_locale":"en_US","og_type":"article","og_title":"How to Take a \u2018BIKIE\u2019","og_description":"Despite collaborating with photographers and film crews, Richard Gasperotti learned how to use his small action camera to take great cycling selfies.","og_url":"https:\/\/www.welovecycling.com\/wide\/2020\/10\/27\/how-to-take-a-cycling-selfie\/","og_site_name":"\u0160koda We Love Cycling","article_published_time":"2020-10-27T12:40:39+00:00","og_image":[{"width":900,"height":600,"url":"https:\/\/d2p6e6u75xmxt8.cloudfront.net\/2\/2020\/10\/Gaspi-CVR-1.webp","type":"image\/webp"}],"author":"tereza","twitter_card":"summary_large_image","twitter_misc":{"Written by":"Adam Marsal","Est. reading time":"5"},"schema":{"@context":"https:\/\/schema.org","@graph":[{"@type":"WebPage","@id":"https:\/\/www.welovecycling.com\/wide\/2020\/10\/27\/how-to-take-a-cycling-selfie\/","url":"https:\/\/www.welovecycling.com\/wide\/2020\/10\/27\/how-to-take-a-cycling-selfie\/","name":"How to Take a Cycling Selfie - We Love Cycling Magazine","isPartOf":{"@id":"https:\/\/www.welovecycling.com\/wide\/#website"},"primaryImageOfPage":{"@id":"https:\/\/www.welovecycling.com\/wide\/2020\/10\/27\/how-to-take-a-cycling-selfie\/#primaryimage"},"image":{"@id":"https:\/\/www.welovecycling.com\/wide\/2020\/10\/27\/how-to-take-a-cycling-selfie\/#primaryimage"},"thumbnailUrl":"https:\/\/d2p6e6u75xmxt8.cloudfront.net\/2\/2020\/10\/Gaspi-CVR-1.webp","datePublished":"2020-10-27T12:40:39+00:00","author":{"@id":"https:\/\/www.welovecycling.com\/wide\/#\/schema\/person\/50f01ecd18718d2333cf72e823c4f926"},"description":"Despite collaborating with photographers and film crews, Richard Gasperotti learned how to use his small action camera to take great cycling selfies.","breadcrumb":{"@id":"https:\/\/www.welovecycling.com\/wide\/2020\/10\/27\/how-to-take-a-cycling-selfie\/#breadcrumb"},"inLanguage":"en-US","potentialAction":[{"@type":"ReadAction","target":["https:\/\/www.welovecycling.com\/wide\/2020\/10\/27\/how-to-take-a-cycling-selfie\/"]}]},{"@type":"ImageObject","inLanguage":"en-US","@id":"https:\/\/www.welovecycling.com\/wide\/2020\/10\/27\/how-to-take-a-cycling-selfie\/#primaryimage","url":"https:\/\/d2p6e6u75xmxt8.cloudfront.net\/2\/2020\/10\/Gaspi-CVR-1.webp","contentUrl":"https:\/\/d2p6e6u75xmxt8.cloudfront.net\/2\/2020\/10\/Gaspi-CVR-1.webp","width":900,"height":600,"caption":"Gaspi photo"},{"@type":"BreadcrumbList","@id":"https:\/\/www.welovecycling.com\/wide\/2020\/10\/27\/how-to-take-a-cycling-selfie\/#breadcrumb","itemListElement":[{"@type":"ListItem","position":1,"name":"Home","item":"https:\/\/www.welovecycling.com\/wide\/"},{"@type":"ListItem","position":2,"name":"How to Take a \u2018BIKIE\u2019"}]},{"@type":"WebSite","@id":"https:\/\/www.welovecycling.com\/wide\/#website","url":"https:\/\/www.welovecycling.com\/wide\/","name":"\u0160koda We Love Cycling","description":"\u0160koda We Love Cycling magazine","alternateName":"\u0160koda WLC","potentialAction":[{"@type":"SearchAction","target":{"@type":"EntryPoint","urlTemplate":"https:\/\/www.welovecycling.com\/wide\/?s={search_term_string}"},"query-input":{"@type":"PropertyValueSpecification","valueRequired":true,"valueName":"search_term_string"}}],"inLanguage":"en-US"},{"@type":"Person","@id":"https:\/\/www.welovecycling.com\/wide\/#\/schema\/person\/50f01ecd18718d2333cf72e823c4f926","name":"tereza","image":{"@type":"ImageObject","inLanguage":"en-US","@id":"https:\/\/www.welovecycling.com\/wide\/#\/schema\/person\/image\/","url":"https:\/\/secure.gravatar.com\/avatar\/1f9eb71be33845f0afabce3791bc1c58ecdb0a25c62964987e5dbcf7a20d2ec7?s=96&d=mm&r=g","contentUrl":"https:\/\/secure.gravatar.com\/avatar\/1f9eb71be33845f0afabce3791bc1c58ecdb0a25c62964987e5dbcf7a20d2ec7?s=96&d=mm&r=g","caption":"tereza"},"url":"https:\/\/www.welovecycling.com\/wide\/author\/tereza\/"}]}},"_links":{"self":[{"href":"https:\/\/www.welovecycling.com\/wide\/wp-json\/wp\/v2\/posts\/180119","targetHints":{"allow":["GET"]}}],"collection":[{"href":"https:\/\/www.welovecycling.com\/wide\/wp-json\/wp\/v2\/posts"}],"about":[{"href":"https:\/\/www.welovecycling.com\/wide\/wp-json\/wp\/v2\/types\/post"}],"author":[{"embeddable":true,"href":"https:\/\/www.welovecycling.com\/wide\/wp-json\/wp\/v2\/users\/99"}],"replies":[{"embeddable":true,"href":"https:\/\/www.welovecycling.com\/wide\/wp-json\/wp\/v2\/comments?post=180119"}],"version-history":[{"count":1,"href":"https:\/\/www.welovecycling.com\/wide\/wp-json\/wp\/v2\/posts\/180119\/revisions"}],"predecessor-version":[{"id":180127,"href":"https:\/\/www.welovecycling.com\/wide\/wp-json\/wp\/v2\/posts\/180119\/revisions\/180127"}],"wp:featuredmedia":[{"embeddable":true,"href":"https:\/\/www.welovecycling.com\/wide\/wp-json\/wp\/v2\/media\/180130"}],"wp:attachment":[{"href":"https:\/\/www.welovecycling.com\/wide\/wp-json\/wp\/v2\/media?parent=180119"}],"wp:term":[{"taxonomy":"category","embeddable":true,"href":"https:\/\/www.welovecycling.com\/wide\/wp-json\/wp\/v2\/categories?post=180119"},{"taxonomy":"post_tag","embeddable":true,"href":"https:\/\/www.welovecycling.com\/wide\/wp-json\/wp\/v2\/tags?post=180119"},{"taxonomy":"global-categories","embeddable":true,"href":"https:\/\/www.welovecycling.com\/wide\/wp-json\/wp\/v2\/global-categories?post=180119"}],"curies":[{"name":"wp","href":"https:\/\/api.w.org\/{rel}","templated":true}]}}