{"id":179625,"date":"2020-09-23T12:50:15","date_gmt":"2020-09-23T12:50:15","guid":{"rendered":"https:\/\/www.welovecycling.com\/wide\/?p=179625"},"modified":"2020-09-23T12:50:15","modified_gmt":"2020-09-23T12:50:15","slug":"miguel-angel-lopez-will-leave-astana-as-the-team-cannot-afford-him","status":"publish","type":"post","link":"https:\/\/www.welovecycling.com\/wide\/2020\/09\/23\/miguel-angel-lopez-will-leave-astana-as-the-team-cannot-afford-him\/","title":{"rendered":"Miguel \u00c1ngel L\u00f3pez Will Leave Astana as The Team Cannot Afford Him"},"content":{"rendered":"<p><strong>The 26-year-old has been a promising Grand Tour contender for years. And at this year\u2019s Tour, he showed the promise again if only by his stunning win on Col de la Loze, which put him on the podium.<\/strong><\/p>\n<p><!--more--><br \/>\nMiguel \u00c1ngel L\u00f3pez became a Grand Tour-focused rider after his move to the Kazakhstani squad in 2015 and 2018, he finished on the podium at both <a href=\"https:\/\/www.lavuelta.es\/en\/\">La Vuelta<\/a> and the <a href=\"https:\/\/www.welovecycling.com\/wide\/ride-tested\/giro-ditalia\/\">Giro<\/a>. However, he has been inconsistent in recent seasons. That was revealed at this year\u2019s Tour as well after he finished six minutes down on Tadej Poga\u010dar in the time trial of stage 20 and slipped back to the sixth place overall.<\/p>\n<figure id=\"attachment_179627\" aria-describedby=\"caption-attachment-179627\" style=\"width: 1024px\" class=\"wp-caption alignnone\"><a href=\"https:\/\/d2p6e6u75xmxt8.cloudfront.net\/2\/2020\/09\/profimedia-0558805146.jpg\"><img loading=\"lazy\" decoding=\"async\" class=\"wp-image-179627 size-large\" src=\"https:\/\/d2p6e6u75xmxt8.cloudfront.net\/2\/2020\/09\/profimedia-0558805146-1024x582.jpg\" alt=\"Miguel \u00c1ngel L\u00f3pez\" width=\"1024\" height=\"582\" \/><\/a><figcaption id=\"caption-attachment-179627\" class=\"wp-caption-text\">L\u00f3pez he has been inconsistent in recent seasons. \u00a9 Profimedia<\/figcaption><\/figure>\n<p>\u201cIt was a hard day for me, I did all I could but I admit that it was a bad day. Someone always has something to lose and today, it was me who lost the race,\u201d L\u00f3pez admitted at the finish. \u201cI did a good race. During all three weeks, I was up there among the best riders, fighting for the podium and today, I started aiming at the podium but it did not work out. I just missed one day to reach my goal. However, I am happy to be here at the final of my first Tour de France.\u201d<\/p>\n<p>Next year, he\u2019ll have to wear a different jersey. Astana is funded by the Kazakhstani government and has faced repeated financial difficulties in recent years. Back in March, the team\u2019s boss, Alexander Vinokourov, admitted the riders and the staff has not been paid since the start of 2020. Similar problems happened in 2018. It comes as no surprise then that the team cannot afford their star rider.<\/p>\n<p>However, which team can offer Miguel \u00c1ngel L\u00f3pez a position of an outright leader? Is there such a team? What do you think?<\/p>\n","protected":false},"excerpt":{"rendered":"<p>The 26-year-old has been a promising Grand Tour contender for years. And at this year\u2019s Tour, he showed the promise [&hellip;]<\/p>\n","protected":false},"author":99,"featured_media":179626,"comment_status":"open","ping_status":"open","sticky":false,"template":"","format":"standard","meta":{"footnotes":""},"categories":[329],"tags":[4419,1695,3502,2228,3415,433],"global-categories":[3366],"class_list":["post-179625","post","type-post","status-publish","format-standard","has-post-thumbnail","hentry","category-road-cycling","tag-alexander-vinokourov","tag-astana","tag-grand-tour","tag-miguel-angel-lopez","tag-tadej-pogacar","tag-tour-de-france","global-categories-cycling"],"yoast_head":"<!-- This site is optimized with the Yoast SEO Premium plugin v25.3 (Yoast SEO v25.9) - https:\/\/yoast.com\/wordpress\/plugins\/seo\/ -->\n<title>Miguel \u00c1ngel L\u00f3pez Will Leave Astana as The Team Cannot Afford Him<\/title>\n<meta name=\"description\" content=\"The 26-year-old has been a promising Grand Tour contender for years. And at this year\u2019s Tour, he showed the promise again if only by his stunning win on\" \/>\n<meta name=\"robots\" content=\"index, follow, max-snippet:-1, max-image-preview:large, max-video-preview:-1\" \/>\n<link rel=\"canonical\" href=\"https:\/\/www.welovecycling.com\/wide\/2020\/09\/23\/miguel-angel-lopez-will-leave-astana-as-the-team-cannot-afford-him\/\" \/>\n<meta property=\"og:locale\" content=\"en_US\" \/>\n<meta property=\"og:type\" content=\"article\" \/>\n<meta property=\"og:title\" content=\"Miguel \u00c1ngel L\u00f3pez Will Leave Astana as The Team Cannot Afford Him\" \/>\n<meta property=\"og:description\" content=\"The 26-year-old has been a promising Grand Tour contender for years. And at this year\u2019s Tour, he showed the promise again if only by his stunning win on\" \/>\n<meta property=\"og:url\" content=\"https:\/\/www.welovecycling.com\/wide\/2020\/09\/23\/miguel-angel-lopez-will-leave-astana-as-the-team-cannot-afford-him\/\" \/>\n<meta property=\"og:site_name\" content=\"\u0160koda We Love Cycling\" \/>\n<meta property=\"article:published_time\" content=\"2020-09-23T12:50:15+00:00\" \/>\n<meta property=\"og:image\" content=\"https:\/\/d2p6e6u75xmxt8.cloudfront.net\/2\/2020\/09\/Miguel-Angel-Lopez-profimedia-0558626960-CVR.webp\" \/>\n\t<meta property=\"og:image:width\" content=\"900\" \/>\n\t<meta property=\"og:image:height\" content=\"600\" \/>\n\t<meta property=\"og:image:type\" content=\"image\/webp\" \/>\n<meta name=\"author\" content=\"tereza\" \/>\n<meta name=\"twitter:card\" content=\"summary_large_image\" \/>\n<meta name=\"twitter:label1\" content=\"Written by\" \/>\n\t<meta name=\"twitter:data1\" content=\"Monica Buck\" \/>\n\t<meta name=\"twitter:label2\" content=\"Est. reading time\" \/>\n\t<meta name=\"twitter:data2\" content=\"4\" \/>\n<script type=\"application\/ld+json\" class=\"yoast-schema-graph\">{\"@context\":\"https:\/\/schema.org\",\"@graph\":[{\"@type\":\"WebPage\",\"@id\":\"https:\/\/www.welovecycling.com\/wide\/2020\/09\/23\/miguel-angel-lopez-will-leave-astana-as-the-team-cannot-afford-him\/\",\"url\":\"https:\/\/www.welovecycling.com\/wide\/2020\/09\/23\/miguel-angel-lopez-will-leave-astana-as-the-team-cannot-afford-him\/\",\"name\":\"Miguel \u00c1ngel L\u00f3pez Will Leave Astana as The Team Cannot Afford Him\",\"isPartOf\":{\"@id\":\"https:\/\/www.welovecycling.com\/wide\/#website\"},\"primaryImageOfPage\":{\"@id\":\"https:\/\/www.welovecycling.com\/wide\/2020\/09\/23\/miguel-angel-lopez-will-leave-astana-as-the-team-cannot-afford-him\/#primaryimage\"},\"image\":{\"@id\":\"https:\/\/www.welovecycling.com\/wide\/2020\/09\/23\/miguel-angel-lopez-will-leave-astana-as-the-team-cannot-afford-him\/#primaryimage\"},\"thumbnailUrl\":\"https:\/\/d2p6e6u75xmxt8.cloudfront.net\/2\/2020\/09\/Miguel-Angel-Lopez-profimedia-0558626960-CVR.webp\",\"datePublished\":\"2020-09-23T12:50:15+00:00\",\"author\":{\"@id\":\"https:\/\/www.welovecycling.com\/wide\/#\/schema\/person\/50f01ecd18718d2333cf72e823c4f926\"},\"description\":\"The 26-year-old has been a promising Grand Tour contender for years. And at this year\u2019s Tour, he showed the promise again if only by his stunning win on\",\"breadcrumb\":{\"@id\":\"https:\/\/www.welovecycling.com\/wide\/2020\/09\/23\/miguel-angel-lopez-will-leave-astana-as-the-team-cannot-afford-him\/#breadcrumb\"},\"inLanguage\":\"en-US\",\"potentialAction\":[{\"@type\":\"ReadAction\",\"target\":[\"https:\/\/www.welovecycling.com\/wide\/2020\/09\/23\/miguel-angel-lopez-will-leave-astana-as-the-team-cannot-afford-him\/\"]}]},{\"@type\":\"ImageObject\",\"inLanguage\":\"en-US\",\"@id\":\"https:\/\/www.welovecycling.com\/wide\/2020\/09\/23\/miguel-angel-lopez-will-leave-astana-as-the-team-cannot-afford-him\/#primaryimage\",\"url\":\"https:\/\/d2p6e6u75xmxt8.cloudfront.net\/2\/2020\/09\/Miguel-Angel-Lopez-profimedia-0558626960-CVR.webp\",\"contentUrl\":\"https:\/\/d2p6e6u75xmxt8.cloudfront.net\/2\/2020\/09\/Miguel-Angel-Lopez-profimedia-0558626960-CVR.webp\",\"width\":900,\"height\":600,\"caption\":\"Miguel \u00c1ngel Lopez\"},{\"@type\":\"BreadcrumbList\",\"@id\":\"https:\/\/www.welovecycling.com\/wide\/2020\/09\/23\/miguel-angel-lopez-will-leave-astana-as-the-team-cannot-afford-him\/#breadcrumb\",\"itemListElement\":[{\"@type\":\"ListItem\",\"position\":1,\"name\":\"Home\",\"item\":\"https:\/\/www.welovecycling.com\/wide\/\"},{\"@type\":\"ListItem\",\"position\":2,\"name\":\"Miguel \u00c1ngel L\u00f3pez Will Leave Astana as The Team Cannot Afford Him\"}]},{\"@type\":\"WebSite\",\"@id\":\"https:\/\/www.welovecycling.com\/wide\/#website\",\"url\":\"https:\/\/www.welovecycling.com\/wide\/\",\"name\":\"\u0160koda We Love Cycling\",\"description\":\"\u0160koda We Love Cycling magazine\",\"alternateName\":\"\u0160koda WLC\",\"potentialAction\":[{\"@type\":\"SearchAction\",\"target\":{\"@type\":\"EntryPoint\",\"urlTemplate\":\"https:\/\/www.welovecycling.com\/wide\/?s={search_term_string}\"},\"query-input\":{\"@type\":\"PropertyValueSpecification\",\"valueRequired\":true,\"valueName\":\"search_term_string\"}}],\"inLanguage\":\"en-US\"},{\"@type\":\"Person\",\"@id\":\"https:\/\/www.welovecycling.com\/wide\/#\/schema\/person\/50f01ecd18718d2333cf72e823c4f926\",\"name\":\"tereza\",\"image\":{\"@type\":\"ImageObject\",\"inLanguage\":\"en-US\",\"@id\":\"https:\/\/www.welovecycling.com\/wide\/#\/schema\/person\/image\/\",\"url\":\"https:\/\/secure.gravatar.com\/avatar\/1f9eb71be33845f0afabce3791bc1c58ecdb0a25c62964987e5dbcf7a20d2ec7?s=96&d=mm&r=g\",\"contentUrl\":\"https:\/\/secure.gravatar.com\/avatar\/1f9eb71be33845f0afabce3791bc1c58ecdb0a25c62964987e5dbcf7a20d2ec7?s=96&d=mm&r=g\",\"caption\":\"tereza\"},\"url\":\"https:\/\/www.welovecycling.com\/wide\/author\/tereza\/\"}]}<\/script>\n<!-- \/ Yoast SEO Premium plugin. -->","yoast_head_json":{"title":"Miguel \u00c1ngel L\u00f3pez Will Leave Astana as The Team Cannot Afford Him","description":"The 26-year-old has been a promising Grand Tour contender for years. And at this year\u2019s Tour, he showed the promise again if only by his stunning win on","robots":{"index":"index","follow":"follow","max-snippet":"max-snippet:-1","max-image-preview":"max-image-preview:large","max-video-preview":"max-video-preview:-1"},"canonical":"https:\/\/www.welovecycling.com\/wide\/2020\/09\/23\/miguel-angel-lopez-will-leave-astana-as-the-team-cannot-afford-him\/","og_locale":"en_US","og_type":"article","og_title":"Miguel \u00c1ngel L\u00f3pez Will Leave Astana as The Team Cannot Afford Him","og_description":"The 26-year-old has been a promising Grand Tour contender for years. And at this year\u2019s Tour, he showed the promise again if only by his stunning win on","og_url":"https:\/\/www.welovecycling.com\/wide\/2020\/09\/23\/miguel-angel-lopez-will-leave-astana-as-the-team-cannot-afford-him\/","og_site_name":"\u0160koda We Love Cycling","article_published_time":"2020-09-23T12:50:15+00:00","og_image":[{"width":900,"height":600,"url":"https:\/\/d2p6e6u75xmxt8.cloudfront.net\/2\/2020\/09\/Miguel-Angel-Lopez-profimedia-0558626960-CVR.webp","type":"image\/webp"}],"author":"tereza","twitter_card":"summary_large_image","twitter_misc":{"Written by":"Monica Buck","Est. reading time":"4"},"schema":{"@context":"https:\/\/schema.org","@graph":[{"@type":"WebPage","@id":"https:\/\/www.welovecycling.com\/wide\/2020\/09\/23\/miguel-angel-lopez-will-leave-astana-as-the-team-cannot-afford-him\/","url":"https:\/\/www.welovecycling.com\/wide\/2020\/09\/23\/miguel-angel-lopez-will-leave-astana-as-the-team-cannot-afford-him\/","name":"Miguel \u00c1ngel L\u00f3pez Will Leave Astana as The Team Cannot Afford Him","isPartOf":{"@id":"https:\/\/www.welovecycling.com\/wide\/#website"},"primaryImageOfPage":{"@id":"https:\/\/www.welovecycling.com\/wide\/2020\/09\/23\/miguel-angel-lopez-will-leave-astana-as-the-team-cannot-afford-him\/#primaryimage"},"image":{"@id":"https:\/\/www.welovecycling.com\/wide\/2020\/09\/23\/miguel-angel-lopez-will-leave-astana-as-the-team-cannot-afford-him\/#primaryimage"},"thumbnailUrl":"https:\/\/d2p6e6u75xmxt8.cloudfront.net\/2\/2020\/09\/Miguel-Angel-Lopez-profimedia-0558626960-CVR.webp","datePublished":"2020-09-23T12:50:15+00:00","author":{"@id":"https:\/\/www.welovecycling.com\/wide\/#\/schema\/person\/50f01ecd18718d2333cf72e823c4f926"},"description":"The 26-year-old has been a promising Grand Tour contender for years. And at this year\u2019s Tour, he showed the promise again if only by his stunning win on","breadcrumb":{"@id":"https:\/\/www.welovecycling.com\/wide\/2020\/09\/23\/miguel-angel-lopez-will-leave-astana-as-the-team-cannot-afford-him\/#breadcrumb"},"inLanguage":"en-US","potentialAction":[{"@type":"ReadAction","target":["https:\/\/www.welovecycling.com\/wide\/2020\/09\/23\/miguel-angel-lopez-will-leave-astana-as-the-team-cannot-afford-him\/"]}]},{"@type":"ImageObject","inLanguage":"en-US","@id":"https:\/\/www.welovecycling.com\/wide\/2020\/09\/23\/miguel-angel-lopez-will-leave-astana-as-the-team-cannot-afford-him\/#primaryimage","url":"https:\/\/d2p6e6u75xmxt8.cloudfront.net\/2\/2020\/09\/Miguel-Angel-Lopez-profimedia-0558626960-CVR.webp","contentUrl":"https:\/\/d2p6e6u75xmxt8.cloudfront.net\/2\/2020\/09\/Miguel-Angel-Lopez-profimedia-0558626960-CVR.webp","width":900,"height":600,"caption":"Miguel \u00c1ngel Lopez"},{"@type":"BreadcrumbList","@id":"https:\/\/www.welovecycling.com\/wide\/2020\/09\/23\/miguel-angel-lopez-will-leave-astana-as-the-team-cannot-afford-him\/#breadcrumb","itemListElement":[{"@type":"ListItem","position":1,"name":"Home","item":"https:\/\/www.welovecycling.com\/wide\/"},{"@type":"ListItem","position":2,"name":"Miguel \u00c1ngel L\u00f3pez Will Leave Astana as The Team Cannot Afford Him"}]},{"@type":"WebSite","@id":"https:\/\/www.welovecycling.com\/wide\/#website","url":"https:\/\/www.welovecycling.com\/wide\/","name":"\u0160koda We Love Cycling","description":"\u0160koda We Love Cycling magazine","alternateName":"\u0160koda WLC","potentialAction":[{"@type":"SearchAction","target":{"@type":"EntryPoint","urlTemplate":"https:\/\/www.welovecycling.com\/wide\/?s={search_term_string}"},"query-input":{"@type":"PropertyValueSpecification","valueRequired":true,"valueName":"search_term_string"}}],"inLanguage":"en-US"},{"@type":"Person","@id":"https:\/\/www.welovecycling.com\/wide\/#\/schema\/person\/50f01ecd18718d2333cf72e823c4f926","name":"tereza","image":{"@type":"ImageObject","inLanguage":"en-US","@id":"https:\/\/www.welovecycling.com\/wide\/#\/schema\/person\/image\/","url":"https:\/\/secure.gravatar.com\/avatar\/1f9eb71be33845f0afabce3791bc1c58ecdb0a25c62964987e5dbcf7a20d2ec7?s=96&d=mm&r=g","contentUrl":"https:\/\/secure.gravatar.com\/avatar\/1f9eb71be33845f0afabce3791bc1c58ecdb0a25c62964987e5dbcf7a20d2ec7?s=96&d=mm&r=g","caption":"tereza"},"url":"https:\/\/www.welovecycling.com\/wide\/author\/tereza\/"}]}},"_links":{"self":[{"href":"https:\/\/www.welovecycling.com\/wide\/wp-json\/wp\/v2\/posts\/179625","targetHints":{"allow":["GET"]}}],"collection":[{"href":"https:\/\/www.welovecycling.com\/wide\/wp-json\/wp\/v2\/posts"}],"about":[{"href":"https:\/\/www.welovecycling.com\/wide\/wp-json\/wp\/v2\/types\/post"}],"author":[{"embeddable":true,"href":"https:\/\/www.welovecycling.com\/wide\/wp-json\/wp\/v2\/users\/99"}],"replies":[{"embeddable":true,"href":"https:\/\/www.welovecycling.com\/wide\/wp-json\/wp\/v2\/comments?post=179625"}],"version-history":[{"count":2,"href":"https:\/\/www.welovecycling.com\/wide\/wp-json\/wp\/v2\/posts\/179625\/revisions"}],"predecessor-version":[{"id":179630,"href":"https:\/\/www.welovecycling.com\/wide\/wp-json\/wp\/v2\/posts\/179625\/revisions\/179630"}],"wp:featuredmedia":[{"embeddable":true,"href":"https:\/\/www.welovecycling.com\/wide\/wp-json\/wp\/v2\/media\/179626"}],"wp:attachment":[{"href":"https:\/\/www.welovecycling.com\/wide\/wp-json\/wp\/v2\/media?parent=179625"}],"wp:term":[{"taxonomy":"category","embeddable":true,"href":"https:\/\/www.welovecycling.com\/wide\/wp-json\/wp\/v2\/categories?post=179625"},{"taxonomy":"post_tag","embeddable":true,"href":"https:\/\/www.welovecycling.com\/wide\/wp-json\/wp\/v2\/tags?post=179625"},{"taxonomy":"global-categories","embeddable":true,"href":"https:\/\/www.welovecycling.com\/wide\/wp-json\/wp\/v2\/global-categories?post=179625"}],"curies":[{"name":"wp","href":"https:\/\/api.w.org\/{rel}","templated":true}]}}