{"id":179574,"date":"2020-09-21T09:59:59","date_gmt":"2020-09-21T09:59:59","guid":{"rendered":"https:\/\/www.welovecycling.com\/wide\/?p=179574"},"modified":"2020-09-21T09:59:59","modified_gmt":"2020-09-21T09:59:59","slug":"eddy-merckx-versus-the-world-at-the-1971-tour-de-france","status":"publish","type":"post","link":"https:\/\/www.welovecycling.com\/wide\/2020\/09\/21\/eddy-merckx-versus-the-world-at-the-1971-tour-de-france\/","title":{"rendered":"Merckx Versus the World at the 1971 Tour de France"},"content":{"rendered":"<p><strong>Merckx was nicknamed the Cannibal for a reason. He won everything. Not just all of the Grand Tours, classics, and championships but also small criteriums and exhibitions. He was envied by many for his accomplishments and big paychecks. Could all of his top competitors combine their power to take him down at the 1971 Tour?<\/strong><\/p>\n<p><!--more--><\/p>\n<p>The unofficial alliance across many teams had one goal \u2013 prevent Merckx from making the Tour a one-man show yet again. The new generation of climbers, namely Dutchman Joop Zoetemelk, Spaniard Luis Oca\u00f1a, and Frenchman Bernard Th\u00e9venet attacked Merckx right as the Tour arrived at the mountains. Oca\u00f1a won at Puy de D\u00f4me and stole 15 seconds from the Cannibal. Merckx held on to the yellow jersey but the psychological effect was real. The seeds of doubt were sown.<\/p>\n<figure id=\"attachment_179578\" aria-describedby=\"caption-attachment-179578\" style=\"width: 1024px\" class=\"wp-caption alignnone\"><a href=\"https:\/\/d2p6e6u75xmxt8.cloudfront.net\/2\/2020\/09\/profimedia-0068196024.jpg\"><img loading=\"lazy\" decoding=\"async\" class=\"wp-image-179578 size-large\" src=\"https:\/\/d2p6e6u75xmxt8.cloudfront.net\/2\/2020\/09\/profimedia-0068196024-1024x780.jpg\" alt=\"1971 Tour\" width=\"1024\" height=\"780\" \/><\/a><figcaption id=\"caption-attachment-179578\" class=\"wp-caption-text\">Merckx followed by Oca\u00f1a. \u00a9 Profimedia<\/figcaption><\/figure>\n<p>Merckx had a mechanical during a downhill at stage 10. His competitors ignored that and gained 1 minute on him. At stage 11, Oca\u00f1a attacked again and, this time, it was on the first climb of five planned for that day. He set a blazing pace. Merckx wanted to answer but he couldn\u2019t and nobody was willing to help him. He lost the stage by 8 minutes and 42 seconds. Overall, Merckx was trailing by more than 10 minutes. It was an uncharacteristic gap for the Cannibal as he faced potentially the most devastating loss of his career.<\/p>\n<p>\u201cOca\u00f1a was exceptional today,\u201d admits Merckx after the stage.<\/p>\n<p>\u201cHe is at the height of his physical abilities. I can\u2019t imagine it\u2019s possible to bridge the gap he has created. Unless I\u2019m able to get a miraculous second wind or unless he does really poorly, I don\u2019t see him losing the lead.\u201d<\/p>\n<p>Merckx shocked everyone with his statement. Was he already giving up? Not yet. He recovered during the rest day and attacked right from the start of stage 12. He arrived in Marseille half an hour earlier than the fastest expected time. Oca\u00f1a still kept more than 7 minutes of lead.<\/p>\n<figure id=\"attachment_179579\" aria-describedby=\"caption-attachment-179579\" style=\"width: 1024px\" class=\"wp-caption alignnone\"><a href=\"https:\/\/d2p6e6u75xmxt8.cloudfront.net\/2\/2020\/09\/profimedia-0017421579.jpg\"><img loading=\"lazy\" decoding=\"async\" class=\"size-large wp-image-179579\" src=\"https:\/\/d2p6e6u75xmxt8.cloudfront.net\/2\/2020\/09\/profimedia-0017421579-1024x854.jpg\" alt=\"Luis Ocana\" width=\"1024\" height=\"854\" \/><\/a><figcaption id=\"caption-attachment-179579\" class=\"wp-caption-text\">Oca\u00f1a leads in front of Belgian Lucien Van Impe and Dutch Joop Zoetemelk. \u00a9 Profimedia<\/figcaption><\/figure>\n<p>Stage 14 had riders climb Col de Portet d&#8217;Aspet, Col de Ment\u00e9 and Col du Portillon. The weather was terrible. Merckx attacked at Col de Ment\u00e9 but Oca\u00f1a answered. Merckx tried again and again but Oca\u00f1a simply would not be left behind. The bad weather turned worse right before they reached the top of Ment\u00e9. There were thunder, lightning and heavy rain. The pass was foggy and visibility very limited. The road was lined with streams of running water, brakes weren\u2019t working anymore and riders had to use their feet to slow down.<\/p>\n<p>Eddy Merckx was an amazing downhill rider so he thought he would shake Oca\u00f1a while descending from Ment\u00e9. Oca\u00f1a was not an expert downhill rider and was even warned by the director of his team not to try and hang on to Merckx while descending. But <a href=\"https:\/\/www.welovecycling.com\/wide\/2018\/07\/26\/luis-ocana-was-the-only-one-who-didnt-fear-the-mighty-eddy-merckx\/\">he tried to regardless<\/a>.<\/p>\n<p>About 4 km into the descent, Merckx lost control of his bicycle and slipped into a small wall at the edge of the road. Fans hurried to his help as he got up. Oca\u00f1a was following closely after him and couldn\u2019t evade them all and fell. Merckx popped his chain back on and continued. Oca\u00f1a couldn\u2019t and requested a new bicycle from his team car. Zoetemelk who was just arriving at the scene evaded the car but crashed directly into Oca\u00f1a. Just a few moments later, Oca\u00f1a was hit also by Portuguese rider Agostinho and fell to the ground in pain and lost consciousness. A helicopter got him safely to a hospital but his dream of winning the Tour was gone.<\/p>\n<figure id=\"attachment_179584\" aria-describedby=\"caption-attachment-179584\" style=\"width: 791px\" class=\"wp-caption alignnone\"><a href=\"https:\/\/d2p6e6u75xmxt8.cloudfront.net\/2\/2020\/09\/profimedia-0068196027.jpg\"><img loading=\"lazy\" decoding=\"async\" class=\"wp-image-179584 size-large\" src=\"https:\/\/d2p6e6u75xmxt8.cloudfront.net\/2\/2020\/09\/profimedia-0068196027-791x1024.jpg\" alt=\"Luis Ocana\" width=\"791\" height=\"1024\" \/><\/a><figcaption id=\"caption-attachment-179584\" class=\"wp-caption-text\">A helicopter got Oca\u00f1a safely to a hospital. \u00a9 Profimedia<\/figcaption><\/figure>\n<p>Merckx got the yellow jersey as a result but he refused to accept it and wanted to quit the Tour altogether. His teammates and Tour organizers were begging him to continue. He did but refused to wear the yellow jersey out of respect for Oca\u00f1a. Four days after that, he won stage 17 in an escape and gained 2 minutes over Zoetemelk. He also won the final time trial and his third Tour de France title with it.<\/p>\n<p>\u201cWhatever happened, I lost this Tour because there will always be doubt,\u201d said Eddy Merckx.<\/p>\n","protected":false},"excerpt":{"rendered":"<p>Merckx was nicknamed the Cannibal for a reason. He won everything. Not just all of the Grand Tours, classics, and [&hellip;]<\/p>\n","protected":false},"author":99,"featured_media":179576,"comment_status":"open","ping_status":"open","sticky":false,"template":"","format":"standard","meta":{"footnotes":""},"categories":[329],"tags":[4415,2140,954,2139,2138,433],"global-categories":[3366],"class_list":["post-179574","post","type-post","status-publish","format-standard","has-post-thumbnail","hentry","category-road-cycling","tag-1971-tour","tag-bernard-thevenet","tag-eddy-merckx","tag-joop-zoetemelk","tag-luis-ocana","tag-tour-de-france","global-categories-cycling"],"yoast_head":"<!-- This site is optimized with the Yoast SEO Premium plugin v25.3 (Yoast SEO v25.9) - https:\/\/yoast.com\/wordpress\/plugins\/seo\/ -->\n<title>Eddy Merckx Versus the World at the 1971 Tour de France<\/title>\n<meta name=\"description\" content=\"Merckx was nicknamed the Cannibal for a reason. He won everything. Not just all of the Grand Tours, classics, and championships but also small criteriums\" \/>\n<meta name=\"robots\" content=\"index, follow, max-snippet:-1, max-image-preview:large, max-video-preview:-1\" \/>\n<link rel=\"canonical\" href=\"https:\/\/www.welovecycling.com\/wide\/2020\/09\/21\/eddy-merckx-versus-the-world-at-the-1971-tour-de-france\/\" \/>\n<meta property=\"og:locale\" content=\"en_US\" \/>\n<meta property=\"og:type\" content=\"article\" \/>\n<meta property=\"og:title\" content=\"Merckx Versus the World at the 1971 Tour de France\" \/>\n<meta property=\"og:description\" content=\"Merckx was nicknamed the Cannibal for a reason. He won everything. Not just all of the Grand Tours, classics, and championships but also small criteriums\" \/>\n<meta property=\"og:url\" content=\"https:\/\/www.welovecycling.com\/wide\/2020\/09\/21\/eddy-merckx-versus-the-world-at-the-1971-tour-de-france\/\" \/>\n<meta property=\"og:site_name\" content=\"\u0160koda We Love Cycling\" \/>\n<meta property=\"article:published_time\" content=\"2020-09-21T09:59:59+00:00\" \/>\n<meta property=\"og:image\" content=\"https:\/\/d2p6e6u75xmxt8.cloudfront.net\/2\/2020\/09\/eddy-merckx-1971-profimedia-0068194472-CVR.webp\" \/>\n\t<meta property=\"og:image:width\" content=\"900\" \/>\n\t<meta property=\"og:image:height\" content=\"600\" \/>\n\t<meta property=\"og:image:type\" content=\"image\/webp\" \/>\n<meta name=\"author\" content=\"tereza\" \/>\n<meta name=\"twitter:card\" content=\"summary_large_image\" \/>\n<meta name=\"twitter:label1\" content=\"Written by\" \/>\n\t<meta name=\"twitter:data1\" content=\"Jiri Kaloc\" \/>\n\t<meta name=\"twitter:label2\" content=\"Est. reading time\" \/>\n\t<meta name=\"twitter:data2\" content=\"5\" \/>\n<script type=\"application\/ld+json\" class=\"yoast-schema-graph\">{\"@context\":\"https:\/\/schema.org\",\"@graph\":[{\"@type\":\"WebPage\",\"@id\":\"https:\/\/www.welovecycling.com\/wide\/2020\/09\/21\/eddy-merckx-versus-the-world-at-the-1971-tour-de-france\/\",\"url\":\"https:\/\/www.welovecycling.com\/wide\/2020\/09\/21\/eddy-merckx-versus-the-world-at-the-1971-tour-de-france\/\",\"name\":\"Eddy Merckx Versus the World at the 1971 Tour de France\",\"isPartOf\":{\"@id\":\"https:\/\/www.welovecycling.com\/wide\/#website\"},\"primaryImageOfPage\":{\"@id\":\"https:\/\/www.welovecycling.com\/wide\/2020\/09\/21\/eddy-merckx-versus-the-world-at-the-1971-tour-de-france\/#primaryimage\"},\"image\":{\"@id\":\"https:\/\/www.welovecycling.com\/wide\/2020\/09\/21\/eddy-merckx-versus-the-world-at-the-1971-tour-de-france\/#primaryimage\"},\"thumbnailUrl\":\"https:\/\/d2p6e6u75xmxt8.cloudfront.net\/2\/2020\/09\/eddy-merckx-1971-profimedia-0068194472-CVR.webp\",\"datePublished\":\"2020-09-21T09:59:59+00:00\",\"author\":{\"@id\":\"https:\/\/www.welovecycling.com\/wide\/#\/schema\/person\/50f01ecd18718d2333cf72e823c4f926\"},\"description\":\"Merckx was nicknamed the Cannibal for a reason. He won everything. Not just all of the Grand Tours, classics, and championships but also small criteriums\",\"breadcrumb\":{\"@id\":\"https:\/\/www.welovecycling.com\/wide\/2020\/09\/21\/eddy-merckx-versus-the-world-at-the-1971-tour-de-france\/#breadcrumb\"},\"inLanguage\":\"en-US\",\"potentialAction\":[{\"@type\":\"ReadAction\",\"target\":[\"https:\/\/www.welovecycling.com\/wide\/2020\/09\/21\/eddy-merckx-versus-the-world-at-the-1971-tour-de-france\/\"]}]},{\"@type\":\"ImageObject\",\"inLanguage\":\"en-US\",\"@id\":\"https:\/\/www.welovecycling.com\/wide\/2020\/09\/21\/eddy-merckx-versus-the-world-at-the-1971-tour-de-france\/#primaryimage\",\"url\":\"https:\/\/d2p6e6u75xmxt8.cloudfront.net\/2\/2020\/09\/eddy-merckx-1971-profimedia-0068194472-CVR.webp\",\"contentUrl\":\"https:\/\/d2p6e6u75xmxt8.cloudfront.net\/2\/2020\/09\/eddy-merckx-1971-profimedia-0068194472-CVR.webp\",\"width\":900,\"height\":600,\"caption\":\"Eddy Merckx\"},{\"@type\":\"BreadcrumbList\",\"@id\":\"https:\/\/www.welovecycling.com\/wide\/2020\/09\/21\/eddy-merckx-versus-the-world-at-the-1971-tour-de-france\/#breadcrumb\",\"itemListElement\":[{\"@type\":\"ListItem\",\"position\":1,\"name\":\"Home\",\"item\":\"https:\/\/www.welovecycling.com\/wide\/\"},{\"@type\":\"ListItem\",\"position\":2,\"name\":\"Merckx Versus the World at the 1971 Tour de France\"}]},{\"@type\":\"WebSite\",\"@id\":\"https:\/\/www.welovecycling.com\/wide\/#website\",\"url\":\"https:\/\/www.welovecycling.com\/wide\/\",\"name\":\"\u0160koda We Love Cycling\",\"description\":\"\u0160koda We Love Cycling magazine\",\"alternateName\":\"\u0160koda WLC\",\"potentialAction\":[{\"@type\":\"SearchAction\",\"target\":{\"@type\":\"EntryPoint\",\"urlTemplate\":\"https:\/\/www.welovecycling.com\/wide\/?s={search_term_string}\"},\"query-input\":{\"@type\":\"PropertyValueSpecification\",\"valueRequired\":true,\"valueName\":\"search_term_string\"}}],\"inLanguage\":\"en-US\"},{\"@type\":\"Person\",\"@id\":\"https:\/\/www.welovecycling.com\/wide\/#\/schema\/person\/50f01ecd18718d2333cf72e823c4f926\",\"name\":\"tereza\",\"image\":{\"@type\":\"ImageObject\",\"inLanguage\":\"en-US\",\"@id\":\"https:\/\/www.welovecycling.com\/wide\/#\/schema\/person\/image\/\",\"url\":\"https:\/\/secure.gravatar.com\/avatar\/1f9eb71be33845f0afabce3791bc1c58ecdb0a25c62964987e5dbcf7a20d2ec7?s=96&d=mm&r=g\",\"contentUrl\":\"https:\/\/secure.gravatar.com\/avatar\/1f9eb71be33845f0afabce3791bc1c58ecdb0a25c62964987e5dbcf7a20d2ec7?s=96&d=mm&r=g\",\"caption\":\"tereza\"},\"url\":\"https:\/\/www.welovecycling.com\/wide\/author\/tereza\/\"}]}<\/script>\n<!-- \/ Yoast SEO Premium plugin. -->","yoast_head_json":{"title":"Eddy Merckx Versus the World at the 1971 Tour de France","description":"Merckx was nicknamed the Cannibal for a reason. He won everything. Not just all of the Grand Tours, classics, and championships but also small criteriums","robots":{"index":"index","follow":"follow","max-snippet":"max-snippet:-1","max-image-preview":"max-image-preview:large","max-video-preview":"max-video-preview:-1"},"canonical":"https:\/\/www.welovecycling.com\/wide\/2020\/09\/21\/eddy-merckx-versus-the-world-at-the-1971-tour-de-france\/","og_locale":"en_US","og_type":"article","og_title":"Merckx Versus the World at the 1971 Tour de France","og_description":"Merckx was nicknamed the Cannibal for a reason. He won everything. Not just all of the Grand Tours, classics, and championships but also small criteriums","og_url":"https:\/\/www.welovecycling.com\/wide\/2020\/09\/21\/eddy-merckx-versus-the-world-at-the-1971-tour-de-france\/","og_site_name":"\u0160koda We Love Cycling","article_published_time":"2020-09-21T09:59:59+00:00","og_image":[{"width":900,"height":600,"url":"https:\/\/d2p6e6u75xmxt8.cloudfront.net\/2\/2020\/09\/eddy-merckx-1971-profimedia-0068194472-CVR.webp","type":"image\/webp"}],"author":"tereza","twitter_card":"summary_large_image","twitter_misc":{"Written by":"Jiri Kaloc","Est. reading time":"5"},"schema":{"@context":"https:\/\/schema.org","@graph":[{"@type":"WebPage","@id":"https:\/\/www.welovecycling.com\/wide\/2020\/09\/21\/eddy-merckx-versus-the-world-at-the-1971-tour-de-france\/","url":"https:\/\/www.welovecycling.com\/wide\/2020\/09\/21\/eddy-merckx-versus-the-world-at-the-1971-tour-de-france\/","name":"Eddy Merckx Versus the World at the 1971 Tour de France","isPartOf":{"@id":"https:\/\/www.welovecycling.com\/wide\/#website"},"primaryImageOfPage":{"@id":"https:\/\/www.welovecycling.com\/wide\/2020\/09\/21\/eddy-merckx-versus-the-world-at-the-1971-tour-de-france\/#primaryimage"},"image":{"@id":"https:\/\/www.welovecycling.com\/wide\/2020\/09\/21\/eddy-merckx-versus-the-world-at-the-1971-tour-de-france\/#primaryimage"},"thumbnailUrl":"https:\/\/d2p6e6u75xmxt8.cloudfront.net\/2\/2020\/09\/eddy-merckx-1971-profimedia-0068194472-CVR.webp","datePublished":"2020-09-21T09:59:59+00:00","author":{"@id":"https:\/\/www.welovecycling.com\/wide\/#\/schema\/person\/50f01ecd18718d2333cf72e823c4f926"},"description":"Merckx was nicknamed the Cannibal for a reason. He won everything. Not just all of the Grand Tours, classics, and championships but also small criteriums","breadcrumb":{"@id":"https:\/\/www.welovecycling.com\/wide\/2020\/09\/21\/eddy-merckx-versus-the-world-at-the-1971-tour-de-france\/#breadcrumb"},"inLanguage":"en-US","potentialAction":[{"@type":"ReadAction","target":["https:\/\/www.welovecycling.com\/wide\/2020\/09\/21\/eddy-merckx-versus-the-world-at-the-1971-tour-de-france\/"]}]},{"@type":"ImageObject","inLanguage":"en-US","@id":"https:\/\/www.welovecycling.com\/wide\/2020\/09\/21\/eddy-merckx-versus-the-world-at-the-1971-tour-de-france\/#primaryimage","url":"https:\/\/d2p6e6u75xmxt8.cloudfront.net\/2\/2020\/09\/eddy-merckx-1971-profimedia-0068194472-CVR.webp","contentUrl":"https:\/\/d2p6e6u75xmxt8.cloudfront.net\/2\/2020\/09\/eddy-merckx-1971-profimedia-0068194472-CVR.webp","width":900,"height":600,"caption":"Eddy Merckx"},{"@type":"BreadcrumbList","@id":"https:\/\/www.welovecycling.com\/wide\/2020\/09\/21\/eddy-merckx-versus-the-world-at-the-1971-tour-de-france\/#breadcrumb","itemListElement":[{"@type":"ListItem","position":1,"name":"Home","item":"https:\/\/www.welovecycling.com\/wide\/"},{"@type":"ListItem","position":2,"name":"Merckx Versus the World at the 1971 Tour de France"}]},{"@type":"WebSite","@id":"https:\/\/www.welovecycling.com\/wide\/#website","url":"https:\/\/www.welovecycling.com\/wide\/","name":"\u0160koda We Love Cycling","description":"\u0160koda We Love Cycling magazine","alternateName":"\u0160koda WLC","potentialAction":[{"@type":"SearchAction","target":{"@type":"EntryPoint","urlTemplate":"https:\/\/www.welovecycling.com\/wide\/?s={search_term_string}"},"query-input":{"@type":"PropertyValueSpecification","valueRequired":true,"valueName":"search_term_string"}}],"inLanguage":"en-US"},{"@type":"Person","@id":"https:\/\/www.welovecycling.com\/wide\/#\/schema\/person\/50f01ecd18718d2333cf72e823c4f926","name":"tereza","image":{"@type":"ImageObject","inLanguage":"en-US","@id":"https:\/\/www.welovecycling.com\/wide\/#\/schema\/person\/image\/","url":"https:\/\/secure.gravatar.com\/avatar\/1f9eb71be33845f0afabce3791bc1c58ecdb0a25c62964987e5dbcf7a20d2ec7?s=96&d=mm&r=g","contentUrl":"https:\/\/secure.gravatar.com\/avatar\/1f9eb71be33845f0afabce3791bc1c58ecdb0a25c62964987e5dbcf7a20d2ec7?s=96&d=mm&r=g","caption":"tereza"},"url":"https:\/\/www.welovecycling.com\/wide\/author\/tereza\/"}]}},"_links":{"self":[{"href":"https:\/\/www.welovecycling.com\/wide\/wp-json\/wp\/v2\/posts\/179574","targetHints":{"allow":["GET"]}}],"collection":[{"href":"https:\/\/www.welovecycling.com\/wide\/wp-json\/wp\/v2\/posts"}],"about":[{"href":"https:\/\/www.welovecycling.com\/wide\/wp-json\/wp\/v2\/types\/post"}],"author":[{"embeddable":true,"href":"https:\/\/www.welovecycling.com\/wide\/wp-json\/wp\/v2\/users\/99"}],"replies":[{"embeddable":true,"href":"https:\/\/www.welovecycling.com\/wide\/wp-json\/wp\/v2\/comments?post=179574"}],"version-history":[{"count":2,"href":"https:\/\/www.welovecycling.com\/wide\/wp-json\/wp\/v2\/posts\/179574\/revisions"}],"predecessor-version":[{"id":179585,"href":"https:\/\/www.welovecycling.com\/wide\/wp-json\/wp\/v2\/posts\/179574\/revisions\/179585"}],"wp:featuredmedia":[{"embeddable":true,"href":"https:\/\/www.welovecycling.com\/wide\/wp-json\/wp\/v2\/media\/179576"}],"wp:attachment":[{"href":"https:\/\/www.welovecycling.com\/wide\/wp-json\/wp\/v2\/media?parent=179574"}],"wp:term":[{"taxonomy":"category","embeddable":true,"href":"https:\/\/www.welovecycling.com\/wide\/wp-json\/wp\/v2\/categories?post=179574"},{"taxonomy":"post_tag","embeddable":true,"href":"https:\/\/www.welovecycling.com\/wide\/wp-json\/wp\/v2\/tags?post=179574"},{"taxonomy":"global-categories","embeddable":true,"href":"https:\/\/www.welovecycling.com\/wide\/wp-json\/wp\/v2\/global-categories?post=179574"}],"curies":[{"name":"wp","href":"https:\/\/api.w.org\/{rel}","templated":true}]}}