{"id":179425,"date":"2020-09-15T10:39:20","date_gmt":"2020-09-15T10:39:20","guid":{"rendered":"https:\/\/www.welovecycling.com\/wide\/?p=179425"},"modified":"2020-09-15T14:45:03","modified_gmt":"2020-09-15T14:45:03","slug":"moments-of-the-tour-de-france-history-that-take-us-aback","status":"publish","type":"post","link":"https:\/\/www.welovecycling.com\/wide\/2020\/09\/15\/moments-of-the-tour-de-france-history-that-take-us-aback\/","title":{"rendered":"Moments of the Tour de France History That Take Us Aback"},"content":{"rendered":"<p><strong>Every year the Tour has its dramatic moments and things to remember. Some have been so memorable that they are talked about to this day. Let\u2019s look back at some of the most shocking events in the Tour de France history.<\/strong><br \/>\n<!--more--><\/p>\n<h2><strong>The wild beginnings<\/strong><\/h2>\n<p>Riders were trying to find creative ways to ease their suffering long before the Tour became a global phenomenon. Some were trying to hold on to a supporting car on hard climbs, others were even caught taking a train to avoid pedalling. The nutrition of early Tour competitors would be more than shocking by today\u2019s standards. Back then, it was quite normal to drink alcohol during a stage, smoke cigarettes before a climb or use a variety of performance enhancers that would be considered illegal today. Doping was legal until the 1940s and it took another 20 years for it to become illegal.<\/p>\n<figure id=\"attachment_179429\" aria-describedby=\"caption-attachment-179429\" style=\"width: 1024px\" class=\"wp-caption alignnone\"><a href=\"https:\/\/d2p6e6u75xmxt8.cloudfront.net\/2\/2020\/09\/profimedia-0381022607.jpg\"><img loading=\"lazy\" decoding=\"async\" class=\"wp-image-179429 size-large\" src=\"https:\/\/d2p6e6u75xmxt8.cloudfront.net\/2\/2020\/09\/profimedia-0381022607-1024x904.jpg\" alt=\"Tour de France 1927\" width=\"1024\" height=\"904\" \/><\/a><figcaption id=\"caption-attachment-179429\" class=\"wp-caption-text\">It used to be normal to smoke cigarettes before a climb or even during a stage. \u00a9 Profimedia<\/figcaption><\/figure>\n<h2><strong>The death of Tom Simpson in 1967 during stage 13<\/strong><\/h2>\n<p>The first truly tragic event of the Tour de France history highlighted the dangers of illegal doping was the death of Tom Simpson during the 1967 Tour. He unexpectedly fell off his bike about 1 km below the peak of Mount Ventoux at stage 13. Despite warnings from the team mechanic, he decided to continue the race. After another 500 meters, he started to wobble again and collapsed completely. He was declared dead shortly after being transported to a local hospital. It was later revealed that Simpson was drinking alcohol and taking amphetamine during the race, which turned out to be fatal when combined with the extreme heat and hard climbing. His death resulted in mandatory testing for illegal substances in cycling. It was introduced the very next year at the Tour, Giro d\u2019Italia, and even the summer <a href=\"https:\/\/www.olympic.org\/summer-games\">Olympic games<\/a>.<\/p>\n<h2><strong>Eddy Merckx got punched<\/strong><\/h2>\n<p>The 1975 Tour showed how passionate fans can be. The Belgian five-time champion, Eddy Merckx, was aiming for his 6th title that year, which would put him in the all-time lead ahead of Frenchman Jacques Anquetil who got his fifth title earlier. An angry \u201cfan\u201d from France who didn\u2019t want this honour to go to a Belgian rider decided to take matters into his own hands. He managed to punch Merckx in his kidney during the Puy de D\u00f4me climb. It\u2019s unclear to this day whether the bruising and damage from the punch was the reason why Merckx didn\u2019t win that year or whether it was simply that his competitors were better. But, regardless, it remains as a shocking display of emotions that the Tour sparks.<\/p>\n<figure id=\"attachment_179428\" aria-describedby=\"caption-attachment-179428\" style=\"width: 1024px\" class=\"wp-caption alignnone\"><a href=\"https:\/\/d2p6e6u75xmxt8.cloudfront.net\/2\/2020\/09\/profimedia-0226021800.jpg\"><img loading=\"lazy\" decoding=\"async\" class=\"wp-image-179428 size-large\" src=\"https:\/\/d2p6e6u75xmxt8.cloudfront.net\/2\/2020\/09\/profimedia-0226021800-1024x662.jpg\" alt=\"Eddy Merckx\" width=\"1024\" height=\"662\" \/><\/a><figcaption id=\"caption-attachment-179428\" class=\"wp-caption-text\">Eddy Merckx at 1975 Tour. \u00a9 Profimedia<\/figcaption><\/figure>\n<h2><strong>Betrayal inside a team<\/strong><\/h2>\n<p>The Tour de France is a team sport. Even though we have individual champions, they always rely on their team to help them neutralize attacks and support them in any way possible. Greg LeMond supported his team captain Bernard Hinault in 1985 during his 5th victory. A year later, Hinault promised to offer the same help to LeMond. To everyone\u2019s shock, Hinault broke his promise at stage 12 where he started attacking the very teammate he was supposed to support. Hinault used the fact he was in the yellow jersey and his teammate couldn\u2019t answer his attack. Hinault created a 5-minute lead over LeMond thanks to this stunt. LeMond didn\u2019t lose his cool despite this betrayal and clawed his way back to the lead minute by minute over the remaining stages to claim the title. He proved he was truly the best cyclist there that year. Hinault ended his career after that year.<\/p>\n<h2><strong>No respect for the unwritten rules<\/strong><\/h2>\n<p>Alberto Contador shocked the cycling world when he went against the unwritten rules in the 2010 Tour. The yellow jersey wearer, <a href=\"https:\/\/www.welovecycling.com\/wide\/2020\/06\/08\/andy-schleck-everything-i-do-i-give-it-my-100-per-cent\/\">Andy Schleck<\/a>, caught up with the leading group of riders at stage 15 during the climb to Port de Bal\u00e8s. He had to get off his bike soon after due to an issue with his chain. The unwritten rules say that when the yellow jersey has a mechanical issue, his rivals can\u2019t attack because they would be gaining an advantage dishonourably. Alberto Contador didn\u2019t respect Schleck\u2019s mechanical interruption and continued charging ahead. Schleck was unable to catch up after fixing his chain and lost his yellow jersey a result. He did gain it back retrospectively, yet it is debated until today whether Contador\u2019s attack was warranted or not.<\/p>\n","protected":false},"excerpt":{"rendered":"<p>Every year the Tour has its dramatic moments and things to remember. Some have been so memorable that they are [&hellip;]<\/p>\n","protected":false},"author":99,"featured_media":179427,"comment_status":"open","ping_status":"open","sticky":false,"template":"","format":"standard","meta":{"footnotes":""},"categories":[329],"tags":[358,3227,1575,954,775,2115,433,4405],"global-categories":[3366],"class_list":["post-179425","post","type-post","status-publish","format-standard","has-post-thumbnail","hentry","category-road-cycling","tag-alberto-contador","tag-andy-schleck","tag-bernard-hinault","tag-eddy-merckx","tag-greg-lemond","tag-jacques-anquetil","tag-tour-de-france","tag-tour-history","global-categories-cycling"],"yoast_head":"<!-- This site is optimized with the Yoast SEO Premium plugin v25.3 (Yoast SEO v25.9) - https:\/\/yoast.com\/wordpress\/plugins\/seo\/ -->\n<title>Tour de France History Moments That Take Us Aback<\/title>\n<meta name=\"description\" content=\"Every year the Tour has its dramatic moments and things to remember. Let\u2019s look back at some of the most shocking events in the Tour de France history.\" \/>\n<meta name=\"robots\" content=\"index, follow, max-snippet:-1, max-image-preview:large, max-video-preview:-1\" \/>\n<link rel=\"canonical\" href=\"https:\/\/www.welovecycling.com\/wide\/2020\/09\/15\/moments-of-the-tour-de-france-history-that-take-us-aback\/\" \/>\n<meta property=\"og:locale\" content=\"en_US\" \/>\n<meta property=\"og:type\" content=\"article\" \/>\n<meta property=\"og:title\" content=\"Moments of the Tour de France History That Take Us Aback\" \/>\n<meta property=\"og:description\" content=\"Every year the Tour has its dramatic moments and things to remember. Let\u2019s look back at some of the most shocking events in the Tour de France history.\" \/>\n<meta property=\"og:url\" content=\"https:\/\/www.welovecycling.com\/wide\/2020\/09\/15\/moments-of-the-tour-de-france-history-that-take-us-aback\/\" \/>\n<meta property=\"og:site_name\" content=\"\u0160koda We Love Cycling\" \/>\n<meta property=\"article:published_time\" content=\"2020-09-15T10:39:20+00:00\" \/>\n<meta property=\"article:modified_time\" content=\"2020-09-15T14:45:03+00:00\" \/>\n<meta property=\"og:image\" content=\"https:\/\/d2p6e6u75xmxt8.cloudfront.net\/2\/2020\/09\/merckx-anquetil-profimedia-0247358181-CVR.webp\" \/>\n\t<meta property=\"og:image:width\" content=\"900\" \/>\n\t<meta property=\"og:image:height\" content=\"600\" \/>\n\t<meta property=\"og:image:type\" content=\"image\/webp\" \/>\n<meta name=\"author\" content=\"tereza\" \/>\n<meta name=\"twitter:card\" content=\"summary_large_image\" \/>\n<meta name=\"twitter:label1\" content=\"Written by\" \/>\n\t<meta name=\"twitter:data1\" content=\"Jiri Kaloc\" \/>\n\t<meta name=\"twitter:label2\" content=\"Est. reading time\" \/>\n\t<meta name=\"twitter:data2\" content=\"6\" \/>\n<script type=\"application\/ld+json\" class=\"yoast-schema-graph\">{\"@context\":\"https:\/\/schema.org\",\"@graph\":[{\"@type\":\"WebPage\",\"@id\":\"https:\/\/www.welovecycling.com\/wide\/2020\/09\/15\/moments-of-the-tour-de-france-history-that-take-us-aback\/\",\"url\":\"https:\/\/www.welovecycling.com\/wide\/2020\/09\/15\/moments-of-the-tour-de-france-history-that-take-us-aback\/\",\"name\":\"Tour de France History Moments That Take Us Aback\",\"isPartOf\":{\"@id\":\"https:\/\/www.welovecycling.com\/wide\/#website\"},\"primaryImageOfPage\":{\"@id\":\"https:\/\/www.welovecycling.com\/wide\/2020\/09\/15\/moments-of-the-tour-de-france-history-that-take-us-aback\/#primaryimage\"},\"image\":{\"@id\":\"https:\/\/www.welovecycling.com\/wide\/2020\/09\/15\/moments-of-the-tour-de-france-history-that-take-us-aback\/#primaryimage\"},\"thumbnailUrl\":\"https:\/\/d2p6e6u75xmxt8.cloudfront.net\/2\/2020\/09\/merckx-anquetil-profimedia-0247358181-CVR.webp\",\"datePublished\":\"2020-09-15T10:39:20+00:00\",\"dateModified\":\"2020-09-15T14:45:03+00:00\",\"author\":{\"@id\":\"https:\/\/www.welovecycling.com\/wide\/#\/schema\/person\/50f01ecd18718d2333cf72e823c4f926\"},\"description\":\"Every year the Tour has its dramatic moments and things to remember. Let\u2019s look back at some of the most shocking events in the Tour de France history.\",\"breadcrumb\":{\"@id\":\"https:\/\/www.welovecycling.com\/wide\/2020\/09\/15\/moments-of-the-tour-de-france-history-that-take-us-aback\/#breadcrumb\"},\"inLanguage\":\"en-US\",\"potentialAction\":[{\"@type\":\"ReadAction\",\"target\":[\"https:\/\/www.welovecycling.com\/wide\/2020\/09\/15\/moments-of-the-tour-de-france-history-that-take-us-aback\/\"]}]},{\"@type\":\"ImageObject\",\"inLanguage\":\"en-US\",\"@id\":\"https:\/\/www.welovecycling.com\/wide\/2020\/09\/15\/moments-of-the-tour-de-france-history-that-take-us-aback\/#primaryimage\",\"url\":\"https:\/\/d2p6e6u75xmxt8.cloudfront.net\/2\/2020\/09\/merckx-anquetil-profimedia-0247358181-CVR.webp\",\"contentUrl\":\"https:\/\/d2p6e6u75xmxt8.cloudfront.net\/2\/2020\/09\/merckx-anquetil-profimedia-0247358181-CVR.webp\",\"width\":900,\"height\":600,\"caption\":\"Eddy Merckx\"},{\"@type\":\"BreadcrumbList\",\"@id\":\"https:\/\/www.welovecycling.com\/wide\/2020\/09\/15\/moments-of-the-tour-de-france-history-that-take-us-aback\/#breadcrumb\",\"itemListElement\":[{\"@type\":\"ListItem\",\"position\":1,\"name\":\"Home\",\"item\":\"https:\/\/www.welovecycling.com\/wide\/\"},{\"@type\":\"ListItem\",\"position\":2,\"name\":\"Moments of the Tour de France History That Take Us Aback\"}]},{\"@type\":\"WebSite\",\"@id\":\"https:\/\/www.welovecycling.com\/wide\/#website\",\"url\":\"https:\/\/www.welovecycling.com\/wide\/\",\"name\":\"\u0160koda We Love Cycling\",\"description\":\"\u0160koda We Love Cycling magazine\",\"alternateName\":\"\u0160koda WLC\",\"potentialAction\":[{\"@type\":\"SearchAction\",\"target\":{\"@type\":\"EntryPoint\",\"urlTemplate\":\"https:\/\/www.welovecycling.com\/wide\/?s={search_term_string}\"},\"query-input\":{\"@type\":\"PropertyValueSpecification\",\"valueRequired\":true,\"valueName\":\"search_term_string\"}}],\"inLanguage\":\"en-US\"},{\"@type\":\"Person\",\"@id\":\"https:\/\/www.welovecycling.com\/wide\/#\/schema\/person\/50f01ecd18718d2333cf72e823c4f926\",\"name\":\"tereza\",\"image\":{\"@type\":\"ImageObject\",\"inLanguage\":\"en-US\",\"@id\":\"https:\/\/www.welovecycling.com\/wide\/#\/schema\/person\/image\/\",\"url\":\"https:\/\/secure.gravatar.com\/avatar\/1f9eb71be33845f0afabce3791bc1c58ecdb0a25c62964987e5dbcf7a20d2ec7?s=96&d=mm&r=g\",\"contentUrl\":\"https:\/\/secure.gravatar.com\/avatar\/1f9eb71be33845f0afabce3791bc1c58ecdb0a25c62964987e5dbcf7a20d2ec7?s=96&d=mm&r=g\",\"caption\":\"tereza\"},\"url\":\"https:\/\/www.welovecycling.com\/wide\/author\/tereza\/\"}]}<\/script>\n<!-- \/ Yoast SEO Premium plugin. -->","yoast_head_json":{"title":"Tour de France History Moments That Take Us Aback","description":"Every year the Tour has its dramatic moments and things to remember. Let\u2019s look back at some of the most shocking events in the Tour de France history.","robots":{"index":"index","follow":"follow","max-snippet":"max-snippet:-1","max-image-preview":"max-image-preview:large","max-video-preview":"max-video-preview:-1"},"canonical":"https:\/\/www.welovecycling.com\/wide\/2020\/09\/15\/moments-of-the-tour-de-france-history-that-take-us-aback\/","og_locale":"en_US","og_type":"article","og_title":"Moments of the Tour de France History That Take Us Aback","og_description":"Every year the Tour has its dramatic moments and things to remember. Let\u2019s look back at some of the most shocking events in the Tour de France history.","og_url":"https:\/\/www.welovecycling.com\/wide\/2020\/09\/15\/moments-of-the-tour-de-france-history-that-take-us-aback\/","og_site_name":"\u0160koda We Love Cycling","article_published_time":"2020-09-15T10:39:20+00:00","article_modified_time":"2020-09-15T14:45:03+00:00","og_image":[{"width":900,"height":600,"url":"https:\/\/d2p6e6u75xmxt8.cloudfront.net\/2\/2020\/09\/merckx-anquetil-profimedia-0247358181-CVR.webp","type":"image\/webp"}],"author":"tereza","twitter_card":"summary_large_image","twitter_misc":{"Written by":"Jiri Kaloc","Est. reading time":"6"},"schema":{"@context":"https:\/\/schema.org","@graph":[{"@type":"WebPage","@id":"https:\/\/www.welovecycling.com\/wide\/2020\/09\/15\/moments-of-the-tour-de-france-history-that-take-us-aback\/","url":"https:\/\/www.welovecycling.com\/wide\/2020\/09\/15\/moments-of-the-tour-de-france-history-that-take-us-aback\/","name":"Tour de France History Moments That Take Us Aback","isPartOf":{"@id":"https:\/\/www.welovecycling.com\/wide\/#website"},"primaryImageOfPage":{"@id":"https:\/\/www.welovecycling.com\/wide\/2020\/09\/15\/moments-of-the-tour-de-france-history-that-take-us-aback\/#primaryimage"},"image":{"@id":"https:\/\/www.welovecycling.com\/wide\/2020\/09\/15\/moments-of-the-tour-de-france-history-that-take-us-aback\/#primaryimage"},"thumbnailUrl":"https:\/\/d2p6e6u75xmxt8.cloudfront.net\/2\/2020\/09\/merckx-anquetil-profimedia-0247358181-CVR.webp","datePublished":"2020-09-15T10:39:20+00:00","dateModified":"2020-09-15T14:45:03+00:00","author":{"@id":"https:\/\/www.welovecycling.com\/wide\/#\/schema\/person\/50f01ecd18718d2333cf72e823c4f926"},"description":"Every year the Tour has its dramatic moments and things to remember. Let\u2019s look back at some of the most shocking events in the Tour de France history.","breadcrumb":{"@id":"https:\/\/www.welovecycling.com\/wide\/2020\/09\/15\/moments-of-the-tour-de-france-history-that-take-us-aback\/#breadcrumb"},"inLanguage":"en-US","potentialAction":[{"@type":"ReadAction","target":["https:\/\/www.welovecycling.com\/wide\/2020\/09\/15\/moments-of-the-tour-de-france-history-that-take-us-aback\/"]}]},{"@type":"ImageObject","inLanguage":"en-US","@id":"https:\/\/www.welovecycling.com\/wide\/2020\/09\/15\/moments-of-the-tour-de-france-history-that-take-us-aback\/#primaryimage","url":"https:\/\/d2p6e6u75xmxt8.cloudfront.net\/2\/2020\/09\/merckx-anquetil-profimedia-0247358181-CVR.webp","contentUrl":"https:\/\/d2p6e6u75xmxt8.cloudfront.net\/2\/2020\/09\/merckx-anquetil-profimedia-0247358181-CVR.webp","width":900,"height":600,"caption":"Eddy Merckx"},{"@type":"BreadcrumbList","@id":"https:\/\/www.welovecycling.com\/wide\/2020\/09\/15\/moments-of-the-tour-de-france-history-that-take-us-aback\/#breadcrumb","itemListElement":[{"@type":"ListItem","position":1,"name":"Home","item":"https:\/\/www.welovecycling.com\/wide\/"},{"@type":"ListItem","position":2,"name":"Moments of the Tour de France History That Take Us Aback"}]},{"@type":"WebSite","@id":"https:\/\/www.welovecycling.com\/wide\/#website","url":"https:\/\/www.welovecycling.com\/wide\/","name":"\u0160koda We Love Cycling","description":"\u0160koda We Love Cycling magazine","alternateName":"\u0160koda WLC","potentialAction":[{"@type":"SearchAction","target":{"@type":"EntryPoint","urlTemplate":"https:\/\/www.welovecycling.com\/wide\/?s={search_term_string}"},"query-input":{"@type":"PropertyValueSpecification","valueRequired":true,"valueName":"search_term_string"}}],"inLanguage":"en-US"},{"@type":"Person","@id":"https:\/\/www.welovecycling.com\/wide\/#\/schema\/person\/50f01ecd18718d2333cf72e823c4f926","name":"tereza","image":{"@type":"ImageObject","inLanguage":"en-US","@id":"https:\/\/www.welovecycling.com\/wide\/#\/schema\/person\/image\/","url":"https:\/\/secure.gravatar.com\/avatar\/1f9eb71be33845f0afabce3791bc1c58ecdb0a25c62964987e5dbcf7a20d2ec7?s=96&d=mm&r=g","contentUrl":"https:\/\/secure.gravatar.com\/avatar\/1f9eb71be33845f0afabce3791bc1c58ecdb0a25c62964987e5dbcf7a20d2ec7?s=96&d=mm&r=g","caption":"tereza"},"url":"https:\/\/www.welovecycling.com\/wide\/author\/tereza\/"}]}},"_links":{"self":[{"href":"https:\/\/www.welovecycling.com\/wide\/wp-json\/wp\/v2\/posts\/179425","targetHints":{"allow":["GET"]}}],"collection":[{"href":"https:\/\/www.welovecycling.com\/wide\/wp-json\/wp\/v2\/posts"}],"about":[{"href":"https:\/\/www.welovecycling.com\/wide\/wp-json\/wp\/v2\/types\/post"}],"author":[{"embeddable":true,"href":"https:\/\/www.welovecycling.com\/wide\/wp-json\/wp\/v2\/users\/99"}],"replies":[{"embeddable":true,"href":"https:\/\/www.welovecycling.com\/wide\/wp-json\/wp\/v2\/comments?post=179425"}],"version-history":[{"count":2,"href":"https:\/\/www.welovecycling.com\/wide\/wp-json\/wp\/v2\/posts\/179425\/revisions"}],"predecessor-version":[{"id":179438,"href":"https:\/\/www.welovecycling.com\/wide\/wp-json\/wp\/v2\/posts\/179425\/revisions\/179438"}],"wp:featuredmedia":[{"embeddable":true,"href":"https:\/\/www.welovecycling.com\/wide\/wp-json\/wp\/v2\/media\/179427"}],"wp:attachment":[{"href":"https:\/\/www.welovecycling.com\/wide\/wp-json\/wp\/v2\/media?parent=179425"}],"wp:term":[{"taxonomy":"category","embeddable":true,"href":"https:\/\/www.welovecycling.com\/wide\/wp-json\/wp\/v2\/categories?post=179425"},{"taxonomy":"post_tag","embeddable":true,"href":"https:\/\/www.welovecycling.com\/wide\/wp-json\/wp\/v2\/tags?post=179425"},{"taxonomy":"global-categories","embeddable":true,"href":"https:\/\/www.welovecycling.com\/wide\/wp-json\/wp\/v2\/global-categories?post=179425"}],"curies":[{"name":"wp","href":"https:\/\/api.w.org\/{rel}","templated":true}]}}