{"id":179394,"date":"2020-09-11T11:06:13","date_gmt":"2020-09-11T11:06:13","guid":{"rendered":"https:\/\/www.welovecycling.com\/wide\/?p=179394"},"modified":"2020-09-11T11:06:13","modified_gmt":"2020-09-11T11:06:13","slug":"the-battle-for-the-skoda-green-jersey-is-sagan-out-of-the-game","status":"publish","type":"post","link":"https:\/\/www.welovecycling.com\/wide\/2020\/09\/11\/the-battle-for-the-skoda-green-jersey-is-sagan-out-of-the-game\/","title":{"rendered":"The Battle for the \u0160koda Green Jersey: Is Sagan Out of the Game?"},"content":{"rendered":"<p><strong>Last week, many might have thought that Peter Sagan only graciously lent the \u0160koda Green Jersey to Sam Bennett. However, today on September 11, it looks like the path has been paved for the 29-year-old Irishman to realize another one of his dreams. After winning the 10th stage, his first-ever triumph on the Tour, Sam Bennett might ride onto the Champs-\u00c9lys\u00e9es wearing the Green.<\/strong><\/p>\n<p><!--more--><\/p>\n<p>The reason for Peter Sagan\u2019s demise is due to the bunch sprint towards the finish line on stage 11. The Bora-Hansgrohe rider shouldered his way past Wout van Aert who was positioned close to the barriers. The fans disagree on just how much force Sagan actually used but the commissaries weren\u2019t having it. Perhaps remembering the Fabio Jakobsen\u2019s horrific crash at the Tour of Poland, they relegated Sagan to the last place in the group. The Slovak lost 30 points he\u2019d earned with his second-place finish behind Caleb Ewan, plus he was awarded a 13-point penalty. Meanwhile, Sam Bennett moved up to Sagan\u2019s finishing spot. The result? Bennett led the battle for the \u0160koda Green Jersey with 243 points, Sagan sat in second with 175.<\/p>\n<p>We\u2019re so used to see Peter Sagan in the \u0160koda Green Jersey at this point in the race, sometimes it feels like no-one is really challenging him for it. This time around however, it\u2019s an entirely different situation. There\u2019s a narrow path for him to follow to get back in the game, but it\u2019s a tough one, for sure. There are three stages left that will possibly end in sprints. Stages 14, 19, and 21. These award points to the top 15 places (50-30-20-18-16-14-12-10-8-7-6-5-4-3-2). Stage 16 is a hillier one and features a reduced point scale (30-25-22-19-17-15-13-11-9-7-6-5-4-3-2). The rest are mountain stages where even Sagan won\u2019t stand a chance. The time trial is also out of the question.<\/p>\n<figure id=\"attachment_179397\" aria-describedby=\"caption-attachment-179397\" style=\"width: 1024px\" class=\"wp-caption alignnone\"><a href=\"https:\/\/d2p6e6u75xmxt8.cloudfront.net\/2\/2020\/09\/profimedia-0557261997.jpg\"><img loading=\"lazy\" decoding=\"async\" class=\"size-large wp-image-179397\" src=\"https:\/\/d2p6e6u75xmxt8.cloudfront.net\/2\/2020\/09\/profimedia-0557261997-1024x625.jpg\" alt=\"Peter Sagan\" width=\"1024\" height=\"625\" \/><\/a><figcaption id=\"caption-attachment-179397\" class=\"wp-caption-text\">Sagan crosses the finish line during the 12th stage of the 2020 Tour. \u00a9 Profimedia<\/figcaption><\/figure>\n<p>For the seven-time \u0160koda Green Jersey winner, it\u2019s all about those intermediate sprint points and those four possible sprint stage finishes. He can\u2019t win it all, of course, nor can he expect Bennett to score zero. However, Peter Sagan excels at consistency throughout the Tour. He has nine or more top-10 finishes each year he\u2019s won the \u0160koda Green Jersey. His form seems to be improving with each passing day. And Bennett, let\u2019s be honest, is a pure sprinter.<\/p>\n<p>Everything needs to go well for Sagan in order for him to claim the Green. And honestly it is unlikely he\u2019ll win. But you know, deep down, that you can never count him out. We\u2019ll know by the end of the weekend, if he can still make a move. And if so, this will be the most entertaining battle for the \u0160koda Green Jersey in a long while.<\/p>\n<h2><strong>The Points Classification after stage twelve<\/strong><\/h2>\n<p>1. Sam Bennett (Deceuninck\u2013Quick-Step) 252 pts<br \/>\n2. Peter Sagan (Bora-Hansgrohe) 186 pts<br \/>\n3. Bryan Coquard (B &amp;B Hotels\u2013Vital Concept) 162 pts<br \/>\n4. Caleb Ewan (Lotto Soudal) 155 pts<br \/>\n5. Matteo Trentin (CCC Team) 146 pts<br \/>\n6. Wout van Aert (Jumbo-Visma) 131 pts<br \/>\n7. Alexander Kristoff (UAE Team Emirates) 100 pts<br \/>\n8. Michael M\u00f8rk\u00f8v (Deceuninck\u2013Quick-Step) 100 pts<br \/>\n9. Marc Hirschi (Team Sunweb) 90 pts<br \/>\n10. Julian Alaphilippe (Deceuninck\u2013Quick-Step) 88 pts<\/p>\n","protected":false},"excerpt":{"rendered":"<p>Last week, many might have thought that Peter Sagan only graciously lent the \u0160koda Green Jersey to Sam Bennett. However, [&hellip;]<\/p>\n","protected":false},"author":99,"featured_media":179396,"comment_status":"open","ping_status":"open","sticky":false,"template":"","format":"standard","meta":{"footnotes":""},"categories":[329],"tags":[3622,2595,381,1468,3453,433],"global-categories":[3366],"class_list":["post-179394","post","type-post","status-publish","format-standard","has-post-thumbnail","hentry","category-road-cycling","tag-2020-tour-de-france","tag-caleb-ewan","tag-peter-sagan","tag-sam-bennett","tag-skoda-green-jersey","tag-tour-de-france","global-categories-cycling"],"yoast_head":"<!-- This site is optimized with the Yoast SEO Premium plugin v25.3 (Yoast SEO v25.9) - https:\/\/yoast.com\/wordpress\/plugins\/seo\/ -->\n<title>The Battle for the \u0160koda Green Jersey: Is Sagan Out of the Game? - \u0160koda We Love Cycling<\/title>\n<meta name=\"description\" content=\"Last week, many might have thought that Peter Sagan only graciously lent the \u0160koda Green Jersey to Sam Bennett. However, today on September 11, it looks\" \/>\n<meta name=\"robots\" content=\"index, follow, max-snippet:-1, max-image-preview:large, max-video-preview:-1\" \/>\n<link rel=\"canonical\" href=\"https:\/\/www.welovecycling.com\/wide\/2020\/09\/11\/the-battle-for-the-skoda-green-jersey-is-sagan-out-of-the-game\/\" \/>\n<meta property=\"og:locale\" content=\"en_US\" \/>\n<meta property=\"og:type\" content=\"article\" \/>\n<meta property=\"og:title\" content=\"The Battle for the \u0160koda Green Jersey: Is Sagan Out of the Game?\" \/>\n<meta property=\"og:description\" content=\"Last week, many might have thought that Peter Sagan only graciously lent the \u0160koda Green Jersey to Sam Bennett. However, today on September 11, it looks\" \/>\n<meta property=\"og:url\" content=\"https:\/\/www.welovecycling.com\/wide\/2020\/09\/11\/the-battle-for-the-skoda-green-jersey-is-sagan-out-of-the-game\/\" \/>\n<meta property=\"og:site_name\" content=\"\u0160koda We Love Cycling\" \/>\n<meta property=\"article:published_time\" content=\"2020-09-11T11:06:13+00:00\" \/>\n<meta property=\"og:image\" content=\"https:\/\/d2p6e6u75xmxt8.cloudfront.net\/2\/2020\/09\/bennett-profimedia-0557271623-CVR.webp\" \/>\n\t<meta property=\"og:image:width\" content=\"900\" \/>\n\t<meta property=\"og:image:height\" content=\"600\" \/>\n\t<meta property=\"og:image:type\" content=\"image\/webp\" \/>\n<meta name=\"author\" content=\"tereza\" \/>\n<meta name=\"twitter:card\" content=\"summary_large_image\" \/>\n<meta name=\"twitter:label1\" content=\"Written by\" \/>\n\t<meta name=\"twitter:data1\" content=\"Monica Buck\" \/>\n\t<meta name=\"twitter:label2\" content=\"Est. reading time\" \/>\n\t<meta name=\"twitter:data2\" content=\"4\" \/>\n<script type=\"application\/ld+json\" class=\"yoast-schema-graph\">{\"@context\":\"https:\/\/schema.org\",\"@graph\":[{\"@type\":\"WebPage\",\"@id\":\"https:\/\/www.welovecycling.com\/wide\/2020\/09\/11\/the-battle-for-the-skoda-green-jersey-is-sagan-out-of-the-game\/\",\"url\":\"https:\/\/www.welovecycling.com\/wide\/2020\/09\/11\/the-battle-for-the-skoda-green-jersey-is-sagan-out-of-the-game\/\",\"name\":\"The Battle for the \u0160koda Green Jersey: Is Sagan Out of the Game? - \u0160koda We Love Cycling\",\"isPartOf\":{\"@id\":\"https:\/\/www.welovecycling.com\/wide\/#website\"},\"primaryImageOfPage\":{\"@id\":\"https:\/\/www.welovecycling.com\/wide\/2020\/09\/11\/the-battle-for-the-skoda-green-jersey-is-sagan-out-of-the-game\/#primaryimage\"},\"image\":{\"@id\":\"https:\/\/www.welovecycling.com\/wide\/2020\/09\/11\/the-battle-for-the-skoda-green-jersey-is-sagan-out-of-the-game\/#primaryimage\"},\"thumbnailUrl\":\"https:\/\/d2p6e6u75xmxt8.cloudfront.net\/2\/2020\/09\/bennett-profimedia-0557271623-CVR.webp\",\"datePublished\":\"2020-09-11T11:06:13+00:00\",\"author\":{\"@id\":\"https:\/\/www.welovecycling.com\/wide\/#\/schema\/person\/50f01ecd18718d2333cf72e823c4f926\"},\"description\":\"Last week, many might have thought that Peter Sagan only graciously lent the \u0160koda Green Jersey to Sam Bennett. However, today on September 11, it looks\",\"breadcrumb\":{\"@id\":\"https:\/\/www.welovecycling.com\/wide\/2020\/09\/11\/the-battle-for-the-skoda-green-jersey-is-sagan-out-of-the-game\/#breadcrumb\"},\"inLanguage\":\"en-US\",\"potentialAction\":[{\"@type\":\"ReadAction\",\"target\":[\"https:\/\/www.welovecycling.com\/wide\/2020\/09\/11\/the-battle-for-the-skoda-green-jersey-is-sagan-out-of-the-game\/\"]}]},{\"@type\":\"ImageObject\",\"inLanguage\":\"en-US\",\"@id\":\"https:\/\/www.welovecycling.com\/wide\/2020\/09\/11\/the-battle-for-the-skoda-green-jersey-is-sagan-out-of-the-game\/#primaryimage\",\"url\":\"https:\/\/d2p6e6u75xmxt8.cloudfront.net\/2\/2020\/09\/bennett-profimedia-0557271623-CVR.webp\",\"contentUrl\":\"https:\/\/d2p6e6u75xmxt8.cloudfront.net\/2\/2020\/09\/bennett-profimedia-0557271623-CVR.webp\",\"width\":900,\"height\":600,\"caption\":\"Sam Bennett\"},{\"@type\":\"BreadcrumbList\",\"@id\":\"https:\/\/www.welovecycling.com\/wide\/2020\/09\/11\/the-battle-for-the-skoda-green-jersey-is-sagan-out-of-the-game\/#breadcrumb\",\"itemListElement\":[{\"@type\":\"ListItem\",\"position\":1,\"name\":\"Home\",\"item\":\"https:\/\/www.welovecycling.com\/wide\/\"},{\"@type\":\"ListItem\",\"position\":2,\"name\":\"The Battle for the \u0160koda Green Jersey: Is Sagan Out of the Game?\"}]},{\"@type\":\"WebSite\",\"@id\":\"https:\/\/www.welovecycling.com\/wide\/#website\",\"url\":\"https:\/\/www.welovecycling.com\/wide\/\",\"name\":\"\u0160koda We Love Cycling\",\"description\":\"\u0160koda We Love Cycling magazine\",\"alternateName\":\"\u0160koda WLC\",\"potentialAction\":[{\"@type\":\"SearchAction\",\"target\":{\"@type\":\"EntryPoint\",\"urlTemplate\":\"https:\/\/www.welovecycling.com\/wide\/?s={search_term_string}\"},\"query-input\":{\"@type\":\"PropertyValueSpecification\",\"valueRequired\":true,\"valueName\":\"search_term_string\"}}],\"inLanguage\":\"en-US\"},{\"@type\":\"Person\",\"@id\":\"https:\/\/www.welovecycling.com\/wide\/#\/schema\/person\/50f01ecd18718d2333cf72e823c4f926\",\"name\":\"tereza\",\"image\":{\"@type\":\"ImageObject\",\"inLanguage\":\"en-US\",\"@id\":\"https:\/\/www.welovecycling.com\/wide\/#\/schema\/person\/image\/\",\"url\":\"https:\/\/secure.gravatar.com\/avatar\/1f9eb71be33845f0afabce3791bc1c58ecdb0a25c62964987e5dbcf7a20d2ec7?s=96&d=mm&r=g\",\"contentUrl\":\"https:\/\/secure.gravatar.com\/avatar\/1f9eb71be33845f0afabce3791bc1c58ecdb0a25c62964987e5dbcf7a20d2ec7?s=96&d=mm&r=g\",\"caption\":\"tereza\"},\"url\":\"https:\/\/www.welovecycling.com\/wide\/author\/tereza\/\"}]}<\/script>\n<!-- \/ Yoast SEO Premium plugin. -->","yoast_head_json":{"title":"The Battle for the \u0160koda Green Jersey: Is Sagan Out of the Game? - \u0160koda We Love Cycling","description":"Last week, many might have thought that Peter Sagan only graciously lent the \u0160koda Green Jersey to Sam Bennett. However, today on September 11, it looks","robots":{"index":"index","follow":"follow","max-snippet":"max-snippet:-1","max-image-preview":"max-image-preview:large","max-video-preview":"max-video-preview:-1"},"canonical":"https:\/\/www.welovecycling.com\/wide\/2020\/09\/11\/the-battle-for-the-skoda-green-jersey-is-sagan-out-of-the-game\/","og_locale":"en_US","og_type":"article","og_title":"The Battle for the \u0160koda Green Jersey: Is Sagan Out of the Game?","og_description":"Last week, many might have thought that Peter Sagan only graciously lent the \u0160koda Green Jersey to Sam Bennett. However, today on September 11, it looks","og_url":"https:\/\/www.welovecycling.com\/wide\/2020\/09\/11\/the-battle-for-the-skoda-green-jersey-is-sagan-out-of-the-game\/","og_site_name":"\u0160koda We Love Cycling","article_published_time":"2020-09-11T11:06:13+00:00","og_image":[{"width":900,"height":600,"url":"https:\/\/d2p6e6u75xmxt8.cloudfront.net\/2\/2020\/09\/bennett-profimedia-0557271623-CVR.webp","type":"image\/webp"}],"author":"tereza","twitter_card":"summary_large_image","twitter_misc":{"Written by":"Monica Buck","Est. reading time":"4"},"schema":{"@context":"https:\/\/schema.org","@graph":[{"@type":"WebPage","@id":"https:\/\/www.welovecycling.com\/wide\/2020\/09\/11\/the-battle-for-the-skoda-green-jersey-is-sagan-out-of-the-game\/","url":"https:\/\/www.welovecycling.com\/wide\/2020\/09\/11\/the-battle-for-the-skoda-green-jersey-is-sagan-out-of-the-game\/","name":"The Battle for the \u0160koda Green Jersey: Is Sagan Out of the Game? - \u0160koda We Love Cycling","isPartOf":{"@id":"https:\/\/www.welovecycling.com\/wide\/#website"},"primaryImageOfPage":{"@id":"https:\/\/www.welovecycling.com\/wide\/2020\/09\/11\/the-battle-for-the-skoda-green-jersey-is-sagan-out-of-the-game\/#primaryimage"},"image":{"@id":"https:\/\/www.welovecycling.com\/wide\/2020\/09\/11\/the-battle-for-the-skoda-green-jersey-is-sagan-out-of-the-game\/#primaryimage"},"thumbnailUrl":"https:\/\/d2p6e6u75xmxt8.cloudfront.net\/2\/2020\/09\/bennett-profimedia-0557271623-CVR.webp","datePublished":"2020-09-11T11:06:13+00:00","author":{"@id":"https:\/\/www.welovecycling.com\/wide\/#\/schema\/person\/50f01ecd18718d2333cf72e823c4f926"},"description":"Last week, many might have thought that Peter Sagan only graciously lent the \u0160koda Green Jersey to Sam Bennett. However, today on September 11, it looks","breadcrumb":{"@id":"https:\/\/www.welovecycling.com\/wide\/2020\/09\/11\/the-battle-for-the-skoda-green-jersey-is-sagan-out-of-the-game\/#breadcrumb"},"inLanguage":"en-US","potentialAction":[{"@type":"ReadAction","target":["https:\/\/www.welovecycling.com\/wide\/2020\/09\/11\/the-battle-for-the-skoda-green-jersey-is-sagan-out-of-the-game\/"]}]},{"@type":"ImageObject","inLanguage":"en-US","@id":"https:\/\/www.welovecycling.com\/wide\/2020\/09\/11\/the-battle-for-the-skoda-green-jersey-is-sagan-out-of-the-game\/#primaryimage","url":"https:\/\/d2p6e6u75xmxt8.cloudfront.net\/2\/2020\/09\/bennett-profimedia-0557271623-CVR.webp","contentUrl":"https:\/\/d2p6e6u75xmxt8.cloudfront.net\/2\/2020\/09\/bennett-profimedia-0557271623-CVR.webp","width":900,"height":600,"caption":"Sam Bennett"},{"@type":"BreadcrumbList","@id":"https:\/\/www.welovecycling.com\/wide\/2020\/09\/11\/the-battle-for-the-skoda-green-jersey-is-sagan-out-of-the-game\/#breadcrumb","itemListElement":[{"@type":"ListItem","position":1,"name":"Home","item":"https:\/\/www.welovecycling.com\/wide\/"},{"@type":"ListItem","position":2,"name":"The Battle for the \u0160koda Green Jersey: Is Sagan Out of the Game?"}]},{"@type":"WebSite","@id":"https:\/\/www.welovecycling.com\/wide\/#website","url":"https:\/\/www.welovecycling.com\/wide\/","name":"\u0160koda We Love Cycling","description":"\u0160koda We Love Cycling magazine","alternateName":"\u0160koda WLC","potentialAction":[{"@type":"SearchAction","target":{"@type":"EntryPoint","urlTemplate":"https:\/\/www.welovecycling.com\/wide\/?s={search_term_string}"},"query-input":{"@type":"PropertyValueSpecification","valueRequired":true,"valueName":"search_term_string"}}],"inLanguage":"en-US"},{"@type":"Person","@id":"https:\/\/www.welovecycling.com\/wide\/#\/schema\/person\/50f01ecd18718d2333cf72e823c4f926","name":"tereza","image":{"@type":"ImageObject","inLanguage":"en-US","@id":"https:\/\/www.welovecycling.com\/wide\/#\/schema\/person\/image\/","url":"https:\/\/secure.gravatar.com\/avatar\/1f9eb71be33845f0afabce3791bc1c58ecdb0a25c62964987e5dbcf7a20d2ec7?s=96&d=mm&r=g","contentUrl":"https:\/\/secure.gravatar.com\/avatar\/1f9eb71be33845f0afabce3791bc1c58ecdb0a25c62964987e5dbcf7a20d2ec7?s=96&d=mm&r=g","caption":"tereza"},"url":"https:\/\/www.welovecycling.com\/wide\/author\/tereza\/"}]}},"_links":{"self":[{"href":"https:\/\/www.welovecycling.com\/wide\/wp-json\/wp\/v2\/posts\/179394","targetHints":{"allow":["GET"]}}],"collection":[{"href":"https:\/\/www.welovecycling.com\/wide\/wp-json\/wp\/v2\/posts"}],"about":[{"href":"https:\/\/www.welovecycling.com\/wide\/wp-json\/wp\/v2\/types\/post"}],"author":[{"embeddable":true,"href":"https:\/\/www.welovecycling.com\/wide\/wp-json\/wp\/v2\/users\/99"}],"replies":[{"embeddable":true,"href":"https:\/\/www.welovecycling.com\/wide\/wp-json\/wp\/v2\/comments?post=179394"}],"version-history":[{"count":2,"href":"https:\/\/www.welovecycling.com\/wide\/wp-json\/wp\/v2\/posts\/179394\/revisions"}],"predecessor-version":[{"id":179399,"href":"https:\/\/www.welovecycling.com\/wide\/wp-json\/wp\/v2\/posts\/179394\/revisions\/179399"}],"wp:featuredmedia":[{"embeddable":true,"href":"https:\/\/www.welovecycling.com\/wide\/wp-json\/wp\/v2\/media\/179396"}],"wp:attachment":[{"href":"https:\/\/www.welovecycling.com\/wide\/wp-json\/wp\/v2\/media?parent=179394"}],"wp:term":[{"taxonomy":"category","embeddable":true,"href":"https:\/\/www.welovecycling.com\/wide\/wp-json\/wp\/v2\/categories?post=179394"},{"taxonomy":"post_tag","embeddable":true,"href":"https:\/\/www.welovecycling.com\/wide\/wp-json\/wp\/v2\/tags?post=179394"},{"taxonomy":"global-categories","embeddable":true,"href":"https:\/\/www.welovecycling.com\/wide\/wp-json\/wp\/v2\/global-categories?post=179394"}],"curies":[{"name":"wp","href":"https:\/\/api.w.org\/{rel}","templated":true}]}}