{"id":179323,"date":"2020-09-08T10:43:17","date_gmt":"2020-09-08T10:43:17","guid":{"rendered":"https:\/\/www.welovecycling.com\/wide\/?p=179323"},"modified":"2020-09-08T10:43:17","modified_gmt":"2020-09-08T10:43:17","slug":"the-story-of-the-skoda-green-jersey-and-the-legend-of-peter-sagan","status":"publish","type":"post","link":"https:\/\/www.welovecycling.com\/wide\/2020\/09\/08\/the-story-of-the-skoda-green-jersey-and-the-legend-of-peter-sagan\/","title":{"rendered":"The Story of the \u0160koda Green Jersey and the Legend of Peter Sagan"},"content":{"rendered":"<p><strong>If you image search the web for Peter Sagan, a 30-year-old Slovak professional racing cyclist, the results will be dominated by the colour green. The reason is obvious \u2013 Peter holds the world record for the most <a href=\"https:\/\/www.skoda-auto.com\/\">\u0160koda<\/a> Green Jerseys collected at the Tour de France. The \u201csprinter\u2019s\u201d jersey requires an all-round set of skills, creativity in the saddle and impressive leg power so how does one keep winning it year after year when the stage routes change dramatically? Let\u2019s take it from the top.<\/strong><!--more--><\/p>\n<p>The Tour de France jerseys and their backstories are legends in their own right, but the maillot vert enjoys a special attention as it came to life right after its most sought-after yellow general classification sibling, and among tumultuous decisions. One could say that the Green Jersey is the result of Le Tour organizers striving to make the race more just and intriguing at the same time. Originally, the Tour\u2019s winner was determined by a time system, which later changed to a points system that only lasted until 1912 and was rolled back to a time system still used today. To reintroduce the points and add a bit more thrill to the event, the organizers introduced it as an additional points classification in 1953, a year that also marked the Tour\u2019s 50th anniversary.<\/p>\n<figure id=\"attachment_179337\" aria-describedby=\"caption-attachment-179337\" style=\"width: 1024px\" class=\"wp-caption alignnone\"><a href=\"https:\/\/d2p6e6u75xmxt8.cloudfront.net\/2\/2020\/09\/profimedia-0139554138.jpg\"><img loading=\"lazy\" decoding=\"async\" class=\"wp-image-179337 size-large\" src=\"https:\/\/d2p6e6u75xmxt8.cloudfront.net\/2\/2020\/09\/profimedia-0139554138-1024x759.jpg\" alt=\"1953 Tour\" width=\"1024\" height=\"759\" \/><\/a><figcaption id=\"caption-attachment-179337\" class=\"wp-caption-text\">The 1953 Tour de France was the first to introduce a points classification system. \u00a9 Profimedia<\/figcaption><\/figure>\n<p>As we mentioned before, the points are won during the intermediate sprint and at stage arrivals.\u00a0The colour green was ultimately chosen, funnily enough, because the original sponsor was a lawn-mower producer. 1968 is the only year the jersey was not green: red was chosen to match a new sponsor. Regarding today\u2019s sponsor, \u0160koda presently dons the mantle. Originally a bicycle workshop established in 1895, \u0160koda eventually became Tour de France\u2019s official partner and official vehicle partner in 2004 and further strengthened their commitment to cycling by sponsoring the \u0160koda \u201csprinter\u2019s\u201d Green Jersey since 2014.<\/p>\n<p>The pro cycling world is known for passion, talent, physical prowess and endurance, but not many of the top-class riders are known outside of their trophies and titles. Enter Peter Sagan, with his ever-present half smile and outgoing nature. Besides being a cycling prodigy, Peter is something of a multi-disciplinary artist, releasing music covers, educational videos or the recent <a href=\"https:\/\/www.youtube.com\/watch?v=maZgWQlkdPs&amp;ab_channel=Girod%27Italia\">Giro d\u2019Italia invitation<\/a> where he was not afraid to show off his acting chops. Just a quick YouTube search will flood you with videos of Peter getting \u201ccrowned\u201d by the famed Green Jersey, the feisty peloton moments, and his signature quirky finish-line gimmicks.<\/p>\n<figure id=\"attachment_179338\" aria-describedby=\"caption-attachment-179338\" style=\"width: 1024px\" class=\"wp-caption alignnone\"><a href=\"https:\/\/d2p6e6u75xmxt8.cloudfront.net\/2\/2020\/09\/profimedia-0461187907.jpg\"><img loading=\"lazy\" decoding=\"async\" class=\"wp-image-179338 size-large\" src=\"https:\/\/d2p6e6u75xmxt8.cloudfront.net\/2\/2020\/09\/profimedia-0461187907-1024x682.jpg\" alt=\"Peter Sagan\" width=\"1024\" height=\"682\" \/><\/a><figcaption id=\"caption-attachment-179338\" class=\"wp-caption-text\">Sagan and his ever-present smile. \u00a9 Profimedia<\/figcaption><\/figure>\n<p>Originally a junior cyclo-cross and mountain bike racing competitor from 2009, Sagan eventually fully switched to road racing and became the legend we know today. He\u2019s a noted cycling sprinter and Classics specialist, with multiple stage, World and European title wins under his belt. Regarding the Tour de France\u2019s \u0160koda Green Jersey, officially called points classification, a rider who craves it needs to be extremely adaptable, willing to give it all and has to possess a set of specific skills, which basically describes Peter to a T. Winning the Green Jersey is a difficult and complex task which depends on many factors, but the mechanics of it is clear \u2013 the points are awarded for high finishes in a stage and for winning intermediate sprints, the latter being where Sagan excels. He\u2019s been known to racking up points at flat stage stretches, dubbed \u201c\u0160koda sprints\u201d because the car manufacturer has been the Green Jersey\u2019s official sponsor since 2014.<\/p>\n<p>Sagan started his Green Jersey winning streak in 2012. In 2018, after years of stellar successes, he rounded up his days in the Green Jersey up to a hundred. And a year later, Peter made history when he won the Tour de France points classification for the seventh time, making it a world record. No other cyclist can boast a similar result; German cyclist Erik Zabel is the closest with six. Besides the Tour de France, Sagan further has sixteen <a href=\"https:\/\/www.welovecycling.com\/wide\/2017\/06\/30\/tour-de-france-back-day-check-10-historical-photographs-grande-boucle\/\">Grand Tour<\/a> stage victories!<\/p>\n<p>Do you think anyone can beat him this year? Or will you root for Peter Sagan to win his record eighth \u0160koda Green Jersey? Let us know in the comments!<\/p>\n","protected":false},"excerpt":{"rendered":"<p>If you image search the web for Peter Sagan, a 30-year-old Slovak professional racing cyclist, the results will be dominated [&hellip;]<\/p>\n","protected":false},"author":99,"featured_media":179339,"comment_status":"open","ping_status":"open","sticky":false,"template":"","format":"standard","meta":{"footnotes":""},"categories":[329],"tags":[3622,4397,402,2148,381,433,4396],"global-categories":[3366],"class_list":["post-179323","post","type-post","status-publish","format-standard","has-post-thumbnail","hentry","category-road-cycling","tag-2020-tour-de-france","tag-erik-zabel","tag-giro-ditalia","tag-green-jersey","tag-peter-sagan","tag-tour-de-france","tag-yellow-jersey","global-categories-cycling"],"yoast_head":"<!-- This site is optimized with the Yoast SEO Premium plugin v25.3 (Yoast SEO v25.9) - https:\/\/yoast.com\/wordpress\/plugins\/seo\/ -->\n<title>The Story of the \u0160koda Green Jersey and the Legend of Peter Sagan<\/title>\n<meta name=\"description\" content=\"If you image search the web for Peter Sagan, a 30-year-old Slovak professional racing cyclist, the results will be dominated by the colour green. The\" \/>\n<meta name=\"robots\" content=\"index, follow, max-snippet:-1, max-image-preview:large, max-video-preview:-1\" \/>\n<link rel=\"canonical\" href=\"https:\/\/www.welovecycling.com\/wide\/2020\/09\/08\/the-story-of-the-skoda-green-jersey-and-the-legend-of-peter-sagan\/\" \/>\n<meta property=\"og:locale\" content=\"en_US\" \/>\n<meta property=\"og:type\" content=\"article\" \/>\n<meta property=\"og:title\" content=\"The Story of the \u0160koda Green Jersey and the Legend of Peter Sagan\" \/>\n<meta property=\"og:description\" content=\"If you image search the web for Peter Sagan, a 30-year-old Slovak professional racing cyclist, the results will be dominated by the colour green. The\" \/>\n<meta property=\"og:url\" content=\"https:\/\/www.welovecycling.com\/wide\/2020\/09\/08\/the-story-of-the-skoda-green-jersey-and-the-legend-of-peter-sagan\/\" \/>\n<meta property=\"og:site_name\" content=\"\u0160koda We Love Cycling\" \/>\n<meta property=\"article:published_time\" content=\"2020-09-08T10:43:17+00:00\" \/>\n<meta property=\"og:image\" content=\"https:\/\/d2p6e6u75xmxt8.cloudfront.net\/2\/2020\/09\/sagan-2020-profimedia-0555519798-CVR.webp\" \/>\n\t<meta property=\"og:image:width\" content=\"900\" \/>\n\t<meta property=\"og:image:height\" content=\"600\" \/>\n\t<meta property=\"og:image:type\" content=\"image\/webp\" \/>\n<meta name=\"author\" content=\"tereza\" \/>\n<meta name=\"twitter:card\" content=\"summary_large_image\" \/>\n<meta name=\"twitter:label1\" content=\"Written by\" \/>\n\t<meta name=\"twitter:data1\" content=\"We Love Cycling\" \/>\n\t<meta name=\"twitter:label2\" content=\"Est. reading time\" \/>\n\t<meta name=\"twitter:data2\" content=\"5\" \/>\n<script type=\"application\/ld+json\" class=\"yoast-schema-graph\">{\"@context\":\"https:\/\/schema.org\",\"@graph\":[{\"@type\":\"WebPage\",\"@id\":\"https:\/\/www.welovecycling.com\/wide\/2020\/09\/08\/the-story-of-the-skoda-green-jersey-and-the-legend-of-peter-sagan\/\",\"url\":\"https:\/\/www.welovecycling.com\/wide\/2020\/09\/08\/the-story-of-the-skoda-green-jersey-and-the-legend-of-peter-sagan\/\",\"name\":\"The Story of the \u0160koda Green Jersey and the Legend of Peter Sagan\",\"isPartOf\":{\"@id\":\"https:\/\/www.welovecycling.com\/wide\/#website\"},\"primaryImageOfPage\":{\"@id\":\"https:\/\/www.welovecycling.com\/wide\/2020\/09\/08\/the-story-of-the-skoda-green-jersey-and-the-legend-of-peter-sagan\/#primaryimage\"},\"image\":{\"@id\":\"https:\/\/www.welovecycling.com\/wide\/2020\/09\/08\/the-story-of-the-skoda-green-jersey-and-the-legend-of-peter-sagan\/#primaryimage\"},\"thumbnailUrl\":\"https:\/\/d2p6e6u75xmxt8.cloudfront.net\/2\/2020\/09\/sagan-2020-profimedia-0555519798-CVR.webp\",\"datePublished\":\"2020-09-08T10:43:17+00:00\",\"author\":{\"@id\":\"https:\/\/www.welovecycling.com\/wide\/#\/schema\/person\/50f01ecd18718d2333cf72e823c4f926\"},\"description\":\"If you image search the web for Peter Sagan, a 30-year-old Slovak professional racing cyclist, the results will be dominated by the colour green. The\",\"breadcrumb\":{\"@id\":\"https:\/\/www.welovecycling.com\/wide\/2020\/09\/08\/the-story-of-the-skoda-green-jersey-and-the-legend-of-peter-sagan\/#breadcrumb\"},\"inLanguage\":\"en-US\",\"potentialAction\":[{\"@type\":\"ReadAction\",\"target\":[\"https:\/\/www.welovecycling.com\/wide\/2020\/09\/08\/the-story-of-the-skoda-green-jersey-and-the-legend-of-peter-sagan\/\"]}]},{\"@type\":\"ImageObject\",\"inLanguage\":\"en-US\",\"@id\":\"https:\/\/www.welovecycling.com\/wide\/2020\/09\/08\/the-story-of-the-skoda-green-jersey-and-the-legend-of-peter-sagan\/#primaryimage\",\"url\":\"https:\/\/d2p6e6u75xmxt8.cloudfront.net\/2\/2020\/09\/sagan-2020-profimedia-0555519798-CVR.webp\",\"contentUrl\":\"https:\/\/d2p6e6u75xmxt8.cloudfront.net\/2\/2020\/09\/sagan-2020-profimedia-0555519798-CVR.webp\",\"width\":900,\"height\":600,\"caption\":\"Sagan Tour 2020\"},{\"@type\":\"BreadcrumbList\",\"@id\":\"https:\/\/www.welovecycling.com\/wide\/2020\/09\/08\/the-story-of-the-skoda-green-jersey-and-the-legend-of-peter-sagan\/#breadcrumb\",\"itemListElement\":[{\"@type\":\"ListItem\",\"position\":1,\"name\":\"Home\",\"item\":\"https:\/\/www.welovecycling.com\/wide\/\"},{\"@type\":\"ListItem\",\"position\":2,\"name\":\"The Story of the \u0160koda Green Jersey and the Legend of Peter Sagan\"}]},{\"@type\":\"WebSite\",\"@id\":\"https:\/\/www.welovecycling.com\/wide\/#website\",\"url\":\"https:\/\/www.welovecycling.com\/wide\/\",\"name\":\"\u0160koda We Love Cycling\",\"description\":\"\u0160koda We Love Cycling magazine\",\"alternateName\":\"\u0160koda WLC\",\"potentialAction\":[{\"@type\":\"SearchAction\",\"target\":{\"@type\":\"EntryPoint\",\"urlTemplate\":\"https:\/\/www.welovecycling.com\/wide\/?s={search_term_string}\"},\"query-input\":{\"@type\":\"PropertyValueSpecification\",\"valueRequired\":true,\"valueName\":\"search_term_string\"}}],\"inLanguage\":\"en-US\"},{\"@type\":\"Person\",\"@id\":\"https:\/\/www.welovecycling.com\/wide\/#\/schema\/person\/50f01ecd18718d2333cf72e823c4f926\",\"name\":\"tereza\",\"image\":{\"@type\":\"ImageObject\",\"inLanguage\":\"en-US\",\"@id\":\"https:\/\/www.welovecycling.com\/wide\/#\/schema\/person\/image\/\",\"url\":\"https:\/\/secure.gravatar.com\/avatar\/1f9eb71be33845f0afabce3791bc1c58ecdb0a25c62964987e5dbcf7a20d2ec7?s=96&d=mm&r=g\",\"contentUrl\":\"https:\/\/secure.gravatar.com\/avatar\/1f9eb71be33845f0afabce3791bc1c58ecdb0a25c62964987e5dbcf7a20d2ec7?s=96&d=mm&r=g\",\"caption\":\"tereza\"},\"url\":\"https:\/\/www.welovecycling.com\/wide\/author\/tereza\/\"}]}<\/script>\n<!-- \/ Yoast SEO Premium plugin. -->","yoast_head_json":{"title":"The Story of the \u0160koda Green Jersey and the Legend of Peter Sagan","description":"If you image search the web for Peter Sagan, a 30-year-old Slovak professional racing cyclist, the results will be dominated by the colour green. The","robots":{"index":"index","follow":"follow","max-snippet":"max-snippet:-1","max-image-preview":"max-image-preview:large","max-video-preview":"max-video-preview:-1"},"canonical":"https:\/\/www.welovecycling.com\/wide\/2020\/09\/08\/the-story-of-the-skoda-green-jersey-and-the-legend-of-peter-sagan\/","og_locale":"en_US","og_type":"article","og_title":"The Story of the \u0160koda Green Jersey and the Legend of Peter Sagan","og_description":"If you image search the web for Peter Sagan, a 30-year-old Slovak professional racing cyclist, the results will be dominated by the colour green. The","og_url":"https:\/\/www.welovecycling.com\/wide\/2020\/09\/08\/the-story-of-the-skoda-green-jersey-and-the-legend-of-peter-sagan\/","og_site_name":"\u0160koda We Love Cycling","article_published_time":"2020-09-08T10:43:17+00:00","og_image":[{"width":900,"height":600,"url":"https:\/\/d2p6e6u75xmxt8.cloudfront.net\/2\/2020\/09\/sagan-2020-profimedia-0555519798-CVR.webp","type":"image\/webp"}],"author":"tereza","twitter_card":"summary_large_image","twitter_misc":{"Written by":"We Love Cycling","Est. reading time":"5"},"schema":{"@context":"https:\/\/schema.org","@graph":[{"@type":"WebPage","@id":"https:\/\/www.welovecycling.com\/wide\/2020\/09\/08\/the-story-of-the-skoda-green-jersey-and-the-legend-of-peter-sagan\/","url":"https:\/\/www.welovecycling.com\/wide\/2020\/09\/08\/the-story-of-the-skoda-green-jersey-and-the-legend-of-peter-sagan\/","name":"The Story of the \u0160koda Green Jersey and the Legend of Peter Sagan","isPartOf":{"@id":"https:\/\/www.welovecycling.com\/wide\/#website"},"primaryImageOfPage":{"@id":"https:\/\/www.welovecycling.com\/wide\/2020\/09\/08\/the-story-of-the-skoda-green-jersey-and-the-legend-of-peter-sagan\/#primaryimage"},"image":{"@id":"https:\/\/www.welovecycling.com\/wide\/2020\/09\/08\/the-story-of-the-skoda-green-jersey-and-the-legend-of-peter-sagan\/#primaryimage"},"thumbnailUrl":"https:\/\/d2p6e6u75xmxt8.cloudfront.net\/2\/2020\/09\/sagan-2020-profimedia-0555519798-CVR.webp","datePublished":"2020-09-08T10:43:17+00:00","author":{"@id":"https:\/\/www.welovecycling.com\/wide\/#\/schema\/person\/50f01ecd18718d2333cf72e823c4f926"},"description":"If you image search the web for Peter Sagan, a 30-year-old Slovak professional racing cyclist, the results will be dominated by the colour green. The","breadcrumb":{"@id":"https:\/\/www.welovecycling.com\/wide\/2020\/09\/08\/the-story-of-the-skoda-green-jersey-and-the-legend-of-peter-sagan\/#breadcrumb"},"inLanguage":"en-US","potentialAction":[{"@type":"ReadAction","target":["https:\/\/www.welovecycling.com\/wide\/2020\/09\/08\/the-story-of-the-skoda-green-jersey-and-the-legend-of-peter-sagan\/"]}]},{"@type":"ImageObject","inLanguage":"en-US","@id":"https:\/\/www.welovecycling.com\/wide\/2020\/09\/08\/the-story-of-the-skoda-green-jersey-and-the-legend-of-peter-sagan\/#primaryimage","url":"https:\/\/d2p6e6u75xmxt8.cloudfront.net\/2\/2020\/09\/sagan-2020-profimedia-0555519798-CVR.webp","contentUrl":"https:\/\/d2p6e6u75xmxt8.cloudfront.net\/2\/2020\/09\/sagan-2020-profimedia-0555519798-CVR.webp","width":900,"height":600,"caption":"Sagan Tour 2020"},{"@type":"BreadcrumbList","@id":"https:\/\/www.welovecycling.com\/wide\/2020\/09\/08\/the-story-of-the-skoda-green-jersey-and-the-legend-of-peter-sagan\/#breadcrumb","itemListElement":[{"@type":"ListItem","position":1,"name":"Home","item":"https:\/\/www.welovecycling.com\/wide\/"},{"@type":"ListItem","position":2,"name":"The Story of the \u0160koda Green Jersey and the Legend of Peter Sagan"}]},{"@type":"WebSite","@id":"https:\/\/www.welovecycling.com\/wide\/#website","url":"https:\/\/www.welovecycling.com\/wide\/","name":"\u0160koda We Love Cycling","description":"\u0160koda We Love Cycling magazine","alternateName":"\u0160koda WLC","potentialAction":[{"@type":"SearchAction","target":{"@type":"EntryPoint","urlTemplate":"https:\/\/www.welovecycling.com\/wide\/?s={search_term_string}"},"query-input":{"@type":"PropertyValueSpecification","valueRequired":true,"valueName":"search_term_string"}}],"inLanguage":"en-US"},{"@type":"Person","@id":"https:\/\/www.welovecycling.com\/wide\/#\/schema\/person\/50f01ecd18718d2333cf72e823c4f926","name":"tereza","image":{"@type":"ImageObject","inLanguage":"en-US","@id":"https:\/\/www.welovecycling.com\/wide\/#\/schema\/person\/image\/","url":"https:\/\/secure.gravatar.com\/avatar\/1f9eb71be33845f0afabce3791bc1c58ecdb0a25c62964987e5dbcf7a20d2ec7?s=96&d=mm&r=g","contentUrl":"https:\/\/secure.gravatar.com\/avatar\/1f9eb71be33845f0afabce3791bc1c58ecdb0a25c62964987e5dbcf7a20d2ec7?s=96&d=mm&r=g","caption":"tereza"},"url":"https:\/\/www.welovecycling.com\/wide\/author\/tereza\/"}]}},"_links":{"self":[{"href":"https:\/\/www.welovecycling.com\/wide\/wp-json\/wp\/v2\/posts\/179323","targetHints":{"allow":["GET"]}}],"collection":[{"href":"https:\/\/www.welovecycling.com\/wide\/wp-json\/wp\/v2\/posts"}],"about":[{"href":"https:\/\/www.welovecycling.com\/wide\/wp-json\/wp\/v2\/types\/post"}],"author":[{"embeddable":true,"href":"https:\/\/www.welovecycling.com\/wide\/wp-json\/wp\/v2\/users\/99"}],"replies":[{"embeddable":true,"href":"https:\/\/www.welovecycling.com\/wide\/wp-json\/wp\/v2\/comments?post=179323"}],"version-history":[{"count":2,"href":"https:\/\/www.welovecycling.com\/wide\/wp-json\/wp\/v2\/posts\/179323\/revisions"}],"predecessor-version":[{"id":179346,"href":"https:\/\/www.welovecycling.com\/wide\/wp-json\/wp\/v2\/posts\/179323\/revisions\/179346"}],"wp:featuredmedia":[{"embeddable":true,"href":"https:\/\/www.welovecycling.com\/wide\/wp-json\/wp\/v2\/media\/179339"}],"wp:attachment":[{"href":"https:\/\/www.welovecycling.com\/wide\/wp-json\/wp\/v2\/media?parent=179323"}],"wp:term":[{"taxonomy":"category","embeddable":true,"href":"https:\/\/www.welovecycling.com\/wide\/wp-json\/wp\/v2\/categories?post=179323"},{"taxonomy":"post_tag","embeddable":true,"href":"https:\/\/www.welovecycling.com\/wide\/wp-json\/wp\/v2\/tags?post=179323"},{"taxonomy":"global-categories","embeddable":true,"href":"https:\/\/www.welovecycling.com\/wide\/wp-json\/wp\/v2\/global-categories?post=179323"}],"curies":[{"name":"wp","href":"https:\/\/api.w.org\/{rel}","templated":true}]}}