{"id":179244,"date":"2020-09-03T11:59:34","date_gmt":"2020-09-03T11:59:34","guid":{"rendered":"https:\/\/www.welovecycling.com\/wide\/?p=179244"},"modified":"2020-09-03T11:59:34","modified_gmt":"2020-09-03T11:59:34","slug":"was-the-1910-tour-ready-for-the-first-ever-crossing-of-the-pyrenees","status":"publish","type":"post","link":"https:\/\/www.welovecycling.com\/wide\/2020\/09\/03\/was-the-1910-tour-ready-for-the-first-ever-crossing-of-the-pyrenees\/","title":{"rendered":"Was the 1910 Tour Ready for the First-Ever Crossing of the Pyrenees?"},"content":{"rendered":"<p><strong>The beginnings of the Tour de France were wild. It was getting harder every year and the riders had to deal with increasingly crazier challenges. In 1910, the organizers decided that the cyclists should cross the Pyrenees mountains. How did they do it considering there were no good roads and a lot of bears?<\/strong><!--more--><br \/>\nAlphonse Steines who was helping Henri Desgrange organize the 1910 Tour got it in his head that crossing the Pyrenees mountains would make the Tour greater than ever. He had to lie and put his own life at risk to make it happen but he did it. This is how it went down:<\/p>\n<p>\u201cI know how to make the Tour even greater,\u201d started Steines.<br \/>\n\u201cGreater? Is it not big enough as it is?\u201d responds Desgrange.<br \/>\n\u201cNo. We have to cross all borders.\u201d<br \/>\n\u201cBorders? Don\u2019t you remember that your idea to go to Alsace was a complete disaster? The German government made it clear we can\u2019t do that again. It was a mistake to leave France.\u201d<br \/>\n\u201cI disagree. All of our neighbours want us to visit them. How about Spain?\u201d<br \/>\n\u201cWe would have to cross the Pyrenees!\u201d<br \/>\n\u201cExactly! I think that\u2019s precisely what we should do. Cross the Pyrenees.\u201d<br \/>\n\u201cWhat? You must be joking! Our cyclists will be eaten by bears. They will get lost. They will die of exhaustion.\u201d<\/p>\n<figure id=\"attachment_179249\" aria-describedby=\"caption-attachment-179249\" style=\"width: 1024px\" class=\"wp-caption alignnone\"><a href=\"https:\/\/d2p6e6u75xmxt8.cloudfront.net\/2\/2020\/09\/profimedia-0067944227.jpg\"><img loading=\"lazy\" decoding=\"async\" class=\"wp-image-179249 size-large\" src=\"https:\/\/d2p6e6u75xmxt8.cloudfront.net\/2\/2020\/09\/profimedia-0067944227-1024x700.jpg\" alt=\"Tour de France Mountain Stage\" width=\"1024\" height=\"700\" \/><\/a><figcaption id=\"caption-attachment-179249\" class=\"wp-caption-text\">Tour de France 1910. Stage in the mountains. \u00a9 Profimedia<\/figcaption><\/figure>\n<p>Steines was absolutely serious. He was so persistent that Desgrange finally agreed and they sat down with a map to discuss the route. Steines wanted to start in Perpignan and then go up through four passes: Peyresourde, Aspin, Tourmalet, and Aubisque.<\/p>\n<p>\u201cHow can you think this could be a great success? You are planning to send our riders above 2,000 meters high. Are these places even real? There are no roads out there,\u201d counters Desgrange.<br \/>\n\u201cI know it there,\u201d bluffs Steines.<br \/>\n\u201cYou will personally cross those passes yourself then!\u201d orders Desgrange.<\/p>\n<p>Steines travels to the Pyrenees at the end of winter and realizes how bad the situation is. There really is no usable road to Aubisque pass. He convinces a local engineer to build a dirt road there and moves on to Tourmalet. It\u2019s completely covered in snow so he decides to return a month before the start of the Tour. He hires a local driver in the town of Pau and sets off for the 19-km-long climb.<\/p>\n<p>\u201cIs there a road all the way up to the pass?\u201d asks Steines.<br \/>\n\u201cA road? No,\u201d disappoints the driver. \u201cBut there\u2019s a rocky path for mules,\u201d he adds.<\/p>\n<figure id=\"attachment_179248\" aria-describedby=\"caption-attachment-179248\" style=\"width: 1024px\" class=\"wp-caption alignnone\"><a href=\"https:\/\/d2p6e6u75xmxt8.cloudfront.net\/2\/2020\/09\/sheep-3689344_1280.jpg\"><img loading=\"lazy\" decoding=\"async\" class=\"wp-image-179248 size-large\" src=\"https:\/\/d2p6e6u75xmxt8.cloudfront.net\/2\/2020\/09\/sheep-3689344_1280-1024x682.jpg\" alt=\"Tourmalet\" width=\"1024\" height=\"682\" \/><\/a><figcaption id=\"caption-attachment-179248\" class=\"wp-caption-text\">A road at the 1910 Tourmalet? Seriously?<\/figcaption><\/figure>\n<p>Steines smiles, not knowing what awaits him. Three kilometres before the summit, the car gets stuck in the snow. The driver walks with Steines for another half a kilometre and then says he can\u2019t go any further.<\/p>\n<p>\u201cIt\u2019s almost six, the sun is going down and bears come here from Spain when it\u2019s snowy!\u201d<br \/>\n\u201cWait for me on the other side of the mountain in Bareges then,\u201d replies Steines.<\/p>\n<p>It\u2019s 12 kilometres away but Steines is determined. He keeps walking in snow in his low shoes towards the snowy peak. All of a sudden, he hears the voices of boys that are herding sheep.<\/p>\n<p>He calls out to them: \u201cDo you know Tourmalet well?\u201d<br \/>\n\u201cYeah\u201d<br \/>\n\u201cCan you guide me?\u201d<\/p>\n<p>They drag themselves for the remaining two kilometres through the snow for 2,5 hours to reach the top. It\u2019s late and very dark. There are no stars and the moon is hiding behind the clouds. The boy who was helping has to return home now and Steines is alone again. He rests on top for a moment but quickly realizes he could freeze to death if he stops moving. He starts the descent but loses his footing on the way and rolls down the hill in the snow. He ends up in a mountain stream. Wet and hypothermic, he finds a side of the road. He\u2019s exhausted and can\u2019t go on. After some time, he hears a voice again.<\/p>\n<p>\u201cWho\u2019s there?\u201d the stranger asks.<br \/>\nSteines stays silent in fear thinking it might be a smuggler that found him. But then gives up thinking it might be his only chance to be saved: \u201cI\u2019m a lost wanderer. I just crossed Tourmalet.\u201d<br \/>\n\u201cAh, you must be Steines. We were waiting for you. We received a call. Teams of mountain rescuers are looking for you everywhere.\u201d<br \/>\nWhen Steines gets to safety, he sends a historic and not very truthful telegram to Desgranges: \u201cI just crossed Tourmalet STOP Very good road STOP Totally acceptable STOP.\u201d<\/p>\n<figure id=\"attachment_179252\" aria-describedby=\"caption-attachment-179252\" style=\"width: 1024px\" class=\"wp-caption alignnone\"><a href=\"https:\/\/d2p6e6u75xmxt8.cloudfront.net\/2\/2020\/09\/Plaque_Alphonse_Steines_Weimerskirch.jpg\"><img loading=\"lazy\" decoding=\"async\" class=\"wp-image-179252 size-large\" src=\"https:\/\/d2p6e6u75xmxt8.cloudfront.net\/2\/2020\/09\/Plaque_Alphonse_Steines_Weimerskirch-1024x750.jpg\" alt=\"Alphonse Steines Tour\" width=\"1024\" height=\"750\" \/><\/a><figcaption id=\"caption-attachment-179252\" class=\"wp-caption-text\">Alphonse Steines&#8217; plaque in Luxembourg. \u00a9 Wikimedia Commons<\/figcaption><\/figure>\n<p>A month later, two <a href=\"https:\/\/www.welovecycling.com\/wide\/2020\/08\/28\/5-most-interesting-tour-de-france-stages-of-all-time\/\">Pyrenees stages<\/a> are part of the Tour de France for the first time ever. The second one still remains one of the hardest in history measuring 326 kilometres and crossing Peyresourde, Aspin, Tourmalet, and Aubisque. The winner of that stage, Octave Lapize, had this to say to the organizers when he reached the fourth mountain pass after about 15 hours of cycling:<\/p>\n<p>\u201cMurderers! You all are murderers!\u201d But the mountains didn\u2019t kill him and he managed to win the whole Tour that year. The Pyrenees were a big success like Steines dreamed. It would be hard to imagine the Tour without places like Tourmalet today.<\/p>\n","protected":false},"excerpt":{"rendered":"<p>The beginnings of the Tour de France were wild. It was getting harder every year and the riders had to [&hellip;]<\/p>\n","protected":false},"author":99,"featured_media":179247,"comment_status":"open","ping_status":"open","sticky":false,"template":"","format":"standard","meta":{"footnotes":""},"categories":[329],"tags":[4384,4382,4383,4385,433,4381],"global-categories":[3366],"class_list":["post-179244","post","type-post","status-publish","format-standard","has-post-thumbnail","hentry","category-road-cycling","tag-1910-tour","tag-alphonse-steines","tag-henri-desgrange","tag-pyrenees","tag-tour-de-france","tag-tourmalet","global-categories-cycling"],"yoast_head":"<!-- This site is optimized with the Yoast SEO Premium plugin v25.3 (Yoast SEO v25.9) - https:\/\/yoast.com\/wordpress\/plugins\/seo\/ -->\n<title>Was the 1910 Tour Ready for the First-Ever Crossing of the Pyrenees?<\/title>\n<meta name=\"description\" content=\"The beginnings of the Tour de France were wild. In 1910, the organizers decided that the cyclists should cross the Pyrenees mountains.\" \/>\n<meta name=\"robots\" content=\"index, follow, max-snippet:-1, max-image-preview:large, max-video-preview:-1\" \/>\n<link rel=\"canonical\" href=\"https:\/\/www.welovecycling.com\/wide\/2020\/09\/03\/was-the-1910-tour-ready-for-the-first-ever-crossing-of-the-pyrenees\/\" \/>\n<meta property=\"og:locale\" content=\"en_US\" \/>\n<meta property=\"og:type\" content=\"article\" \/>\n<meta property=\"og:title\" content=\"Was the 1910 Tour Ready for the First-Ever Crossing of the Pyrenees?\" \/>\n<meta property=\"og:description\" content=\"The beginnings of the Tour de France were wild. In 1910, the organizers decided that the cyclists should cross the Pyrenees mountains.\" \/>\n<meta property=\"og:url\" content=\"https:\/\/www.welovecycling.com\/wide\/2020\/09\/03\/was-the-1910-tour-ready-for-the-first-ever-crossing-of-the-pyrenees\/\" \/>\n<meta property=\"og:site_name\" content=\"\u0160koda We Love Cycling\" \/>\n<meta property=\"article:published_time\" content=\"2020-09-03T11:59:34+00:00\" \/>\n<meta property=\"og:image\" content=\"https:\/\/d2p6e6u75xmxt8.cloudfront.net\/2\/2020\/09\/tourmalet-pixabay-CVR.webp\" \/>\n\t<meta property=\"og:image:width\" content=\"900\" \/>\n\t<meta property=\"og:image:height\" content=\"600\" \/>\n\t<meta property=\"og:image:type\" content=\"image\/webp\" \/>\n<meta name=\"author\" content=\"tereza\" \/>\n<meta name=\"twitter:card\" content=\"summary_large_image\" \/>\n<meta name=\"twitter:label1\" content=\"Written by\" \/>\n\t<meta name=\"twitter:data1\" content=\"Jiri Kaloc\" \/>\n\t<meta name=\"twitter:label2\" content=\"Est. reading time\" \/>\n\t<meta name=\"twitter:data2\" content=\"4\" \/>\n<script type=\"application\/ld+json\" class=\"yoast-schema-graph\">{\"@context\":\"https:\/\/schema.org\",\"@graph\":[{\"@type\":\"WebPage\",\"@id\":\"https:\/\/www.welovecycling.com\/wide\/2020\/09\/03\/was-the-1910-tour-ready-for-the-first-ever-crossing-of-the-pyrenees\/\",\"url\":\"https:\/\/www.welovecycling.com\/wide\/2020\/09\/03\/was-the-1910-tour-ready-for-the-first-ever-crossing-of-the-pyrenees\/\",\"name\":\"Was the 1910 Tour Ready for the First-Ever Crossing of the Pyrenees?\",\"isPartOf\":{\"@id\":\"https:\/\/www.welovecycling.com\/wide\/#website\"},\"primaryImageOfPage\":{\"@id\":\"https:\/\/www.welovecycling.com\/wide\/2020\/09\/03\/was-the-1910-tour-ready-for-the-first-ever-crossing-of-the-pyrenees\/#primaryimage\"},\"image\":{\"@id\":\"https:\/\/www.welovecycling.com\/wide\/2020\/09\/03\/was-the-1910-tour-ready-for-the-first-ever-crossing-of-the-pyrenees\/#primaryimage\"},\"thumbnailUrl\":\"https:\/\/d2p6e6u75xmxt8.cloudfront.net\/2\/2020\/09\/tourmalet-pixabay-CVR.webp\",\"datePublished\":\"2020-09-03T11:59:34+00:00\",\"author\":{\"@id\":\"https:\/\/www.welovecycling.com\/wide\/#\/schema\/person\/50f01ecd18718d2333cf72e823c4f926\"},\"description\":\"The beginnings of the Tour de France were wild. In 1910, the organizers decided that the cyclists should cross the Pyrenees mountains.\",\"breadcrumb\":{\"@id\":\"https:\/\/www.welovecycling.com\/wide\/2020\/09\/03\/was-the-1910-tour-ready-for-the-first-ever-crossing-of-the-pyrenees\/#breadcrumb\"},\"inLanguage\":\"en-US\",\"potentialAction\":[{\"@type\":\"ReadAction\",\"target\":[\"https:\/\/www.welovecycling.com\/wide\/2020\/09\/03\/was-the-1910-tour-ready-for-the-first-ever-crossing-of-the-pyrenees\/\"]}]},{\"@type\":\"ImageObject\",\"inLanguage\":\"en-US\",\"@id\":\"https:\/\/www.welovecycling.com\/wide\/2020\/09\/03\/was-the-1910-tour-ready-for-the-first-ever-crossing-of-the-pyrenees\/#primaryimage\",\"url\":\"https:\/\/d2p6e6u75xmxt8.cloudfront.net\/2\/2020\/09\/tourmalet-pixabay-CVR.webp\",\"contentUrl\":\"https:\/\/d2p6e6u75xmxt8.cloudfront.net\/2\/2020\/09\/tourmalet-pixabay-CVR.webp\",\"width\":900,\"height\":600,\"caption\":\"Tourmalet\"},{\"@type\":\"BreadcrumbList\",\"@id\":\"https:\/\/www.welovecycling.com\/wide\/2020\/09\/03\/was-the-1910-tour-ready-for-the-first-ever-crossing-of-the-pyrenees\/#breadcrumb\",\"itemListElement\":[{\"@type\":\"ListItem\",\"position\":1,\"name\":\"Home\",\"item\":\"https:\/\/www.welovecycling.com\/wide\/\"},{\"@type\":\"ListItem\",\"position\":2,\"name\":\"Was the 1910 Tour Ready for the First-Ever Crossing of the Pyrenees?\"}]},{\"@type\":\"WebSite\",\"@id\":\"https:\/\/www.welovecycling.com\/wide\/#website\",\"url\":\"https:\/\/www.welovecycling.com\/wide\/\",\"name\":\"\u0160koda We Love Cycling\",\"description\":\"\u0160koda We Love Cycling magazine\",\"alternateName\":\"\u0160koda WLC\",\"potentialAction\":[{\"@type\":\"SearchAction\",\"target\":{\"@type\":\"EntryPoint\",\"urlTemplate\":\"https:\/\/www.welovecycling.com\/wide\/?s={search_term_string}\"},\"query-input\":{\"@type\":\"PropertyValueSpecification\",\"valueRequired\":true,\"valueName\":\"search_term_string\"}}],\"inLanguage\":\"en-US\"},{\"@type\":\"Person\",\"@id\":\"https:\/\/www.welovecycling.com\/wide\/#\/schema\/person\/50f01ecd18718d2333cf72e823c4f926\",\"name\":\"tereza\",\"image\":{\"@type\":\"ImageObject\",\"inLanguage\":\"en-US\",\"@id\":\"https:\/\/www.welovecycling.com\/wide\/#\/schema\/person\/image\/\",\"url\":\"https:\/\/secure.gravatar.com\/avatar\/1f9eb71be33845f0afabce3791bc1c58ecdb0a25c62964987e5dbcf7a20d2ec7?s=96&d=mm&r=g\",\"contentUrl\":\"https:\/\/secure.gravatar.com\/avatar\/1f9eb71be33845f0afabce3791bc1c58ecdb0a25c62964987e5dbcf7a20d2ec7?s=96&d=mm&r=g\",\"caption\":\"tereza\"},\"url\":\"https:\/\/www.welovecycling.com\/wide\/author\/tereza\/\"}]}<\/script>\n<!-- \/ Yoast SEO Premium plugin. -->","yoast_head_json":{"title":"Was the 1910 Tour Ready for the First-Ever Crossing of the Pyrenees?","description":"The beginnings of the Tour de France were wild. In 1910, the organizers decided that the cyclists should cross the Pyrenees mountains.","robots":{"index":"index","follow":"follow","max-snippet":"max-snippet:-1","max-image-preview":"max-image-preview:large","max-video-preview":"max-video-preview:-1"},"canonical":"https:\/\/www.welovecycling.com\/wide\/2020\/09\/03\/was-the-1910-tour-ready-for-the-first-ever-crossing-of-the-pyrenees\/","og_locale":"en_US","og_type":"article","og_title":"Was the 1910 Tour Ready for the First-Ever Crossing of the Pyrenees?","og_description":"The beginnings of the Tour de France were wild. In 1910, the organizers decided that the cyclists should cross the Pyrenees mountains.","og_url":"https:\/\/www.welovecycling.com\/wide\/2020\/09\/03\/was-the-1910-tour-ready-for-the-first-ever-crossing-of-the-pyrenees\/","og_site_name":"\u0160koda We Love Cycling","article_published_time":"2020-09-03T11:59:34+00:00","og_image":[{"width":900,"height":600,"url":"https:\/\/d2p6e6u75xmxt8.cloudfront.net\/2\/2020\/09\/tourmalet-pixabay-CVR.webp","type":"image\/webp"}],"author":"tereza","twitter_card":"summary_large_image","twitter_misc":{"Written by":"Jiri Kaloc","Est. reading time":"4"},"schema":{"@context":"https:\/\/schema.org","@graph":[{"@type":"WebPage","@id":"https:\/\/www.welovecycling.com\/wide\/2020\/09\/03\/was-the-1910-tour-ready-for-the-first-ever-crossing-of-the-pyrenees\/","url":"https:\/\/www.welovecycling.com\/wide\/2020\/09\/03\/was-the-1910-tour-ready-for-the-first-ever-crossing-of-the-pyrenees\/","name":"Was the 1910 Tour Ready for the First-Ever Crossing of the Pyrenees?","isPartOf":{"@id":"https:\/\/www.welovecycling.com\/wide\/#website"},"primaryImageOfPage":{"@id":"https:\/\/www.welovecycling.com\/wide\/2020\/09\/03\/was-the-1910-tour-ready-for-the-first-ever-crossing-of-the-pyrenees\/#primaryimage"},"image":{"@id":"https:\/\/www.welovecycling.com\/wide\/2020\/09\/03\/was-the-1910-tour-ready-for-the-first-ever-crossing-of-the-pyrenees\/#primaryimage"},"thumbnailUrl":"https:\/\/d2p6e6u75xmxt8.cloudfront.net\/2\/2020\/09\/tourmalet-pixabay-CVR.webp","datePublished":"2020-09-03T11:59:34+00:00","author":{"@id":"https:\/\/www.welovecycling.com\/wide\/#\/schema\/person\/50f01ecd18718d2333cf72e823c4f926"},"description":"The beginnings of the Tour de France were wild. In 1910, the organizers decided that the cyclists should cross the Pyrenees mountains.","breadcrumb":{"@id":"https:\/\/www.welovecycling.com\/wide\/2020\/09\/03\/was-the-1910-tour-ready-for-the-first-ever-crossing-of-the-pyrenees\/#breadcrumb"},"inLanguage":"en-US","potentialAction":[{"@type":"ReadAction","target":["https:\/\/www.welovecycling.com\/wide\/2020\/09\/03\/was-the-1910-tour-ready-for-the-first-ever-crossing-of-the-pyrenees\/"]}]},{"@type":"ImageObject","inLanguage":"en-US","@id":"https:\/\/www.welovecycling.com\/wide\/2020\/09\/03\/was-the-1910-tour-ready-for-the-first-ever-crossing-of-the-pyrenees\/#primaryimage","url":"https:\/\/d2p6e6u75xmxt8.cloudfront.net\/2\/2020\/09\/tourmalet-pixabay-CVR.webp","contentUrl":"https:\/\/d2p6e6u75xmxt8.cloudfront.net\/2\/2020\/09\/tourmalet-pixabay-CVR.webp","width":900,"height":600,"caption":"Tourmalet"},{"@type":"BreadcrumbList","@id":"https:\/\/www.welovecycling.com\/wide\/2020\/09\/03\/was-the-1910-tour-ready-for-the-first-ever-crossing-of-the-pyrenees\/#breadcrumb","itemListElement":[{"@type":"ListItem","position":1,"name":"Home","item":"https:\/\/www.welovecycling.com\/wide\/"},{"@type":"ListItem","position":2,"name":"Was the 1910 Tour Ready for the First-Ever Crossing of the Pyrenees?"}]},{"@type":"WebSite","@id":"https:\/\/www.welovecycling.com\/wide\/#website","url":"https:\/\/www.welovecycling.com\/wide\/","name":"\u0160koda We Love Cycling","description":"\u0160koda We Love Cycling magazine","alternateName":"\u0160koda WLC","potentialAction":[{"@type":"SearchAction","target":{"@type":"EntryPoint","urlTemplate":"https:\/\/www.welovecycling.com\/wide\/?s={search_term_string}"},"query-input":{"@type":"PropertyValueSpecification","valueRequired":true,"valueName":"search_term_string"}}],"inLanguage":"en-US"},{"@type":"Person","@id":"https:\/\/www.welovecycling.com\/wide\/#\/schema\/person\/50f01ecd18718d2333cf72e823c4f926","name":"tereza","image":{"@type":"ImageObject","inLanguage":"en-US","@id":"https:\/\/www.welovecycling.com\/wide\/#\/schema\/person\/image\/","url":"https:\/\/secure.gravatar.com\/avatar\/1f9eb71be33845f0afabce3791bc1c58ecdb0a25c62964987e5dbcf7a20d2ec7?s=96&d=mm&r=g","contentUrl":"https:\/\/secure.gravatar.com\/avatar\/1f9eb71be33845f0afabce3791bc1c58ecdb0a25c62964987e5dbcf7a20d2ec7?s=96&d=mm&r=g","caption":"tereza"},"url":"https:\/\/www.welovecycling.com\/wide\/author\/tereza\/"}]}},"_links":{"self":[{"href":"https:\/\/www.welovecycling.com\/wide\/wp-json\/wp\/v2\/posts\/179244","targetHints":{"allow":["GET"]}}],"collection":[{"href":"https:\/\/www.welovecycling.com\/wide\/wp-json\/wp\/v2\/posts"}],"about":[{"href":"https:\/\/www.welovecycling.com\/wide\/wp-json\/wp\/v2\/types\/post"}],"author":[{"embeddable":true,"href":"https:\/\/www.welovecycling.com\/wide\/wp-json\/wp\/v2\/users\/99"}],"replies":[{"embeddable":true,"href":"https:\/\/www.welovecycling.com\/wide\/wp-json\/wp\/v2\/comments?post=179244"}],"version-history":[{"count":2,"href":"https:\/\/www.welovecycling.com\/wide\/wp-json\/wp\/v2\/posts\/179244\/revisions"}],"predecessor-version":[{"id":179253,"href":"https:\/\/www.welovecycling.com\/wide\/wp-json\/wp\/v2\/posts\/179244\/revisions\/179253"}],"wp:featuredmedia":[{"embeddable":true,"href":"https:\/\/www.welovecycling.com\/wide\/wp-json\/wp\/v2\/media\/179247"}],"wp:attachment":[{"href":"https:\/\/www.welovecycling.com\/wide\/wp-json\/wp\/v2\/media?parent=179244"}],"wp:term":[{"taxonomy":"category","embeddable":true,"href":"https:\/\/www.welovecycling.com\/wide\/wp-json\/wp\/v2\/categories?post=179244"},{"taxonomy":"post_tag","embeddable":true,"href":"https:\/\/www.welovecycling.com\/wide\/wp-json\/wp\/v2\/tags?post=179244"},{"taxonomy":"global-categories","embeddable":true,"href":"https:\/\/www.welovecycling.com\/wide\/wp-json\/wp\/v2\/global-categories?post=179244"}],"curies":[{"name":"wp","href":"https:\/\/api.w.org\/{rel}","templated":true}]}}