{"id":178996,"date":"2020-08-21T11:20:18","date_gmt":"2020-08-21T11:20:18","guid":{"rendered":"https:\/\/www.welovecycling.com\/wide\/?p=178996"},"modified":"2020-08-21T11:20:18","modified_gmt":"2020-08-21T11:20:18","slug":"no-more-podium-girls-at-tour-de-france","status":"publish","type":"post","link":"https:\/\/www.welovecycling.com\/wide\/2020\/08\/21\/no-more-podium-girls-at-tour-de-france\/","title":{"rendered":"No More Podium Girls at Tour de France"},"content":{"rendered":"<p><strong>Following years of rumours, speculation, and heated opinions \u2014 A.S.O., a parent company of the <a href=\"https:\/\/www.letour.fr\/en\/\">Tour de France<\/a>, has informally announced that the iconic podium girls will no longer be a part of cycling\u2019s most prestigious event. Rather than the traditional Grande Boucle podium scene that featured the winner flanked by two leggy women, the award ceremony is going to look a little bit different going forward.<\/strong><!--more--><\/p>\n<p>Although an official press release has not yet been issued, Europe 1 has reported Tour director Christian Prudhomme as saying: &#8220;You used to see the winner surrounded by two hostesses, with five dignitaries on one side and five representatives of the sponsors on the other. Now it will be different with only one dignitary and one representative of the yellow jersey sponsors, as well as a hostess and a host for the first time.\u201d<\/p>\n<figure id=\"attachment_179000\" aria-describedby=\"caption-attachment-179000\" style=\"width: 1250px\" class=\"wp-caption alignnone\"><img loading=\"lazy\" decoding=\"async\" class=\"size-full wp-image-179000\" src=\"https:\/\/d2p6e6u75xmxt8.cloudfront.net\/2\/2020\/08\/Egan-Bernal-profimedia-0553793859.jpg\" alt=\"Podium Girls\" width=\"1250\" height=\"833\" \/><figcaption id=\"caption-attachment-179000\" class=\"wp-caption-text\">Egan Bernal is helped by hostesses to put on his overall leader&#8217;s yellow jersey on August 19, 2020. \u00a9 Profimedia<\/figcaption><\/figure>\n<p>This introduction of a male host indeed seems novel for the Tour de France but the race director was also quick to draw attention to the fact that it was not an unprecedented move for a major cycling event. As he explained, \u201cwe have already been doing it in other races for 20 years, as in Li\u00e8ge-Bastogne-Li\u00e8ge.&#8221; Nevertheless, the podium girls have long been a highly visible feature of cycling\u2019s top race, so it is unlikely that the decision to do away with them was taken lightly.<\/p>\n<h2><strong>Shifting cultural attitudes<\/strong><\/h2>\n<p>The choice to abandon the practice of podium girls is likely due to an effort on the part of cycling\u2019s most influential governing bodies to reflect the standards and values of an increasingly gender-conscious society and younger fans. Criticized by many as a sign of cycling\u2019s outdated ways and ingrained patriarchal structure, the women handing out prizes and kisses have been a point of contention for a while. In fact, with many condemning the practice as anachronistic and even harmful to women, there was a <a href=\"https:\/\/www.welovecycling.com\/wide\/2017\/01\/20\/tour-decides-ditch-podium-girls\/\">petition circulated in 2019<\/a> to end the tradition for good. It received over 38,000 signatures, providing a decisive indication that the community was largely ready to see an official change.<\/p>\n<h2><strong>Acknowledging a less than perfect past<\/strong><\/h2>\n<p>These calls for change are not merely an issue of optics either. There have been some notable incidents involving podium girls that seem almost hard to believe in the current context of sex and gender reckoning. Take, for example, the 2013 confrontation which led Slovak cyclist Peter Sagan to have to record an apology after pinching the buttocks of Tour of Flanders podium girl Maya Leye during an awards ceremony. Or the 2017 interview during which rider Jan Bakelants told fans that he needed a packet of condoms for his free time at the Tour as \u201cyou never know where those podium chicks have been hanging out.\u201d He was later forced to apologise.<\/p>\n<figure id=\"attachment_179001\" aria-describedby=\"caption-attachment-179001\" style=\"width: 1250px\" class=\"wp-caption alignnone\"><img loading=\"lazy\" decoding=\"async\" class=\"size-full wp-image-179001\" src=\"https:\/\/d2p6e6u75xmxt8.cloudfront.net\/2\/2020\/08\/profimedia-0461255531.jpg\" alt=\"Podium Girls\" width=\"1250\" height=\"833\" \/><figcaption id=\"caption-attachment-179001\" class=\"wp-caption-text\">Caleb Ewan on the podium of the 21st stage on July 28, 2019 in Paris, France &#8211; \u00a9 Luca Bettini \/ BettiniPhoto \/ DPPI<\/figcaption><\/figure>\n<p>The fact that these incidents went largely underreported only a few years ago seems striking now but it is also a sign of how quickly social norms and expectations have shifted and how the spotlight on inappropriate sexual conduct has been intensified.<\/p>\n<h2><strong>A women\u2019s Tour de France?<\/strong><\/h2>\n<p>That is not to say that misconduct was the norm but rather that the upper echelons of cycling governance are sensing that the public mood is changing. It isn\u2019t that they don\u2019t want to see women at the Tour de France, they would just rather see them racing than hanging out trophies. Indeed, one of the oft-lauded critiques of the practice of podium girls was the fact that they were the only women presented prominently at the race.<\/p>\n<p>On the tails of a successful virtual Tour de France that featured women racing under the same preeminent banner as men and increasingly viable calls for equality \u2014 it seems that the podium girls just no longer had a place at cycling\u2019s most visible event. Whether or not this speaks to true structural change or will remain a largely symbolic act remains to be seen. In the meantime, we\u2019re glad to see A.S.O. taking some critical steps in the right direction and look forward to a continued focus on gender equity going forward!<\/p>\n","protected":false},"excerpt":{"rendered":"<p>Following years of rumours, speculation, and heated opinions \u2014 A.S.O., a parent company of the Tour de France, has informally [&hellip;]<\/p>\n","protected":false},"author":12,"featured_media":178998,"comment_status":"open","ping_status":"open","sticky":false,"template":"","format":"standard","meta":{"footnotes":""},"categories":[329],"tags":[3622,4364,793],"global-categories":[3366],"class_list":["post-178996","post","type-post","status-publish","format-standard","has-post-thumbnail","hentry","category-road-cycling","tag-2020-tour-de-france","tag-cycling-podium-girls","tag-podium-girls","global-categories-cycling"],"yoast_head":"<!-- This site is optimized with the Yoast SEO Premium plugin v25.3 (Yoast SEO v25.9) - https:\/\/yoast.com\/wordpress\/plugins\/seo\/ -->\n<title>No More Podium Girls at Tour de France - \u0160koda We Love Cycling<\/title>\n<meta name=\"description\" content=\"The iconic podium girls will no longer be a part of cycling\u2019s most prestigious event.\" \/>\n<meta name=\"robots\" content=\"index, follow, max-snippet:-1, max-image-preview:large, max-video-preview:-1\" \/>\n<link rel=\"canonical\" href=\"https:\/\/www.welovecycling.com\/wide\/2020\/08\/21\/no-more-podium-girls-at-tour-de-france\/\" \/>\n<meta property=\"og:locale\" content=\"en_US\" \/>\n<meta property=\"og:type\" content=\"article\" \/>\n<meta property=\"og:title\" content=\"No More Podium Girls at Tour de France\" \/>\n<meta property=\"og:description\" content=\"The iconic podium girls will no longer be a part of cycling\u2019s most prestigious event.\" \/>\n<meta property=\"og:url\" content=\"https:\/\/www.welovecycling.com\/wide\/2020\/08\/21\/no-more-podium-girls-at-tour-de-france\/\" \/>\n<meta property=\"og:site_name\" content=\"\u0160koda We Love Cycling\" \/>\n<meta property=\"article:published_time\" content=\"2020-08-21T11:20:18+00:00\" \/>\n<meta property=\"og:image\" content=\"https:\/\/d2p6e6u75xmxt8.cloudfront.net\/2\/2020\/08\/Peter-Sagan-CVR-profimedia-0461192238.webp\" \/>\n\t<meta property=\"og:image:width\" content=\"900\" \/>\n\t<meta property=\"og:image:height\" content=\"600\" \/>\n\t<meta property=\"og:image:type\" content=\"image\/webp\" \/>\n<meta name=\"twitter:card\" content=\"summary_large_image\" \/>\n<meta name=\"twitter:label1\" content=\"Written by\" \/>\n\t<meta name=\"twitter:data1\" content=\"Megan Flottorp\" \/>\n\t<meta name=\"twitter:label2\" content=\"Est. reading time\" \/>\n\t<meta name=\"twitter:data2\" content=\"7\" \/>\n<script type=\"application\/ld+json\" class=\"yoast-schema-graph\">{\"@context\":\"https:\/\/schema.org\",\"@graph\":[{\"@type\":\"WebPage\",\"@id\":\"https:\/\/www.welovecycling.com\/wide\/2020\/08\/21\/no-more-podium-girls-at-tour-de-france\/\",\"url\":\"https:\/\/www.welovecycling.com\/wide\/2020\/08\/21\/no-more-podium-girls-at-tour-de-france\/\",\"name\":\"No More Podium Girls at Tour de France - \u0160koda We Love Cycling\",\"isPartOf\":{\"@id\":\"https:\/\/www.welovecycling.com\/wide\/#website\"},\"primaryImageOfPage\":{\"@id\":\"https:\/\/www.welovecycling.com\/wide\/2020\/08\/21\/no-more-podium-girls-at-tour-de-france\/#primaryimage\"},\"image\":{\"@id\":\"https:\/\/www.welovecycling.com\/wide\/2020\/08\/21\/no-more-podium-girls-at-tour-de-france\/#primaryimage\"},\"thumbnailUrl\":\"https:\/\/d2p6e6u75xmxt8.cloudfront.net\/2\/2020\/08\/Peter-Sagan-CVR-profimedia-0461192238.webp\",\"datePublished\":\"2020-08-21T11:20:18+00:00\",\"author\":{\"@id\":\"\"},\"description\":\"The iconic podium girls will no longer be a part of cycling\u2019s most prestigious event.\",\"breadcrumb\":{\"@id\":\"https:\/\/www.welovecycling.com\/wide\/2020\/08\/21\/no-more-podium-girls-at-tour-de-france\/#breadcrumb\"},\"inLanguage\":\"en-US\",\"potentialAction\":[{\"@type\":\"ReadAction\",\"target\":[\"https:\/\/www.welovecycling.com\/wide\/2020\/08\/21\/no-more-podium-girls-at-tour-de-france\/\"]}]},{\"@type\":\"ImageObject\",\"inLanguage\":\"en-US\",\"@id\":\"https:\/\/www.welovecycling.com\/wide\/2020\/08\/21\/no-more-podium-girls-at-tour-de-france\/#primaryimage\",\"url\":\"https:\/\/d2p6e6u75xmxt8.cloudfront.net\/2\/2020\/08\/Peter-Sagan-CVR-profimedia-0461192238.webp\",\"contentUrl\":\"https:\/\/d2p6e6u75xmxt8.cloudfront.net\/2\/2020\/08\/Peter-Sagan-CVR-profimedia-0461192238.webp\",\"width\":900,\"height\":600,\"caption\":\"Tour de France\"},{\"@type\":\"BreadcrumbList\",\"@id\":\"https:\/\/www.welovecycling.com\/wide\/2020\/08\/21\/no-more-podium-girls-at-tour-de-france\/#breadcrumb\",\"itemListElement\":[{\"@type\":\"ListItem\",\"position\":1,\"name\":\"Home\",\"item\":\"https:\/\/www.welovecycling.com\/wide\/\"},{\"@type\":\"ListItem\",\"position\":2,\"name\":\"No More Podium Girls at Tour de France\"}]},{\"@type\":\"WebSite\",\"@id\":\"https:\/\/www.welovecycling.com\/wide\/#website\",\"url\":\"https:\/\/www.welovecycling.com\/wide\/\",\"name\":\"\u0160koda We Love Cycling\",\"description\":\"\u0160koda We Love Cycling magazine\",\"alternateName\":\"\u0160koda WLC\",\"potentialAction\":[{\"@type\":\"SearchAction\",\"target\":{\"@type\":\"EntryPoint\",\"urlTemplate\":\"https:\/\/www.welovecycling.com\/wide\/?s={search_term_string}\"},\"query-input\":{\"@type\":\"PropertyValueSpecification\",\"valueRequired\":true,\"valueName\":\"search_term_string\"}}],\"inLanguage\":\"en-US\"},{\"@type\":\"Person\",\"@id\":\"\",\"url\":\"https:\/\/www.welovecycling.com\/wide\/author\/\"}]}<\/script>\n<!-- \/ Yoast SEO Premium plugin. -->","yoast_head_json":{"title":"No More Podium Girls at Tour de France - \u0160koda We Love Cycling","description":"The iconic podium girls will no longer be a part of cycling\u2019s most prestigious event.","robots":{"index":"index","follow":"follow","max-snippet":"max-snippet:-1","max-image-preview":"max-image-preview:large","max-video-preview":"max-video-preview:-1"},"canonical":"https:\/\/www.welovecycling.com\/wide\/2020\/08\/21\/no-more-podium-girls-at-tour-de-france\/","og_locale":"en_US","og_type":"article","og_title":"No More Podium Girls at Tour de France","og_description":"The iconic podium girls will no longer be a part of cycling\u2019s most prestigious event.","og_url":"https:\/\/www.welovecycling.com\/wide\/2020\/08\/21\/no-more-podium-girls-at-tour-de-france\/","og_site_name":"\u0160koda We Love Cycling","article_published_time":"2020-08-21T11:20:18+00:00","og_image":[{"width":900,"height":600,"url":"https:\/\/d2p6e6u75xmxt8.cloudfront.net\/2\/2020\/08\/Peter-Sagan-CVR-profimedia-0461192238.webp","type":"image\/webp"}],"twitter_card":"summary_large_image","twitter_misc":{"Written by":"Megan Flottorp","Est. reading time":"7"},"schema":{"@context":"https:\/\/schema.org","@graph":[{"@type":"WebPage","@id":"https:\/\/www.welovecycling.com\/wide\/2020\/08\/21\/no-more-podium-girls-at-tour-de-france\/","url":"https:\/\/www.welovecycling.com\/wide\/2020\/08\/21\/no-more-podium-girls-at-tour-de-france\/","name":"No More Podium Girls at Tour de France - \u0160koda We Love Cycling","isPartOf":{"@id":"https:\/\/www.welovecycling.com\/wide\/#website"},"primaryImageOfPage":{"@id":"https:\/\/www.welovecycling.com\/wide\/2020\/08\/21\/no-more-podium-girls-at-tour-de-france\/#primaryimage"},"image":{"@id":"https:\/\/www.welovecycling.com\/wide\/2020\/08\/21\/no-more-podium-girls-at-tour-de-france\/#primaryimage"},"thumbnailUrl":"https:\/\/d2p6e6u75xmxt8.cloudfront.net\/2\/2020\/08\/Peter-Sagan-CVR-profimedia-0461192238.webp","datePublished":"2020-08-21T11:20:18+00:00","author":{"@id":""},"description":"The iconic podium girls will no longer be a part of cycling\u2019s most prestigious event.","breadcrumb":{"@id":"https:\/\/www.welovecycling.com\/wide\/2020\/08\/21\/no-more-podium-girls-at-tour-de-france\/#breadcrumb"},"inLanguage":"en-US","potentialAction":[{"@type":"ReadAction","target":["https:\/\/www.welovecycling.com\/wide\/2020\/08\/21\/no-more-podium-girls-at-tour-de-france\/"]}]},{"@type":"ImageObject","inLanguage":"en-US","@id":"https:\/\/www.welovecycling.com\/wide\/2020\/08\/21\/no-more-podium-girls-at-tour-de-france\/#primaryimage","url":"https:\/\/d2p6e6u75xmxt8.cloudfront.net\/2\/2020\/08\/Peter-Sagan-CVR-profimedia-0461192238.webp","contentUrl":"https:\/\/d2p6e6u75xmxt8.cloudfront.net\/2\/2020\/08\/Peter-Sagan-CVR-profimedia-0461192238.webp","width":900,"height":600,"caption":"Tour de France"},{"@type":"BreadcrumbList","@id":"https:\/\/www.welovecycling.com\/wide\/2020\/08\/21\/no-more-podium-girls-at-tour-de-france\/#breadcrumb","itemListElement":[{"@type":"ListItem","position":1,"name":"Home","item":"https:\/\/www.welovecycling.com\/wide\/"},{"@type":"ListItem","position":2,"name":"No More Podium Girls at Tour de France"}]},{"@type":"WebSite","@id":"https:\/\/www.welovecycling.com\/wide\/#website","url":"https:\/\/www.welovecycling.com\/wide\/","name":"\u0160koda We Love Cycling","description":"\u0160koda We Love Cycling magazine","alternateName":"\u0160koda WLC","potentialAction":[{"@type":"SearchAction","target":{"@type":"EntryPoint","urlTemplate":"https:\/\/www.welovecycling.com\/wide\/?s={search_term_string}"},"query-input":{"@type":"PropertyValueSpecification","valueRequired":true,"valueName":"search_term_string"}}],"inLanguage":"en-US"},{"@type":"Person","@id":"","url":"https:\/\/www.welovecycling.com\/wide\/author\/"}]}},"_links":{"self":[{"href":"https:\/\/www.welovecycling.com\/wide\/wp-json\/wp\/v2\/posts\/178996","targetHints":{"allow":["GET"]}}],"collection":[{"href":"https:\/\/www.welovecycling.com\/wide\/wp-json\/wp\/v2\/posts"}],"about":[{"href":"https:\/\/www.welovecycling.com\/wide\/wp-json\/wp\/v2\/types\/post"}],"author":[{"embeddable":true,"href":"https:\/\/www.welovecycling.com\/wide\/wp-json\/wp\/v2\/users\/12"}],"replies":[{"embeddable":true,"href":"https:\/\/www.welovecycling.com\/wide\/wp-json\/wp\/v2\/comments?post=178996"}],"version-history":[{"count":2,"href":"https:\/\/www.welovecycling.com\/wide\/wp-json\/wp\/v2\/posts\/178996\/revisions"}],"predecessor-version":[{"id":179002,"href":"https:\/\/www.welovecycling.com\/wide\/wp-json\/wp\/v2\/posts\/178996\/revisions\/179002"}],"wp:featuredmedia":[{"embeddable":true,"href":"https:\/\/www.welovecycling.com\/wide\/wp-json\/wp\/v2\/media\/178998"}],"wp:attachment":[{"href":"https:\/\/www.welovecycling.com\/wide\/wp-json\/wp\/v2\/media?parent=178996"}],"wp:term":[{"taxonomy":"category","embeddable":true,"href":"https:\/\/www.welovecycling.com\/wide\/wp-json\/wp\/v2\/categories?post=178996"},{"taxonomy":"post_tag","embeddable":true,"href":"https:\/\/www.welovecycling.com\/wide\/wp-json\/wp\/v2\/tags?post=178996"},{"taxonomy":"global-categories","embeddable":true,"href":"https:\/\/www.welovecycling.com\/wide\/wp-json\/wp\/v2\/global-categories?post=178996"}],"curies":[{"name":"wp","href":"https:\/\/api.w.org\/{rel}","templated":true}]}}