{"id":178839,"date":"2020-08-05T13:46:07","date_gmt":"2020-08-05T13:46:07","guid":{"rendered":"https:\/\/www.welovecycling.com\/wide\/?p=178839"},"modified":"2020-08-05T13:46:07","modified_gmt":"2020-08-05T13:46:07","slug":"israel-start-up-nation-is-building-a-team-for-froome-the-first-domestique-arrives","status":"publish","type":"post","link":"https:\/\/www.welovecycling.com\/wide\/2020\/08\/05\/israel-start-up-nation-is-building-a-team-for-froome-the-first-domestique-arrives\/","title":{"rendered":"Israel Start-Up Nation Is Building a Team for Froome: The First Domestique Arrives"},"content":{"rendered":"<p><strong>They promised to strengthen the squad for the four-time Tour champion and they are beginning to deliver. Norwegian climber Carl Fredrik Hagen is the first sign of <a href=\"http:\/\/israelcyclingacademy.com\/\">Israel Start-Up Nation<\/a>\u2019s attack on the top World Tour teams.<\/strong><br \/>\n<!--more--><\/p>\n<p>The 28-year-old only started with road cycling at the age of 23. However, he won the Tour du Jura in 2018 and finished eighth for Lotto-Soudal at the 2019 Vuelta a Espa\u00f1a.<\/p>\n<p>https:\/\/www.instagram.com\/p\/CDdiqdnjqsl\/<\/p>\n<p>\u201cI look forward to evolving further in a team with these ambitions,\u201d Carl Fredrik said. \u201cWorking together with some of the world\u2019s best riders. It\u2019s going to be exciting and fun to be integrated into a new team, which hasn\u2019t yet reached its full potential. We\u2019ll build up together toward success in the coming years. I\u2019m looking for a role and an opportunity to achieve some good results in the GC and individual stages, as well as to support the team captains to succeed in the mountains.\u201d<\/p>\n<p>Israel Start-Up Nation\u2019s manager Kjell Carlstrom added: \u201cCarl Fredrik showed remarkable things in his first year in the World Tour, with top ten overall placings in several stage races, including the Vuelta.<\/p>\n<figure id=\"attachment_178844\" aria-describedby=\"caption-attachment-178844\" style=\"width: 1250px\" class=\"wp-caption alignnone\"><img loading=\"lazy\" decoding=\"async\" class=\"size-full wp-image-178844\" src=\"https:\/\/d2p6e6u75xmxt8.cloudfront.net\/2\/2020\/08\/profimedia-0470859456.jpg\" alt=\"Carl Hagen \" width=\"1250\" height=\"833\" \/><figcaption id=\"caption-attachment-178844\" class=\"wp-caption-text\">Carl Fredrik Hagen during stage 20 of the 2019 edition of the &#8216;Vuelta a Espana&#8217;. \u00a9 Profimedia<\/figcaption><\/figure>\n<p>\u201cWe believe he has the potential to go further. We see him having a double position in the team \u2013 he can learn and gain more expertise while being a great help to our other riders and getting his own chances in other races, including Grand Tours.\u201d<\/p>\n<p>While the 2020 Tour looks very promising, the 2021 Tour might be even better. Do you think <a href=\"https:\/\/www.welovecycling.com\/wide\/2020\/07\/09\/chris-froome-to-leave-team-ineos\/\">Chris Froome<\/a> will add to his tally of seven Grand Tour wins?<\/p>\n<p>UPDATE: The ISN announced another super-domestique!<\/p>\n<p>https:\/\/www.instagram.com\/p\/CDgEAq8FwLk\/<\/p>\n","protected":false},"excerpt":{"rendered":"<p>They promised to strengthen the squad for the four-time Tour champion and they are beginning to deliver. Norwegian climber Carl [&hellip;]<\/p>\n","protected":false},"author":12,"featured_media":178841,"comment_status":"open","ping_status":"open","sticky":false,"template":"","format":"standard","meta":{"footnotes":""},"categories":[329],"tags":[4333,1533,4263],"global-categories":[3366],"class_list":["post-178839","post","type-post","status-publish","format-standard","has-post-thumbnail","hentry","category-road-cycling","tag-carl-fredrik-hagen","tag-daryl-impey","tag-israel-start-up-nation","global-categories-cycling"],"yoast_head":"<!-- This site is optimized with the Yoast SEO Premium plugin v25.3 (Yoast SEO v25.9) - https:\/\/yoast.com\/wordpress\/plugins\/seo\/ -->\n<title>Carl Fredrik Hagen: Israel Start-Up Nation Is Building a Team for Froome<\/title>\n<meta name=\"description\" content=\"They promised to strengthen the squad for the four-time Tour champion and they are beginning to deliver. Norwegian climber Carl Fredrik Hagen is the first\" \/>\n<meta name=\"robots\" content=\"index, follow, max-snippet:-1, max-image-preview:large, max-video-preview:-1\" \/>\n<link rel=\"canonical\" href=\"https:\/\/www.welovecycling.com\/wide\/2020\/08\/05\/israel-start-up-nation-is-building-a-team-for-froome-the-first-domestique-arrives\/\" \/>\n<meta property=\"og:locale\" content=\"en_US\" \/>\n<meta property=\"og:type\" content=\"article\" \/>\n<meta property=\"og:title\" content=\"Israel Start-Up Nation Is Building a Team for Froome: The First Domestique Arrives\" \/>\n<meta property=\"og:description\" content=\"They promised to strengthen the squad for the four-time Tour champion and they are beginning to deliver. Norwegian climber Carl Fredrik Hagen is the first\" \/>\n<meta property=\"og:url\" content=\"https:\/\/www.welovecycling.com\/wide\/2020\/08\/05\/israel-start-up-nation-is-building-a-team-for-froome-the-first-domestique-arrives\/\" \/>\n<meta property=\"og:site_name\" content=\"\u0160koda We Love Cycling\" \/>\n<meta property=\"article:published_time\" content=\"2020-08-05T13:46:07+00:00\" \/>\n<meta property=\"og:image\" content=\"https:\/\/d2p6e6u75xmxt8.cloudfront.net\/2\/2020\/08\/Carl-Fredrik-Hagen-CVR-pCarl-Fredrik-Hagenrofimedia-0445752209.webp\" \/>\n\t<meta property=\"og:image:width\" content=\"900\" \/>\n\t<meta property=\"og:image:height\" content=\"600\" \/>\n\t<meta property=\"og:image:type\" content=\"image\/webp\" \/>\n<meta name=\"twitter:card\" content=\"summary_large_image\" \/>\n<meta name=\"twitter:label1\" content=\"Written by\" \/>\n\t<meta name=\"twitter:data1\" content=\"Monica Buck\" \/>\n\t<meta name=\"twitter:label2\" content=\"Est. reading time\" \/>\n\t<meta name=\"twitter:data2\" content=\"5\" \/>\n<script type=\"application\/ld+json\" class=\"yoast-schema-graph\">{\"@context\":\"https:\/\/schema.org\",\"@graph\":[{\"@type\":\"WebPage\",\"@id\":\"https:\/\/www.welovecycling.com\/wide\/2020\/08\/05\/israel-start-up-nation-is-building-a-team-for-froome-the-first-domestique-arrives\/\",\"url\":\"https:\/\/www.welovecycling.com\/wide\/2020\/08\/05\/israel-start-up-nation-is-building-a-team-for-froome-the-first-domestique-arrives\/\",\"name\":\"Carl Fredrik Hagen: Israel Start-Up Nation Is Building a Team for Froome\",\"isPartOf\":{\"@id\":\"https:\/\/www.welovecycling.com\/wide\/#website\"},\"primaryImageOfPage\":{\"@id\":\"https:\/\/www.welovecycling.com\/wide\/2020\/08\/05\/israel-start-up-nation-is-building-a-team-for-froome-the-first-domestique-arrives\/#primaryimage\"},\"image\":{\"@id\":\"https:\/\/www.welovecycling.com\/wide\/2020\/08\/05\/israel-start-up-nation-is-building-a-team-for-froome-the-first-domestique-arrives\/#primaryimage\"},\"thumbnailUrl\":\"https:\/\/d2p6e6u75xmxt8.cloudfront.net\/2\/2020\/08\/Carl-Fredrik-Hagen-CVR-pCarl-Fredrik-Hagenrofimedia-0445752209.webp\",\"datePublished\":\"2020-08-05T13:46:07+00:00\",\"author\":{\"@id\":\"\"},\"description\":\"They promised to strengthen the squad for the four-time Tour champion and they are beginning to deliver. Norwegian climber Carl Fredrik Hagen is the first\",\"breadcrumb\":{\"@id\":\"https:\/\/www.welovecycling.com\/wide\/2020\/08\/05\/israel-start-up-nation-is-building-a-team-for-froome-the-first-domestique-arrives\/#breadcrumb\"},\"inLanguage\":\"en-US\",\"potentialAction\":[{\"@type\":\"ReadAction\",\"target\":[\"https:\/\/www.welovecycling.com\/wide\/2020\/08\/05\/israel-start-up-nation-is-building-a-team-for-froome-the-first-domestique-arrives\/\"]}]},{\"@type\":\"ImageObject\",\"inLanguage\":\"en-US\",\"@id\":\"https:\/\/www.welovecycling.com\/wide\/2020\/08\/05\/israel-start-up-nation-is-building-a-team-for-froome-the-first-domestique-arrives\/#primaryimage\",\"url\":\"https:\/\/d2p6e6u75xmxt8.cloudfront.net\/2\/2020\/08\/Carl-Fredrik-Hagen-CVR-pCarl-Fredrik-Hagenrofimedia-0445752209.webp\",\"contentUrl\":\"https:\/\/d2p6e6u75xmxt8.cloudfront.net\/2\/2020\/08\/Carl-Fredrik-Hagen-CVR-pCarl-Fredrik-Hagenrofimedia-0445752209.webp\",\"width\":900,\"height\":600,\"caption\":\"Carl Fredrik Hagen\"},{\"@type\":\"BreadcrumbList\",\"@id\":\"https:\/\/www.welovecycling.com\/wide\/2020\/08\/05\/israel-start-up-nation-is-building-a-team-for-froome-the-first-domestique-arrives\/#breadcrumb\",\"itemListElement\":[{\"@type\":\"ListItem\",\"position\":1,\"name\":\"Home\",\"item\":\"https:\/\/www.welovecycling.com\/wide\/\"},{\"@type\":\"ListItem\",\"position\":2,\"name\":\"Israel Start-Up Nation Is Building a Team for Froome: The First Domestique Arrives\"}]},{\"@type\":\"WebSite\",\"@id\":\"https:\/\/www.welovecycling.com\/wide\/#website\",\"url\":\"https:\/\/www.welovecycling.com\/wide\/\",\"name\":\"\u0160koda We Love Cycling\",\"description\":\"\u0160koda We Love Cycling magazine\",\"alternateName\":\"\u0160koda WLC\",\"potentialAction\":[{\"@type\":\"SearchAction\",\"target\":{\"@type\":\"EntryPoint\",\"urlTemplate\":\"https:\/\/www.welovecycling.com\/wide\/?s={search_term_string}\"},\"query-input\":{\"@type\":\"PropertyValueSpecification\",\"valueRequired\":true,\"valueName\":\"search_term_string\"}}],\"inLanguage\":\"en-US\"},{\"@type\":\"Person\",\"@id\":\"\",\"url\":\"https:\/\/www.welovecycling.com\/wide\/author\/\"}]}<\/script>\n<!-- \/ Yoast SEO Premium plugin. -->","yoast_head_json":{"title":"Carl Fredrik Hagen: Israel Start-Up Nation Is Building a Team for Froome","description":"They promised to strengthen the squad for the four-time Tour champion and they are beginning to deliver. Norwegian climber Carl Fredrik Hagen is the first","robots":{"index":"index","follow":"follow","max-snippet":"max-snippet:-1","max-image-preview":"max-image-preview:large","max-video-preview":"max-video-preview:-1"},"canonical":"https:\/\/www.welovecycling.com\/wide\/2020\/08\/05\/israel-start-up-nation-is-building-a-team-for-froome-the-first-domestique-arrives\/","og_locale":"en_US","og_type":"article","og_title":"Israel Start-Up Nation Is Building a Team for Froome: The First Domestique Arrives","og_description":"They promised to strengthen the squad for the four-time Tour champion and they are beginning to deliver. Norwegian climber Carl Fredrik Hagen is the first","og_url":"https:\/\/www.welovecycling.com\/wide\/2020\/08\/05\/israel-start-up-nation-is-building-a-team-for-froome-the-first-domestique-arrives\/","og_site_name":"\u0160koda We Love Cycling","article_published_time":"2020-08-05T13:46:07+00:00","og_image":[{"width":900,"height":600,"url":"https:\/\/d2p6e6u75xmxt8.cloudfront.net\/2\/2020\/08\/Carl-Fredrik-Hagen-CVR-pCarl-Fredrik-Hagenrofimedia-0445752209.webp","type":"image\/webp"}],"twitter_card":"summary_large_image","twitter_misc":{"Written by":"Monica Buck","Est. reading time":"5"},"schema":{"@context":"https:\/\/schema.org","@graph":[{"@type":"WebPage","@id":"https:\/\/www.welovecycling.com\/wide\/2020\/08\/05\/israel-start-up-nation-is-building-a-team-for-froome-the-first-domestique-arrives\/","url":"https:\/\/www.welovecycling.com\/wide\/2020\/08\/05\/israel-start-up-nation-is-building-a-team-for-froome-the-first-domestique-arrives\/","name":"Carl Fredrik Hagen: Israel Start-Up Nation Is Building a Team for Froome","isPartOf":{"@id":"https:\/\/www.welovecycling.com\/wide\/#website"},"primaryImageOfPage":{"@id":"https:\/\/www.welovecycling.com\/wide\/2020\/08\/05\/israel-start-up-nation-is-building-a-team-for-froome-the-first-domestique-arrives\/#primaryimage"},"image":{"@id":"https:\/\/www.welovecycling.com\/wide\/2020\/08\/05\/israel-start-up-nation-is-building-a-team-for-froome-the-first-domestique-arrives\/#primaryimage"},"thumbnailUrl":"https:\/\/d2p6e6u75xmxt8.cloudfront.net\/2\/2020\/08\/Carl-Fredrik-Hagen-CVR-pCarl-Fredrik-Hagenrofimedia-0445752209.webp","datePublished":"2020-08-05T13:46:07+00:00","author":{"@id":""},"description":"They promised to strengthen the squad for the four-time Tour champion and they are beginning to deliver. Norwegian climber Carl Fredrik Hagen is the first","breadcrumb":{"@id":"https:\/\/www.welovecycling.com\/wide\/2020\/08\/05\/israel-start-up-nation-is-building-a-team-for-froome-the-first-domestique-arrives\/#breadcrumb"},"inLanguage":"en-US","potentialAction":[{"@type":"ReadAction","target":["https:\/\/www.welovecycling.com\/wide\/2020\/08\/05\/israel-start-up-nation-is-building-a-team-for-froome-the-first-domestique-arrives\/"]}]},{"@type":"ImageObject","inLanguage":"en-US","@id":"https:\/\/www.welovecycling.com\/wide\/2020\/08\/05\/israel-start-up-nation-is-building-a-team-for-froome-the-first-domestique-arrives\/#primaryimage","url":"https:\/\/d2p6e6u75xmxt8.cloudfront.net\/2\/2020\/08\/Carl-Fredrik-Hagen-CVR-pCarl-Fredrik-Hagenrofimedia-0445752209.webp","contentUrl":"https:\/\/d2p6e6u75xmxt8.cloudfront.net\/2\/2020\/08\/Carl-Fredrik-Hagen-CVR-pCarl-Fredrik-Hagenrofimedia-0445752209.webp","width":900,"height":600,"caption":"Carl Fredrik Hagen"},{"@type":"BreadcrumbList","@id":"https:\/\/www.welovecycling.com\/wide\/2020\/08\/05\/israel-start-up-nation-is-building-a-team-for-froome-the-first-domestique-arrives\/#breadcrumb","itemListElement":[{"@type":"ListItem","position":1,"name":"Home","item":"https:\/\/www.welovecycling.com\/wide\/"},{"@type":"ListItem","position":2,"name":"Israel Start-Up Nation Is Building a Team for Froome: The First Domestique Arrives"}]},{"@type":"WebSite","@id":"https:\/\/www.welovecycling.com\/wide\/#website","url":"https:\/\/www.welovecycling.com\/wide\/","name":"\u0160koda We Love Cycling","description":"\u0160koda We Love Cycling magazine","alternateName":"\u0160koda WLC","potentialAction":[{"@type":"SearchAction","target":{"@type":"EntryPoint","urlTemplate":"https:\/\/www.welovecycling.com\/wide\/?s={search_term_string}"},"query-input":{"@type":"PropertyValueSpecification","valueRequired":true,"valueName":"search_term_string"}}],"inLanguage":"en-US"},{"@type":"Person","@id":"","url":"https:\/\/www.welovecycling.com\/wide\/author\/"}]}},"_links":{"self":[{"href":"https:\/\/www.welovecycling.com\/wide\/wp-json\/wp\/v2\/posts\/178839","targetHints":{"allow":["GET"]}}],"collection":[{"href":"https:\/\/www.welovecycling.com\/wide\/wp-json\/wp\/v2\/posts"}],"about":[{"href":"https:\/\/www.welovecycling.com\/wide\/wp-json\/wp\/v2\/types\/post"}],"author":[{"embeddable":true,"href":"https:\/\/www.welovecycling.com\/wide\/wp-json\/wp\/v2\/users\/12"}],"replies":[{"embeddable":true,"href":"https:\/\/www.welovecycling.com\/wide\/wp-json\/wp\/v2\/comments?post=178839"}],"version-history":[{"count":2,"href":"https:\/\/www.welovecycling.com\/wide\/wp-json\/wp\/v2\/posts\/178839\/revisions"}],"predecessor-version":[{"id":178845,"href":"https:\/\/www.welovecycling.com\/wide\/wp-json\/wp\/v2\/posts\/178839\/revisions\/178845"}],"wp:featuredmedia":[{"embeddable":true,"href":"https:\/\/www.welovecycling.com\/wide\/wp-json\/wp\/v2\/media\/178841"}],"wp:attachment":[{"href":"https:\/\/www.welovecycling.com\/wide\/wp-json\/wp\/v2\/media?parent=178839"}],"wp:term":[{"taxonomy":"category","embeddable":true,"href":"https:\/\/www.welovecycling.com\/wide\/wp-json\/wp\/v2\/categories?post=178839"},{"taxonomy":"post_tag","embeddable":true,"href":"https:\/\/www.welovecycling.com\/wide\/wp-json\/wp\/v2\/tags?post=178839"},{"taxonomy":"global-categories","embeddable":true,"href":"https:\/\/www.welovecycling.com\/wide\/wp-json\/wp\/v2\/global-categories?post=178839"}],"curies":[{"name":"wp","href":"https:\/\/api.w.org\/{rel}","templated":true}]}}