{"id":178583,"date":"2020-07-09T09:45:12","date_gmt":"2020-07-09T09:45:12","guid":{"rendered":"https:\/\/www.welovecycling.com\/wide\/?p=178583"},"modified":"2020-07-09T19:21:06","modified_gmt":"2020-07-09T19:21:06","slug":"chris-froome-to-leave-team-ineos","status":"publish","type":"post","link":"https:\/\/www.welovecycling.com\/wide\/2020\/07\/09\/chris-froome-to-leave-team-ineos\/","title":{"rendered":"Chris Froome to Leave Team Ineos"},"content":{"rendered":"<p><strong>Team Ineos <a href=\"https:\/\/www.teamineos.com\/article\/chris-froome-to-leave-team-ineos-at-end-of-season\">confirmed<\/a> on Thursday morning that the four-time Tour de France champion\u2019s contract will not be renewed. They decided to make this announcement early to let the team focus on the season ahead. Israel Start-Up Nation is a likely candidate to sign Chris Froome.<\/strong><br \/>\n<!--more--><\/p>\n<p>&#8220;Chris has been with us from the start,\u201d Sir Dave Brailsford, the team\u2019s principal, said. \u201cHe is a great champion and we have shared many memorable moments over the years but I do believe this is the right decision for the Team and for Chris. Given his achievements in the sport, Chris is understandably keen to have sole team leadership in the next chapter of his career &#8211; which is not something we are able to guarantee him at this point.\u201d<\/p>\n<p>Chris Froome said: &#8220;It has been a phenomenal decade with the Team, we have achieved so much together and I will always treasure the memories. I look forward to exciting new challenges as I move into the next phase of my career but in the meantime my focus is on winning a fifth Tour de France with Team INEOS.&#8221;<\/p>\n<p>We&#8217;ll <a href=\"https:\/\/www.welovecycling.com\/wide\/tag\/chris-froome\/\">keep you updated<\/a> as the story develops.<\/p>\n<p>UPDATE: <strong>Chris Froome signs with Israel Start-Up Nation<\/strong><\/p>\n<p>Froome said: \u201cI\u2019m really excited to be joining the ISN family. I look forward to challenging and being challenged by their talent and continuing to strive for the success that I\u2019ve enjoyed up to now. ISN\u2019s impact on the sport is rapidly expanding, and I\u2019m energised to be along for the ride. I feel we can achieve great things together.\u201d<\/p>\n","protected":false},"excerpt":{"rendered":"<p>Team Ineos confirmed on Thursday morning that the four-time Tour de France champion\u2019s contract will not be renewed. They decided [&hellip;]<\/p>\n","protected":false},"author":12,"featured_media":178382,"comment_status":"open","ping_status":"open","sticky":false,"template":"","format":"standard","meta":{"footnotes":""},"categories":[329],"tags":[425,4263,2833,433],"global-categories":[3366],"class_list":["post-178583","post","type-post","status-publish","format-standard","has-post-thumbnail","hentry","category-road-cycling","tag-chris-froome","tag-israel-start-up-nation","tag-team-ineos","tag-tour-de-france","global-categories-cycling"],"yoast_head":"<!-- This site is optimized with the Yoast SEO Premium plugin v25.3 (Yoast SEO v25.9) - https:\/\/yoast.com\/wordpress\/plugins\/seo\/ -->\n<title>Chris Froome to Leave Team Ineos - \u0160koda We Love Cycling<\/title>\n<meta name=\"description\" content=\"Team Ineos confirmed on Thursday morning that the four-time Tour de France champion\u2019s contract will not be renewed. They decided to make this announcement\" \/>\n<meta name=\"robots\" content=\"index, follow, max-snippet:-1, max-image-preview:large, max-video-preview:-1\" \/>\n<link rel=\"canonical\" href=\"https:\/\/www.welovecycling.com\/wide\/2020\/07\/09\/chris-froome-to-leave-team-ineos\/\" \/>\n<meta property=\"og:locale\" content=\"en_US\" \/>\n<meta property=\"og:type\" content=\"article\" \/>\n<meta property=\"og:title\" content=\"Chris Froome to Leave Team Ineos\" \/>\n<meta property=\"og:description\" content=\"Team Ineos confirmed on Thursday morning that the four-time Tour de France champion\u2019s contract will not be renewed. They decided to make this announcement\" \/>\n<meta property=\"og:url\" content=\"https:\/\/www.welovecycling.com\/wide\/2020\/07\/09\/chris-froome-to-leave-team-ineos\/\" \/>\n<meta property=\"og:site_name\" content=\"\u0160koda We Love Cycling\" \/>\n<meta property=\"article:published_time\" content=\"2020-07-09T09:45:12+00:00\" \/>\n<meta property=\"article:modified_time\" content=\"2020-07-09T19:21:06+00:00\" \/>\n<meta property=\"og:image\" content=\"https:\/\/d2p6e6u75xmxt8.cloudfront.net\/2\/2020\/06\/Chris-Froome-CVR-profimedia-0500710705.webp\" \/>\n\t<meta property=\"og:image:width\" content=\"900\" \/>\n\t<meta property=\"og:image:height\" content=\"600\" \/>\n\t<meta property=\"og:image:type\" content=\"image\/webp\" \/>\n<meta name=\"twitter:card\" content=\"summary_large_image\" \/>\n<meta name=\"twitter:label1\" content=\"Written by\" \/>\n\t<meta name=\"twitter:data1\" content=\"Monica Buck\" \/>\n\t<meta name=\"twitter:label2\" content=\"Est. reading time\" \/>\n\t<meta name=\"twitter:data2\" content=\"3\" \/>\n<script type=\"application\/ld+json\" class=\"yoast-schema-graph\">{\"@context\":\"https:\/\/schema.org\",\"@graph\":[{\"@type\":\"WebPage\",\"@id\":\"https:\/\/www.welovecycling.com\/wide\/2020\/07\/09\/chris-froome-to-leave-team-ineos\/\",\"url\":\"https:\/\/www.welovecycling.com\/wide\/2020\/07\/09\/chris-froome-to-leave-team-ineos\/\",\"name\":\"Chris Froome to Leave Team Ineos - \u0160koda We Love Cycling\",\"isPartOf\":{\"@id\":\"https:\/\/www.welovecycling.com\/wide\/#website\"},\"primaryImageOfPage\":{\"@id\":\"https:\/\/www.welovecycling.com\/wide\/2020\/07\/09\/chris-froome-to-leave-team-ineos\/#primaryimage\"},\"image\":{\"@id\":\"https:\/\/www.welovecycling.com\/wide\/2020\/07\/09\/chris-froome-to-leave-team-ineos\/#primaryimage\"},\"thumbnailUrl\":\"https:\/\/d2p6e6u75xmxt8.cloudfront.net\/2\/2020\/06\/Chris-Froome-CVR-profimedia-0500710705.webp\",\"datePublished\":\"2020-07-09T09:45:12+00:00\",\"dateModified\":\"2020-07-09T19:21:06+00:00\",\"author\":{\"@id\":\"\"},\"description\":\"Team Ineos confirmed on Thursday morning that the four-time Tour de France champion\u2019s contract will not be renewed. They decided to make this announcement\",\"breadcrumb\":{\"@id\":\"https:\/\/www.welovecycling.com\/wide\/2020\/07\/09\/chris-froome-to-leave-team-ineos\/#breadcrumb\"},\"inLanguage\":\"en-US\",\"potentialAction\":[{\"@type\":\"ReadAction\",\"target\":[\"https:\/\/www.welovecycling.com\/wide\/2020\/07\/09\/chris-froome-to-leave-team-ineos\/\"]}]},{\"@type\":\"ImageObject\",\"inLanguage\":\"en-US\",\"@id\":\"https:\/\/www.welovecycling.com\/wide\/2020\/07\/09\/chris-froome-to-leave-team-ineos\/#primaryimage\",\"url\":\"https:\/\/d2p6e6u75xmxt8.cloudfront.net\/2\/2020\/06\/Chris-Froome-CVR-profimedia-0500710705.webp\",\"contentUrl\":\"https:\/\/d2p6e6u75xmxt8.cloudfront.net\/2\/2020\/06\/Chris-Froome-CVR-profimedia-0500710705.webp\",\"width\":900,\"height\":600,\"caption\":\"Chris Froome Team Ineos\"},{\"@type\":\"BreadcrumbList\",\"@id\":\"https:\/\/www.welovecycling.com\/wide\/2020\/07\/09\/chris-froome-to-leave-team-ineos\/#breadcrumb\",\"itemListElement\":[{\"@type\":\"ListItem\",\"position\":1,\"name\":\"Home\",\"item\":\"https:\/\/www.welovecycling.com\/wide\/\"},{\"@type\":\"ListItem\",\"position\":2,\"name\":\"Chris Froome to Leave Team Ineos\"}]},{\"@type\":\"WebSite\",\"@id\":\"https:\/\/www.welovecycling.com\/wide\/#website\",\"url\":\"https:\/\/www.welovecycling.com\/wide\/\",\"name\":\"\u0160koda We Love Cycling\",\"description\":\"\u0160koda We Love Cycling magazine\",\"alternateName\":\"\u0160koda WLC\",\"potentialAction\":[{\"@type\":\"SearchAction\",\"target\":{\"@type\":\"EntryPoint\",\"urlTemplate\":\"https:\/\/www.welovecycling.com\/wide\/?s={search_term_string}\"},\"query-input\":{\"@type\":\"PropertyValueSpecification\",\"valueRequired\":true,\"valueName\":\"search_term_string\"}}],\"inLanguage\":\"en-US\"},{\"@type\":\"Person\",\"@id\":\"\",\"url\":\"https:\/\/www.welovecycling.com\/wide\/author\/\"}]}<\/script>\n<!-- \/ Yoast SEO Premium plugin. -->","yoast_head_json":{"title":"Chris Froome to Leave Team Ineos - \u0160koda We Love Cycling","description":"Team Ineos confirmed on Thursday morning that the four-time Tour de France champion\u2019s contract will not be renewed. They decided to make this announcement","robots":{"index":"index","follow":"follow","max-snippet":"max-snippet:-1","max-image-preview":"max-image-preview:large","max-video-preview":"max-video-preview:-1"},"canonical":"https:\/\/www.welovecycling.com\/wide\/2020\/07\/09\/chris-froome-to-leave-team-ineos\/","og_locale":"en_US","og_type":"article","og_title":"Chris Froome to Leave Team Ineos","og_description":"Team Ineos confirmed on Thursday morning that the four-time Tour de France champion\u2019s contract will not be renewed. They decided to make this announcement","og_url":"https:\/\/www.welovecycling.com\/wide\/2020\/07\/09\/chris-froome-to-leave-team-ineos\/","og_site_name":"\u0160koda We Love Cycling","article_published_time":"2020-07-09T09:45:12+00:00","article_modified_time":"2020-07-09T19:21:06+00:00","og_image":[{"width":900,"height":600,"url":"https:\/\/d2p6e6u75xmxt8.cloudfront.net\/2\/2020\/06\/Chris-Froome-CVR-profimedia-0500710705.webp","type":"image\/webp"}],"twitter_card":"summary_large_image","twitter_misc":{"Written by":"Monica Buck","Est. reading time":"3"},"schema":{"@context":"https:\/\/schema.org","@graph":[{"@type":"WebPage","@id":"https:\/\/www.welovecycling.com\/wide\/2020\/07\/09\/chris-froome-to-leave-team-ineos\/","url":"https:\/\/www.welovecycling.com\/wide\/2020\/07\/09\/chris-froome-to-leave-team-ineos\/","name":"Chris Froome to Leave Team Ineos - \u0160koda We Love Cycling","isPartOf":{"@id":"https:\/\/www.welovecycling.com\/wide\/#website"},"primaryImageOfPage":{"@id":"https:\/\/www.welovecycling.com\/wide\/2020\/07\/09\/chris-froome-to-leave-team-ineos\/#primaryimage"},"image":{"@id":"https:\/\/www.welovecycling.com\/wide\/2020\/07\/09\/chris-froome-to-leave-team-ineos\/#primaryimage"},"thumbnailUrl":"https:\/\/d2p6e6u75xmxt8.cloudfront.net\/2\/2020\/06\/Chris-Froome-CVR-profimedia-0500710705.webp","datePublished":"2020-07-09T09:45:12+00:00","dateModified":"2020-07-09T19:21:06+00:00","author":{"@id":""},"description":"Team Ineos confirmed on Thursday morning that the four-time Tour de France champion\u2019s contract will not be renewed. They decided to make this announcement","breadcrumb":{"@id":"https:\/\/www.welovecycling.com\/wide\/2020\/07\/09\/chris-froome-to-leave-team-ineos\/#breadcrumb"},"inLanguage":"en-US","potentialAction":[{"@type":"ReadAction","target":["https:\/\/www.welovecycling.com\/wide\/2020\/07\/09\/chris-froome-to-leave-team-ineos\/"]}]},{"@type":"ImageObject","inLanguage":"en-US","@id":"https:\/\/www.welovecycling.com\/wide\/2020\/07\/09\/chris-froome-to-leave-team-ineos\/#primaryimage","url":"https:\/\/d2p6e6u75xmxt8.cloudfront.net\/2\/2020\/06\/Chris-Froome-CVR-profimedia-0500710705.webp","contentUrl":"https:\/\/d2p6e6u75xmxt8.cloudfront.net\/2\/2020\/06\/Chris-Froome-CVR-profimedia-0500710705.webp","width":900,"height":600,"caption":"Chris Froome Team Ineos"},{"@type":"BreadcrumbList","@id":"https:\/\/www.welovecycling.com\/wide\/2020\/07\/09\/chris-froome-to-leave-team-ineos\/#breadcrumb","itemListElement":[{"@type":"ListItem","position":1,"name":"Home","item":"https:\/\/www.welovecycling.com\/wide\/"},{"@type":"ListItem","position":2,"name":"Chris Froome to Leave Team Ineos"}]},{"@type":"WebSite","@id":"https:\/\/www.welovecycling.com\/wide\/#website","url":"https:\/\/www.welovecycling.com\/wide\/","name":"\u0160koda We Love Cycling","description":"\u0160koda We Love Cycling magazine","alternateName":"\u0160koda WLC","potentialAction":[{"@type":"SearchAction","target":{"@type":"EntryPoint","urlTemplate":"https:\/\/www.welovecycling.com\/wide\/?s={search_term_string}"},"query-input":{"@type":"PropertyValueSpecification","valueRequired":true,"valueName":"search_term_string"}}],"inLanguage":"en-US"},{"@type":"Person","@id":"","url":"https:\/\/www.welovecycling.com\/wide\/author\/"}]}},"_links":{"self":[{"href":"https:\/\/www.welovecycling.com\/wide\/wp-json\/wp\/v2\/posts\/178583","targetHints":{"allow":["GET"]}}],"collection":[{"href":"https:\/\/www.welovecycling.com\/wide\/wp-json\/wp\/v2\/posts"}],"about":[{"href":"https:\/\/www.welovecycling.com\/wide\/wp-json\/wp\/v2\/types\/post"}],"author":[{"embeddable":true,"href":"https:\/\/www.welovecycling.com\/wide\/wp-json\/wp\/v2\/users\/12"}],"replies":[{"embeddable":true,"href":"https:\/\/www.welovecycling.com\/wide\/wp-json\/wp\/v2\/comments?post=178583"}],"version-history":[{"count":2,"href":"https:\/\/www.welovecycling.com\/wide\/wp-json\/wp\/v2\/posts\/178583\/revisions"}],"predecessor-version":[{"id":178600,"href":"https:\/\/www.welovecycling.com\/wide\/wp-json\/wp\/v2\/posts\/178583\/revisions\/178600"}],"wp:featuredmedia":[{"embeddable":true,"href":"https:\/\/www.welovecycling.com\/wide\/wp-json\/wp\/v2\/media\/178382"}],"wp:attachment":[{"href":"https:\/\/www.welovecycling.com\/wide\/wp-json\/wp\/v2\/media?parent=178583"}],"wp:term":[{"taxonomy":"category","embeddable":true,"href":"https:\/\/www.welovecycling.com\/wide\/wp-json\/wp\/v2\/categories?post=178583"},{"taxonomy":"post_tag","embeddable":true,"href":"https:\/\/www.welovecycling.com\/wide\/wp-json\/wp\/v2\/tags?post=178583"},{"taxonomy":"global-categories","embeddable":true,"href":"https:\/\/www.welovecycling.com\/wide\/wp-json\/wp\/v2\/global-categories?post=178583"}],"curies":[{"name":"wp","href":"https:\/\/api.w.org\/{rel}","templated":true}]}}