{"id":178564,"date":"2020-07-08T11:15:55","date_gmt":"2020-07-08T11:15:55","guid":{"rendered":"https:\/\/www.welovecycling.com\/wide\/?p=178564"},"modified":"2020-07-08T11:22:55","modified_gmt":"2020-07-08T11:22:55","slug":"black-cyclists-matter-too","status":"publish","type":"post","link":"https:\/\/www.welovecycling.com\/wide\/2020\/07\/08\/black-cyclists-matter-too\/","title":{"rendered":"Black Cyclists Matter Too"},"content":{"rendered":"<p><strong>Racial discrimination may not be the reason that so few black riders have ridden in the world\u2019s grand tours. It may simply be that cycling has never been a sport favoured by black athletes. On the other hand, the absence of black cyclists from top-level racing may be yet another expression of everyday racism.<\/strong><!--more--><\/p>\n<p>For example, the <em>Chicago Tribune<\/em> <a href=\"https:\/\/www.chicagotribune.com\/news\/breaking\/ct-chicago-bike-tickets-minorities-0319-20170317-story.html\">reported in 2017<\/a> that Chicago police wrote more than twice as many tickets in African-American communities than in white or Latino neighbourhoods.<\/p>\n<p>\u201cThe top 10 community areas for bike tickets from 2008 to Sept. 22, 2016, include seven that are majority African-American and three that are majority Latino\u2026 Not a single majority-white area ranked in the top 10, despite biking\u2019s popularity in white areas,\u201d the paper reported.<\/p>\n<p>This is not a surprise, considering what <a href=\"https:\/\/www.welovecycling.com\/wide\/2020\/06\/26\/diversity-in-cycling-what-are-the-next-steps\/\">we\u2019ve learned (again!) recently<\/a>.<\/p>\n<p>In addition, a 2017 study by a Rutgers University researcher found that racial profiling by police was a deterrent to cycling in minority communities, with 21 percent of male African-American, Latino and mixed-race New Jersey residents in the study saying they had been unfairly stopped by police.<\/p>\n<p>But racism has also been a feature of top racing competitions ever since black riders have begun to appear in pelotons. For example, in the 2015 Tour de France, the first African team to compete in the race, MTN Qhubeka, claimed that their black riders had been subjected to racist bullying by other riders \u2013 even as the team\u2019s Eritrean rider Daniel Teklehaimanot made cycling history by becoming the first black African to wear a leader\u2019s jersey at a grand tour when he claimed the polka dot jersey for best climber in the sixth stage of the race.<\/p>\n<figure id=\"attachment_178427\" aria-describedby=\"caption-attachment-178427\" style=\"width: 1366px\" class=\"wp-caption alignnone\"><img loading=\"lazy\" decoding=\"async\" class=\"size-full wp-image-178427\" src=\"https:\/\/d2p6e6u75xmxt8.cloudfront.net\/2\/2020\/06\/Daniel-Teklehaimanot-CVR-profimedia-0252830917.jpg\" alt=\"\" width=\"1366\" height=\"600\" \/><figcaption id=\"caption-attachment-178427\" class=\"wp-caption-text\">Daniel Teklehaimanot became the first black African to wear a leader\u2019s jersey at a grand tour when he claimed the polka dot jersey for best climber in the 2015 Tour de France.<\/figcaption><\/figure>\n<p>There are other examples of overt and ugly racism that black riders in general, and MTN specifically, have been subjected to during races. MTN\u2019s principal, Doug Ryder, charged that his black riders had regularly had to battle prejudice and bullying in professional cycling, with the team\u2019s non-African signings, such as Tyler Farrar and Edvald Boasson-Hagen, having to step in to protect teammates on occasion.<\/p>\n<p>So it is very good news that the London-based cycling club the Black Cyclists Network has announced the creation of the first British domestic racing team for black, Asian and minority ethnic (BAME) riders. The club wants to find funds for a 10-rider squad for the 2021 season, and to host events and establish an outreach program.<\/p>\n<p>The Black Cyclists Network was founded in 2018 by Mani Arthur and currently boasts over 100 members, \u201cincluding white members and supporters of diversity.\u201d The stated mission of the club is to connect and encourage cyclists of colour and the wider community to take up cycling.<\/p>\n<lite-youtube videoid=-3jgbmRYZ9M params=\"enablejsapi=1\" style=\"background-image: url('https:\/\/i.ytimg.com\/vi_webp\/-3jgbmRYZ9M\/maxresdefault.webp');\"><\/lite-youtube>\n<p>A Gofundme online fundraiser has raised well over the goal of \u00a310,000 for the 2021 racing season. The domestic racing team is currently made up of nine riders, including one at Elite level and four in the second category. The aim is to add one more rider to race next year.<\/p>\n<p>\u201cThe Black Cyclists Network is more than a club,\u201d said Arthur in a statement released by the club.<\/p>\n<p>\u201cWe are a community built to address the lack of representation in the cycling world. There are a lot of cyclists from black, Asian and minority ethnic backgrounds in the UK and around the world, yet very few resources cater for our communities.\u201d<\/p>\n<p>If the group is successful in its mission to attract more minority riders, it will literally change the face of cycling and help put an end to racism in our favourite sport.<\/p>\n<p>A final question: What year did the first person of colour ride in the Tour de France?<\/p>\n<p>Give up?<\/p>\n<p>In 2011, 108 years after the Tour was first run, 31-year-old Guadeloupe native Yohann Gene started for the Europcar team and finished the race in 158th place.<\/p>\n<figure id=\"attachment_178573\" aria-describedby=\"caption-attachment-178573\" style=\"width: 1250px\" class=\"wp-caption alignnone\"><img loading=\"lazy\" decoding=\"async\" class=\"size-full wp-image-178573\" src=\"https:\/\/d2p6e6u75xmxt8.cloudfront.net\/2\/2020\/07\/Yohann-Gene-profimedia-0096392528.jpg\" alt=\"\" width=\"1250\" height=\"831\" \/><figcaption id=\"caption-attachment-178573\" class=\"wp-caption-text\">France&#8217;s Yohann Gene waits for the start of the seventh stage of the 2011 Tour de France between Le Mans and Chateauroux, on July 8, 2011. \u00a9 Profimedia<\/figcaption><\/figure>\n","protected":false},"excerpt":{"rendered":"<p>Racial discrimination may not be the reason that so few black riders have ridden in the world\u2019s grand tours. It [&hellip;]<\/p>\n","protected":false},"author":12,"featured_media":178571,"comment_status":"open","ping_status":"open","sticky":false,"template":"","format":"standard","meta":{"footnotes":""},"categories":[334],"tags":[4258,4233,4257,4259],"global-categories":[3366],"class_list":["post-178564","post","type-post","status-publish","format-standard","has-post-thumbnail","hentry","category-socialising-and-culture","tag-black-cyclists-network","tag-black-lives-matter","tag-daniel-teklehaimanot","tag-mani-arthur","global-categories-cycling"],"yoast_head":"<!-- This site is optimized with the Yoast SEO Premium plugin v25.3 (Yoast SEO v25.9) - https:\/\/yoast.com\/wordpress\/plugins\/seo\/ -->\n<title>Black Cyclists Matter Too - \u0160koda We Love Cycling<\/title>\n<meta name=\"description\" content=\"Maybe black athletes simply never favoured cycling. However, the absence of \ud83d\udeb4\ud83c\udfff\u200d\u2642\ufe0f from top-level racing may be yet another expression of everyday racism.\" \/>\n<meta name=\"robots\" content=\"index, follow, max-snippet:-1, max-image-preview:large, max-video-preview:-1\" \/>\n<link rel=\"canonical\" href=\"https:\/\/www.welovecycling.com\/wide\/2020\/07\/08\/black-cyclists-matter-too\/\" \/>\n<meta property=\"og:locale\" content=\"en_US\" \/>\n<meta property=\"og:type\" content=\"article\" \/>\n<meta property=\"og:title\" content=\"Black Cyclists Matter Too\" \/>\n<meta property=\"og:description\" content=\"Maybe black athletes simply never favoured cycling. However, the absence of \ud83d\udeb4\ud83c\udfff\u200d\u2642\ufe0f from top-level racing may be yet another expression of everyday racism.\" \/>\n<meta property=\"og:url\" content=\"https:\/\/www.welovecycling.com\/wide\/2020\/07\/08\/black-cyclists-matter-too\/\" \/>\n<meta property=\"og:site_name\" content=\"\u0160koda We Love Cycling\" \/>\n<meta property=\"article:published_time\" content=\"2020-07-08T11:15:55+00:00\" \/>\n<meta property=\"article:modified_time\" content=\"2020-07-08T11:22:55+00:00\" \/>\n<meta property=\"og:image\" content=\"https:\/\/d2p6e6u75xmxt8.cloudfront.net\/2\/2020\/07\/Daniel-Teklehaimanot-CVR-profimedia-0252676647.webp\" \/>\n\t<meta property=\"og:image:width\" content=\"900\" \/>\n\t<meta property=\"og:image:height\" content=\"600\" \/>\n\t<meta property=\"og:image:type\" content=\"image\/webp\" \/>\n<meta name=\"twitter:card\" content=\"summary_large_image\" \/>\n<meta name=\"twitter:label1\" content=\"Written by\" \/>\n\t<meta name=\"twitter:data1\" content=\"Siegfried Mortkowitz\" \/>\n\t<meta name=\"twitter:label2\" content=\"Est. reading time\" \/>\n\t<meta name=\"twitter:data2\" content=\"7\" \/>\n<script type=\"application\/ld+json\" class=\"yoast-schema-graph\">{\"@context\":\"https:\/\/schema.org\",\"@graph\":[{\"@type\":\"WebPage\",\"@id\":\"https:\/\/www.welovecycling.com\/wide\/2020\/07\/08\/black-cyclists-matter-too\/\",\"url\":\"https:\/\/www.welovecycling.com\/wide\/2020\/07\/08\/black-cyclists-matter-too\/\",\"name\":\"Black Cyclists Matter Too - \u0160koda We Love Cycling\",\"isPartOf\":{\"@id\":\"https:\/\/www.welovecycling.com\/wide\/#website\"},\"primaryImageOfPage\":{\"@id\":\"https:\/\/www.welovecycling.com\/wide\/2020\/07\/08\/black-cyclists-matter-too\/#primaryimage\"},\"image\":{\"@id\":\"https:\/\/www.welovecycling.com\/wide\/2020\/07\/08\/black-cyclists-matter-too\/#primaryimage\"},\"thumbnailUrl\":\"https:\/\/d2p6e6u75xmxt8.cloudfront.net\/2\/2020\/07\/Daniel-Teklehaimanot-CVR-profimedia-0252676647.webp\",\"datePublished\":\"2020-07-08T11:15:55+00:00\",\"dateModified\":\"2020-07-08T11:22:55+00:00\",\"author\":{\"@id\":\"\"},\"description\":\"Maybe black athletes simply never favoured cycling. However, the absence of \ud83d\udeb4\ud83c\udfff\u200d\u2642\ufe0f from top-level racing may be yet another expression of everyday racism.\",\"breadcrumb\":{\"@id\":\"https:\/\/www.welovecycling.com\/wide\/2020\/07\/08\/black-cyclists-matter-too\/#breadcrumb\"},\"inLanguage\":\"en-US\",\"potentialAction\":[{\"@type\":\"ReadAction\",\"target\":[\"https:\/\/www.welovecycling.com\/wide\/2020\/07\/08\/black-cyclists-matter-too\/\"]}]},{\"@type\":\"ImageObject\",\"inLanguage\":\"en-US\",\"@id\":\"https:\/\/www.welovecycling.com\/wide\/2020\/07\/08\/black-cyclists-matter-too\/#primaryimage\",\"url\":\"https:\/\/d2p6e6u75xmxt8.cloudfront.net\/2\/2020\/07\/Daniel-Teklehaimanot-CVR-profimedia-0252676647.webp\",\"contentUrl\":\"https:\/\/d2p6e6u75xmxt8.cloudfront.net\/2\/2020\/07\/Daniel-Teklehaimanot-CVR-profimedia-0252676647.webp\",\"width\":900,\"height\":600},{\"@type\":\"BreadcrumbList\",\"@id\":\"https:\/\/www.welovecycling.com\/wide\/2020\/07\/08\/black-cyclists-matter-too\/#breadcrumb\",\"itemListElement\":[{\"@type\":\"ListItem\",\"position\":1,\"name\":\"Home\",\"item\":\"https:\/\/www.welovecycling.com\/wide\/\"},{\"@type\":\"ListItem\",\"position\":2,\"name\":\"Black Cyclists Matter Too\"}]},{\"@type\":\"WebSite\",\"@id\":\"https:\/\/www.welovecycling.com\/wide\/#website\",\"url\":\"https:\/\/www.welovecycling.com\/wide\/\",\"name\":\"\u0160koda We Love Cycling\",\"description\":\"\u0160koda We Love Cycling magazine\",\"alternateName\":\"\u0160koda WLC\",\"potentialAction\":[{\"@type\":\"SearchAction\",\"target\":{\"@type\":\"EntryPoint\",\"urlTemplate\":\"https:\/\/www.welovecycling.com\/wide\/?s={search_term_string}\"},\"query-input\":{\"@type\":\"PropertyValueSpecification\",\"valueRequired\":true,\"valueName\":\"search_term_string\"}}],\"inLanguage\":\"en-US\"},{\"@type\":\"Person\",\"@id\":\"\",\"url\":\"https:\/\/www.welovecycling.com\/wide\/author\/\"}]}<\/script>\n<!-- \/ Yoast SEO Premium plugin. -->","yoast_head_json":{"title":"Black Cyclists Matter Too - \u0160koda We Love Cycling","description":"Maybe black athletes simply never favoured cycling. However, the absence of \ud83d\udeb4\ud83c\udfff\u200d\u2642\ufe0f from top-level racing may be yet another expression of everyday racism.","robots":{"index":"index","follow":"follow","max-snippet":"max-snippet:-1","max-image-preview":"max-image-preview:large","max-video-preview":"max-video-preview:-1"},"canonical":"https:\/\/www.welovecycling.com\/wide\/2020\/07\/08\/black-cyclists-matter-too\/","og_locale":"en_US","og_type":"article","og_title":"Black Cyclists Matter Too","og_description":"Maybe black athletes simply never favoured cycling. However, the absence of \ud83d\udeb4\ud83c\udfff\u200d\u2642\ufe0f from top-level racing may be yet another expression of everyday racism.","og_url":"https:\/\/www.welovecycling.com\/wide\/2020\/07\/08\/black-cyclists-matter-too\/","og_site_name":"\u0160koda We Love Cycling","article_published_time":"2020-07-08T11:15:55+00:00","article_modified_time":"2020-07-08T11:22:55+00:00","og_image":[{"width":900,"height":600,"url":"https:\/\/d2p6e6u75xmxt8.cloudfront.net\/2\/2020\/07\/Daniel-Teklehaimanot-CVR-profimedia-0252676647.webp","type":"image\/webp"}],"twitter_card":"summary_large_image","twitter_misc":{"Written by":"Siegfried Mortkowitz","Est. reading time":"7"},"schema":{"@context":"https:\/\/schema.org","@graph":[{"@type":"WebPage","@id":"https:\/\/www.welovecycling.com\/wide\/2020\/07\/08\/black-cyclists-matter-too\/","url":"https:\/\/www.welovecycling.com\/wide\/2020\/07\/08\/black-cyclists-matter-too\/","name":"Black Cyclists Matter Too - \u0160koda We Love Cycling","isPartOf":{"@id":"https:\/\/www.welovecycling.com\/wide\/#website"},"primaryImageOfPage":{"@id":"https:\/\/www.welovecycling.com\/wide\/2020\/07\/08\/black-cyclists-matter-too\/#primaryimage"},"image":{"@id":"https:\/\/www.welovecycling.com\/wide\/2020\/07\/08\/black-cyclists-matter-too\/#primaryimage"},"thumbnailUrl":"https:\/\/d2p6e6u75xmxt8.cloudfront.net\/2\/2020\/07\/Daniel-Teklehaimanot-CVR-profimedia-0252676647.webp","datePublished":"2020-07-08T11:15:55+00:00","dateModified":"2020-07-08T11:22:55+00:00","author":{"@id":""},"description":"Maybe black athletes simply never favoured cycling. However, the absence of \ud83d\udeb4\ud83c\udfff\u200d\u2642\ufe0f from top-level racing may be yet another expression of everyday racism.","breadcrumb":{"@id":"https:\/\/www.welovecycling.com\/wide\/2020\/07\/08\/black-cyclists-matter-too\/#breadcrumb"},"inLanguage":"en-US","potentialAction":[{"@type":"ReadAction","target":["https:\/\/www.welovecycling.com\/wide\/2020\/07\/08\/black-cyclists-matter-too\/"]}]},{"@type":"ImageObject","inLanguage":"en-US","@id":"https:\/\/www.welovecycling.com\/wide\/2020\/07\/08\/black-cyclists-matter-too\/#primaryimage","url":"https:\/\/d2p6e6u75xmxt8.cloudfront.net\/2\/2020\/07\/Daniel-Teklehaimanot-CVR-profimedia-0252676647.webp","contentUrl":"https:\/\/d2p6e6u75xmxt8.cloudfront.net\/2\/2020\/07\/Daniel-Teklehaimanot-CVR-profimedia-0252676647.webp","width":900,"height":600},{"@type":"BreadcrumbList","@id":"https:\/\/www.welovecycling.com\/wide\/2020\/07\/08\/black-cyclists-matter-too\/#breadcrumb","itemListElement":[{"@type":"ListItem","position":1,"name":"Home","item":"https:\/\/www.welovecycling.com\/wide\/"},{"@type":"ListItem","position":2,"name":"Black Cyclists Matter Too"}]},{"@type":"WebSite","@id":"https:\/\/www.welovecycling.com\/wide\/#website","url":"https:\/\/www.welovecycling.com\/wide\/","name":"\u0160koda We Love Cycling","description":"\u0160koda We Love Cycling magazine","alternateName":"\u0160koda WLC","potentialAction":[{"@type":"SearchAction","target":{"@type":"EntryPoint","urlTemplate":"https:\/\/www.welovecycling.com\/wide\/?s={search_term_string}"},"query-input":{"@type":"PropertyValueSpecification","valueRequired":true,"valueName":"search_term_string"}}],"inLanguage":"en-US"},{"@type":"Person","@id":"","url":"https:\/\/www.welovecycling.com\/wide\/author\/"}]}},"_links":{"self":[{"href":"https:\/\/www.welovecycling.com\/wide\/wp-json\/wp\/v2\/posts\/178564","targetHints":{"allow":["GET"]}}],"collection":[{"href":"https:\/\/www.welovecycling.com\/wide\/wp-json\/wp\/v2\/posts"}],"about":[{"href":"https:\/\/www.welovecycling.com\/wide\/wp-json\/wp\/v2\/types\/post"}],"author":[{"embeddable":true,"href":"https:\/\/www.welovecycling.com\/wide\/wp-json\/wp\/v2\/users\/12"}],"replies":[{"embeddable":true,"href":"https:\/\/www.welovecycling.com\/wide\/wp-json\/wp\/v2\/comments?post=178564"}],"version-history":[{"count":2,"href":"https:\/\/www.welovecycling.com\/wide\/wp-json\/wp\/v2\/posts\/178564\/revisions"}],"predecessor-version":[{"id":178576,"href":"https:\/\/www.welovecycling.com\/wide\/wp-json\/wp\/v2\/posts\/178564\/revisions\/178576"}],"wp:featuredmedia":[{"embeddable":true,"href":"https:\/\/www.welovecycling.com\/wide\/wp-json\/wp\/v2\/media\/178571"}],"wp:attachment":[{"href":"https:\/\/www.welovecycling.com\/wide\/wp-json\/wp\/v2\/media?parent=178564"}],"wp:term":[{"taxonomy":"category","embeddable":true,"href":"https:\/\/www.welovecycling.com\/wide\/wp-json\/wp\/v2\/categories?post=178564"},{"taxonomy":"post_tag","embeddable":true,"href":"https:\/\/www.welovecycling.com\/wide\/wp-json\/wp\/v2\/tags?post=178564"},{"taxonomy":"global-categories","embeddable":true,"href":"https:\/\/www.welovecycling.com\/wide\/wp-json\/wp\/v2\/global-categories?post=178564"}],"curies":[{"name":"wp","href":"https:\/\/api.w.org\/{rel}","templated":true}]}}