{"id":178464,"date":"2020-06-29T11:15:27","date_gmt":"2020-06-29T11:15:27","guid":{"rendered":"https:\/\/www.welovecycling.com\/wide\/?p=178464"},"modified":"2020-07-01T08:36:01","modified_gmt":"2020-07-01T08:36:01","slug":"win-a-vip-tour-de-france-experience-join-the-virtual-letape-du-tour","status":"publish","type":"post","link":"https:\/\/www.welovecycling.com\/wide\/2020\/06\/29\/win-a-vip-tour-de-france-experience-join-the-virtual-letape-du-tour\/","title":{"rendered":"Win an Exceptional Tour de France Experience! Join the Virtual l\u2019\u00c9tape du Tour Contest"},"content":{"rendered":"<p><strong>The real-world Grand D\u00e9part was postponed until 29th August, but you can still enjoy proper Tour de France fun in July. Over three weekends, from 4th July to 19th July, a virtual Tour de France will unfold over six stages. The world\u2019s top teams are ready to battle it out in the online world. Not to worry though, the racing will still look familiar to any cycling fan. There will be the four iconic jerseys at stake, including the \u0160koda Green Jersey for the best sprinter. Zwift\u2019s new routes, set in France, will also ensure that there\u2019s plenty of beautiful scenery to enjoy. The prize purse, on the other hand, is gone, because the riders are <a href=\"https:\/\/www.letour.fr\/en\/news\/2020\/tour-de-france-united-cycling-in-the-summer\/1283448\">competing for charity<\/a>.<\/strong><br \/>\n<!--more--><\/p>\n<p>Thanks to the <a href=\"https:\/\/zwift.com\/events\/series\/virtual_letape_du_tour_de_france?__znl=en-gb\"><strong>virtual L\u2019\u00c9tape du Tour de France<\/strong><\/a> \u2013 you can join in! There will be three stages available to fans.<\/p>\n<div id='gallery-1' class='gallery galleryid-178464 gallery-columns-2 gallery-size-large'><figure class='gallery-item'>\n\t\t\t<div class='gallery-icon landscape'>\n\t\t\t\t<a href='https:\/\/d2p6e6u75xmxt8.cloudfront.net\/2\/2020\/06\/1-4.webp'><img loading=\"lazy\" decoding=\"async\" width=\"1024\" height=\"574\" src=\"https:\/\/d2p6e6u75xmxt8.cloudfront.net\/2\/2020\/06\/1-4-1024x574.webp\" class=\"attachment-large size-large\" alt=\"\" srcset=\"https:\/\/d2p6e6u75xmxt8.cloudfront.net\/2\/2020\/06\/1-4-1024x574.webp 1024w, https:\/\/d2p6e6u75xmxt8.cloudfront.net\/2\/2020\/06\/1-4-300x168.webp 300w, https:\/\/d2p6e6u75xmxt8.cloudfront.net\/2\/2020\/06\/1-4-768x431.webp 768w, https:\/\/d2p6e6u75xmxt8.cloudfront.net\/2\/2020\/06\/1-4-1536x861.webp 1536w, https:\/\/d2p6e6u75xmxt8.cloudfront.net\/2\/2020\/06\/1-4.webp 1712w\" sizes=\"auto, (max-width: 1024px) 100vw, 1024px\" \/><\/a>\n\t\t\t<\/div><\/figure><figure class='gallery-item'>\n\t\t\t<div class='gallery-icon landscape'>\n\t\t\t\t<a href='https:\/\/d2p6e6u75xmxt8.cloudfront.net\/2\/2020\/06\/vtdf-PR-image-letape-1.webp'><img loading=\"lazy\" decoding=\"async\" width=\"1024\" height=\"576\" src=\"https:\/\/d2p6e6u75xmxt8.cloudfront.net\/2\/2020\/06\/vtdf-PR-image-letape-1-1024x576.webp\" class=\"attachment-large size-large\" alt=\"\" aria-describedby=\"gallery-1-178488\" srcset=\"https:\/\/d2p6e6u75xmxt8.cloudfront.net\/2\/2020\/06\/vtdf-PR-image-letape-1-1024x576.webp 1024w, https:\/\/d2p6e6u75xmxt8.cloudfront.net\/2\/2020\/06\/vtdf-PR-image-letape-1-300x169.webp 300w, https:\/\/d2p6e6u75xmxt8.cloudfront.net\/2\/2020\/06\/vtdf-PR-image-letape-1-768x432.webp 768w, https:\/\/d2p6e6u75xmxt8.cloudfront.net\/2\/2020\/06\/vtdf-PR-image-letape-1-1536x864.webp 1536w, https:\/\/d2p6e6u75xmxt8.cloudfront.net\/2\/2020\/06\/vtdf-PR-image-letape-1.webp 1920w\" sizes=\"auto, (max-width: 1024px) 100vw, 1024px\" \/><\/a>\n\t\t\t<\/div>\n\t\t\t\t<figcaption class='wp-caption-text gallery-caption' id='gallery-1-178488'>\n\t\t\t\tJoin us on Mount Ventoux!\n\t\t\t\t<\/figcaption><\/figure>\n\t\t<\/div>\n\n<figure id=\"attachment_178483\" aria-describedby=\"caption-attachment-178483\" style=\"width: 1712px\" class=\"wp-caption alignnone\"><img loading=\"lazy\" decoding=\"async\" class=\"size-full wp-image-178483\" src=\"https:\/\/d2p6e6u75xmxt8.cloudfront.net\/2\/2020\/06\/1-6.jpg\" alt=\"\" width=\"1712\" height=\"960\" \/><figcaption id=\"caption-attachment-178483\" class=\"wp-caption-text\">Join us on Zwift!<\/figcaption><\/figure>\n<p><strong>4th and 5th July, Stage 1<\/strong>: Nice, 29.5 km (682 m of ascent, mountain stage) \u2013 Watopia Mountain Route<\/p>\n<p><strong>11th and 12th July, Stage 2<\/strong>: South-West France, 45.8 km (2 x 22.9 km laps, hilly stage) \u2013 France Casse-Pattes Route<\/p>\n<p><strong>18th and 19th July, Stage 3<\/strong>: Mont Ventoux, (22.9 km, finishing at the observatory) \u2013 France Ven-Top Route<\/p>\n<p>You can see it as a fun challenge or training for the real-world L\u2019\u00c9tape, which will happen on 6th September. It doesn\u2019t really matter! As long as you ride, you can enter our contest.<\/p>\n<p>Take a <strong>screenshot of your Zwift or Strava performance, post it on your Instagram with #Ride2Unite, and tag We Love Cycling magazine<\/strong>. Describe your virtual experience \u2013 and you\u2019re in the running to win. The winners will receive exclusive VIP Tour de France Hospitality Programme packages by \u0160koda for themselves and a guest of their choice.<\/p>\n<p>So, what is the <strong>VIP Tour de France Hospitality Programme<\/strong>? As we\u2019ve explained <a href=\"https:\/\/www.welovecycling.com\/wide\/2016\/08\/01\/blog-whats-like-part-le-tour-de-france-winners-contest-thrilled-find\/\">here<\/a>, it\u2019s one of the most unique ways to enjoy the Tour de France from a spectator\u2019s point of view. You are there in the \u0160koda SUPERB iV riding in front of the peloton. Then you\u2019re up in the air, experiencing an incredible vantage point as you fly over the peloton in a helicopter. You land just in time to cheer along at the finish line. This all-expenses-paid trip to France is truly a once-in-a-lifetime experience.<\/p>\n<figure id=\"attachment_142135\" aria-describedby=\"caption-attachment-142135\" style=\"width: 1375px\" class=\"wp-caption alignnone\"><img loading=\"lazy\" decoding=\"async\" class=\"wp-image-142135 size-full\" src=\"https:\/\/d2p6e6u75xmxt8.cloudfront.net\/2\/2016\/08\/FotorCreated.jpg\" alt=\"\" width=\"1375\" height=\"600\" \/><figcaption id=\"caption-attachment-142135\" class=\"wp-caption-text\">Previous winners looking forward to their flyover.<\/figcaption><\/figure>\n<div id='gallery-2' class='gallery galleryid-178464 gallery-columns-2 gallery-size-large'><figure class='gallery-item'>\n\t\t\t<div class='gallery-icon landscape'>\n\t\t\t\t<a href='https:\/\/d2p6e6u75xmxt8.cloudfront.net\/2\/2020\/06\/Hospitality-Program-1.JPG.webp'><img loading=\"lazy\" decoding=\"async\" width=\"600\" height=\"428\" src=\"https:\/\/d2p6e6u75xmxt8.cloudfront.net\/2\/2020\/06\/Hospitality-Program-1.JPG.webp\" class=\"attachment-large size-large\" alt=\"\" srcset=\"https:\/\/d2p6e6u75xmxt8.cloudfront.net\/2\/2020\/06\/Hospitality-Program-1.JPG.webp 600w, https:\/\/d2p6e6u75xmxt8.cloudfront.net\/2\/2020\/06\/Hospitality-Program-1.JPG-300x214.webp 300w\" sizes=\"auto, (max-width: 600px) 100vw, 600px\" \/><\/a>\n\t\t\t<\/div><\/figure><figure class='gallery-item'>\n\t\t\t<div class='gallery-icon landscape'>\n\t\t\t\t<a href='https:\/\/d2p6e6u75xmxt8.cloudfront.net\/2\/2019\/07\/10-2.webp'><img loading=\"lazy\" decoding=\"async\" width=\"900\" height=\"600\" src=\"https:\/\/d2p6e6u75xmxt8.cloudfront.net\/2\/2019\/07\/10-2.webp\" class=\"attachment-large size-large\" alt=\"\" srcset=\"https:\/\/d2p6e6u75xmxt8.cloudfront.net\/2\/2019\/07\/10-2.webp 900w, https:\/\/d2p6e6u75xmxt8.cloudfront.net\/2\/2019\/07\/10-2-300x200.webp 300w, https:\/\/d2p6e6u75xmxt8.cloudfront.net\/2\/2019\/07\/10-2-768x512.webp 768w, https:\/\/d2p6e6u75xmxt8.cloudfront.net\/2\/2019\/07\/10-2-272x182.webp 272w\" sizes=\"auto, (max-width: 900px) 100vw, 900px\" \/><\/a>\n\t\t\t<\/div><\/figure>\n\t\t<\/div>\n\n<p>Doesn\u2019t that sound exciting? Are you going to join the virtual l\u2019\u00c9tape? We can\u2019t wait to see you there!<\/p>\n<p>Read the terms and conditions of our contest <a href=\"https:\/\/www.welovecycling.com\/wide\/letape-du-tour-2020-contest-terms-and-conditions\/\">HERE<\/a>.<\/p>\n","protected":false},"excerpt":{"rendered":"<p>The real-world Grand D\u00e9part was postponed until 29th August, but you can still enjoy proper Tour de France fun in [&hellip;]<\/p>\n","protected":false},"author":12,"featured_media":178502,"comment_status":"open","ping_status":"open","sticky":false,"template":"","format":"standard","meta":{"footnotes":""},"categories":[4142,329],"tags":[4140,3622,3266,1585,3612],"global-categories":[3366],"class_list":["post-178464","post","type-post","status-publish","format-standard","has-post-thumbnail","hentry","category-ride2unite","category-road-cycling","tag-ride2unite","tag-2020-tour-de-france","tag-skoda-hospitality-programme","tag-strava","tag-zwift","global-categories-cycling"],"yoast_head":"<!-- This site is optimized with the Yoast SEO Premium plugin v25.3 (Yoast SEO v25.9) - https:\/\/yoast.com\/wordpress\/plugins\/seo\/ -->\n<title>Win an Exceptional Tour de France Experience! Join the Virtual l\u2019\u00c9tape du Tour Contest - \u0160koda We Love Cycling<\/title>\n<meta name=\"description\" content=\"The real-world Grand D\u00e9part was postponed until 29th August, but you can still enjoy proper Tour de France fun in July. Over three weekends, from 4th July\" \/>\n<meta name=\"robots\" content=\"index, follow, max-snippet:-1, max-image-preview:large, max-video-preview:-1\" \/>\n<link rel=\"canonical\" href=\"https:\/\/www.welovecycling.com\/wide\/2020\/06\/29\/win-a-vip-tour-de-france-experience-join-the-virtual-letape-du-tour\/\" \/>\n<meta property=\"og:locale\" content=\"en_US\" \/>\n<meta property=\"og:type\" content=\"article\" \/>\n<meta property=\"og:title\" content=\"Win an Exceptional Tour de France Experience! Join the Virtual l\u2019\u00c9tape du Tour Contest\" \/>\n<meta property=\"og:description\" content=\"The real-world Grand D\u00e9part was postponed until 29th August, but you can still enjoy proper Tour de France fun in July. Over three weekends, from 4th July\" \/>\n<meta property=\"og:url\" content=\"https:\/\/www.welovecycling.com\/wide\/2020\/06\/29\/win-a-vip-tour-de-france-experience-join-the-virtual-letape-du-tour\/\" \/>\n<meta property=\"og:site_name\" content=\"\u0160koda We Love Cycling\" \/>\n<meta property=\"article:published_time\" content=\"2020-06-29T11:15:27+00:00\" \/>\n<meta property=\"article:modified_time\" content=\"2020-07-01T08:36:01+00:00\" \/>\n<meta property=\"og:image\" content=\"https:\/\/d2p6e6u75xmxt8.cloudfront.net\/2\/2020\/06\/WLC_R2U_VIP_Cover_v3.webp\" \/>\n\t<meta property=\"og:image:width\" content=\"900\" \/>\n\t<meta property=\"og:image:height\" content=\"600\" \/>\n\t<meta property=\"og:image:type\" content=\"image\/webp\" \/>\n<meta name=\"twitter:card\" content=\"summary_large_image\" \/>\n<meta name=\"twitter:label1\" content=\"Written by\" \/>\n\t<meta name=\"twitter:data1\" content=\"WeLoveCycling\" \/>\n\t<meta name=\"twitter:label2\" content=\"Est. reading time\" \/>\n\t<meta name=\"twitter:data2\" content=\"4\" \/>\n<script type=\"application\/ld+json\" class=\"yoast-schema-graph\">{\"@context\":\"https:\/\/schema.org\",\"@graph\":[{\"@type\":\"WebPage\",\"@id\":\"https:\/\/www.welovecycling.com\/wide\/2020\/06\/29\/win-a-vip-tour-de-france-experience-join-the-virtual-letape-du-tour\/\",\"url\":\"https:\/\/www.welovecycling.com\/wide\/2020\/06\/29\/win-a-vip-tour-de-france-experience-join-the-virtual-letape-du-tour\/\",\"name\":\"Win an Exceptional Tour de France Experience! Join the Virtual l\u2019\u00c9tape du Tour Contest - \u0160koda We Love Cycling\",\"isPartOf\":{\"@id\":\"https:\/\/www.welovecycling.com\/wide\/#website\"},\"primaryImageOfPage\":{\"@id\":\"https:\/\/www.welovecycling.com\/wide\/2020\/06\/29\/win-a-vip-tour-de-france-experience-join-the-virtual-letape-du-tour\/#primaryimage\"},\"image\":{\"@id\":\"https:\/\/www.welovecycling.com\/wide\/2020\/06\/29\/win-a-vip-tour-de-france-experience-join-the-virtual-letape-du-tour\/#primaryimage\"},\"thumbnailUrl\":\"https:\/\/d2p6e6u75xmxt8.cloudfront.net\/2\/2020\/06\/WLC_R2U_VIP_Cover_v3.webp\",\"datePublished\":\"2020-06-29T11:15:27+00:00\",\"dateModified\":\"2020-07-01T08:36:01+00:00\",\"author\":{\"@id\":\"\"},\"description\":\"The real-world Grand D\u00e9part was postponed until 29th August, but you can still enjoy proper Tour de France fun in July. Over three weekends, from 4th July\",\"breadcrumb\":{\"@id\":\"https:\/\/www.welovecycling.com\/wide\/2020\/06\/29\/win-a-vip-tour-de-france-experience-join-the-virtual-letape-du-tour\/#breadcrumb\"},\"inLanguage\":\"en-US\",\"potentialAction\":[{\"@type\":\"ReadAction\",\"target\":[\"https:\/\/www.welovecycling.com\/wide\/2020\/06\/29\/win-a-vip-tour-de-france-experience-join-the-virtual-letape-du-tour\/\"]}]},{\"@type\":\"ImageObject\",\"inLanguage\":\"en-US\",\"@id\":\"https:\/\/www.welovecycling.com\/wide\/2020\/06\/29\/win-a-vip-tour-de-france-experience-join-the-virtual-letape-du-tour\/#primaryimage\",\"url\":\"https:\/\/d2p6e6u75xmxt8.cloudfront.net\/2\/2020\/06\/WLC_R2U_VIP_Cover_v3.webp\",\"contentUrl\":\"https:\/\/d2p6e6u75xmxt8.cloudfront.net\/2\/2020\/06\/WLC_R2U_VIP_Cover_v3.webp\",\"width\":900,\"height\":600},{\"@type\":\"BreadcrumbList\",\"@id\":\"https:\/\/www.welovecycling.com\/wide\/2020\/06\/29\/win-a-vip-tour-de-france-experience-join-the-virtual-letape-du-tour\/#breadcrumb\",\"itemListElement\":[{\"@type\":\"ListItem\",\"position\":1,\"name\":\"Home\",\"item\":\"https:\/\/www.welovecycling.com\/wide\/\"},{\"@type\":\"ListItem\",\"position\":2,\"name\":\"Win an Exceptional Tour de France Experience! Join the Virtual l\u2019\u00c9tape du Tour Contest\"}]},{\"@type\":\"WebSite\",\"@id\":\"https:\/\/www.welovecycling.com\/wide\/#website\",\"url\":\"https:\/\/www.welovecycling.com\/wide\/\",\"name\":\"\u0160koda We Love Cycling\",\"description\":\"\u0160koda We Love Cycling magazine\",\"alternateName\":\"\u0160koda WLC\",\"potentialAction\":[{\"@type\":\"SearchAction\",\"target\":{\"@type\":\"EntryPoint\",\"urlTemplate\":\"https:\/\/www.welovecycling.com\/wide\/?s={search_term_string}\"},\"query-input\":{\"@type\":\"PropertyValueSpecification\",\"valueRequired\":true,\"valueName\":\"search_term_string\"}}],\"inLanguage\":\"en-US\"},{\"@type\":\"Person\",\"@id\":\"\",\"url\":\"https:\/\/www.welovecycling.com\/wide\/author\/\"}]}<\/script>\n<!-- \/ Yoast SEO Premium plugin. -->","yoast_head_json":{"title":"Win an Exceptional Tour de France Experience! Join the Virtual l\u2019\u00c9tape du Tour Contest - \u0160koda We Love Cycling","description":"The real-world Grand D\u00e9part was postponed until 29th August, but you can still enjoy proper Tour de France fun in July. Over three weekends, from 4th July","robots":{"index":"index","follow":"follow","max-snippet":"max-snippet:-1","max-image-preview":"max-image-preview:large","max-video-preview":"max-video-preview:-1"},"canonical":"https:\/\/www.welovecycling.com\/wide\/2020\/06\/29\/win-a-vip-tour-de-france-experience-join-the-virtual-letape-du-tour\/","og_locale":"en_US","og_type":"article","og_title":"Win an Exceptional Tour de France Experience! Join the Virtual l\u2019\u00c9tape du Tour Contest","og_description":"The real-world Grand D\u00e9part was postponed until 29th August, but you can still enjoy proper Tour de France fun in July. Over three weekends, from 4th July","og_url":"https:\/\/www.welovecycling.com\/wide\/2020\/06\/29\/win-a-vip-tour-de-france-experience-join-the-virtual-letape-du-tour\/","og_site_name":"\u0160koda We Love Cycling","article_published_time":"2020-06-29T11:15:27+00:00","article_modified_time":"2020-07-01T08:36:01+00:00","og_image":[{"width":900,"height":600,"url":"https:\/\/d2p6e6u75xmxt8.cloudfront.net\/2\/2020\/06\/WLC_R2U_VIP_Cover_v3.webp","type":"image\/webp"}],"twitter_card":"summary_large_image","twitter_misc":{"Written by":"WeLoveCycling","Est. reading time":"4"},"schema":{"@context":"https:\/\/schema.org","@graph":[{"@type":"WebPage","@id":"https:\/\/www.welovecycling.com\/wide\/2020\/06\/29\/win-a-vip-tour-de-france-experience-join-the-virtual-letape-du-tour\/","url":"https:\/\/www.welovecycling.com\/wide\/2020\/06\/29\/win-a-vip-tour-de-france-experience-join-the-virtual-letape-du-tour\/","name":"Win an Exceptional Tour de France Experience! Join the Virtual l\u2019\u00c9tape du Tour Contest - \u0160koda We Love Cycling","isPartOf":{"@id":"https:\/\/www.welovecycling.com\/wide\/#website"},"primaryImageOfPage":{"@id":"https:\/\/www.welovecycling.com\/wide\/2020\/06\/29\/win-a-vip-tour-de-france-experience-join-the-virtual-letape-du-tour\/#primaryimage"},"image":{"@id":"https:\/\/www.welovecycling.com\/wide\/2020\/06\/29\/win-a-vip-tour-de-france-experience-join-the-virtual-letape-du-tour\/#primaryimage"},"thumbnailUrl":"https:\/\/d2p6e6u75xmxt8.cloudfront.net\/2\/2020\/06\/WLC_R2U_VIP_Cover_v3.webp","datePublished":"2020-06-29T11:15:27+00:00","dateModified":"2020-07-01T08:36:01+00:00","author":{"@id":""},"description":"The real-world Grand D\u00e9part was postponed until 29th August, but you can still enjoy proper Tour de France fun in July. Over three weekends, from 4th July","breadcrumb":{"@id":"https:\/\/www.welovecycling.com\/wide\/2020\/06\/29\/win-a-vip-tour-de-france-experience-join-the-virtual-letape-du-tour\/#breadcrumb"},"inLanguage":"en-US","potentialAction":[{"@type":"ReadAction","target":["https:\/\/www.welovecycling.com\/wide\/2020\/06\/29\/win-a-vip-tour-de-france-experience-join-the-virtual-letape-du-tour\/"]}]},{"@type":"ImageObject","inLanguage":"en-US","@id":"https:\/\/www.welovecycling.com\/wide\/2020\/06\/29\/win-a-vip-tour-de-france-experience-join-the-virtual-letape-du-tour\/#primaryimage","url":"https:\/\/d2p6e6u75xmxt8.cloudfront.net\/2\/2020\/06\/WLC_R2U_VIP_Cover_v3.webp","contentUrl":"https:\/\/d2p6e6u75xmxt8.cloudfront.net\/2\/2020\/06\/WLC_R2U_VIP_Cover_v3.webp","width":900,"height":600},{"@type":"BreadcrumbList","@id":"https:\/\/www.welovecycling.com\/wide\/2020\/06\/29\/win-a-vip-tour-de-france-experience-join-the-virtual-letape-du-tour\/#breadcrumb","itemListElement":[{"@type":"ListItem","position":1,"name":"Home","item":"https:\/\/www.welovecycling.com\/wide\/"},{"@type":"ListItem","position":2,"name":"Win an Exceptional Tour de France Experience! Join the Virtual l\u2019\u00c9tape du Tour Contest"}]},{"@type":"WebSite","@id":"https:\/\/www.welovecycling.com\/wide\/#website","url":"https:\/\/www.welovecycling.com\/wide\/","name":"\u0160koda We Love Cycling","description":"\u0160koda We Love Cycling magazine","alternateName":"\u0160koda WLC","potentialAction":[{"@type":"SearchAction","target":{"@type":"EntryPoint","urlTemplate":"https:\/\/www.welovecycling.com\/wide\/?s={search_term_string}"},"query-input":{"@type":"PropertyValueSpecification","valueRequired":true,"valueName":"search_term_string"}}],"inLanguage":"en-US"},{"@type":"Person","@id":"","url":"https:\/\/www.welovecycling.com\/wide\/author\/"}]}},"_links":{"self":[{"href":"https:\/\/www.welovecycling.com\/wide\/wp-json\/wp\/v2\/posts\/178464","targetHints":{"allow":["GET"]}}],"collection":[{"href":"https:\/\/www.welovecycling.com\/wide\/wp-json\/wp\/v2\/posts"}],"about":[{"href":"https:\/\/www.welovecycling.com\/wide\/wp-json\/wp\/v2\/types\/post"}],"author":[{"embeddable":true,"href":"https:\/\/www.welovecycling.com\/wide\/wp-json\/wp\/v2\/users\/12"}],"replies":[{"embeddable":true,"href":"https:\/\/www.welovecycling.com\/wide\/wp-json\/wp\/v2\/comments?post=178464"}],"version-history":[{"count":2,"href":"https:\/\/www.welovecycling.com\/wide\/wp-json\/wp\/v2\/posts\/178464\/revisions"}],"predecessor-version":[{"id":178514,"href":"https:\/\/www.welovecycling.com\/wide\/wp-json\/wp\/v2\/posts\/178464\/revisions\/178514"}],"wp:featuredmedia":[{"embeddable":true,"href":"https:\/\/www.welovecycling.com\/wide\/wp-json\/wp\/v2\/media\/178502"}],"wp:attachment":[{"href":"https:\/\/www.welovecycling.com\/wide\/wp-json\/wp\/v2\/media?parent=178464"}],"wp:term":[{"taxonomy":"category","embeddable":true,"href":"https:\/\/www.welovecycling.com\/wide\/wp-json\/wp\/v2\/categories?post=178464"},{"taxonomy":"post_tag","embeddable":true,"href":"https:\/\/www.welovecycling.com\/wide\/wp-json\/wp\/v2\/tags?post=178464"},{"taxonomy":"global-categories","embeddable":true,"href":"https:\/\/www.welovecycling.com\/wide\/wp-json\/wp\/v2\/global-categories?post=178464"}],"curies":[{"name":"wp","href":"https:\/\/api.w.org\/{rel}","templated":true}]}}