{"id":178276,"date":"2020-06-15T14:32:56","date_gmt":"2020-06-15T14:32:56","guid":{"rendered":"https:\/\/www.welovecycling.com\/wide\/?p=178276"},"modified":"2020-06-15T14:32:56","modified_gmt":"2020-06-15T14:32:56","slug":"updated-vuelta-route-revealed-and-other-cool-news-from-the-world-of-cycling","status":"publish","type":"post","link":"https:\/\/www.welovecycling.com\/wide\/2020\/06\/15\/updated-vuelta-route-revealed-and-other-cool-news-from-the-world-of-cycling\/","title":{"rendered":"Updated Vuelta Route Revealed and Other Cool News from the World of Cycling"},"content":{"rendered":"<p><strong>Another Monday is here and our news from the world of cycling with it. So, what did you miss?<\/strong><br \/>\n<!--more--><\/p>\n<h2><strong>2020 Vuelta a Espa\u00f1a route<\/strong><\/h2>\n<p><span style=\"font-size: 10pt;\">(October 20th &#8211; November 8th)<\/span><\/p>\n<p>The Spanish Grand Tour was postponed till October because of the coronavirus pandemic. A start in the Netherlands was cancelled together with the stages planned for Portugal. Stage four, starting in Irun, moved up to open the race. In total, there will be 18 stages and the riders will cover 2,846.9 kilometres.<\/p>\n<p>Check out the full route in the post below.<\/p>\n<p>https:\/\/www.instagram.com\/p\/CBVyATaqQLI\/<\/p>\n<p>Who do you favour for the win? Let us know!<\/p>\n<h2><strong>V\u00e4tternrundan 2020 went virtual<\/strong><\/h2>\n<p>https:\/\/www.youtube.com\/watch?v=GmB9tCCvR5M<\/p>\n<h2><strong>Cool domestique<\/strong><\/h2>\n<p>https:\/\/www.instagram.com\/p\/CBLJJPOHGTo\/?utm_source=ig_embed<\/p>\n<h2><strong>Poor Philippe<\/strong><\/h2>\n<div class=\"embed-controller-wrapper\">\n<blockquote class=\"twitter-tweet\" data-width=\"500\" data-dnt=\"true\">\n<p lang=\"en\" dir=\"ltr\">* Philippe Gilbert continously booking and cancel flights * <a href=\"https:\/\/t.co\/hAd08lvIFa\">https:\/\/t.co\/hAd08lvIFa<\/a><\/p>\n<p>&mdash; La Flamme Rouge (@laflammerouge16) <a href=\"https:\/\/twitter.com\/laflammerouge16\/status\/1271170857029828610?ref_src=twsrc%5Etfw\">June 11, 2020<\/a><\/p><\/blockquote>\n<p><script async data-src=\"https:\/\/platform.twitter.com\/widgets.js\" charset=\"utf-8\"><\/script><\/div>\n<h2><strong>Fantastic<\/strong><\/h2>\n<p>https:\/\/www.instagram.com\/p\/CBSjwmdg5sE\/<\/p>\n","protected":false},"excerpt":{"rendered":"<p>Another Monday is here and our news from the world of cycling with it. So, what did you miss?<\/p>\n","protected":false},"author":12,"featured_media":178282,"comment_status":"open","ping_status":"open","sticky":false,"template":"","format":"standard","meta":{"footnotes":""},"categories":[329],"tags":[479,4207,956,1260],"global-categories":[3366],"class_list":["post-178276","post","type-post","status-publish","format-standard","has-post-thumbnail","hentry","category-road-cycling","tag-la-vuelta","tag-la-vuelta-2020","tag-philippe-gilbert","tag-rigoberto-uran","global-categories-cycling"],"yoast_head":"<!-- This site is optimized with the Yoast SEO Premium plugin v25.3 (Yoast SEO v25.9) - https:\/\/yoast.com\/wordpress\/plugins\/seo\/ -->\n<title>Updated Vuelta Route Revealed and Other Cool News from the World of Cycling - \u0160koda We Love Cycling<\/title>\n<meta name=\"description\" content=\"Another Monday is here and our news from the world of cycling with it. So, what did you miss? 2020 Vuelta a Espa\u00f1a route (October 20th - November 8th) The\" \/>\n<meta name=\"robots\" content=\"index, follow, max-snippet:-1, max-image-preview:large, max-video-preview:-1\" \/>\n<link rel=\"canonical\" href=\"https:\/\/www.welovecycling.com\/wide\/2020\/06\/15\/updated-vuelta-route-revealed-and-other-cool-news-from-the-world-of-cycling\/\" \/>\n<meta property=\"og:locale\" content=\"en_US\" \/>\n<meta property=\"og:type\" content=\"article\" \/>\n<meta property=\"og:title\" content=\"Updated Vuelta Route Revealed and Other Cool News from the World of Cycling\" \/>\n<meta property=\"og:description\" content=\"Another Monday is here and our news from the world of cycling with it. So, what did you miss? 2020 Vuelta a Espa\u00f1a route (October 20th - November 8th) The\" \/>\n<meta property=\"og:url\" content=\"https:\/\/www.welovecycling.com\/wide\/2020\/06\/15\/updated-vuelta-route-revealed-and-other-cool-news-from-the-world-of-cycling\/\" \/>\n<meta property=\"og:site_name\" content=\"\u0160koda We Love Cycling\" \/>\n<meta property=\"article:published_time\" content=\"2020-06-15T14:32:56+00:00\" \/>\n<meta property=\"og:image\" content=\"https:\/\/d2p6e6u75xmxt8.cloudfront.net\/2\/2020\/06\/Primoz-Roglic-CVR-profimedia-0485740631.webp\" \/>\n\t<meta property=\"og:image:width\" content=\"900\" \/>\n\t<meta property=\"og:image:height\" content=\"600\" \/>\n\t<meta property=\"og:image:type\" content=\"image\/webp\" \/>\n<meta name=\"twitter:card\" content=\"summary_large_image\" \/>\n<meta name=\"twitter:label1\" content=\"Written by\" \/>\n\t<meta name=\"twitter:data1\" content=\"Monica Buck\" \/>\n\t<meta name=\"twitter:label2\" content=\"Est. reading time\" \/>\n\t<meta name=\"twitter:data2\" content=\"3\" \/>\n<script type=\"application\/ld+json\" class=\"yoast-schema-graph\">{\"@context\":\"https:\/\/schema.org\",\"@graph\":[{\"@type\":\"WebPage\",\"@id\":\"https:\/\/www.welovecycling.com\/wide\/2020\/06\/15\/updated-vuelta-route-revealed-and-other-cool-news-from-the-world-of-cycling\/\",\"url\":\"https:\/\/www.welovecycling.com\/wide\/2020\/06\/15\/updated-vuelta-route-revealed-and-other-cool-news-from-the-world-of-cycling\/\",\"name\":\"Updated Vuelta Route Revealed and Other Cool News from the World of Cycling - \u0160koda We Love Cycling\",\"isPartOf\":{\"@id\":\"https:\/\/www.welovecycling.com\/wide\/#website\"},\"primaryImageOfPage\":{\"@id\":\"https:\/\/www.welovecycling.com\/wide\/2020\/06\/15\/updated-vuelta-route-revealed-and-other-cool-news-from-the-world-of-cycling\/#primaryimage\"},\"image\":{\"@id\":\"https:\/\/www.welovecycling.com\/wide\/2020\/06\/15\/updated-vuelta-route-revealed-and-other-cool-news-from-the-world-of-cycling\/#primaryimage\"},\"thumbnailUrl\":\"https:\/\/d2p6e6u75xmxt8.cloudfront.net\/2\/2020\/06\/Primoz-Roglic-CVR-profimedia-0485740631.webp\",\"datePublished\":\"2020-06-15T14:32:56+00:00\",\"author\":{\"@id\":\"\"},\"description\":\"Another Monday is here and our news from the world of cycling with it. So, what did you miss? 2020 Vuelta a Espa\u00f1a route (October 20th - November 8th) The\",\"breadcrumb\":{\"@id\":\"https:\/\/www.welovecycling.com\/wide\/2020\/06\/15\/updated-vuelta-route-revealed-and-other-cool-news-from-the-world-of-cycling\/#breadcrumb\"},\"inLanguage\":\"en-US\",\"potentialAction\":[{\"@type\":\"ReadAction\",\"target\":[\"https:\/\/www.welovecycling.com\/wide\/2020\/06\/15\/updated-vuelta-route-revealed-and-other-cool-news-from-the-world-of-cycling\/\"]}]},{\"@type\":\"ImageObject\",\"inLanguage\":\"en-US\",\"@id\":\"https:\/\/www.welovecycling.com\/wide\/2020\/06\/15\/updated-vuelta-route-revealed-and-other-cool-news-from-the-world-of-cycling\/#primaryimage\",\"url\":\"https:\/\/d2p6e6u75xmxt8.cloudfront.net\/2\/2020\/06\/Primoz-Roglic-CVR-profimedia-0485740631.webp\",\"contentUrl\":\"https:\/\/d2p6e6u75xmxt8.cloudfront.net\/2\/2020\/06\/Primoz-Roglic-CVR-profimedia-0485740631.webp\",\"width\":900,\"height\":600},{\"@type\":\"BreadcrumbList\",\"@id\":\"https:\/\/www.welovecycling.com\/wide\/2020\/06\/15\/updated-vuelta-route-revealed-and-other-cool-news-from-the-world-of-cycling\/#breadcrumb\",\"itemListElement\":[{\"@type\":\"ListItem\",\"position\":1,\"name\":\"Home\",\"item\":\"https:\/\/www.welovecycling.com\/wide\/\"},{\"@type\":\"ListItem\",\"position\":2,\"name\":\"Updated Vuelta Route Revealed and Other Cool News from the World of Cycling\"}]},{\"@type\":\"WebSite\",\"@id\":\"https:\/\/www.welovecycling.com\/wide\/#website\",\"url\":\"https:\/\/www.welovecycling.com\/wide\/\",\"name\":\"\u0160koda We Love Cycling\",\"description\":\"\u0160koda We Love Cycling magazine\",\"alternateName\":\"\u0160koda WLC\",\"potentialAction\":[{\"@type\":\"SearchAction\",\"target\":{\"@type\":\"EntryPoint\",\"urlTemplate\":\"https:\/\/www.welovecycling.com\/wide\/?s={search_term_string}\"},\"query-input\":{\"@type\":\"PropertyValueSpecification\",\"valueRequired\":true,\"valueName\":\"search_term_string\"}}],\"inLanguage\":\"en-US\"},{\"@type\":\"Person\",\"@id\":\"\",\"url\":\"https:\/\/www.welovecycling.com\/wide\/author\/\"}]}<\/script>\n<!-- \/ Yoast SEO Premium plugin. -->","yoast_head_json":{"title":"Updated Vuelta Route Revealed and Other Cool News from the World of Cycling - \u0160koda We Love Cycling","description":"Another Monday is here and our news from the world of cycling with it. So, what did you miss? 2020 Vuelta a Espa\u00f1a route (October 20th - November 8th) The","robots":{"index":"index","follow":"follow","max-snippet":"max-snippet:-1","max-image-preview":"max-image-preview:large","max-video-preview":"max-video-preview:-1"},"canonical":"https:\/\/www.welovecycling.com\/wide\/2020\/06\/15\/updated-vuelta-route-revealed-and-other-cool-news-from-the-world-of-cycling\/","og_locale":"en_US","og_type":"article","og_title":"Updated Vuelta Route Revealed and Other Cool News from the World of Cycling","og_description":"Another Monday is here and our news from the world of cycling with it. So, what did you miss? 2020 Vuelta a Espa\u00f1a route (October 20th - November 8th) The","og_url":"https:\/\/www.welovecycling.com\/wide\/2020\/06\/15\/updated-vuelta-route-revealed-and-other-cool-news-from-the-world-of-cycling\/","og_site_name":"\u0160koda We Love Cycling","article_published_time":"2020-06-15T14:32:56+00:00","og_image":[{"width":900,"height":600,"url":"https:\/\/d2p6e6u75xmxt8.cloudfront.net\/2\/2020\/06\/Primoz-Roglic-CVR-profimedia-0485740631.webp","type":"image\/webp"}],"twitter_card":"summary_large_image","twitter_misc":{"Written by":"Monica Buck","Est. reading time":"3"},"schema":{"@context":"https:\/\/schema.org","@graph":[{"@type":"WebPage","@id":"https:\/\/www.welovecycling.com\/wide\/2020\/06\/15\/updated-vuelta-route-revealed-and-other-cool-news-from-the-world-of-cycling\/","url":"https:\/\/www.welovecycling.com\/wide\/2020\/06\/15\/updated-vuelta-route-revealed-and-other-cool-news-from-the-world-of-cycling\/","name":"Updated Vuelta Route Revealed and Other Cool News from the World of Cycling - \u0160koda We Love Cycling","isPartOf":{"@id":"https:\/\/www.welovecycling.com\/wide\/#website"},"primaryImageOfPage":{"@id":"https:\/\/www.welovecycling.com\/wide\/2020\/06\/15\/updated-vuelta-route-revealed-and-other-cool-news-from-the-world-of-cycling\/#primaryimage"},"image":{"@id":"https:\/\/www.welovecycling.com\/wide\/2020\/06\/15\/updated-vuelta-route-revealed-and-other-cool-news-from-the-world-of-cycling\/#primaryimage"},"thumbnailUrl":"https:\/\/d2p6e6u75xmxt8.cloudfront.net\/2\/2020\/06\/Primoz-Roglic-CVR-profimedia-0485740631.webp","datePublished":"2020-06-15T14:32:56+00:00","author":{"@id":""},"description":"Another Monday is here and our news from the world of cycling with it. So, what did you miss? 2020 Vuelta a Espa\u00f1a route (October 20th - November 8th) The","breadcrumb":{"@id":"https:\/\/www.welovecycling.com\/wide\/2020\/06\/15\/updated-vuelta-route-revealed-and-other-cool-news-from-the-world-of-cycling\/#breadcrumb"},"inLanguage":"en-US","potentialAction":[{"@type":"ReadAction","target":["https:\/\/www.welovecycling.com\/wide\/2020\/06\/15\/updated-vuelta-route-revealed-and-other-cool-news-from-the-world-of-cycling\/"]}]},{"@type":"ImageObject","inLanguage":"en-US","@id":"https:\/\/www.welovecycling.com\/wide\/2020\/06\/15\/updated-vuelta-route-revealed-and-other-cool-news-from-the-world-of-cycling\/#primaryimage","url":"https:\/\/d2p6e6u75xmxt8.cloudfront.net\/2\/2020\/06\/Primoz-Roglic-CVR-profimedia-0485740631.webp","contentUrl":"https:\/\/d2p6e6u75xmxt8.cloudfront.net\/2\/2020\/06\/Primoz-Roglic-CVR-profimedia-0485740631.webp","width":900,"height":600},{"@type":"BreadcrumbList","@id":"https:\/\/www.welovecycling.com\/wide\/2020\/06\/15\/updated-vuelta-route-revealed-and-other-cool-news-from-the-world-of-cycling\/#breadcrumb","itemListElement":[{"@type":"ListItem","position":1,"name":"Home","item":"https:\/\/www.welovecycling.com\/wide\/"},{"@type":"ListItem","position":2,"name":"Updated Vuelta Route Revealed and Other Cool News from the World of Cycling"}]},{"@type":"WebSite","@id":"https:\/\/www.welovecycling.com\/wide\/#website","url":"https:\/\/www.welovecycling.com\/wide\/","name":"\u0160koda We Love Cycling","description":"\u0160koda We Love Cycling magazine","alternateName":"\u0160koda WLC","potentialAction":[{"@type":"SearchAction","target":{"@type":"EntryPoint","urlTemplate":"https:\/\/www.welovecycling.com\/wide\/?s={search_term_string}"},"query-input":{"@type":"PropertyValueSpecification","valueRequired":true,"valueName":"search_term_string"}}],"inLanguage":"en-US"},{"@type":"Person","@id":"","url":"https:\/\/www.welovecycling.com\/wide\/author\/"}]}},"_links":{"self":[{"href":"https:\/\/www.welovecycling.com\/wide\/wp-json\/wp\/v2\/posts\/178276","targetHints":{"allow":["GET"]}}],"collection":[{"href":"https:\/\/www.welovecycling.com\/wide\/wp-json\/wp\/v2\/posts"}],"about":[{"href":"https:\/\/www.welovecycling.com\/wide\/wp-json\/wp\/v2\/types\/post"}],"author":[{"embeddable":true,"href":"https:\/\/www.welovecycling.com\/wide\/wp-json\/wp\/v2\/users\/12"}],"replies":[{"embeddable":true,"href":"https:\/\/www.welovecycling.com\/wide\/wp-json\/wp\/v2\/comments?post=178276"}],"version-history":[{"count":1,"href":"https:\/\/www.welovecycling.com\/wide\/wp-json\/wp\/v2\/posts\/178276\/revisions"}],"predecessor-version":[{"id":178283,"href":"https:\/\/www.welovecycling.com\/wide\/wp-json\/wp\/v2\/posts\/178276\/revisions\/178283"}],"wp:featuredmedia":[{"embeddable":true,"href":"https:\/\/www.welovecycling.com\/wide\/wp-json\/wp\/v2\/media\/178282"}],"wp:attachment":[{"href":"https:\/\/www.welovecycling.com\/wide\/wp-json\/wp\/v2\/media?parent=178276"}],"wp:term":[{"taxonomy":"category","embeddable":true,"href":"https:\/\/www.welovecycling.com\/wide\/wp-json\/wp\/v2\/categories?post=178276"},{"taxonomy":"post_tag","embeddable":true,"href":"https:\/\/www.welovecycling.com\/wide\/wp-json\/wp\/v2\/tags?post=178276"},{"taxonomy":"global-categories","embeddable":true,"href":"https:\/\/www.welovecycling.com\/wide\/wp-json\/wp\/v2\/global-categories?post=178276"}],"curies":[{"name":"wp","href":"https:\/\/api.w.org\/{rel}","templated":true}]}}