{"id":178218,"date":"2020-06-08T14:30:58","date_gmt":"2020-06-08T14:30:58","guid":{"rendered":"https:\/\/www.welovecycling.com\/wide\/?p=178218"},"modified":"2020-06-09T14:31:21","modified_gmt":"2020-06-09T14:31:21","slug":"andy-schleck-everything-i-do-i-give-it-my-100-per-cent","status":"publish","type":"post","link":"https:\/\/www.welovecycling.com\/wide\/2020\/06\/08\/andy-schleck-everything-i-do-i-give-it-my-100-per-cent\/","title":{"rendered":"Andy Schleck: \u201cEverything I do, I Give It My 100 Per Cent.\u201d"},"content":{"rendered":"<p><strong>Our #Ride2Unite initiative launched to support and entertain the cycling community brought together in another livestream Spanish Eurosport presenter Laura Meseguer and the well-known Luxembourgish ex road racing treasure Andy Schleck who shone some light on his life now and then, comparing the pro life started at an early age with slowing down a bit and becoming a small bicycle shop owner and cycling ambassador. Below are some of the highlights.<\/strong><!--more--><\/p>\n<p>As mentioned in our <a href=\"https:\/\/www.welovecycling.com\/wide\/2020\/06\/02\/meet-luxembourgish-road-racing-gem-andy-schleck-in-the-third-ride2unite-stream\/\">previous article<\/a>, Andy shot to fame almost overnight when he finished second in the 2007 Giro d\u2019Italia out of the blue aged just 21. It\u2019s not surprising that he chose a cycling career given the path of his brother, father and grandfather but what was unexpected was his nearly immediate success. That was one of the first topics he discussed with Laura; how great it was and how good it felt but the beginnings weren\u2019t just sugar, spice and everything nice \u2013 it also involved dealing with enormous pressure and publicity at such a young age.<\/p>\n<p>https:\/\/www.instagram.com\/p\/CA7a46hgpGK\/<\/p>\n<p>Now, after an impressive list of victories and successes under his belt, he spends and enjoys his time as a cycling coach, owner of a small bicycle shop in Luxembourg and newly also as a chairman of the \u0160koda Tour de Luxembourg and an ambassador at the Tour de France\u2019s \u0160koda Hospitality Programme. His only light-hearted complaint, as he mentioned to Laura, was that his business doesn\u2019t allow him to ride as much as he would like to but he compensates that with swimming and running. He also touched on his favourite routes, training routines or pastimes.<\/p>\n<p>A fan watching the stream asked him to choose between the victory at the 18th mountainous Col Du Galibier stage of the 2011 Tour de France and the first place in the 2009 Liege-Bastogne-Liege, which marked a culmination peak of his career. After thinking and weighing his options for a while, Andy chose the victorious moment of the 2011 Tour.<\/p>\n<figure id=\"attachment_174468\" aria-describedby=\"caption-attachment-174468\" style=\"width: 1250px\" class=\"wp-caption alignnone\"><img loading=\"lazy\" decoding=\"async\" class=\"size-full wp-image-174468\" src=\"https:\/\/d2p6e6u75xmxt8.cloudfront.net\/2\/2019\/07\/profimedia-0228057512.jpg\" alt=\"\" width=\"1250\" height=\"859\" \/><figcaption id=\"caption-attachment-174468\" class=\"wp-caption-text\">In February 2012 after Contador&#8217;s CAS (Court for Arbitration of Sport) doping hearing, Schleck was retroactively awarded the 2010 title of Tour de France\u2019s winner. \u00a9 Profimedia, TEMP EPA<\/figcaption><\/figure>\n<p>Let\u2019s also remind us that Andy Schleck was only the second man to ever win the white jersey for best young rider 3 times in a row at the 2010 Tour de France where he also collected two mountain stages and rode in the yellow jersey for six days. The 2010 Tour also produced an infamous moment when Andy\u2019s chain dropped on a mountain stage and Alberto Contador then took over his lead, eventually winning. In February 2012 after Contador&#8217;s CAS (Court for Arbitration of Sport) doping hearing, Schleck was retroactively awarded the 2010 title of Tour de France\u2019s winner.<\/p>\n<p>Mentioning that fateful Tour, Andy accented that he gives absolutely 100 per cent to everything he does \u2013 something he claims he has in common with abovementioned Alberto Contador, his biggest rival, from which one could say stems their mutual respect. Following up on the sentiment of giving something your all, Andy further spoke about his experience with becoming the \u0160koda\u2019s Tour de France Hospitality Programme ambassador. He would get up at 5 a.m. each day to get ready for the ride with guests and to prepare the day\u2019s schedule for them to enjoy. One could say that it seems that Andy is happiest at his busiest when he recounts bustling Hospitality Programme days of last year.<\/p>\n<p>Catch up with the rest of the streams on our dedicated <a href=\"https:\/\/www.welovecycling.com\/wide\/category\/ride2unite\/\">#Ride2Unite page<\/a> on the We Love Cycling website!<\/p>\n","protected":false},"excerpt":{"rendered":"<p>Our #Ride2Unite initiative launched to support and entertain the cycling community brought together in another livestream Spanish Eurosport presenter Laura [&hellip;]<\/p>\n","protected":false},"author":12,"featured_media":178220,"comment_status":"open","ping_status":"open","sticky":false,"template":"","format":"standard","meta":{"footnotes":""},"categories":[4142],"tags":[4140,3227,4170],"global-categories":[3366],"class_list":["post-178218","post","type-post","status-publish","format-standard","has-post-thumbnail","hentry","category-ride2unite","tag-ride2unite","tag-andy-schleck","tag-laura-meseguer","global-categories-cycling"],"yoast_head":"<!-- This site is optimized with the Yoast SEO Premium plugin v25.3 (Yoast SEO v25.9) - https:\/\/yoast.com\/wordpress\/plugins\/seo\/ -->\n<title>Andy Schleck: \u201cEverything I do, I Give It My 100 Per Cent.\u201d - \u0160koda We Love Cycling<\/title>\n<meta name=\"description\" content=\"Our #Ride2Unite initiative launched to support and entertain the cycling community brought together in another livestream Spanish Eurosport presenter\" \/>\n<meta name=\"robots\" content=\"index, follow, max-snippet:-1, max-image-preview:large, max-video-preview:-1\" \/>\n<link rel=\"canonical\" href=\"https:\/\/www.welovecycling.com\/wide\/2020\/06\/08\/andy-schleck-everything-i-do-i-give-it-my-100-per-cent\/\" \/>\n<meta property=\"og:locale\" content=\"en_US\" \/>\n<meta property=\"og:type\" content=\"article\" \/>\n<meta property=\"og:title\" content=\"Andy Schleck: \u201cEverything I do, I Give It My 100 Per Cent.\u201d\" \/>\n<meta property=\"og:description\" content=\"Our #Ride2Unite initiative launched to support and entertain the cycling community brought together in another livestream Spanish Eurosport presenter\" \/>\n<meta property=\"og:url\" content=\"https:\/\/www.welovecycling.com\/wide\/2020\/06\/08\/andy-schleck-everything-i-do-i-give-it-my-100-per-cent\/\" \/>\n<meta property=\"og:site_name\" content=\"\u0160koda We Love Cycling\" \/>\n<meta property=\"article:published_time\" content=\"2020-06-08T14:30:58+00:00\" \/>\n<meta property=\"article:modified_time\" content=\"2020-06-09T14:31:21+00:00\" \/>\n<meta property=\"og:image\" content=\"https:\/\/d2p6e6u75xmxt8.cloudfront.net\/2\/2020\/06\/Andy-Schleck-profimedia-0458999318.webp\" \/>\n\t<meta property=\"og:image:width\" content=\"900\" \/>\n\t<meta property=\"og:image:height\" content=\"600\" \/>\n\t<meta property=\"og:image:type\" content=\"image\/webp\" \/>\n<meta name=\"twitter:card\" content=\"summary_large_image\" \/>\n<meta name=\"twitter:label1\" content=\"Written by\" \/>\n\t<meta name=\"twitter:data1\" content=\"Frantiska Blazkova\" \/>\n\t<meta name=\"twitter:label2\" content=\"Est. reading time\" \/>\n\t<meta name=\"twitter:data2\" content=\"5\" \/>\n<script type=\"application\/ld+json\" class=\"yoast-schema-graph\">{\"@context\":\"https:\/\/schema.org\",\"@graph\":[{\"@type\":\"WebPage\",\"@id\":\"https:\/\/www.welovecycling.com\/wide\/2020\/06\/08\/andy-schleck-everything-i-do-i-give-it-my-100-per-cent\/\",\"url\":\"https:\/\/www.welovecycling.com\/wide\/2020\/06\/08\/andy-schleck-everything-i-do-i-give-it-my-100-per-cent\/\",\"name\":\"Andy Schleck: \u201cEverything I do, I Give It My 100 Per Cent.\u201d - \u0160koda We Love Cycling\",\"isPartOf\":{\"@id\":\"https:\/\/www.welovecycling.com\/wide\/#website\"},\"primaryImageOfPage\":{\"@id\":\"https:\/\/www.welovecycling.com\/wide\/2020\/06\/08\/andy-schleck-everything-i-do-i-give-it-my-100-per-cent\/#primaryimage\"},\"image\":{\"@id\":\"https:\/\/www.welovecycling.com\/wide\/2020\/06\/08\/andy-schleck-everything-i-do-i-give-it-my-100-per-cent\/#primaryimage\"},\"thumbnailUrl\":\"https:\/\/d2p6e6u75xmxt8.cloudfront.net\/2\/2020\/06\/Andy-Schleck-profimedia-0458999318.webp\",\"datePublished\":\"2020-06-08T14:30:58+00:00\",\"dateModified\":\"2020-06-09T14:31:21+00:00\",\"author\":{\"@id\":\"\"},\"description\":\"Our #Ride2Unite initiative launched to support and entertain the cycling community brought together in another livestream Spanish Eurosport presenter\",\"breadcrumb\":{\"@id\":\"https:\/\/www.welovecycling.com\/wide\/2020\/06\/08\/andy-schleck-everything-i-do-i-give-it-my-100-per-cent\/#breadcrumb\"},\"inLanguage\":\"en-US\",\"potentialAction\":[{\"@type\":\"ReadAction\",\"target\":[\"https:\/\/www.welovecycling.com\/wide\/2020\/06\/08\/andy-schleck-everything-i-do-i-give-it-my-100-per-cent\/\"]}]},{\"@type\":\"ImageObject\",\"inLanguage\":\"en-US\",\"@id\":\"https:\/\/www.welovecycling.com\/wide\/2020\/06\/08\/andy-schleck-everything-i-do-i-give-it-my-100-per-cent\/#primaryimage\",\"url\":\"https:\/\/d2p6e6u75xmxt8.cloudfront.net\/2\/2020\/06\/Andy-Schleck-profimedia-0458999318.webp\",\"contentUrl\":\"https:\/\/d2p6e6u75xmxt8.cloudfront.net\/2\/2020\/06\/Andy-Schleck-profimedia-0458999318.webp\",\"width\":900,\"height\":600},{\"@type\":\"BreadcrumbList\",\"@id\":\"https:\/\/www.welovecycling.com\/wide\/2020\/06\/08\/andy-schleck-everything-i-do-i-give-it-my-100-per-cent\/#breadcrumb\",\"itemListElement\":[{\"@type\":\"ListItem\",\"position\":1,\"name\":\"Home\",\"item\":\"https:\/\/www.welovecycling.com\/wide\/\"},{\"@type\":\"ListItem\",\"position\":2,\"name\":\"Andy Schleck: \u201cEverything I do, I Give It My 100 Per Cent.\u201d\"}]},{\"@type\":\"WebSite\",\"@id\":\"https:\/\/www.welovecycling.com\/wide\/#website\",\"url\":\"https:\/\/www.welovecycling.com\/wide\/\",\"name\":\"\u0160koda We Love Cycling\",\"description\":\"\u0160koda We Love Cycling magazine\",\"alternateName\":\"\u0160koda WLC\",\"potentialAction\":[{\"@type\":\"SearchAction\",\"target\":{\"@type\":\"EntryPoint\",\"urlTemplate\":\"https:\/\/www.welovecycling.com\/wide\/?s={search_term_string}\"},\"query-input\":{\"@type\":\"PropertyValueSpecification\",\"valueRequired\":true,\"valueName\":\"search_term_string\"}}],\"inLanguage\":\"en-US\"},{\"@type\":\"Person\",\"@id\":\"\",\"url\":\"https:\/\/www.welovecycling.com\/wide\/author\/\"}]}<\/script>\n<!-- \/ Yoast SEO Premium plugin. -->","yoast_head_json":{"title":"Andy Schleck: \u201cEverything I do, I Give It My 100 Per Cent.\u201d - \u0160koda We Love Cycling","description":"Our #Ride2Unite initiative launched to support and entertain the cycling community brought together in another livestream Spanish Eurosport presenter","robots":{"index":"index","follow":"follow","max-snippet":"max-snippet:-1","max-image-preview":"max-image-preview:large","max-video-preview":"max-video-preview:-1"},"canonical":"https:\/\/www.welovecycling.com\/wide\/2020\/06\/08\/andy-schleck-everything-i-do-i-give-it-my-100-per-cent\/","og_locale":"en_US","og_type":"article","og_title":"Andy Schleck: \u201cEverything I do, I Give It My 100 Per Cent.\u201d","og_description":"Our #Ride2Unite initiative launched to support and entertain the cycling community brought together in another livestream Spanish Eurosport presenter","og_url":"https:\/\/www.welovecycling.com\/wide\/2020\/06\/08\/andy-schleck-everything-i-do-i-give-it-my-100-per-cent\/","og_site_name":"\u0160koda We Love Cycling","article_published_time":"2020-06-08T14:30:58+00:00","article_modified_time":"2020-06-09T14:31:21+00:00","og_image":[{"width":900,"height":600,"url":"https:\/\/d2p6e6u75xmxt8.cloudfront.net\/2\/2020\/06\/Andy-Schleck-profimedia-0458999318.webp","type":"image\/webp"}],"twitter_card":"summary_large_image","twitter_misc":{"Written by":"Frantiska Blazkova","Est. reading time":"5"},"schema":{"@context":"https:\/\/schema.org","@graph":[{"@type":"WebPage","@id":"https:\/\/www.welovecycling.com\/wide\/2020\/06\/08\/andy-schleck-everything-i-do-i-give-it-my-100-per-cent\/","url":"https:\/\/www.welovecycling.com\/wide\/2020\/06\/08\/andy-schleck-everything-i-do-i-give-it-my-100-per-cent\/","name":"Andy Schleck: \u201cEverything I do, I Give It My 100 Per Cent.\u201d - \u0160koda We Love Cycling","isPartOf":{"@id":"https:\/\/www.welovecycling.com\/wide\/#website"},"primaryImageOfPage":{"@id":"https:\/\/www.welovecycling.com\/wide\/2020\/06\/08\/andy-schleck-everything-i-do-i-give-it-my-100-per-cent\/#primaryimage"},"image":{"@id":"https:\/\/www.welovecycling.com\/wide\/2020\/06\/08\/andy-schleck-everything-i-do-i-give-it-my-100-per-cent\/#primaryimage"},"thumbnailUrl":"https:\/\/d2p6e6u75xmxt8.cloudfront.net\/2\/2020\/06\/Andy-Schleck-profimedia-0458999318.webp","datePublished":"2020-06-08T14:30:58+00:00","dateModified":"2020-06-09T14:31:21+00:00","author":{"@id":""},"description":"Our #Ride2Unite initiative launched to support and entertain the cycling community brought together in another livestream Spanish Eurosport presenter","breadcrumb":{"@id":"https:\/\/www.welovecycling.com\/wide\/2020\/06\/08\/andy-schleck-everything-i-do-i-give-it-my-100-per-cent\/#breadcrumb"},"inLanguage":"en-US","potentialAction":[{"@type":"ReadAction","target":["https:\/\/www.welovecycling.com\/wide\/2020\/06\/08\/andy-schleck-everything-i-do-i-give-it-my-100-per-cent\/"]}]},{"@type":"ImageObject","inLanguage":"en-US","@id":"https:\/\/www.welovecycling.com\/wide\/2020\/06\/08\/andy-schleck-everything-i-do-i-give-it-my-100-per-cent\/#primaryimage","url":"https:\/\/d2p6e6u75xmxt8.cloudfront.net\/2\/2020\/06\/Andy-Schleck-profimedia-0458999318.webp","contentUrl":"https:\/\/d2p6e6u75xmxt8.cloudfront.net\/2\/2020\/06\/Andy-Schleck-profimedia-0458999318.webp","width":900,"height":600},{"@type":"BreadcrumbList","@id":"https:\/\/www.welovecycling.com\/wide\/2020\/06\/08\/andy-schleck-everything-i-do-i-give-it-my-100-per-cent\/#breadcrumb","itemListElement":[{"@type":"ListItem","position":1,"name":"Home","item":"https:\/\/www.welovecycling.com\/wide\/"},{"@type":"ListItem","position":2,"name":"Andy Schleck: \u201cEverything I do, I Give It My 100 Per Cent.\u201d"}]},{"@type":"WebSite","@id":"https:\/\/www.welovecycling.com\/wide\/#website","url":"https:\/\/www.welovecycling.com\/wide\/","name":"\u0160koda We Love Cycling","description":"\u0160koda We Love Cycling magazine","alternateName":"\u0160koda WLC","potentialAction":[{"@type":"SearchAction","target":{"@type":"EntryPoint","urlTemplate":"https:\/\/www.welovecycling.com\/wide\/?s={search_term_string}"},"query-input":{"@type":"PropertyValueSpecification","valueRequired":true,"valueName":"search_term_string"}}],"inLanguage":"en-US"},{"@type":"Person","@id":"","url":"https:\/\/www.welovecycling.com\/wide\/author\/"}]}},"_links":{"self":[{"href":"https:\/\/www.welovecycling.com\/wide\/wp-json\/wp\/v2\/posts\/178218","targetHints":{"allow":["GET"]}}],"collection":[{"href":"https:\/\/www.welovecycling.com\/wide\/wp-json\/wp\/v2\/posts"}],"about":[{"href":"https:\/\/www.welovecycling.com\/wide\/wp-json\/wp\/v2\/types\/post"}],"author":[{"embeddable":true,"href":"https:\/\/www.welovecycling.com\/wide\/wp-json\/wp\/v2\/users\/12"}],"replies":[{"embeddable":true,"href":"https:\/\/www.welovecycling.com\/wide\/wp-json\/wp\/v2\/comments?post=178218"}],"version-history":[{"count":2,"href":"https:\/\/www.welovecycling.com\/wide\/wp-json\/wp\/v2\/posts\/178218\/revisions"}],"predecessor-version":[{"id":178222,"href":"https:\/\/www.welovecycling.com\/wide\/wp-json\/wp\/v2\/posts\/178218\/revisions\/178222"}],"wp:featuredmedia":[{"embeddable":true,"href":"https:\/\/www.welovecycling.com\/wide\/wp-json\/wp\/v2\/media\/178220"}],"wp:attachment":[{"href":"https:\/\/www.welovecycling.com\/wide\/wp-json\/wp\/v2\/media?parent=178218"}],"wp:term":[{"taxonomy":"category","embeddable":true,"href":"https:\/\/www.welovecycling.com\/wide\/wp-json\/wp\/v2\/categories?post=178218"},{"taxonomy":"post_tag","embeddable":true,"href":"https:\/\/www.welovecycling.com\/wide\/wp-json\/wp\/v2\/tags?post=178218"},{"taxonomy":"global-categories","embeddable":true,"href":"https:\/\/www.welovecycling.com\/wide\/wp-json\/wp\/v2\/global-categories?post=178218"}],"curies":[{"name":"wp","href":"https:\/\/api.w.org\/{rel}","templated":true}]}}