{"id":178120,"date":"2020-06-01T12:56:35","date_gmt":"2020-06-01T12:56:35","guid":{"rendered":"https:\/\/www.welovecycling.com\/wide\/?p=178120"},"modified":"2020-06-01T12:56:35","modified_gmt":"2020-06-01T12:56:35","slug":"samples-from-the-2017-tour-retested-and-other-news-from-the-world-of-cycling","status":"publish","type":"post","link":"https:\/\/www.welovecycling.com\/wide\/2020\/06\/01\/samples-from-the-2017-tour-retested-and-other-news-from-the-world-of-cycling\/","title":{"rendered":"Samples from the 2017 Tour Retested and Other News from the World of Cycling"},"content":{"rendered":"<p><strong>Another Monday is here and our news from the world of cycling with it. So, what did you miss?<\/strong><\/p>\n<p><!--more--><\/p>\n<h2><strong>Problems at the Tour?<\/strong><\/h2>\n<p>The Aderlass doping inquiry entered the public domain when Austrian police performed raids on the Nordic World Ski Championships in Seefeld in Tirol in early 2019. Eight professional cyclists have already been implicated. Stefan Denifl, Georg Preidler, Pirmin Lang and Danilo Hondo have confessed to using banned substances. Alessandro Petacchi, Kristijan Koren, Kristijan Durasek and Borut Bozic have received bans for doping as a result of the Operation Aderlass inquiry.<\/p>\n<p>On the basis of additional information, the UCI decided to re-analyse samples from the 2016 and 2017 seasons. The Cycling Anti-Doping Foundation (CADF) will focus on the 2017 Tour in detail. They are looking for traces of an unnamed doping product of American origin.<\/p>\n<p>\u201cAt that time, there were a number of banned substances that were not available on the regular pharmaceutical market and for which there were no optimal detection methods in the labs. In the meantime, those methods have been improved,\u201d Peter Van Eenoo of the Ghent anti-doping laboratory told Het Nieuwsblad.<\/p>\n<p>We\u2019ll keep you updated as the story develops.<\/p>\n<h2><strong>Sagan\u2019s happy place<\/strong><\/h2>\n<p>https:\/\/www.instagram.com\/p\/CAsuzRWoTOn\/?utm_source=ig_embed<\/p>\n<h2><strong>The finish line at last!<\/strong><\/h2>\n<div class=\"embed-controller-wrapper\">\n<blockquote class=\"twitter-tweet\" data-width=\"500\" data-dnt=\"true\">\n<p lang=\"es\" dir=\"ltr\">Mijitos hoy despu\u00e9s de 2 meses volv\u00ed a la carretera, feliz de sentir el viento en la cara. Los extra\u00f1o mucho por ac\u00e1 y espero que pronto podamos todos volver, no bajemos la guardia <a href=\"https:\/\/t.co\/nIIk70sw3m\">pic.twitter.com\/nIIk70sw3m<\/a><\/p>\n<p>&mdash; Rigoberto Ur\u00e1n \u042fU (@UranRigoberto) <a href=\"https:\/\/twitter.com\/UranRigoberto\/status\/1265378845290610689?ref_src=twsrc%5Etfw\">May 26, 2020<\/a><\/p><\/blockquote>\n<p><script async data-src=\"https:\/\/platform.twitter.com\/widgets.js\" charset=\"utf-8\"><\/script><\/div>\n<h2><strong>Don\u2019t try this at home<\/strong><\/h2>\n<p>https:\/\/www.instagram.com\/p\/CAvedP0lFqU\/?utm_source=ig_embed<\/p>\n<h2><strong>Pretty accurate<\/strong><\/h2>\n<p>https:\/\/www.instagram.com\/p\/CAvemPHFi0t\/?utm_source=ig_embed<\/p>\n","protected":false},"excerpt":{"rendered":"<p>Another Monday is here and our news from the world of cycling with it. So, what did you miss?<\/p>\n","protected":false},"author":99,"featured_media":178125,"comment_status":"open","ping_status":"open","sticky":false,"template":"","format":"standard","meta":{"footnotes":""},"categories":[329],"tags":[4176,4177,4178,4180,4179,443],"global-categories":[3366],"class_list":["post-178120","post","type-post","status-publish","format-standard","has-post-thumbnail","hentry","category-road-cycling","tag-aderlass","tag-cycling-anti-doping-foundation","tag-het-nieuwsblad","tag-nordic-world-ski-championships","tag-peter-van-eenoo","tag-uci","global-categories-cycling"],"yoast_head":"<!-- This site is optimized with the Yoast SEO Premium plugin v25.3 (Yoast SEO v25.9) - https:\/\/yoast.com\/wordpress\/plugins\/seo\/ -->\n<title>Samples from the 2017 Tour Retested and Other News from the World of Cycling - \u0160koda We Love Cycling<\/title>\n<meta name=\"description\" content=\"Another Monday is here and our news from the world of cycling with it. So, what did you miss? Problems at the Tour? The Aderlass doping inquiry entered\" \/>\n<meta name=\"robots\" content=\"index, follow, max-snippet:-1, max-image-preview:large, max-video-preview:-1\" \/>\n<link rel=\"canonical\" href=\"https:\/\/www.welovecycling.com\/wide\/2020\/06\/01\/samples-from-the-2017-tour-retested-and-other-news-from-the-world-of-cycling\/\" \/>\n<meta property=\"og:locale\" content=\"en_US\" \/>\n<meta property=\"og:type\" content=\"article\" \/>\n<meta property=\"og:title\" content=\"Samples from the 2017 Tour Retested and Other News from the World of Cycling\" \/>\n<meta property=\"og:description\" content=\"Another Monday is here and our news from the world of cycling with it. So, what did you miss? Problems at the Tour? The Aderlass doping inquiry entered\" \/>\n<meta property=\"og:url\" content=\"https:\/\/www.welovecycling.com\/wide\/2020\/06\/01\/samples-from-the-2017-tour-retested-and-other-news-from-the-world-of-cycling\/\" \/>\n<meta property=\"og:site_name\" content=\"\u0160koda We Love Cycling\" \/>\n<meta property=\"article:published_time\" content=\"2020-06-01T12:56:35+00:00\" \/>\n<meta property=\"og:image\" content=\"https:\/\/d2p6e6u75xmxt8.cloudfront.net\/2\/2020\/06\/road-cycling-generic-profimedia-0467758686-CVR.webp\" \/>\n\t<meta property=\"og:image:width\" content=\"900\" \/>\n\t<meta property=\"og:image:height\" content=\"600\" \/>\n\t<meta property=\"og:image:type\" content=\"image\/webp\" \/>\n<meta name=\"author\" content=\"tereza\" \/>\n<meta name=\"twitter:card\" content=\"summary_large_image\" \/>\n<meta name=\"twitter:label1\" content=\"Written by\" \/>\n\t<meta name=\"twitter:data1\" content=\"Monica Buck\" \/>\n\t<meta name=\"twitter:label2\" content=\"Est. reading time\" \/>\n\t<meta name=\"twitter:data2\" content=\"3\" \/>\n<script type=\"application\/ld+json\" class=\"yoast-schema-graph\">{\"@context\":\"https:\/\/schema.org\",\"@graph\":[{\"@type\":\"WebPage\",\"@id\":\"https:\/\/www.welovecycling.com\/wide\/2020\/06\/01\/samples-from-the-2017-tour-retested-and-other-news-from-the-world-of-cycling\/\",\"url\":\"https:\/\/www.welovecycling.com\/wide\/2020\/06\/01\/samples-from-the-2017-tour-retested-and-other-news-from-the-world-of-cycling\/\",\"name\":\"Samples from the 2017 Tour Retested and Other News from the World of Cycling - \u0160koda We Love Cycling\",\"isPartOf\":{\"@id\":\"https:\/\/www.welovecycling.com\/wide\/#website\"},\"primaryImageOfPage\":{\"@id\":\"https:\/\/www.welovecycling.com\/wide\/2020\/06\/01\/samples-from-the-2017-tour-retested-and-other-news-from-the-world-of-cycling\/#primaryimage\"},\"image\":{\"@id\":\"https:\/\/www.welovecycling.com\/wide\/2020\/06\/01\/samples-from-the-2017-tour-retested-and-other-news-from-the-world-of-cycling\/#primaryimage\"},\"thumbnailUrl\":\"https:\/\/d2p6e6u75xmxt8.cloudfront.net\/2\/2020\/06\/road-cycling-generic-profimedia-0467758686-CVR.webp\",\"datePublished\":\"2020-06-01T12:56:35+00:00\",\"author\":{\"@id\":\"https:\/\/www.welovecycling.com\/wide\/#\/schema\/person\/50f01ecd18718d2333cf72e823c4f926\"},\"description\":\"Another Monday is here and our news from the world of cycling with it. So, what did you miss? Problems at the Tour? The Aderlass doping inquiry entered\",\"breadcrumb\":{\"@id\":\"https:\/\/www.welovecycling.com\/wide\/2020\/06\/01\/samples-from-the-2017-tour-retested-and-other-news-from-the-world-of-cycling\/#breadcrumb\"},\"inLanguage\":\"en-US\",\"potentialAction\":[{\"@type\":\"ReadAction\",\"target\":[\"https:\/\/www.welovecycling.com\/wide\/2020\/06\/01\/samples-from-the-2017-tour-retested-and-other-news-from-the-world-of-cycling\/\"]}]},{\"@type\":\"ImageObject\",\"inLanguage\":\"en-US\",\"@id\":\"https:\/\/www.welovecycling.com\/wide\/2020\/06\/01\/samples-from-the-2017-tour-retested-and-other-news-from-the-world-of-cycling\/#primaryimage\",\"url\":\"https:\/\/d2p6e6u75xmxt8.cloudfront.net\/2\/2020\/06\/road-cycling-generic-profimedia-0467758686-CVR.webp\",\"contentUrl\":\"https:\/\/d2p6e6u75xmxt8.cloudfront.net\/2\/2020\/06\/road-cycling-generic-profimedia-0467758686-CVR.webp\",\"width\":900,\"height\":600},{\"@type\":\"BreadcrumbList\",\"@id\":\"https:\/\/www.welovecycling.com\/wide\/2020\/06\/01\/samples-from-the-2017-tour-retested-and-other-news-from-the-world-of-cycling\/#breadcrumb\",\"itemListElement\":[{\"@type\":\"ListItem\",\"position\":1,\"name\":\"Home\",\"item\":\"https:\/\/www.welovecycling.com\/wide\/\"},{\"@type\":\"ListItem\",\"position\":2,\"name\":\"Samples from the 2017 Tour Retested and Other News from the World of Cycling\"}]},{\"@type\":\"WebSite\",\"@id\":\"https:\/\/www.welovecycling.com\/wide\/#website\",\"url\":\"https:\/\/www.welovecycling.com\/wide\/\",\"name\":\"\u0160koda We Love Cycling\",\"description\":\"\u0160koda We Love Cycling magazine\",\"alternateName\":\"\u0160koda WLC\",\"potentialAction\":[{\"@type\":\"SearchAction\",\"target\":{\"@type\":\"EntryPoint\",\"urlTemplate\":\"https:\/\/www.welovecycling.com\/wide\/?s={search_term_string}\"},\"query-input\":{\"@type\":\"PropertyValueSpecification\",\"valueRequired\":true,\"valueName\":\"search_term_string\"}}],\"inLanguage\":\"en-US\"},{\"@type\":\"Person\",\"@id\":\"https:\/\/www.welovecycling.com\/wide\/#\/schema\/person\/50f01ecd18718d2333cf72e823c4f926\",\"name\":\"tereza\",\"image\":{\"@type\":\"ImageObject\",\"inLanguage\":\"en-US\",\"@id\":\"https:\/\/www.welovecycling.com\/wide\/#\/schema\/person\/image\/\",\"url\":\"https:\/\/secure.gravatar.com\/avatar\/1f9eb71be33845f0afabce3791bc1c58ecdb0a25c62964987e5dbcf7a20d2ec7?s=96&d=mm&r=g\",\"contentUrl\":\"https:\/\/secure.gravatar.com\/avatar\/1f9eb71be33845f0afabce3791bc1c58ecdb0a25c62964987e5dbcf7a20d2ec7?s=96&d=mm&r=g\",\"caption\":\"tereza\"},\"url\":\"https:\/\/www.welovecycling.com\/wide\/author\/tereza\/\"}]}<\/script>\n<!-- \/ Yoast SEO Premium plugin. -->","yoast_head_json":{"title":"Samples from the 2017 Tour Retested and Other News from the World of Cycling - \u0160koda We Love Cycling","description":"Another Monday is here and our news from the world of cycling with it. So, what did you miss? Problems at the Tour? The Aderlass doping inquiry entered","robots":{"index":"index","follow":"follow","max-snippet":"max-snippet:-1","max-image-preview":"max-image-preview:large","max-video-preview":"max-video-preview:-1"},"canonical":"https:\/\/www.welovecycling.com\/wide\/2020\/06\/01\/samples-from-the-2017-tour-retested-and-other-news-from-the-world-of-cycling\/","og_locale":"en_US","og_type":"article","og_title":"Samples from the 2017 Tour Retested and Other News from the World of Cycling","og_description":"Another Monday is here and our news from the world of cycling with it. So, what did you miss? Problems at the Tour? The Aderlass doping inquiry entered","og_url":"https:\/\/www.welovecycling.com\/wide\/2020\/06\/01\/samples-from-the-2017-tour-retested-and-other-news-from-the-world-of-cycling\/","og_site_name":"\u0160koda We Love Cycling","article_published_time":"2020-06-01T12:56:35+00:00","og_image":[{"width":900,"height":600,"url":"https:\/\/d2p6e6u75xmxt8.cloudfront.net\/2\/2020\/06\/road-cycling-generic-profimedia-0467758686-CVR.webp","type":"image\/webp"}],"author":"tereza","twitter_card":"summary_large_image","twitter_misc":{"Written by":"Monica Buck","Est. reading time":"3"},"schema":{"@context":"https:\/\/schema.org","@graph":[{"@type":"WebPage","@id":"https:\/\/www.welovecycling.com\/wide\/2020\/06\/01\/samples-from-the-2017-tour-retested-and-other-news-from-the-world-of-cycling\/","url":"https:\/\/www.welovecycling.com\/wide\/2020\/06\/01\/samples-from-the-2017-tour-retested-and-other-news-from-the-world-of-cycling\/","name":"Samples from the 2017 Tour Retested and Other News from the World of Cycling - \u0160koda We Love Cycling","isPartOf":{"@id":"https:\/\/www.welovecycling.com\/wide\/#website"},"primaryImageOfPage":{"@id":"https:\/\/www.welovecycling.com\/wide\/2020\/06\/01\/samples-from-the-2017-tour-retested-and-other-news-from-the-world-of-cycling\/#primaryimage"},"image":{"@id":"https:\/\/www.welovecycling.com\/wide\/2020\/06\/01\/samples-from-the-2017-tour-retested-and-other-news-from-the-world-of-cycling\/#primaryimage"},"thumbnailUrl":"https:\/\/d2p6e6u75xmxt8.cloudfront.net\/2\/2020\/06\/road-cycling-generic-profimedia-0467758686-CVR.webp","datePublished":"2020-06-01T12:56:35+00:00","author":{"@id":"https:\/\/www.welovecycling.com\/wide\/#\/schema\/person\/50f01ecd18718d2333cf72e823c4f926"},"description":"Another Monday is here and our news from the world of cycling with it. So, what did you miss? Problems at the Tour? The Aderlass doping inquiry entered","breadcrumb":{"@id":"https:\/\/www.welovecycling.com\/wide\/2020\/06\/01\/samples-from-the-2017-tour-retested-and-other-news-from-the-world-of-cycling\/#breadcrumb"},"inLanguage":"en-US","potentialAction":[{"@type":"ReadAction","target":["https:\/\/www.welovecycling.com\/wide\/2020\/06\/01\/samples-from-the-2017-tour-retested-and-other-news-from-the-world-of-cycling\/"]}]},{"@type":"ImageObject","inLanguage":"en-US","@id":"https:\/\/www.welovecycling.com\/wide\/2020\/06\/01\/samples-from-the-2017-tour-retested-and-other-news-from-the-world-of-cycling\/#primaryimage","url":"https:\/\/d2p6e6u75xmxt8.cloudfront.net\/2\/2020\/06\/road-cycling-generic-profimedia-0467758686-CVR.webp","contentUrl":"https:\/\/d2p6e6u75xmxt8.cloudfront.net\/2\/2020\/06\/road-cycling-generic-profimedia-0467758686-CVR.webp","width":900,"height":600},{"@type":"BreadcrumbList","@id":"https:\/\/www.welovecycling.com\/wide\/2020\/06\/01\/samples-from-the-2017-tour-retested-and-other-news-from-the-world-of-cycling\/#breadcrumb","itemListElement":[{"@type":"ListItem","position":1,"name":"Home","item":"https:\/\/www.welovecycling.com\/wide\/"},{"@type":"ListItem","position":2,"name":"Samples from the 2017 Tour Retested and Other News from the World of Cycling"}]},{"@type":"WebSite","@id":"https:\/\/www.welovecycling.com\/wide\/#website","url":"https:\/\/www.welovecycling.com\/wide\/","name":"\u0160koda We Love Cycling","description":"\u0160koda We Love Cycling magazine","alternateName":"\u0160koda WLC","potentialAction":[{"@type":"SearchAction","target":{"@type":"EntryPoint","urlTemplate":"https:\/\/www.welovecycling.com\/wide\/?s={search_term_string}"},"query-input":{"@type":"PropertyValueSpecification","valueRequired":true,"valueName":"search_term_string"}}],"inLanguage":"en-US"},{"@type":"Person","@id":"https:\/\/www.welovecycling.com\/wide\/#\/schema\/person\/50f01ecd18718d2333cf72e823c4f926","name":"tereza","image":{"@type":"ImageObject","inLanguage":"en-US","@id":"https:\/\/www.welovecycling.com\/wide\/#\/schema\/person\/image\/","url":"https:\/\/secure.gravatar.com\/avatar\/1f9eb71be33845f0afabce3791bc1c58ecdb0a25c62964987e5dbcf7a20d2ec7?s=96&d=mm&r=g","contentUrl":"https:\/\/secure.gravatar.com\/avatar\/1f9eb71be33845f0afabce3791bc1c58ecdb0a25c62964987e5dbcf7a20d2ec7?s=96&d=mm&r=g","caption":"tereza"},"url":"https:\/\/www.welovecycling.com\/wide\/author\/tereza\/"}]}},"_links":{"self":[{"href":"https:\/\/www.welovecycling.com\/wide\/wp-json\/wp\/v2\/posts\/178120","targetHints":{"allow":["GET"]}}],"collection":[{"href":"https:\/\/www.welovecycling.com\/wide\/wp-json\/wp\/v2\/posts"}],"about":[{"href":"https:\/\/www.welovecycling.com\/wide\/wp-json\/wp\/v2\/types\/post"}],"author":[{"embeddable":true,"href":"https:\/\/www.welovecycling.com\/wide\/wp-json\/wp\/v2\/users\/99"}],"replies":[{"embeddable":true,"href":"https:\/\/www.welovecycling.com\/wide\/wp-json\/wp\/v2\/comments?post=178120"}],"version-history":[{"count":2,"href":"https:\/\/www.welovecycling.com\/wide\/wp-json\/wp\/v2\/posts\/178120\/revisions"}],"predecessor-version":[{"id":178127,"href":"https:\/\/www.welovecycling.com\/wide\/wp-json\/wp\/v2\/posts\/178120\/revisions\/178127"}],"wp:featuredmedia":[{"embeddable":true,"href":"https:\/\/www.welovecycling.com\/wide\/wp-json\/wp\/v2\/media\/178125"}],"wp:attachment":[{"href":"https:\/\/www.welovecycling.com\/wide\/wp-json\/wp\/v2\/media?parent=178120"}],"wp:term":[{"taxonomy":"category","embeddable":true,"href":"https:\/\/www.welovecycling.com\/wide\/wp-json\/wp\/v2\/categories?post=178120"},{"taxonomy":"post_tag","embeddable":true,"href":"https:\/\/www.welovecycling.com\/wide\/wp-json\/wp\/v2\/tags?post=178120"},{"taxonomy":"global-categories","embeddable":true,"href":"https:\/\/www.welovecycling.com\/wide\/wp-json\/wp\/v2\/global-categories?post=178120"}],"curies":[{"name":"wp","href":"https:\/\/api.w.org\/{rel}","templated":true}]}}