{"id":178112,"date":"2020-06-01T11:39:58","date_gmt":"2020-06-01T11:39:58","guid":{"rendered":"https:\/\/www.welovecycling.com\/wide\/?p=178112"},"modified":"2020-06-01T11:39:58","modified_gmt":"2020-06-01T11:39:58","slug":"handle-the-lockdown-like-riders-from-team-sunweb","status":"publish","type":"post","link":"https:\/\/www.welovecycling.com\/wide\/2020\/06\/01\/handle-the-lockdown-like-riders-from-team-sunweb\/","title":{"rendered":"Handle the Lockdown Like Riders from Team Sunweb"},"content":{"rendered":"<p><strong>How are the pros dealing with the mental strain of being stuck in their homes? What do they do when they can\u2019t train? What music do they listen to? We talked to team Sunweb\u2019s coach Luke Roberts and he shared some of their tactics with us.<\/strong><\/p>\n<p><!--more--><\/p>\n<h2><strong>The team has weekly video calls to keep riders motivated<\/strong><\/h2>\n<p>\u201cWe created smaller working groups where we would be holding regular weekly video meetings. We would work on a specific race or teamwork-related things. I have taken on a group of seven riders who focus on sprinting. I give them homework during the week like looking back through video footage to try to identify different tactics to keep their minds still active and thinking about racing and to have regular contact with teammates. And it seems to be working well, our riders are actually looking forward to these sessions,\u201d said Luke Roberts.<\/p>\n<figure id=\"attachment_178117\" aria-describedby=\"caption-attachment-178117\" style=\"width: 1250px\" class=\"wp-caption alignnone\"><a href=\"https:\/\/d2p6e6u75xmxt8.cloudfront.net\/2\/2020\/06\/sunweb-1-profimedia-0506309390.jpg\"><img loading=\"lazy\" decoding=\"async\" class=\"size-full wp-image-178117\" src=\"https:\/\/d2p6e6u75xmxt8.cloudfront.net\/2\/2020\/06\/sunweb-1-profimedia-0506309390.jpg\" alt=\"\" width=\"1250\" height=\"769\" \/><\/a><figcaption id=\"caption-attachment-178117\" class=\"wp-caption-text\">What keeps team Sunweb riders motivated? \u00a9 Profimedia<\/figcaption><\/figure>\n<h2><strong>What do the riders do when they can\u2019t train?<\/strong><\/h2>\n<p>\u201cWhen I ask my riders what they have for hobbies almost all of them mention coffee. Whether that\u2019s drinking coffee or making it themselves. A lot of them have quite expensive espresso machines at home,\u201d laughed Luke Roberts. So, it seems that the rumours are true, the more cycling you do, the more you learn to love coffee. Another popular hobby was racing simulators. One Sunweb team rider apparently has a full Formula 1 simulator setup at home.\u201d<\/p>\n<h2><strong>A healthy diet at home<\/strong><\/h2>\n<p>\u201cDuring the world tour stage races, we have a cook with us and a kitchen truck. At home, the nutritionist would give guidelines and suggestions for meals. But it\u2019s left up to the riders in training to choose their meals,\u201d explains Luke Roberts. There\u2019s a lot of wholegrain and spelt pasta, rice, and couscous when it comes to carbs and mostly chicken and fish with some red meat for protein.<\/p>\n<p>https:\/\/www.instagram.com\/p\/CAfo04vJHlC\/<\/p>\n<h2><strong>Agreeing on music is tricky<\/strong><\/h2>\n<p>\u201cMusic is a tricky one. During stage races when we are travelling on the bus, the riders may appoint someone the DJ. This honour is usually given to the guy who has the most non-conflicting taste in music, not necessarily to the one who has the best taste in music. With some races, we will even drive to the start in silence,\u201d said Luke Roberts. When pressed for detail, he said that Justin Bieber songs usually get riders fired from the DJ job pretty quickly. But there was one guy who managed to keep the DJ status. \u201cSimon Geschke was really good at this job. The songs he played were 10-20 years old but his choices often managed to satisfy everyone. We called him DJ Simone,\u201d Luke Roberts remembered.<\/p>\n<h2><strong>This pandemic might affect riders&#8217; careers<\/strong><\/h2>\n<p>Even if the riders deal with the lockdown well in terms of their mental and physical training, they might still be affected. The season has effectively been cut short and riders who were on the last year of their contract or older riders hoping to still show something to extend their contract or to get on a world tour team might be in trouble. Team Sunweb is not in too much danger in this regard.<\/p>\n<p>\u201cWe have quite a young team \u2013 it\u2019s the youngest team on the world tour. We have some young talent who could benefit from being able to race more this season. It is a small setback for them. But they will hopefully have more opportunities later in the season. On the other hand, some riders who have been dealing with some small health issues have extra time to take care of those,\u201d said Luke Roberts.<\/p>\n","protected":false},"excerpt":{"rendered":"<p>How are the pros dealing with the mental strain of being stuck in their homes? What do they do when [&hellip;]<\/p>\n","protected":false},"author":99,"featured_media":178114,"comment_status":"open","ping_status":"open","sticky":false,"template":"","format":"standard","meta":{"footnotes":""},"categories":[332],"tags":[4175,4149,4174,2365,4150],"global-categories":[3366],"class_list":["post-178112","post","type-post","status-publish","format-standard","has-post-thumbnail","hentry","category-health-and-training","tag-justin-bieber","tag-luke-roberts","tag-simon-geschke","tag-sunweb","tag-team-sunweb","global-categories-cycling"],"yoast_head":"<!-- This site is optimized with the Yoast SEO Premium plugin v25.3 (Yoast SEO v25.9) - https:\/\/yoast.com\/wordpress\/plugins\/seo\/ -->\n<title>Handle the Lockdown Like Riders from Team Sunweb - \u0160koda We Love Cycling<\/title>\n<meta name=\"description\" content=\"How are the pros dealing with the mental strain of being stuck in their homes? What do they do when they can\u2019t train? What music do they listen to? We\" \/>\n<meta name=\"robots\" content=\"index, follow, max-snippet:-1, max-image-preview:large, max-video-preview:-1\" \/>\n<link rel=\"canonical\" href=\"https:\/\/www.welovecycling.com\/wide\/2020\/06\/01\/handle-the-lockdown-like-riders-from-team-sunweb\/\" \/>\n<meta property=\"og:locale\" content=\"en_US\" \/>\n<meta property=\"og:type\" content=\"article\" \/>\n<meta property=\"og:title\" content=\"Handle the Lockdown Like Riders from Team Sunweb\" \/>\n<meta property=\"og:description\" content=\"How are the pros dealing with the mental strain of being stuck in their homes? What do they do when they can\u2019t train? What music do they listen to? We\" \/>\n<meta property=\"og:url\" content=\"https:\/\/www.welovecycling.com\/wide\/2020\/06\/01\/handle-the-lockdown-like-riders-from-team-sunweb\/\" \/>\n<meta property=\"og:site_name\" content=\"\u0160koda We Love Cycling\" \/>\n<meta property=\"article:published_time\" content=\"2020-06-01T11:39:58+00:00\" \/>\n<meta property=\"og:image\" content=\"https:\/\/d2p6e6u75xmxt8.cloudfront.net\/2\/2020\/06\/sunweb-profimedia-0494668845-CVR.webp\" \/>\n\t<meta property=\"og:image:width\" content=\"900\" \/>\n\t<meta property=\"og:image:height\" content=\"600\" \/>\n\t<meta property=\"og:image:type\" content=\"image\/webp\" \/>\n<meta name=\"author\" content=\"tereza\" \/>\n<meta name=\"twitter:card\" content=\"summary_large_image\" \/>\n<meta name=\"twitter:label1\" content=\"Written by\" \/>\n\t<meta name=\"twitter:data1\" content=\"Jiri Kaloc\" \/>\n\t<meta name=\"twitter:label2\" content=\"Est. reading time\" \/>\n\t<meta name=\"twitter:data2\" content=\"4\" \/>\n<script type=\"application\/ld+json\" class=\"yoast-schema-graph\">{\"@context\":\"https:\/\/schema.org\",\"@graph\":[{\"@type\":\"WebPage\",\"@id\":\"https:\/\/www.welovecycling.com\/wide\/2020\/06\/01\/handle-the-lockdown-like-riders-from-team-sunweb\/\",\"url\":\"https:\/\/www.welovecycling.com\/wide\/2020\/06\/01\/handle-the-lockdown-like-riders-from-team-sunweb\/\",\"name\":\"Handle the Lockdown Like Riders from Team Sunweb - \u0160koda We Love Cycling\",\"isPartOf\":{\"@id\":\"https:\/\/www.welovecycling.com\/wide\/#website\"},\"primaryImageOfPage\":{\"@id\":\"https:\/\/www.welovecycling.com\/wide\/2020\/06\/01\/handle-the-lockdown-like-riders-from-team-sunweb\/#primaryimage\"},\"image\":{\"@id\":\"https:\/\/www.welovecycling.com\/wide\/2020\/06\/01\/handle-the-lockdown-like-riders-from-team-sunweb\/#primaryimage\"},\"thumbnailUrl\":\"https:\/\/d2p6e6u75xmxt8.cloudfront.net\/2\/2020\/06\/sunweb-profimedia-0494668845-CVR.webp\",\"datePublished\":\"2020-06-01T11:39:58+00:00\",\"author\":{\"@id\":\"https:\/\/www.welovecycling.com\/wide\/#\/schema\/person\/50f01ecd18718d2333cf72e823c4f926\"},\"description\":\"How are the pros dealing with the mental strain of being stuck in their homes? What do they do when they can\u2019t train? What music do they listen to? We\",\"breadcrumb\":{\"@id\":\"https:\/\/www.welovecycling.com\/wide\/2020\/06\/01\/handle-the-lockdown-like-riders-from-team-sunweb\/#breadcrumb\"},\"inLanguage\":\"en-US\",\"potentialAction\":[{\"@type\":\"ReadAction\",\"target\":[\"https:\/\/www.welovecycling.com\/wide\/2020\/06\/01\/handle-the-lockdown-like-riders-from-team-sunweb\/\"]}]},{\"@type\":\"ImageObject\",\"inLanguage\":\"en-US\",\"@id\":\"https:\/\/www.welovecycling.com\/wide\/2020\/06\/01\/handle-the-lockdown-like-riders-from-team-sunweb\/#primaryimage\",\"url\":\"https:\/\/d2p6e6u75xmxt8.cloudfront.net\/2\/2020\/06\/sunweb-profimedia-0494668845-CVR.webp\",\"contentUrl\":\"https:\/\/d2p6e6u75xmxt8.cloudfront.net\/2\/2020\/06\/sunweb-profimedia-0494668845-CVR.webp\",\"width\":900,\"height\":600},{\"@type\":\"BreadcrumbList\",\"@id\":\"https:\/\/www.welovecycling.com\/wide\/2020\/06\/01\/handle-the-lockdown-like-riders-from-team-sunweb\/#breadcrumb\",\"itemListElement\":[{\"@type\":\"ListItem\",\"position\":1,\"name\":\"Home\",\"item\":\"https:\/\/www.welovecycling.com\/wide\/\"},{\"@type\":\"ListItem\",\"position\":2,\"name\":\"Handle the Lockdown Like Riders from Team Sunweb\"}]},{\"@type\":\"WebSite\",\"@id\":\"https:\/\/www.welovecycling.com\/wide\/#website\",\"url\":\"https:\/\/www.welovecycling.com\/wide\/\",\"name\":\"\u0160koda We Love Cycling\",\"description\":\"\u0160koda We Love Cycling magazine\",\"alternateName\":\"\u0160koda WLC\",\"potentialAction\":[{\"@type\":\"SearchAction\",\"target\":{\"@type\":\"EntryPoint\",\"urlTemplate\":\"https:\/\/www.welovecycling.com\/wide\/?s={search_term_string}\"},\"query-input\":{\"@type\":\"PropertyValueSpecification\",\"valueRequired\":true,\"valueName\":\"search_term_string\"}}],\"inLanguage\":\"en-US\"},{\"@type\":\"Person\",\"@id\":\"https:\/\/www.welovecycling.com\/wide\/#\/schema\/person\/50f01ecd18718d2333cf72e823c4f926\",\"name\":\"tereza\",\"image\":{\"@type\":\"ImageObject\",\"inLanguage\":\"en-US\",\"@id\":\"https:\/\/www.welovecycling.com\/wide\/#\/schema\/person\/image\/\",\"url\":\"https:\/\/secure.gravatar.com\/avatar\/1f9eb71be33845f0afabce3791bc1c58ecdb0a25c62964987e5dbcf7a20d2ec7?s=96&d=mm&r=g\",\"contentUrl\":\"https:\/\/secure.gravatar.com\/avatar\/1f9eb71be33845f0afabce3791bc1c58ecdb0a25c62964987e5dbcf7a20d2ec7?s=96&d=mm&r=g\",\"caption\":\"tereza\"},\"url\":\"https:\/\/www.welovecycling.com\/wide\/author\/tereza\/\"}]}<\/script>\n<!-- \/ Yoast SEO Premium plugin. -->","yoast_head_json":{"title":"Handle the Lockdown Like Riders from Team Sunweb - \u0160koda We Love Cycling","description":"How are the pros dealing with the mental strain of being stuck in their homes? What do they do when they can\u2019t train? What music do they listen to? We","robots":{"index":"index","follow":"follow","max-snippet":"max-snippet:-1","max-image-preview":"max-image-preview:large","max-video-preview":"max-video-preview:-1"},"canonical":"https:\/\/www.welovecycling.com\/wide\/2020\/06\/01\/handle-the-lockdown-like-riders-from-team-sunweb\/","og_locale":"en_US","og_type":"article","og_title":"Handle the Lockdown Like Riders from Team Sunweb","og_description":"How are the pros dealing with the mental strain of being stuck in their homes? What do they do when they can\u2019t train? What music do they listen to? We","og_url":"https:\/\/www.welovecycling.com\/wide\/2020\/06\/01\/handle-the-lockdown-like-riders-from-team-sunweb\/","og_site_name":"\u0160koda We Love Cycling","article_published_time":"2020-06-01T11:39:58+00:00","og_image":[{"width":900,"height":600,"url":"https:\/\/d2p6e6u75xmxt8.cloudfront.net\/2\/2020\/06\/sunweb-profimedia-0494668845-CVR.webp","type":"image\/webp"}],"author":"tereza","twitter_card":"summary_large_image","twitter_misc":{"Written by":"Jiri Kaloc","Est. reading time":"4"},"schema":{"@context":"https:\/\/schema.org","@graph":[{"@type":"WebPage","@id":"https:\/\/www.welovecycling.com\/wide\/2020\/06\/01\/handle-the-lockdown-like-riders-from-team-sunweb\/","url":"https:\/\/www.welovecycling.com\/wide\/2020\/06\/01\/handle-the-lockdown-like-riders-from-team-sunweb\/","name":"Handle the Lockdown Like Riders from Team Sunweb - \u0160koda We Love Cycling","isPartOf":{"@id":"https:\/\/www.welovecycling.com\/wide\/#website"},"primaryImageOfPage":{"@id":"https:\/\/www.welovecycling.com\/wide\/2020\/06\/01\/handle-the-lockdown-like-riders-from-team-sunweb\/#primaryimage"},"image":{"@id":"https:\/\/www.welovecycling.com\/wide\/2020\/06\/01\/handle-the-lockdown-like-riders-from-team-sunweb\/#primaryimage"},"thumbnailUrl":"https:\/\/d2p6e6u75xmxt8.cloudfront.net\/2\/2020\/06\/sunweb-profimedia-0494668845-CVR.webp","datePublished":"2020-06-01T11:39:58+00:00","author":{"@id":"https:\/\/www.welovecycling.com\/wide\/#\/schema\/person\/50f01ecd18718d2333cf72e823c4f926"},"description":"How are the pros dealing with the mental strain of being stuck in their homes? What do they do when they can\u2019t train? What music do they listen to? We","breadcrumb":{"@id":"https:\/\/www.welovecycling.com\/wide\/2020\/06\/01\/handle-the-lockdown-like-riders-from-team-sunweb\/#breadcrumb"},"inLanguage":"en-US","potentialAction":[{"@type":"ReadAction","target":["https:\/\/www.welovecycling.com\/wide\/2020\/06\/01\/handle-the-lockdown-like-riders-from-team-sunweb\/"]}]},{"@type":"ImageObject","inLanguage":"en-US","@id":"https:\/\/www.welovecycling.com\/wide\/2020\/06\/01\/handle-the-lockdown-like-riders-from-team-sunweb\/#primaryimage","url":"https:\/\/d2p6e6u75xmxt8.cloudfront.net\/2\/2020\/06\/sunweb-profimedia-0494668845-CVR.webp","contentUrl":"https:\/\/d2p6e6u75xmxt8.cloudfront.net\/2\/2020\/06\/sunweb-profimedia-0494668845-CVR.webp","width":900,"height":600},{"@type":"BreadcrumbList","@id":"https:\/\/www.welovecycling.com\/wide\/2020\/06\/01\/handle-the-lockdown-like-riders-from-team-sunweb\/#breadcrumb","itemListElement":[{"@type":"ListItem","position":1,"name":"Home","item":"https:\/\/www.welovecycling.com\/wide\/"},{"@type":"ListItem","position":2,"name":"Handle the Lockdown Like Riders from Team Sunweb"}]},{"@type":"WebSite","@id":"https:\/\/www.welovecycling.com\/wide\/#website","url":"https:\/\/www.welovecycling.com\/wide\/","name":"\u0160koda We Love Cycling","description":"\u0160koda We Love Cycling magazine","alternateName":"\u0160koda WLC","potentialAction":[{"@type":"SearchAction","target":{"@type":"EntryPoint","urlTemplate":"https:\/\/www.welovecycling.com\/wide\/?s={search_term_string}"},"query-input":{"@type":"PropertyValueSpecification","valueRequired":true,"valueName":"search_term_string"}}],"inLanguage":"en-US"},{"@type":"Person","@id":"https:\/\/www.welovecycling.com\/wide\/#\/schema\/person\/50f01ecd18718d2333cf72e823c4f926","name":"tereza","image":{"@type":"ImageObject","inLanguage":"en-US","@id":"https:\/\/www.welovecycling.com\/wide\/#\/schema\/person\/image\/","url":"https:\/\/secure.gravatar.com\/avatar\/1f9eb71be33845f0afabce3791bc1c58ecdb0a25c62964987e5dbcf7a20d2ec7?s=96&d=mm&r=g","contentUrl":"https:\/\/secure.gravatar.com\/avatar\/1f9eb71be33845f0afabce3791bc1c58ecdb0a25c62964987e5dbcf7a20d2ec7?s=96&d=mm&r=g","caption":"tereza"},"url":"https:\/\/www.welovecycling.com\/wide\/author\/tereza\/"}]}},"_links":{"self":[{"href":"https:\/\/www.welovecycling.com\/wide\/wp-json\/wp\/v2\/posts\/178112","targetHints":{"allow":["GET"]}}],"collection":[{"href":"https:\/\/www.welovecycling.com\/wide\/wp-json\/wp\/v2\/posts"}],"about":[{"href":"https:\/\/www.welovecycling.com\/wide\/wp-json\/wp\/v2\/types\/post"}],"author":[{"embeddable":true,"href":"https:\/\/www.welovecycling.com\/wide\/wp-json\/wp\/v2\/users\/99"}],"replies":[{"embeddable":true,"href":"https:\/\/www.welovecycling.com\/wide\/wp-json\/wp\/v2\/comments?post=178112"}],"version-history":[{"count":2,"href":"https:\/\/www.welovecycling.com\/wide\/wp-json\/wp\/v2\/posts\/178112\/revisions"}],"predecessor-version":[{"id":178119,"href":"https:\/\/www.welovecycling.com\/wide\/wp-json\/wp\/v2\/posts\/178112\/revisions\/178119"}],"wp:featuredmedia":[{"embeddable":true,"href":"https:\/\/www.welovecycling.com\/wide\/wp-json\/wp\/v2\/media\/178114"}],"wp:attachment":[{"href":"https:\/\/www.welovecycling.com\/wide\/wp-json\/wp\/v2\/media?parent=178112"}],"wp:term":[{"taxonomy":"category","embeddable":true,"href":"https:\/\/www.welovecycling.com\/wide\/wp-json\/wp\/v2\/categories?post=178112"},{"taxonomy":"post_tag","embeddable":true,"href":"https:\/\/www.welovecycling.com\/wide\/wp-json\/wp\/v2\/tags?post=178112"},{"taxonomy":"global-categories","embeddable":true,"href":"https:\/\/www.welovecycling.com\/wide\/wp-json\/wp\/v2\/global-categories?post=178112"}],"curies":[{"name":"wp","href":"https:\/\/api.w.org\/{rel}","templated":true}]}}