{"id":177599,"date":"2020-04-28T09:17:45","date_gmt":"2020-04-28T09:17:45","guid":{"rendered":"https:\/\/www.welovecycling.com\/wide\/?p=177599"},"modified":"2020-04-28T09:17:45","modified_gmt":"2020-04-28T09:17:45","slug":"what-do-pros-have-on-their-bikes-that-you-dont","status":"publish","type":"post","link":"https:\/\/www.welovecycling.com\/wide\/2020\/04\/28\/what-do-pros-have-on-their-bikes-that-you-dont\/","title":{"rendered":"What Do Pros Have on Their Bikes That You Don\u2019t?"},"content":{"rendered":"<p><strong>Do you ever wonder, as I have, what professional road racers have on their bikes that you don\u2019t (besides a professional rider, I mean)? Professional road racing is mostly about money \u2013 prize money, money from manufacturers whose bikes and assorted parts are used in high-profile races and, of course, from sponsors. So teams will invest to make the bikes as performance optimized as the riders. Or, put another way, it takes money to make money.<\/strong><!--more--><\/p>\n<p>But a lot of the stuff on a pro bike has nothing to do with performance. For example, the name of the racer who owns the bike is usually displayed on a sticker attached to the top tube of the frame and, increasingly, on the wheels. This is important because even though the wheels are identical, different riders prefer different tyre pressures.<\/p>\n<p>And there are the number plates, attached either to the rear brake with a special adaptor or to the seat post. In addition to helping identify a rider in the pack (along with the jersey numbers), this helps the team mechanics with arranging spare bikes on top of the team car.<\/p>\n<lite-youtube videoid=DhDAXhd2LYI params=\"enablejsapi=1\" style=\"background-image: url('https:\/\/i.ytimg.com\/vi_webp\/DhDAXhd2LYI\/maxresdefault.webp');\"><\/lite-youtube>\n<div id='gallery-1' class='gallery galleryid-177599 gallery-columns-2 gallery-size-large'><figure class='gallery-item'>\n\t\t\t<div class='gallery-icon landscape'>\n\t\t\t\t<a href='https:\/\/d2p6e6u75xmxt8.cloudfront.net\/2\/2020\/04\/82824654_10157802787460629_9069821827831824384_o-1.webp'><img loading=\"lazy\" decoding=\"async\" width=\"960\" height=\"640\" src=\"https:\/\/d2p6e6u75xmxt8.cloudfront.net\/2\/2020\/04\/82824654_10157802787460629_9069821827831824384_o-1.webp\" class=\"attachment-large size-large\" alt=\"\" srcset=\"https:\/\/d2p6e6u75xmxt8.cloudfront.net\/2\/2020\/04\/82824654_10157802787460629_9069821827831824384_o-1.webp 960w, https:\/\/d2p6e6u75xmxt8.cloudfront.net\/2\/2020\/04\/82824654_10157802787460629_9069821827831824384_o-1-300x200.webp 300w, https:\/\/d2p6e6u75xmxt8.cloudfront.net\/2\/2020\/04\/82824654_10157802787460629_9069821827831824384_o-1-768x512.webp 768w, https:\/\/d2p6e6u75xmxt8.cloudfront.net\/2\/2020\/04\/82824654_10157802787460629_9069821827831824384_o-1-272x182.webp 272w\" sizes=\"auto, (max-width: 960px) 100vw, 960px\" \/><\/a>\n\t\t\t<\/div><\/figure><figure class='gallery-item'>\n\t\t\t<div class='gallery-icon landscape'>\n\t\t\t\t<a href='https:\/\/d2p6e6u75xmxt8.cloudfront.net\/2\/2020\/04\/profimedia-0430407931.webp'><img loading=\"lazy\" decoding=\"async\" width=\"1024\" height=\"682\" src=\"https:\/\/d2p6e6u75xmxt8.cloudfront.net\/2\/2020\/04\/profimedia-0430407931-1024x682.webp\" class=\"attachment-large size-large\" alt=\"\" aria-describedby=\"gallery-1-177602\" srcset=\"https:\/\/d2p6e6u75xmxt8.cloudfront.net\/2\/2020\/04\/profimedia-0430407931-1024x682.webp 1024w, https:\/\/d2p6e6u75xmxt8.cloudfront.net\/2\/2020\/04\/profimedia-0430407931-300x200.webp 300w, https:\/\/d2p6e6u75xmxt8.cloudfront.net\/2\/2020\/04\/profimedia-0430407931-768x511.webp 768w, https:\/\/d2p6e6u75xmxt8.cloudfront.net\/2\/2020\/04\/profimedia-0430407931-272x182.webp 272w, https:\/\/d2p6e6u75xmxt8.cloudfront.net\/2\/2020\/04\/profimedia-0430407931.webp 1250w\" sizes=\"auto, (max-width: 1024px) 100vw, 1024px\" \/><\/a>\n\t\t\t<\/div>\n\t\t\t\t<figcaption class='wp-caption-text gallery-caption' id='gallery-1-177602'>\n\t\t\t\tBicycles of Team Ineos are lined up in advance of the first stage of the Tour de Yorkshire in Doncaster, North England on May 2. Credit line: Oli SCARFF \/ AFP \/ Profimedia\n\t\t\t\t<\/figcaption><\/figure>\n\t\t<\/div>\n\n<p>But, of course, there are important design differences between a generic store-bought road bike and a bike on the Tour de France. The most common difference is probably the long and slammed stems pro riders prefer because they enable them to get very low at the front. This improves aerodynamics and lets them stretch out.<\/p>\n<p>Decades ago, racers would have the steel frames custom-made to fit them, but today, most of them have to use a stock carbon frame size. As a result, they will ride a smaller size frame and then adapt the reach with a very long stem, as long as 140 mm and even 150 mm.<\/p>\n<p>The pro road racer also uses tubular tyres that are glued to the rim \u2013 often to a carbon wheel, which is the lightest setup because the rim construction is simpler. Another reason the pros use tubular tyres is that they can continue riding with a flat, at reduced speed, until the affected wheel can be switched. As we know, that\u2019s not possible with a tyre with an inner tube, which can even blow out dangerously when it\u2019s punctured.<\/p>\n<figure id=\"attachment_177604\" aria-describedby=\"caption-attachment-177604\" style=\"width: 1250px\" class=\"wp-caption alignnone\"><img loading=\"lazy\" decoding=\"async\" class=\"size-full wp-image-177604\" src=\"https:\/\/d2p6e6u75xmxt8.cloudfront.net\/2\/2020\/04\/Egan-Bernal-profimedia-0462958452.jpg\" alt=\"\" width=\"1250\" height=\"873\" \/><figcaption id=\"caption-attachment-177604\" class=\"wp-caption-text\">Egan Bernal looks at his bicycle during a tribute celebrated at his hometown, Zipaquira, in Cundinamarca, Colombia, 07 August 2019.\u00a0\u00a9 Mauricio Duenas Castaneda \/ EPA \/ Profimedia<\/figcaption><\/figure>\n<p>Pro bikes also have immaculate cassettes because the bikes are totally cleaned after every training ride and race, to prevent grime, dust and dirt from accumulating on the precious moving parts. And the chains are replaced frequently so that there is no danger of them wearing out during a stage or race.<\/p>\n<p>The pros also like to put power meters on their bikes to get their training right and even to analyze a stage in terms of energy used and other metrics. It enables a rider to target essential power output during a time trial or track the work done on a breakaway. Finally, almost all pro bikes today have gone electric \u2013 in terms of gears, at any rate. Once the initial scepticism about the practicality of electronic gears was overcome, almost everybody on the pro tour jumped on the bandwagon. The reason is that electronic gears are just better than mechanical setups.<\/p>\n<p>The benefits include less maintenance, more precise and quicker gear changes, reduced chain wear and the facility to allow multiple locations for shifters, making swapping cogs as simple as the press of a button. Electronic shifting also doesn\u2019t worsen over time or in poor conditions as cables can. For example, if your hands are vibrating when you\u2019re riding over a rough surface, such as cobbles, it\u2019s much more difficult to change gears with a mechanical lever than simply pressing a sprint shifter button.<\/p>\n","protected":false},"excerpt":{"rendered":"<p>Do you ever wonder, as I have, what professional road racers have on their bikes that you don\u2019t (besides a [&hellip;]<\/p>\n","protected":false},"author":12,"featured_media":177600,"comment_status":"open","ping_status":"open","sticky":false,"template":"","format":"standard","meta":{"footnotes":""},"categories":[329],"tags":[3622,4099,4101,4071,4100],"global-categories":[3366],"class_list":["post-177599","post","type-post","status-publish","format-standard","has-post-thumbnail","hentry","category-road-cycling","tag-2020-tour-de-france","tag-cycling-pros-bicycles","tag-electronic-gears","tag-power-meters","tag-professional-road-racing","global-categories-cycling"],"yoast_head":"<!-- This site is optimized with the Yoast SEO Premium plugin v25.3 (Yoast SEO v25.9) - https:\/\/yoast.com\/wordpress\/plugins\/seo\/ -->\n<title>What Do Pros Have on Their Bikes That You Don\u2019t? - \u0160koda We Love Cycling<\/title>\n<meta name=\"description\" content=\"Do you ever wonder, as I have, what professional road racers have on their bikes that you don\u2019t (besides a professional rider, I mean)? Professional road\" \/>\n<meta name=\"robots\" content=\"index, follow, max-snippet:-1, max-image-preview:large, max-video-preview:-1\" \/>\n<link rel=\"canonical\" href=\"https:\/\/www.welovecycling.com\/wide\/2020\/04\/28\/what-do-pros-have-on-their-bikes-that-you-dont\/\" \/>\n<meta property=\"og:locale\" content=\"en_US\" \/>\n<meta property=\"og:type\" content=\"article\" \/>\n<meta property=\"og:title\" content=\"What Do Pros Have on Their Bikes That You Don\u2019t?\" \/>\n<meta property=\"og:description\" content=\"Do you ever wonder, as I have, what professional road racers have on their bikes that you don\u2019t (besides a professional rider, I mean)? Professional road\" \/>\n<meta property=\"og:url\" content=\"https:\/\/www.welovecycling.com\/wide\/2020\/04\/28\/what-do-pros-have-on-their-bikes-that-you-dont\/\" \/>\n<meta property=\"og:site_name\" content=\"\u0160koda We Love Cycling\" \/>\n<meta property=\"article:published_time\" content=\"2020-04-28T09:17:45+00:00\" \/>\n<meta property=\"og:image\" content=\"https:\/\/d2p6e6u75xmxt8.cloudfront.net\/2\/2020\/04\/Peloton-CVR-profimedia-0387362884.webp\" \/>\n\t<meta property=\"og:image:width\" content=\"900\" \/>\n\t<meta property=\"og:image:height\" content=\"600\" \/>\n\t<meta property=\"og:image:type\" content=\"image\/webp\" \/>\n<meta name=\"twitter:card\" content=\"summary_large_image\" \/>\n<meta name=\"twitter:label1\" content=\"Written by\" \/>\n\t<meta name=\"twitter:data1\" content=\"Siegfried Mortkowitz\" \/>\n\t<meta name=\"twitter:label2\" content=\"Est. reading time\" \/>\n\t<meta name=\"twitter:data2\" content=\"5\" \/>\n<script type=\"application\/ld+json\" class=\"yoast-schema-graph\">{\"@context\":\"https:\/\/schema.org\",\"@graph\":[{\"@type\":\"WebPage\",\"@id\":\"https:\/\/www.welovecycling.com\/wide\/2020\/04\/28\/what-do-pros-have-on-their-bikes-that-you-dont\/\",\"url\":\"https:\/\/www.welovecycling.com\/wide\/2020\/04\/28\/what-do-pros-have-on-their-bikes-that-you-dont\/\",\"name\":\"What Do Pros Have on Their Bikes That You Don\u2019t? - \u0160koda We Love Cycling\",\"isPartOf\":{\"@id\":\"https:\/\/www.welovecycling.com\/wide\/#website\"},\"primaryImageOfPage\":{\"@id\":\"https:\/\/www.welovecycling.com\/wide\/2020\/04\/28\/what-do-pros-have-on-their-bikes-that-you-dont\/#primaryimage\"},\"image\":{\"@id\":\"https:\/\/www.welovecycling.com\/wide\/2020\/04\/28\/what-do-pros-have-on-their-bikes-that-you-dont\/#primaryimage\"},\"thumbnailUrl\":\"https:\/\/d2p6e6u75xmxt8.cloudfront.net\/2\/2020\/04\/Peloton-CVR-profimedia-0387362884.webp\",\"datePublished\":\"2020-04-28T09:17:45+00:00\",\"author\":{\"@id\":\"\"},\"description\":\"Do you ever wonder, as I have, what professional road racers have on their bikes that you don\u2019t (besides a professional rider, I mean)? Professional road\",\"breadcrumb\":{\"@id\":\"https:\/\/www.welovecycling.com\/wide\/2020\/04\/28\/what-do-pros-have-on-their-bikes-that-you-dont\/#breadcrumb\"},\"inLanguage\":\"en-US\",\"potentialAction\":[{\"@type\":\"ReadAction\",\"target\":[\"https:\/\/www.welovecycling.com\/wide\/2020\/04\/28\/what-do-pros-have-on-their-bikes-that-you-dont\/\"]}]},{\"@type\":\"ImageObject\",\"inLanguage\":\"en-US\",\"@id\":\"https:\/\/www.welovecycling.com\/wide\/2020\/04\/28\/what-do-pros-have-on-their-bikes-that-you-dont\/#primaryimage\",\"url\":\"https:\/\/d2p6e6u75xmxt8.cloudfront.net\/2\/2020\/04\/Peloton-CVR-profimedia-0387362884.webp\",\"contentUrl\":\"https:\/\/d2p6e6u75xmxt8.cloudfront.net\/2\/2020\/04\/Peloton-CVR-profimedia-0387362884.webp\",\"width\":900,\"height\":600,\"caption\":\"Don't try to chase the pros\"},{\"@type\":\"BreadcrumbList\",\"@id\":\"https:\/\/www.welovecycling.com\/wide\/2020\/04\/28\/what-do-pros-have-on-their-bikes-that-you-dont\/#breadcrumb\",\"itemListElement\":[{\"@type\":\"ListItem\",\"position\":1,\"name\":\"Home\",\"item\":\"https:\/\/www.welovecycling.com\/wide\/\"},{\"@type\":\"ListItem\",\"position\":2,\"name\":\"What Do Pros Have on Their Bikes That You Don\u2019t?\"}]},{\"@type\":\"WebSite\",\"@id\":\"https:\/\/www.welovecycling.com\/wide\/#website\",\"url\":\"https:\/\/www.welovecycling.com\/wide\/\",\"name\":\"\u0160koda We Love Cycling\",\"description\":\"\u0160koda We Love Cycling magazine\",\"alternateName\":\"\u0160koda WLC\",\"potentialAction\":[{\"@type\":\"SearchAction\",\"target\":{\"@type\":\"EntryPoint\",\"urlTemplate\":\"https:\/\/www.welovecycling.com\/wide\/?s={search_term_string}\"},\"query-input\":{\"@type\":\"PropertyValueSpecification\",\"valueRequired\":true,\"valueName\":\"search_term_string\"}}],\"inLanguage\":\"en-US\"},{\"@type\":\"Person\",\"@id\":\"\",\"url\":\"https:\/\/www.welovecycling.com\/wide\/author\/\"}]}<\/script>\n<!-- \/ Yoast SEO Premium plugin. -->","yoast_head_json":{"title":"What Do Pros Have on Their Bikes That You Don\u2019t? - \u0160koda We Love Cycling","description":"Do you ever wonder, as I have, what professional road racers have on their bikes that you don\u2019t (besides a professional rider, I mean)? Professional road","robots":{"index":"index","follow":"follow","max-snippet":"max-snippet:-1","max-image-preview":"max-image-preview:large","max-video-preview":"max-video-preview:-1"},"canonical":"https:\/\/www.welovecycling.com\/wide\/2020\/04\/28\/what-do-pros-have-on-their-bikes-that-you-dont\/","og_locale":"en_US","og_type":"article","og_title":"What Do Pros Have on Their Bikes That You Don\u2019t?","og_description":"Do you ever wonder, as I have, what professional road racers have on their bikes that you don\u2019t (besides a professional rider, I mean)? Professional road","og_url":"https:\/\/www.welovecycling.com\/wide\/2020\/04\/28\/what-do-pros-have-on-their-bikes-that-you-dont\/","og_site_name":"\u0160koda We Love Cycling","article_published_time":"2020-04-28T09:17:45+00:00","og_image":[{"width":900,"height":600,"url":"https:\/\/d2p6e6u75xmxt8.cloudfront.net\/2\/2020\/04\/Peloton-CVR-profimedia-0387362884.webp","type":"image\/webp"}],"twitter_card":"summary_large_image","twitter_misc":{"Written by":"Siegfried Mortkowitz","Est. reading time":"5"},"schema":{"@context":"https:\/\/schema.org","@graph":[{"@type":"WebPage","@id":"https:\/\/www.welovecycling.com\/wide\/2020\/04\/28\/what-do-pros-have-on-their-bikes-that-you-dont\/","url":"https:\/\/www.welovecycling.com\/wide\/2020\/04\/28\/what-do-pros-have-on-their-bikes-that-you-dont\/","name":"What Do Pros Have on Their Bikes That You Don\u2019t? - \u0160koda We Love Cycling","isPartOf":{"@id":"https:\/\/www.welovecycling.com\/wide\/#website"},"primaryImageOfPage":{"@id":"https:\/\/www.welovecycling.com\/wide\/2020\/04\/28\/what-do-pros-have-on-their-bikes-that-you-dont\/#primaryimage"},"image":{"@id":"https:\/\/www.welovecycling.com\/wide\/2020\/04\/28\/what-do-pros-have-on-their-bikes-that-you-dont\/#primaryimage"},"thumbnailUrl":"https:\/\/d2p6e6u75xmxt8.cloudfront.net\/2\/2020\/04\/Peloton-CVR-profimedia-0387362884.webp","datePublished":"2020-04-28T09:17:45+00:00","author":{"@id":""},"description":"Do you ever wonder, as I have, what professional road racers have on their bikes that you don\u2019t (besides a professional rider, I mean)? Professional road","breadcrumb":{"@id":"https:\/\/www.welovecycling.com\/wide\/2020\/04\/28\/what-do-pros-have-on-their-bikes-that-you-dont\/#breadcrumb"},"inLanguage":"en-US","potentialAction":[{"@type":"ReadAction","target":["https:\/\/www.welovecycling.com\/wide\/2020\/04\/28\/what-do-pros-have-on-their-bikes-that-you-dont\/"]}]},{"@type":"ImageObject","inLanguage":"en-US","@id":"https:\/\/www.welovecycling.com\/wide\/2020\/04\/28\/what-do-pros-have-on-their-bikes-that-you-dont\/#primaryimage","url":"https:\/\/d2p6e6u75xmxt8.cloudfront.net\/2\/2020\/04\/Peloton-CVR-profimedia-0387362884.webp","contentUrl":"https:\/\/d2p6e6u75xmxt8.cloudfront.net\/2\/2020\/04\/Peloton-CVR-profimedia-0387362884.webp","width":900,"height":600,"caption":"Don't try to chase the pros"},{"@type":"BreadcrumbList","@id":"https:\/\/www.welovecycling.com\/wide\/2020\/04\/28\/what-do-pros-have-on-their-bikes-that-you-dont\/#breadcrumb","itemListElement":[{"@type":"ListItem","position":1,"name":"Home","item":"https:\/\/www.welovecycling.com\/wide\/"},{"@type":"ListItem","position":2,"name":"What Do Pros Have on Their Bikes That You Don\u2019t?"}]},{"@type":"WebSite","@id":"https:\/\/www.welovecycling.com\/wide\/#website","url":"https:\/\/www.welovecycling.com\/wide\/","name":"\u0160koda We Love Cycling","description":"\u0160koda We Love Cycling magazine","alternateName":"\u0160koda WLC","potentialAction":[{"@type":"SearchAction","target":{"@type":"EntryPoint","urlTemplate":"https:\/\/www.welovecycling.com\/wide\/?s={search_term_string}"},"query-input":{"@type":"PropertyValueSpecification","valueRequired":true,"valueName":"search_term_string"}}],"inLanguage":"en-US"},{"@type":"Person","@id":"","url":"https:\/\/www.welovecycling.com\/wide\/author\/"}]}},"_links":{"self":[{"href":"https:\/\/www.welovecycling.com\/wide\/wp-json\/wp\/v2\/posts\/177599","targetHints":{"allow":["GET"]}}],"collection":[{"href":"https:\/\/www.welovecycling.com\/wide\/wp-json\/wp\/v2\/posts"}],"about":[{"href":"https:\/\/www.welovecycling.com\/wide\/wp-json\/wp\/v2\/types\/post"}],"author":[{"embeddable":true,"href":"https:\/\/www.welovecycling.com\/wide\/wp-json\/wp\/v2\/users\/12"}],"replies":[{"embeddable":true,"href":"https:\/\/www.welovecycling.com\/wide\/wp-json\/wp\/v2\/comments?post=177599"}],"version-history":[{"count":1,"href":"https:\/\/www.welovecycling.com\/wide\/wp-json\/wp\/v2\/posts\/177599\/revisions"}],"predecessor-version":[{"id":177605,"href":"https:\/\/www.welovecycling.com\/wide\/wp-json\/wp\/v2\/posts\/177599\/revisions\/177605"}],"wp:featuredmedia":[{"embeddable":true,"href":"https:\/\/www.welovecycling.com\/wide\/wp-json\/wp\/v2\/media\/177600"}],"wp:attachment":[{"href":"https:\/\/www.welovecycling.com\/wide\/wp-json\/wp\/v2\/media?parent=177599"}],"wp:term":[{"taxonomy":"category","embeddable":true,"href":"https:\/\/www.welovecycling.com\/wide\/wp-json\/wp\/v2\/categories?post=177599"},{"taxonomy":"post_tag","embeddable":true,"href":"https:\/\/www.welovecycling.com\/wide\/wp-json\/wp\/v2\/tags?post=177599"},{"taxonomy":"global-categories","embeddable":true,"href":"https:\/\/www.welovecycling.com\/wide\/wp-json\/wp\/v2\/global-categories?post=177599"}],"curies":[{"name":"wp","href":"https:\/\/api.w.org\/{rel}","templated":true}]}}