{"id":177567,"date":"2020-04-24T12:33:23","date_gmt":"2020-04-24T12:33:23","guid":{"rendered":"https:\/\/www.welovecycling.com\/wide\/?p=177567"},"modified":"2020-04-24T12:33:23","modified_gmt":"2020-04-24T12:33:23","slug":"how-syrian-national-team-members-joined-an-amateur-team-in-berlin","status":"publish","type":"post","link":"https:\/\/www.welovecycling.com\/wide\/2020\/04\/24\/how-syrian-national-team-members-joined-an-amateur-team-in-berlin\/","title":{"rendered":"How Syrian National Team Members Joined an Amateur Team in Berlin"},"content":{"rendered":"<p><strong>You may remember a short video from 2015 showing members of the Syrian national cycling team trying to start over in Berlin. With the help of a former rider Dieter Stein, they were given loan helmets and jerseys and allowed to train at Berlin\u2019s velodrome. The coach is smiling, the guys are smiling, a heartwarming short video leaves you believing in the positive side of the world. Five years later, one cannot help but wonder: what happened to those people and where are they today?<\/strong><!--more--><\/p>\n<p>When a couple of Syrian refugees knocked on his door, telling him they googled him and thought he could help them get back on the track, Dieter Stein respectfully declined. With no bicycles and no German, their situation did not seem, well, exactly promising. But there was something he didn\u2019t notice right away. Despite the lack of gear and language skills, the group of young Syrians had one extra trait: persistence. And, as it often does, persistence paid off.<\/p>\n<p>After several visits to his house, Stein finally gave in. He managed to provide the boys with a couple of jerseys, old steel track bicycles and a place to train: a velodrome in Berlin. He called a couple of journalists and photographers to shoot the whole thing and went home. Expecting this to be a one-time thing, he\u2019s surprised to be seeing them riding each week and ultimately, he contacts his friend, Frank R\u00f6glin, asking him if he\u2019d be willing to coach them. Yes, he would.<\/p>\n<lite-youtube videoid=JC_nkR0qlEU params=\"enablejsapi=1\" style=\"background-image: url('https:\/\/i.ytimg.com\/vi_webp\/JC_nkR0qlEU\/maxresdefault.webp');\"><\/lite-youtube>\n<h2><strong>Coach Frank<\/strong><\/h2>\n<p>When it came to the migration situation in Germany, R\u00f6glin may have been uncertain about the integration of so many newcomer individuals. But when it came to being possessed by cycling, that was something he understood with absolute certainty. He didn\u2019t see just another refugee group: pedalling on the velodrome were young athletes, \u2018all about the ride\u2019. The \u2018boys\u2019, as he began calling them, resembled his younger self and the eagerness to ride. That\u2019s why, in a couple of months, he raised enough money to provide his boys, now members of team Luisenstadt Berlin, with entry-level road bicycles.<\/p>\n<p>Coach Frank, as they would later refer to him, surpassed the role of a coach and became a father figure of sorts, helping the fellas learn German and navigate the endless sea of forms and applications coming their way each and every day. When it came to racing, the bureaucracy got even more complicated. To attend races outside Berlin, the asylum seekers had to apply for permission at the local authorities. When they were granted permission, they still couldn\u2019t get in a car and drive to the destination. There was no car, no money to pay for the gas anyway.<\/p>\n<figure id=\"attachment_177572\" aria-describedby=\"caption-attachment-177572\" style=\"width: 1250px\" class=\"wp-caption alignnone\"><img loading=\"lazy\" decoding=\"async\" class=\"size-full wp-image-177572\" src=\"https:\/\/d2p6e6u75xmxt8.cloudfront.net\/2\/2020\/04\/profimedia-0350001534.jpg\" alt=\"\" width=\"1250\" height=\"818\" \/><figcaption id=\"caption-attachment-177572\" class=\"wp-caption-text\">Syria&#8217;s Nazir Jaser competes during the men elite individual time trial at the UCI Cycling Road World Championships on September 20, 2017 in Bergen, Norway.\u00a0\u00a9 Jonathan NACKSTRAND \/ AFP \/ Profimedia<\/figcaption><\/figure>\n<h2><strong>Becoming part of the scene<\/strong><\/h2>\n<p>However, the guys soon became a part of the stadium routine. Local riders got used to seeing them on the track on a regular basis. Soon enough, they approached them asking to join their training. Finally, their identity transformed from refugees to fellow athletes: something that made the stadium a place of comfort.<\/p>\n<p>Yelmaz Habash, Nazir Jaser, Nabil Allahham and Tarek al-Moakee from team Luisenstadt soon entered their first race and shortly after began appearing on each race organised in Berlin. One day, an organiser of one of these races called Frank, asking why those talented racers rode such cheap bikes? After learning about their story, he decided to help. It took a week of fundraising, and the boys received new high-end carbon frames and brand new \u2018shop4cross\u2019 uniforms. The good news kept coming. Finally, all of the guys have been officially recognised as refugees. That allowed them to finally find a job and travel freely across the country.<\/p>\n<h2><strong>Team PAINTRAIN<\/strong><\/h2>\n<p>In 2019, the former Syrian national racers joined the amateur cycling team PAINTRAIN. Soon enough, Nazir Jaser made his way to the front and became the yellow jersey-wearing leader in German national races. In September, he even joined the individual time-trial at the Cycling World Championships. As an amateur rider and a full-time employee, he knew he could not fare against riders such as Geraint Thomas or Primo\u017e Rogli\u010d. But it certainly marks one of the greatest sporting feats of his life. These days, the guys still train with their team, probably getting ready for something big. We\u2019re definitely excited to see it!<\/p>\n<p>https:\/\/www.instagram.com\/p\/Bng-MufgF_1\/?utm_source=ig_web_copy_link<\/p>\n","protected":false},"excerpt":{"rendered":"<p>You may remember a short video from 2015 showing members of the Syrian national cycling team trying to start over [&hellip;]<\/p>\n","protected":false},"author":12,"featured_media":177573,"comment_status":"open","ping_status":"open","sticky":false,"template":"","format":"standard","meta":{"footnotes":""},"categories":[329,334],"tags":[4090,4093,4092,4089,4094,4091],"global-categories":[3366],"class_list":["post-177567","post","type-post","status-publish","format-standard","has-post-thumbnail","hentry","category-road-cycling","category-socialising-and-culture","tag-dieter-stein","tag-nabil-allahham","tag-nazir-jaser","tag-syrian-national-team","tag-tarek-al-moakee","tag-yelmaz-habash","global-categories-cycling"],"yoast_head":"<!-- This site is optimized with the Yoast SEO Premium plugin v25.3 (Yoast SEO v25.9) - https:\/\/yoast.com\/wordpress\/plugins\/seo\/ -->\n<title>How Syrian National Team Members Joined an Amateur Team in Berlin - \u0160koda We Love Cycling<\/title>\n<meta name=\"description\" content=\"You may remember a short video from 2015 showing members of the Syrian national cycling team trying to start over in Berlin. With the help of a former\" \/>\n<meta name=\"robots\" content=\"index, follow, max-snippet:-1, max-image-preview:large, max-video-preview:-1\" \/>\n<link rel=\"canonical\" href=\"https:\/\/www.welovecycling.com\/wide\/2020\/04\/24\/how-syrian-national-team-members-joined-an-amateur-team-in-berlin\/\" \/>\n<meta property=\"og:locale\" content=\"en_US\" \/>\n<meta property=\"og:type\" content=\"article\" \/>\n<meta property=\"og:title\" content=\"How Syrian National Team Members Joined an Amateur Team in Berlin\" \/>\n<meta property=\"og:description\" content=\"You may remember a short video from 2015 showing members of the Syrian national cycling team trying to start over in Berlin. With the help of a former\" \/>\n<meta property=\"og:url\" content=\"https:\/\/www.welovecycling.com\/wide\/2020\/04\/24\/how-syrian-national-team-members-joined-an-amateur-team-in-berlin\/\" \/>\n<meta property=\"og:site_name\" content=\"\u0160koda We Love Cycling\" \/>\n<meta property=\"article:published_time\" content=\"2020-04-24T12:33:23+00:00\" \/>\n<meta property=\"og:image\" content=\"https:\/\/d2p6e6u75xmxt8.cloudfront.net\/2\/2020\/04\/Syria-UCI-World-CVR-profimedia-0350001534.webp\" \/>\n\t<meta property=\"og:image:width\" content=\"900\" \/>\n\t<meta property=\"og:image:height\" content=\"600\" \/>\n\t<meta property=\"og:image:type\" content=\"image\/webp\" \/>\n<meta name=\"twitter:card\" content=\"summary_large_image\" \/>\n<meta name=\"twitter:label1\" content=\"Written by\" \/>\n\t<meta name=\"twitter:data1\" content=\"Tereza Antonova\" \/>\n\t<meta name=\"twitter:label2\" content=\"Est. reading time\" \/>\n\t<meta name=\"twitter:data2\" content=\"7\" \/>\n<script type=\"application\/ld+json\" class=\"yoast-schema-graph\">{\"@context\":\"https:\/\/schema.org\",\"@graph\":[{\"@type\":\"WebPage\",\"@id\":\"https:\/\/www.welovecycling.com\/wide\/2020\/04\/24\/how-syrian-national-team-members-joined-an-amateur-team-in-berlin\/\",\"url\":\"https:\/\/www.welovecycling.com\/wide\/2020\/04\/24\/how-syrian-national-team-members-joined-an-amateur-team-in-berlin\/\",\"name\":\"How Syrian National Team Members Joined an Amateur Team in Berlin - \u0160koda We Love Cycling\",\"isPartOf\":{\"@id\":\"https:\/\/www.welovecycling.com\/wide\/#website\"},\"primaryImageOfPage\":{\"@id\":\"https:\/\/www.welovecycling.com\/wide\/2020\/04\/24\/how-syrian-national-team-members-joined-an-amateur-team-in-berlin\/#primaryimage\"},\"image\":{\"@id\":\"https:\/\/www.welovecycling.com\/wide\/2020\/04\/24\/how-syrian-national-team-members-joined-an-amateur-team-in-berlin\/#primaryimage\"},\"thumbnailUrl\":\"https:\/\/d2p6e6u75xmxt8.cloudfront.net\/2\/2020\/04\/Syria-UCI-World-CVR-profimedia-0350001534.webp\",\"datePublished\":\"2020-04-24T12:33:23+00:00\",\"author\":{\"@id\":\"\"},\"description\":\"You may remember a short video from 2015 showing members of the Syrian national cycling team trying to start over in Berlin. With the help of a former\",\"breadcrumb\":{\"@id\":\"https:\/\/www.welovecycling.com\/wide\/2020\/04\/24\/how-syrian-national-team-members-joined-an-amateur-team-in-berlin\/#breadcrumb\"},\"inLanguage\":\"en-US\",\"potentialAction\":[{\"@type\":\"ReadAction\",\"target\":[\"https:\/\/www.welovecycling.com\/wide\/2020\/04\/24\/how-syrian-national-team-members-joined-an-amateur-team-in-berlin\/\"]}]},{\"@type\":\"ImageObject\",\"inLanguage\":\"en-US\",\"@id\":\"https:\/\/www.welovecycling.com\/wide\/2020\/04\/24\/how-syrian-national-team-members-joined-an-amateur-team-in-berlin\/#primaryimage\",\"url\":\"https:\/\/d2p6e6u75xmxt8.cloudfront.net\/2\/2020\/04\/Syria-UCI-World-CVR-profimedia-0350001534.webp\",\"contentUrl\":\"https:\/\/d2p6e6u75xmxt8.cloudfront.net\/2\/2020\/04\/Syria-UCI-World-CVR-profimedia-0350001534.webp\",\"width\":900,\"height\":600},{\"@type\":\"BreadcrumbList\",\"@id\":\"https:\/\/www.welovecycling.com\/wide\/2020\/04\/24\/how-syrian-national-team-members-joined-an-amateur-team-in-berlin\/#breadcrumb\",\"itemListElement\":[{\"@type\":\"ListItem\",\"position\":1,\"name\":\"Home\",\"item\":\"https:\/\/www.welovecycling.com\/wide\/\"},{\"@type\":\"ListItem\",\"position\":2,\"name\":\"How Syrian National Team Members Joined an Amateur Team in Berlin\"}]},{\"@type\":\"WebSite\",\"@id\":\"https:\/\/www.welovecycling.com\/wide\/#website\",\"url\":\"https:\/\/www.welovecycling.com\/wide\/\",\"name\":\"\u0160koda We Love Cycling\",\"description\":\"\u0160koda We Love Cycling magazine\",\"alternateName\":\"\u0160koda WLC\",\"potentialAction\":[{\"@type\":\"SearchAction\",\"target\":{\"@type\":\"EntryPoint\",\"urlTemplate\":\"https:\/\/www.welovecycling.com\/wide\/?s={search_term_string}\"},\"query-input\":{\"@type\":\"PropertyValueSpecification\",\"valueRequired\":true,\"valueName\":\"search_term_string\"}}],\"inLanguage\":\"en-US\"},{\"@type\":\"Person\",\"@id\":\"\",\"url\":\"https:\/\/www.welovecycling.com\/wide\/author\/\"}]}<\/script>\n<!-- \/ Yoast SEO Premium plugin. -->","yoast_head_json":{"title":"How Syrian National Team Members Joined an Amateur Team in Berlin - \u0160koda We Love Cycling","description":"You may remember a short video from 2015 showing members of the Syrian national cycling team trying to start over in Berlin. With the help of a former","robots":{"index":"index","follow":"follow","max-snippet":"max-snippet:-1","max-image-preview":"max-image-preview:large","max-video-preview":"max-video-preview:-1"},"canonical":"https:\/\/www.welovecycling.com\/wide\/2020\/04\/24\/how-syrian-national-team-members-joined-an-amateur-team-in-berlin\/","og_locale":"en_US","og_type":"article","og_title":"How Syrian National Team Members Joined an Amateur Team in Berlin","og_description":"You may remember a short video from 2015 showing members of the Syrian national cycling team trying to start over in Berlin. With the help of a former","og_url":"https:\/\/www.welovecycling.com\/wide\/2020\/04\/24\/how-syrian-national-team-members-joined-an-amateur-team-in-berlin\/","og_site_name":"\u0160koda We Love Cycling","article_published_time":"2020-04-24T12:33:23+00:00","og_image":[{"width":900,"height":600,"url":"https:\/\/d2p6e6u75xmxt8.cloudfront.net\/2\/2020\/04\/Syria-UCI-World-CVR-profimedia-0350001534.webp","type":"image\/webp"}],"twitter_card":"summary_large_image","twitter_misc":{"Written by":"Tereza Antonova","Est. reading time":"7"},"schema":{"@context":"https:\/\/schema.org","@graph":[{"@type":"WebPage","@id":"https:\/\/www.welovecycling.com\/wide\/2020\/04\/24\/how-syrian-national-team-members-joined-an-amateur-team-in-berlin\/","url":"https:\/\/www.welovecycling.com\/wide\/2020\/04\/24\/how-syrian-national-team-members-joined-an-amateur-team-in-berlin\/","name":"How Syrian National Team Members Joined an Amateur Team in Berlin - \u0160koda We Love Cycling","isPartOf":{"@id":"https:\/\/www.welovecycling.com\/wide\/#website"},"primaryImageOfPage":{"@id":"https:\/\/www.welovecycling.com\/wide\/2020\/04\/24\/how-syrian-national-team-members-joined-an-amateur-team-in-berlin\/#primaryimage"},"image":{"@id":"https:\/\/www.welovecycling.com\/wide\/2020\/04\/24\/how-syrian-national-team-members-joined-an-amateur-team-in-berlin\/#primaryimage"},"thumbnailUrl":"https:\/\/d2p6e6u75xmxt8.cloudfront.net\/2\/2020\/04\/Syria-UCI-World-CVR-profimedia-0350001534.webp","datePublished":"2020-04-24T12:33:23+00:00","author":{"@id":""},"description":"You may remember a short video from 2015 showing members of the Syrian national cycling team trying to start over in Berlin. With the help of a former","breadcrumb":{"@id":"https:\/\/www.welovecycling.com\/wide\/2020\/04\/24\/how-syrian-national-team-members-joined-an-amateur-team-in-berlin\/#breadcrumb"},"inLanguage":"en-US","potentialAction":[{"@type":"ReadAction","target":["https:\/\/www.welovecycling.com\/wide\/2020\/04\/24\/how-syrian-national-team-members-joined-an-amateur-team-in-berlin\/"]}]},{"@type":"ImageObject","inLanguage":"en-US","@id":"https:\/\/www.welovecycling.com\/wide\/2020\/04\/24\/how-syrian-national-team-members-joined-an-amateur-team-in-berlin\/#primaryimage","url":"https:\/\/d2p6e6u75xmxt8.cloudfront.net\/2\/2020\/04\/Syria-UCI-World-CVR-profimedia-0350001534.webp","contentUrl":"https:\/\/d2p6e6u75xmxt8.cloudfront.net\/2\/2020\/04\/Syria-UCI-World-CVR-profimedia-0350001534.webp","width":900,"height":600},{"@type":"BreadcrumbList","@id":"https:\/\/www.welovecycling.com\/wide\/2020\/04\/24\/how-syrian-national-team-members-joined-an-amateur-team-in-berlin\/#breadcrumb","itemListElement":[{"@type":"ListItem","position":1,"name":"Home","item":"https:\/\/www.welovecycling.com\/wide\/"},{"@type":"ListItem","position":2,"name":"How Syrian National Team Members Joined an Amateur Team in Berlin"}]},{"@type":"WebSite","@id":"https:\/\/www.welovecycling.com\/wide\/#website","url":"https:\/\/www.welovecycling.com\/wide\/","name":"\u0160koda We Love Cycling","description":"\u0160koda We Love Cycling magazine","alternateName":"\u0160koda WLC","potentialAction":[{"@type":"SearchAction","target":{"@type":"EntryPoint","urlTemplate":"https:\/\/www.welovecycling.com\/wide\/?s={search_term_string}"},"query-input":{"@type":"PropertyValueSpecification","valueRequired":true,"valueName":"search_term_string"}}],"inLanguage":"en-US"},{"@type":"Person","@id":"","url":"https:\/\/www.welovecycling.com\/wide\/author\/"}]}},"_links":{"self":[{"href":"https:\/\/www.welovecycling.com\/wide\/wp-json\/wp\/v2\/posts\/177567","targetHints":{"allow":["GET"]}}],"collection":[{"href":"https:\/\/www.welovecycling.com\/wide\/wp-json\/wp\/v2\/posts"}],"about":[{"href":"https:\/\/www.welovecycling.com\/wide\/wp-json\/wp\/v2\/types\/post"}],"author":[{"embeddable":true,"href":"https:\/\/www.welovecycling.com\/wide\/wp-json\/wp\/v2\/users\/12"}],"replies":[{"embeddable":true,"href":"https:\/\/www.welovecycling.com\/wide\/wp-json\/wp\/v2\/comments?post=177567"}],"version-history":[{"count":2,"href":"https:\/\/www.welovecycling.com\/wide\/wp-json\/wp\/v2\/posts\/177567\/revisions"}],"predecessor-version":[{"id":177574,"href":"https:\/\/www.welovecycling.com\/wide\/wp-json\/wp\/v2\/posts\/177567\/revisions\/177574"}],"wp:featuredmedia":[{"embeddable":true,"href":"https:\/\/www.welovecycling.com\/wide\/wp-json\/wp\/v2\/media\/177573"}],"wp:attachment":[{"href":"https:\/\/www.welovecycling.com\/wide\/wp-json\/wp\/v2\/media?parent=177567"}],"wp:term":[{"taxonomy":"category","embeddable":true,"href":"https:\/\/www.welovecycling.com\/wide\/wp-json\/wp\/v2\/categories?post=177567"},{"taxonomy":"post_tag","embeddable":true,"href":"https:\/\/www.welovecycling.com\/wide\/wp-json\/wp\/v2\/tags?post=177567"},{"taxonomy":"global-categories","embeddable":true,"href":"https:\/\/www.welovecycling.com\/wide\/wp-json\/wp\/v2\/global-categories?post=177567"}],"curies":[{"name":"wp","href":"https:\/\/api.w.org\/{rel}","templated":true}]}}