{"id":177358,"date":"2020-04-03T08:22:06","date_gmt":"2020-04-03T08:22:06","guid":{"rendered":"https:\/\/www.welovecycling.com\/wide\/?p=177358"},"modified":"2020-04-03T08:22:06","modified_gmt":"2020-04-03T08:22:06","slug":"cyclescapes-of-the-unequal-city-a-look-at-bicycles-and-gentrification","status":"publish","type":"post","link":"https:\/\/www.welovecycling.com\/wide\/2020\/04\/03\/cyclescapes-of-the-unequal-city-a-look-at-bicycles-and-gentrification\/","title":{"rendered":"Cyclescapes of the Unequal City: A Look at Bicycles and Gentrification"},"content":{"rendered":"<p><strong>Fairly recently, riding a bicycle in the city was considered a radical statement or the last resort and few cyclists dared to enter the inhospitable streets. These days, the bicycle seems like the perfect means of transport to remedy our cities\u2019 congestion, battle climate change, air pollution, and the urban population\u2019s deteriorating health and fitness. Governments and city halls all over are putting in the effort by building cycle lanes, adjusting infrastructure, and making ambitious bike-friendly steps that appear to make cities more green, vibrant and liveable \u2013 a cycling renaissance of sorts, if you will. But some suggest that while cycling advocates mean nothing but well, their approaches might be the cause of uneven urban development.<\/strong><!--more--><\/p>\n<p>John G. Stehlin is an assistant professor in the Department of Geography, Environment, and Sustainability at the University of North Carolina at Greensboro, and his book, <a href=\"https:\/\/www.upress.umn.edu\/book-division\/books\/cyclescapes-of-the-unequal-city\"><i>Cyclescapes of the Unequal City: Bicycle Infrastructure and Uneven Development<\/i><\/a>, looks at the unwitting role our beloved bikes might be playing in the gentrification of our cities. The study focuses on today\u2019s North American cities but its essence and insights are thoroughly applicable to metropolises around the world. Besides infrastructural changes, cities and their leaders nowadays throw in the mix also bike share schemes that are supposed to promote the environmental, social, and economic health of the city and its residents.<i> Cyclescapes of the Unequal City <\/i>contextualizes and critically dissects this new wave of bicycling in American cities that\u2019s covertly becoming a key symbol of unequal development.<\/p>\n<figure id=\"attachment_177369\" aria-describedby=\"caption-attachment-177369\" style=\"width: 1250px\" class=\"wp-caption alignnone\"><img loading=\"lazy\" decoding=\"async\" class=\"size-full wp-image-177369\" src=\"https:\/\/d2p6e6u75xmxt8.cloudfront.net\/2\/2020\/04\/Venice-Beach-profimedia-0040290464.jpg\" alt=\"\" width=\"1250\" height=\"830\" \/><figcaption id=\"caption-attachment-177369\" class=\"wp-caption-text\">People cycling on the cycle path at the Venice Beach, Los Angeles.\u00a0\u00a9 Robert Harding Productions \/ robertharding \/ Profimedia<\/figcaption><\/figure>\n<p>Grounding its analysis in regional political economy and neighbourhood-based ethnography,\u00a0<i>Cyclescapes of the Unequal City <\/i>is<i>\u00a0<\/i>a critical look at the political economy of urban bicycle infrastructure in the United States. It uses the bicycle as a prism to view major shifts in today\u2019s city and to address a growing interest in bicycling as an urban economic and environmental strategy, its role in the politics of gentrification, and efforts to build more diverse coalitions of bicycle advocates.<\/p>\n<p><a href=\"https:\/\/www.upress.umn.edu\/book-division\/books\/cyclescapes-of-the-unequal-city\">The University of Minnesota Press<\/a> that published and sells the book states in the online description: \u201cJohn G. Stehlin traces bicycling\u2019s rise in popularity as a key policy solution for American cities facing the environmental, economic, and social contradictions of the previous century of sprawl. Using in-depth case studies from San Francisco, Philadelphia, and Detroit, he argues that the mission of bicycle advocacy has converged with, and reshaped, the urban growth machine around a model of liveable, environmentally friendly, and innovation-based urban capitalism. While advocates envision a more sustainable city for all, the deployment of bicycle infrastructure within the framework of the neoliberal city in many ways intensifies divisions along lines of race, class, and space.\u201d<\/p>\n<figure id=\"attachment_177370\" aria-describedby=\"caption-attachment-177370\" style=\"width: 1250px\" class=\"wp-caption alignnone\"><img loading=\"lazy\" decoding=\"async\" class=\"size-full wp-image-177370\" src=\"https:\/\/d2p6e6u75xmxt8.cloudfront.net\/2\/2020\/04\/profimedia-0098680003.jpg\" alt=\"\" width=\"1250\" height=\"814\" \/><figcaption id=\"caption-attachment-177370\" class=\"wp-caption-text\">Girl cycles behind people on the street in San Francisco, California. Locals ride the closed streets once a month on a Sunday.\u00a0\u00a9 Adam Gasson \/ Alamy \/ Profimedia<\/figcaption><\/figure>\n<p>Furthermore, Mimi Sheller, author of <a href=\"https:\/\/books.google.cz\/books?id=gJJLDwAAQBAJ&amp;printsec=frontcover&amp;hl=cs&amp;source=gbs_ge_summary_r&amp;cad=0#v=onepage&amp;q&amp;f=false\"><i>Mobility Justice: The Politics of Movement in an Age of Extremes<\/i><\/a>, said in a review of the book: \u201cThis comparative study underlines how race, class, and gender are formed in relation to mobility practices in urban space. For anyone interested in mobility justice, this book is a necessary read.&#8221; And we strongly agree.<\/p>\n<p>If you\u2019re eager to learn more and can\u2019t wait for the book to be delivered or your favourite bookshop doesn\u2019t have it yet, listen to this <a href=\"https:\/\/kpfa.org\/episode\/against-the-grain-march-2-2020\/?fbclid=IwAR0tR8lqZIypzXT2a07EhlcFtQqpEmYjQHb9cpBMJZxDgDgtQC0m8W1HqqE\">great interview piece<\/a> by the KPFA radio on their periodical Against the Grain programme \u2013 they invited Mr Stehlin to discuss <i>Cyclescapes of the Unequal City<\/i>. You\u2019ll learn about the main viewpoints in depth and hear what he thinks should be the ideal approach of bicycle advocates, how to humanize and socialize a city or what status the bicycle enjoyed or how it played into counterculture in different periods of history. Let us know your opinion on the topic in comments on the We Love Cycling Facebook page!<\/p>\n","protected":false},"excerpt":{"rendered":"<p>Fairly recently, riding a bicycle in the city was considered a radical statement or the last resort and few cyclists [&hellip;]<\/p>\n","protected":false},"author":12,"featured_media":177368,"comment_status":"open","ping_status":"open","sticky":false,"template":"","format":"standard","meta":{"footnotes":""},"categories":[330],"tags":[4033,4034,4032],"global-categories":[3366],"class_list":["post-177358","post","type-post","status-publish","format-standard","has-post-thumbnail","hentry","category-urban-cycling","tag-cyclescapes-of-the-unequal-city","tag-gentrification","tag-john-g-stehlin","global-categories-cycling"],"yoast_head":"<!-- This site is optimized with the Yoast SEO Premium plugin v25.3 (Yoast SEO v25.9) - https:\/\/yoast.com\/wordpress\/plugins\/seo\/ -->\n<title>Cyclescapes of the Unequal City: A Look at Bicycles and Gentrification - \u0160koda We Love Cycling<\/title>\n<meta name=\"description\" content=\"Fairly recently, riding a bicycle in the city was considered a radical statement or the last resort and few cyclists dared to enter the inhospitable\" \/>\n<meta name=\"robots\" content=\"index, follow, max-snippet:-1, max-image-preview:large, max-video-preview:-1\" \/>\n<link rel=\"canonical\" href=\"https:\/\/www.welovecycling.com\/wide\/2020\/04\/03\/cyclescapes-of-the-unequal-city-a-look-at-bicycles-and-gentrification\/\" \/>\n<meta property=\"og:locale\" content=\"en_US\" \/>\n<meta property=\"og:type\" content=\"article\" \/>\n<meta property=\"og:title\" content=\"Cyclescapes of the Unequal City: A Look at Bicycles and Gentrification\" \/>\n<meta property=\"og:description\" content=\"Fairly recently, riding a bicycle in the city was considered a radical statement or the last resort and few cyclists dared to enter the inhospitable\" \/>\n<meta property=\"og:url\" content=\"https:\/\/www.welovecycling.com\/wide\/2020\/04\/03\/cyclescapes-of-the-unequal-city-a-look-at-bicycles-and-gentrification\/\" \/>\n<meta property=\"og:site_name\" content=\"\u0160koda We Love Cycling\" \/>\n<meta property=\"article:published_time\" content=\"2020-04-03T08:22:06+00:00\" \/>\n<meta property=\"og:image\" content=\"https:\/\/d2p6e6u75xmxt8.cloudfront.net\/2\/2020\/04\/Brooklyn-Cycling-CVR-profimedia-0380031356.webp\" \/>\n\t<meta property=\"og:image:width\" content=\"900\" \/>\n\t<meta property=\"og:image:height\" content=\"600\" \/>\n\t<meta property=\"og:image:type\" content=\"image\/webp\" \/>\n<meta name=\"twitter:card\" content=\"summary_large_image\" \/>\n<meta name=\"twitter:label1\" content=\"Written by\" \/>\n\t<meta name=\"twitter:data1\" content=\"Frantiska Blazkova\" \/>\n\t<meta name=\"twitter:label2\" content=\"Est. reading time\" \/>\n\t<meta name=\"twitter:data2\" content=\"6\" \/>\n<script type=\"application\/ld+json\" class=\"yoast-schema-graph\">{\"@context\":\"https:\/\/schema.org\",\"@graph\":[{\"@type\":\"WebPage\",\"@id\":\"https:\/\/www.welovecycling.com\/wide\/2020\/04\/03\/cyclescapes-of-the-unequal-city-a-look-at-bicycles-and-gentrification\/\",\"url\":\"https:\/\/www.welovecycling.com\/wide\/2020\/04\/03\/cyclescapes-of-the-unequal-city-a-look-at-bicycles-and-gentrification\/\",\"name\":\"Cyclescapes of the Unequal City: A Look at Bicycles and Gentrification - \u0160koda We Love Cycling\",\"isPartOf\":{\"@id\":\"https:\/\/www.welovecycling.com\/wide\/#website\"},\"primaryImageOfPage\":{\"@id\":\"https:\/\/www.welovecycling.com\/wide\/2020\/04\/03\/cyclescapes-of-the-unequal-city-a-look-at-bicycles-and-gentrification\/#primaryimage\"},\"image\":{\"@id\":\"https:\/\/www.welovecycling.com\/wide\/2020\/04\/03\/cyclescapes-of-the-unequal-city-a-look-at-bicycles-and-gentrification\/#primaryimage\"},\"thumbnailUrl\":\"https:\/\/d2p6e6u75xmxt8.cloudfront.net\/2\/2020\/04\/Brooklyn-Cycling-CVR-profimedia-0380031356.webp\",\"datePublished\":\"2020-04-03T08:22:06+00:00\",\"author\":{\"@id\":\"\"},\"description\":\"Fairly recently, riding a bicycle in the city was considered a radical statement or the last resort and few cyclists dared to enter the inhospitable\",\"breadcrumb\":{\"@id\":\"https:\/\/www.welovecycling.com\/wide\/2020\/04\/03\/cyclescapes-of-the-unequal-city-a-look-at-bicycles-and-gentrification\/#breadcrumb\"},\"inLanguage\":\"en-US\",\"potentialAction\":[{\"@type\":\"ReadAction\",\"target\":[\"https:\/\/www.welovecycling.com\/wide\/2020\/04\/03\/cyclescapes-of-the-unequal-city-a-look-at-bicycles-and-gentrification\/\"]}]},{\"@type\":\"ImageObject\",\"inLanguage\":\"en-US\",\"@id\":\"https:\/\/www.welovecycling.com\/wide\/2020\/04\/03\/cyclescapes-of-the-unequal-city-a-look-at-bicycles-and-gentrification\/#primaryimage\",\"url\":\"https:\/\/d2p6e6u75xmxt8.cloudfront.net\/2\/2020\/04\/Brooklyn-Cycling-CVR-profimedia-0380031356.webp\",\"contentUrl\":\"https:\/\/d2p6e6u75xmxt8.cloudfront.net\/2\/2020\/04\/Brooklyn-Cycling-CVR-profimedia-0380031356.webp\",\"width\":900,\"height\":600},{\"@type\":\"BreadcrumbList\",\"@id\":\"https:\/\/www.welovecycling.com\/wide\/2020\/04\/03\/cyclescapes-of-the-unequal-city-a-look-at-bicycles-and-gentrification\/#breadcrumb\",\"itemListElement\":[{\"@type\":\"ListItem\",\"position\":1,\"name\":\"Home\",\"item\":\"https:\/\/www.welovecycling.com\/wide\/\"},{\"@type\":\"ListItem\",\"position\":2,\"name\":\"Cyclescapes of the Unequal City: A Look at Bicycles and Gentrification\"}]},{\"@type\":\"WebSite\",\"@id\":\"https:\/\/www.welovecycling.com\/wide\/#website\",\"url\":\"https:\/\/www.welovecycling.com\/wide\/\",\"name\":\"\u0160koda We Love Cycling\",\"description\":\"\u0160koda We Love Cycling magazine\",\"alternateName\":\"\u0160koda WLC\",\"potentialAction\":[{\"@type\":\"SearchAction\",\"target\":{\"@type\":\"EntryPoint\",\"urlTemplate\":\"https:\/\/www.welovecycling.com\/wide\/?s={search_term_string}\"},\"query-input\":{\"@type\":\"PropertyValueSpecification\",\"valueRequired\":true,\"valueName\":\"search_term_string\"}}],\"inLanguage\":\"en-US\"},{\"@type\":\"Person\",\"@id\":\"\",\"url\":\"https:\/\/www.welovecycling.com\/wide\/author\/\"}]}<\/script>\n<!-- \/ Yoast SEO Premium plugin. -->","yoast_head_json":{"title":"Cyclescapes of the Unequal City: A Look at Bicycles and Gentrification - \u0160koda We Love Cycling","description":"Fairly recently, riding a bicycle in the city was considered a radical statement or the last resort and few cyclists dared to enter the inhospitable","robots":{"index":"index","follow":"follow","max-snippet":"max-snippet:-1","max-image-preview":"max-image-preview:large","max-video-preview":"max-video-preview:-1"},"canonical":"https:\/\/www.welovecycling.com\/wide\/2020\/04\/03\/cyclescapes-of-the-unequal-city-a-look-at-bicycles-and-gentrification\/","og_locale":"en_US","og_type":"article","og_title":"Cyclescapes of the Unequal City: A Look at Bicycles and Gentrification","og_description":"Fairly recently, riding a bicycle in the city was considered a radical statement or the last resort and few cyclists dared to enter the inhospitable","og_url":"https:\/\/www.welovecycling.com\/wide\/2020\/04\/03\/cyclescapes-of-the-unequal-city-a-look-at-bicycles-and-gentrification\/","og_site_name":"\u0160koda We Love Cycling","article_published_time":"2020-04-03T08:22:06+00:00","og_image":[{"width":900,"height":600,"url":"https:\/\/d2p6e6u75xmxt8.cloudfront.net\/2\/2020\/04\/Brooklyn-Cycling-CVR-profimedia-0380031356.webp","type":"image\/webp"}],"twitter_card":"summary_large_image","twitter_misc":{"Written by":"Frantiska Blazkova","Est. reading time":"6"},"schema":{"@context":"https:\/\/schema.org","@graph":[{"@type":"WebPage","@id":"https:\/\/www.welovecycling.com\/wide\/2020\/04\/03\/cyclescapes-of-the-unequal-city-a-look-at-bicycles-and-gentrification\/","url":"https:\/\/www.welovecycling.com\/wide\/2020\/04\/03\/cyclescapes-of-the-unequal-city-a-look-at-bicycles-and-gentrification\/","name":"Cyclescapes of the Unequal City: A Look at Bicycles and Gentrification - \u0160koda We Love Cycling","isPartOf":{"@id":"https:\/\/www.welovecycling.com\/wide\/#website"},"primaryImageOfPage":{"@id":"https:\/\/www.welovecycling.com\/wide\/2020\/04\/03\/cyclescapes-of-the-unequal-city-a-look-at-bicycles-and-gentrification\/#primaryimage"},"image":{"@id":"https:\/\/www.welovecycling.com\/wide\/2020\/04\/03\/cyclescapes-of-the-unequal-city-a-look-at-bicycles-and-gentrification\/#primaryimage"},"thumbnailUrl":"https:\/\/d2p6e6u75xmxt8.cloudfront.net\/2\/2020\/04\/Brooklyn-Cycling-CVR-profimedia-0380031356.webp","datePublished":"2020-04-03T08:22:06+00:00","author":{"@id":""},"description":"Fairly recently, riding a bicycle in the city was considered a radical statement or the last resort and few cyclists dared to enter the inhospitable","breadcrumb":{"@id":"https:\/\/www.welovecycling.com\/wide\/2020\/04\/03\/cyclescapes-of-the-unequal-city-a-look-at-bicycles-and-gentrification\/#breadcrumb"},"inLanguage":"en-US","potentialAction":[{"@type":"ReadAction","target":["https:\/\/www.welovecycling.com\/wide\/2020\/04\/03\/cyclescapes-of-the-unequal-city-a-look-at-bicycles-and-gentrification\/"]}]},{"@type":"ImageObject","inLanguage":"en-US","@id":"https:\/\/www.welovecycling.com\/wide\/2020\/04\/03\/cyclescapes-of-the-unequal-city-a-look-at-bicycles-and-gentrification\/#primaryimage","url":"https:\/\/d2p6e6u75xmxt8.cloudfront.net\/2\/2020\/04\/Brooklyn-Cycling-CVR-profimedia-0380031356.webp","contentUrl":"https:\/\/d2p6e6u75xmxt8.cloudfront.net\/2\/2020\/04\/Brooklyn-Cycling-CVR-profimedia-0380031356.webp","width":900,"height":600},{"@type":"BreadcrumbList","@id":"https:\/\/www.welovecycling.com\/wide\/2020\/04\/03\/cyclescapes-of-the-unequal-city-a-look-at-bicycles-and-gentrification\/#breadcrumb","itemListElement":[{"@type":"ListItem","position":1,"name":"Home","item":"https:\/\/www.welovecycling.com\/wide\/"},{"@type":"ListItem","position":2,"name":"Cyclescapes of the Unequal City: A Look at Bicycles and Gentrification"}]},{"@type":"WebSite","@id":"https:\/\/www.welovecycling.com\/wide\/#website","url":"https:\/\/www.welovecycling.com\/wide\/","name":"\u0160koda We Love Cycling","description":"\u0160koda We Love Cycling magazine","alternateName":"\u0160koda WLC","potentialAction":[{"@type":"SearchAction","target":{"@type":"EntryPoint","urlTemplate":"https:\/\/www.welovecycling.com\/wide\/?s={search_term_string}"},"query-input":{"@type":"PropertyValueSpecification","valueRequired":true,"valueName":"search_term_string"}}],"inLanguage":"en-US"},{"@type":"Person","@id":"","url":"https:\/\/www.welovecycling.com\/wide\/author\/"}]}},"_links":{"self":[{"href":"https:\/\/www.welovecycling.com\/wide\/wp-json\/wp\/v2\/posts\/177358","targetHints":{"allow":["GET"]}}],"collection":[{"href":"https:\/\/www.welovecycling.com\/wide\/wp-json\/wp\/v2\/posts"}],"about":[{"href":"https:\/\/www.welovecycling.com\/wide\/wp-json\/wp\/v2\/types\/post"}],"author":[{"embeddable":true,"href":"https:\/\/www.welovecycling.com\/wide\/wp-json\/wp\/v2\/users\/12"}],"replies":[{"embeddable":true,"href":"https:\/\/www.welovecycling.com\/wide\/wp-json\/wp\/v2\/comments?post=177358"}],"version-history":[{"count":2,"href":"https:\/\/www.welovecycling.com\/wide\/wp-json\/wp\/v2\/posts\/177358\/revisions"}],"predecessor-version":[{"id":177371,"href":"https:\/\/www.welovecycling.com\/wide\/wp-json\/wp\/v2\/posts\/177358\/revisions\/177371"}],"wp:featuredmedia":[{"embeddable":true,"href":"https:\/\/www.welovecycling.com\/wide\/wp-json\/wp\/v2\/media\/177368"}],"wp:attachment":[{"href":"https:\/\/www.welovecycling.com\/wide\/wp-json\/wp\/v2\/media?parent=177358"}],"wp:term":[{"taxonomy":"category","embeddable":true,"href":"https:\/\/www.welovecycling.com\/wide\/wp-json\/wp\/v2\/categories?post=177358"},{"taxonomy":"post_tag","embeddable":true,"href":"https:\/\/www.welovecycling.com\/wide\/wp-json\/wp\/v2\/tags?post=177358"},{"taxonomy":"global-categories","embeddable":true,"href":"https:\/\/www.welovecycling.com\/wide\/wp-json\/wp\/v2\/global-categories?post=177358"}],"curies":[{"name":"wp","href":"https:\/\/api.w.org\/{rel}","templated":true}]}}