{"id":177288,"date":"2020-03-31T10:49:01","date_gmt":"2020-03-31T10:49:01","guid":{"rendered":"https:\/\/www.welovecycling.com\/wide\/?p=177288"},"modified":"2020-04-06T18:11:09","modified_gmt":"2020-04-06T18:11:09","slug":"the-best-cycling-quotes-from-famous-people","status":"publish","type":"post","link":"https:\/\/www.welovecycling.com\/wide\/2020\/03\/31\/the-best-cycling-quotes-from-famous-people\/","title":{"rendered":"The Best Cycling Quotes from Famous People"},"content":{"rendered":"<p><strong>Sometimes a big surprise, many celebrities frequently present themselves as cycling lovers. While searching the world wide web, we found composers, actors, novelists as well as politicians quipping about our beloved sport. Not everyone saw cycling positively, though, but most of them might be regarded as being on our side of the road. Let&#8217;s go through a portion of inspiring thoughts by these great people.<\/strong><!--more--><\/p>\n<p>\u201cIt is by riding a bicycle that you learn the contours of a country best since you have to sweat up the hills and coast down them.\u201d<br \/>\n<em><strong>Ernest Hemingway \u2013 Nobel Prize-awarded writer, journalist, novelist, and sportsman<\/strong><\/em><\/p>\n<figure id=\"attachment_177321\" aria-describedby=\"caption-attachment-177321\" style=\"width: 1250px\" class=\"wp-caption alignnone\"><img loading=\"lazy\" decoding=\"async\" class=\"size-full wp-image-177321\" src=\"https:\/\/d2p6e6u75xmxt8.cloudfront.net\/2\/2020\/03\/Ernest-Hemingway-profimedia-0232640693.jpg\" alt=\"\" width=\"1250\" height=\"831\" \/><figcaption id=\"caption-attachment-177321\" class=\"wp-caption-text\">Ernest Hemingway in 1959\u00a0\u00a9\u00a0SNAP \/ Shutterstock Editorial \/ Profimedia<\/figcaption><\/figure>\n<p>\u201cIt was fantastic to see my friend and one of my heroes Greta Thunberg last week and go on a bike ride around Santa Monica together and I was so pumped to introduce her to my daughter Christina. Keep inspiring, Greta!\u201d<br \/>\n<em><strong>Arnold Schwarzenegger \u2013 Austrian actor and American politician<\/strong><\/em><\/p>\n<div class=\"embed-controller-wrapper\">\n<blockquote class=\"twitter-tweet\" data-width=\"500\" data-dnt=\"true\">\n<p lang=\"en\" dir=\"ltr\">It was fantastic to see my friend and one of my heroes <a href=\"https:\/\/twitter.com\/GretaThunberg?ref_src=twsrc%5Etfw\">@GretaThunberg<\/a> last week and go on a bike ride around Santa Monica together and I was so pumped to introduce her to my daughter Christina. Keep inspiring, Greta! <a href=\"https:\/\/t.co\/3Q6ZuInJHY\">pic.twitter.com\/3Q6ZuInJHY<\/a><\/p>\n<p>&mdash; Arnold (@Schwarzenegger) <a href=\"https:\/\/twitter.com\/Schwarzenegger\/status\/1191493616213975040?ref_src=twsrc%5Etfw\">November 4, 2019<\/a><\/p><\/blockquote>\n<p><script async data-src=\"https:\/\/platform.twitter.com\/widgets.js\" charset=\"utf-8\"><\/script><\/div>\n<p>\u201cWhen you ride hard on a mountain bike, sometimes you fall, otherwise you\u2019re not riding hard.\u201d<br \/>\n<em><strong>Former US president George W. Bush in July 2005 after a crash into a bike cop at the G8 summit in Scotland<\/strong><\/em><\/p>\n<figure id=\"attachment_177325\" aria-describedby=\"caption-attachment-177325\" style=\"width: 650px\" class=\"wp-caption alignnone\"><img loading=\"lazy\" decoding=\"async\" class=\"size-full wp-image-177325\" src=\"https:\/\/d2p6e6u75xmxt8.cloudfront.net\/2\/2020\/03\/Bush_Oval_Office_phone_call.jpg\" alt=\"\" width=\"650\" height=\"425\" \/><figcaption id=\"caption-attachment-177325\" class=\"wp-caption-text\">George W. Bush in the oval office.<\/figcaption><\/figure>\n<p>\u201cCycling has encountered more enemies than any other form of exercise.\u201d<br \/>\n<strong><em>Louis Baudry de Saunier \u2013 19th-century journalist, writer, a popular scientist interested mostly in cycling, motor vehicles, and tourism<\/em><\/strong><\/p>\n<figure id=\"attachment_177326\" aria-describedby=\"caption-attachment-177326\" style=\"width: 299px\" class=\"wp-caption alignnone\"><img loading=\"lazy\" decoding=\"async\" class=\"size-full wp-image-177326\" src=\"https:\/\/d2p6e6u75xmxt8.cloudfront.net\/2\/2020\/03\/AVT_Louis-Baudry-de-Saunier_7560.jpg\" alt=\"\" width=\"299\" height=\"501\" \/><figcaption id=\"caption-attachment-177326\" class=\"wp-caption-text\">Louis\u00a0Baudry de Saunier<\/figcaption><\/figure>\n<p>\u201cCycling is possibly the greatest and most pleasurable form of transport ever invented. It is like walking only with one-tenth of the effort. Ride through a city and you can understand its geography in a way that no motorist, contained by one-way signs and traffic jams, will ever be able to. You can whiz from one side to the other in minutes. You can overtake \u00a3250,000 sports cars that are going nowhere fast. You can park pretty much anywhere. It truly is one of the greatest feelings of freedom once can have in a metropolitan environment. Amazingly, you can feel this free in a modern city.\u201d<br \/>\n<em><strong>Daniel Pemberton \u2013 English composer known for movie scores for Ridley Scott, Danny Boyle or Guy Ritchie<\/strong><\/em><\/p>\n<figure id=\"attachment_177329\" aria-describedby=\"caption-attachment-177329\" style=\"width: 1250px\" class=\"wp-caption alignnone\"><img loading=\"lazy\" decoding=\"async\" class=\"size-full wp-image-177329\" src=\"https:\/\/d2p6e6u75xmxt8.cloudfront.net\/2\/2020\/03\/profimedia-0495503526.jpg\" alt=\"\" width=\"1250\" height=\"829\" \/><figcaption id=\"caption-attachment-177329\" class=\"wp-caption-text\">Daniel Pemberton at the &#8216;Birds of Prey&#8217; film premiere, London, UK &#8211; 29 Jan 2020.\u00a0\u00a9 James Gillham \/ Shutterstock Editorial \/ Profimedia<\/figcaption><\/figure>\n<p>\u201cOne of the most important days of my life was when I learned to ride a bicycle.\u201d<br \/>\n<em><strong>Michael Palin \u2013 English comedian, actor, writer, television presenter, and member of the former comedy group Monty Python<\/strong><\/em><\/p>\n<figure id=\"attachment_177330\" aria-describedby=\"caption-attachment-177330\" style=\"width: 1250px\" class=\"wp-caption alignnone\"><img loading=\"lazy\" decoding=\"async\" class=\"size-full wp-image-177330\" src=\"https:\/\/d2p6e6u75xmxt8.cloudfront.net\/2\/2020\/03\/profimedia-0495312961.jpg\" alt=\"\" width=\"1250\" height=\"869\" \/><figcaption id=\"caption-attachment-177330\" class=\"wp-caption-text\">Michael Palin at the 25th National Television Awards, Press Room, O2, London, UK &#8211; 28 Jan 2020.\u00a0\u00a9 Anthony Harvey \/ Shutterstock Editorial \/ Profimedia<\/figcaption><\/figure>\n<p>\u201cI used to work in a bank when I was younger and to me, it doesn\u2019t matter whether it\u2019s raining or the sun is shining or whatever: as long as I\u2019m riding a bike I know I\u2019m the luckiest guy in the world.\u201d<\/p>\n<p><em><strong>Professional racer Mark Cavendish after one of the stage wins during the 2008 Tour de France.<\/strong><\/em><\/p>\n<p>https:\/\/www.instagram.com\/p\/B-U38hxAAbi\/?igshid=xdk4xm2f4jp5<\/p>\n<p>\u201cIt\u2019s a risky business being a cyclist in the UK, there are a lot of people who really dislike us. It\u2019s the Jeremy Clarkson influence \u2013 we\u2019re hated on the roads. We just hope people realise we are just flesh and bones on two wheels.\u201d<br \/>\n<em><strong>Victoria Pendleton \u2013 British track cyclist and women\u2019s sprint gold medal winner at the Beijing Olympics in 2008.<\/strong><\/em><\/p>\n<p>https:\/\/www.instagram.com\/p\/B-Ey3vmlRhT\/<\/p>\n<p>\u201cAt that age, it\u2019s one of the worst things in the world to wake up and not see your bike where you left it.\u201d<br \/>\n<em><strong>50 Cent \u2013 hip hop star on the theft of his childhood bike<\/strong><\/em><\/p>\n<figure id=\"attachment_177333\" aria-describedby=\"caption-attachment-177333\" style=\"width: 1008px\" class=\"wp-caption alignnone\"><img loading=\"lazy\" decoding=\"async\" class=\"size-full wp-image-177333\" src=\"https:\/\/d2p6e6u75xmxt8.cloudfront.net\/2\/2020\/03\/profimedia-0495447763.jpg\" alt=\"\" width=\"1008\" height=\"1024\" \/><figcaption id=\"caption-attachment-177333\" class=\"wp-caption-text\">50 Cent in 2020\u00a0\u00a9 Twitter \/ ddp USA \/ Profimedia<\/figcaption><\/figure>\n<p>\u201cNothing compares to the simple pleasure of riding a bike.\u201d<br \/>\n<em><strong>John F. Kennedy \u2013 former US president who was assassinated in 1963<\/strong><\/em><\/p>\n<figure id=\"attachment_177334\" aria-describedby=\"caption-attachment-177334\" style=\"width: 1250px\" class=\"wp-caption alignnone\"><img loading=\"lazy\" decoding=\"async\" class=\"size-full wp-image-177334\" src=\"https:\/\/d2p6e6u75xmxt8.cloudfront.net\/2\/2020\/03\/profimedia-0210141592.jpg\" alt=\"\" width=\"1250\" height=\"923\" \/><figcaption id=\"caption-attachment-177334\" class=\"wp-caption-text\">President Dwight Eisenhower and president-elect John F. Kennedy\u00a0\u00a9 KEYSTONE Pictures USA \/ Zuma Press \/ Profimedia<\/figcaption><\/figure>\n<p>\u201cI will stop Iran from getting nuclear weapons. And we won\u2019t be using a man like Secretary Kerry that has absolutely no concept of negotiation, who\u2019s making a horrible and laughable deal, who\u2019s just being tapped along as they make weapons right now and then goes into a bicycle race at 72 years old, and falls and breaks his leg. I won\u2019t be doing that. And I promise I will never be in a bicycle race. That I can tell you.\u201d<br \/>\n<em><strong>Donald Trump \u2013 US president who founded the Tour de Trump cycling race back in 1989, which was intended to become the Tour de France of North America<\/strong><\/em><\/p>\n<p>https:\/\/www.instagram.com\/p\/B-QHQbzBgln\/<\/p>\n<p>\u201cGive a man a fish and feed him for a day. Teach a man to fish and feed him for a lifetime. Teach a man to cycle and he will realize fishing is stupid and boring.\u201d<br \/>\n<em><strong>Desmond Tutu \u2013 South African Anglican cleric and theologian known for his work as an anti-apartheid and human rights activist who received plenty of awards including the Nobel Peace Prize<\/strong><\/em><\/p>\n<figure id=\"attachment_177336\" aria-describedby=\"caption-attachment-177336\" style=\"width: 1250px\" class=\"wp-caption alignnone\"><img loading=\"lazy\" decoding=\"async\" class=\"size-full wp-image-177336\" src=\"https:\/\/d2p6e6u75xmxt8.cloudfront.net\/2\/2020\/03\/profimedia-0473392870.jpg\" alt=\"\" width=\"1250\" height=\"1039\" \/><figcaption id=\"caption-attachment-177336\" class=\"wp-caption-text\">Duchess of Sussex holding her son Archie, meets Archbishop Desmond Tutu at the Desmond &amp; Leah Tutu Legacy Foundation in Cape Town.\u00a0\u00a9 ROTA \/ Camerapress \/ Profimedia<\/figcaption><\/figure>\n<p>\u201cCycling isn\u2019t a game, it\u2019s a sport. Tough, hard and unpitying, and it requires great sacrifices. One plays football, or tennis, or hockey. One doesn\u2019t play at cycling.\u201d<br \/>\n<em><strong>Jean de Gribaldy was a French cyclist, Tour de France participant, and sportive director<\/strong><\/em><\/p>\n<figure id=\"attachment_177337\" aria-describedby=\"caption-attachment-177337\" style=\"width: 231px\" class=\"wp-caption alignnone\"><img loading=\"lazy\" decoding=\"async\" class=\"size-full wp-image-177337\" src=\"https:\/\/d2p6e6u75xmxt8.cloudfront.net\/2\/2020\/03\/Jean_de_Gribaldy_\u00e0_Besan\u00e7on_septembre_1980.jpg\" alt=\"\" width=\"231\" height=\"380\" \/><figcaption id=\"caption-attachment-177337\" class=\"wp-caption-text\">Jean de Gribaldy<\/figcaption><\/figure>\n<p>\u201cI wish I&#8217;d built more segregated cycling routes for London. If I had my time again, and if I knew then what I know now, I would have gone straight in with a massive programme of segregated cycle superhighways. I probably wouldn\u2019t have been re-elected, unfortunately. That\u2019s one thing to consider. But that would have been the right thing to do.\u201d<br \/>\n<em><strong>Boris Johnson \u2013 UK Prime Minister shortly after he ended his mandate as the mayor of London<\/strong><\/em><\/p>\n<figure id=\"attachment_177339\" aria-describedby=\"caption-attachment-177339\" style=\"width: 1250px\" class=\"wp-caption alignnone\"><img loading=\"lazy\" decoding=\"async\" class=\"size-full wp-image-177339\" src=\"https:\/\/d2p6e6u75xmxt8.cloudfront.net\/2\/2020\/03\/profimedia-0077452916.jpg\" alt=\"\" width=\"1250\" height=\"823\" \/><figcaption id=\"caption-attachment-177339\" class=\"wp-caption-text\">Boris Johnson cycles his bike over Westminster Bridge in central London on July 30, 2010. \u00a9 GEOFF CADDICK \/ AFP \/ Profimedia<\/figcaption><\/figure>\n<p>\u201cI wanted to make sure that the children who saw that picture knew that even the Democratic nominee for president wears a helmet when he goes biking.\u201d<br \/>\n<em><strong>Barrack Obama \u2013 former US president on if he considered wearing a bike helmet could spoil his campaign as it happened to the Democratic nominee Michael Dukakis in 1988. Dukakis lost the election to George Bush because of photos showing him riding on a tank with a ludicrously XL-sized helmet on his head.<\/strong><\/em><\/p>\n<lite-youtube videoid=timvZTKr5HQ params=\"enablejsapi=1\" style=\"background-image: url('https:\/\/i.ytimg.com\/vi_webp\/timvZTKr5HQ\/maxresdefault.webp');\"><\/lite-youtube>\n","protected":false},"excerpt":{"rendered":"<p>Sometimes a big surprise, many celebrities frequently present themselves as cycling lovers. While searching the world wide web, we found [&hellip;]<\/p>\n","protected":false},"author":12,"featured_media":177343,"comment_status":"open","ping_status":"open","sticky":false,"template":"","format":"standard","meta":{"footnotes":""},"categories":[334],"tags":[4023,3194,3133,4020,4021,4022,4024],"global-categories":[3366],"class_list":["post-177288","post","type-post","status-publish","format-standard","has-post-thumbnail","hentry","category-socialising-and-culture","tag-50-cent","tag-arnold-schwarzenegger","tag-cycling-quotes","tag-ernest-hemingway","tag-george-w-bush","tag-jfk","tag-victoria-pendleton","global-categories-cycling"],"yoast_head":"<!-- This site is optimized with the Yoast SEO Premium plugin v25.3 (Yoast SEO v25.9) - https:\/\/yoast.com\/wordpress\/plugins\/seo\/ -->\n<title>The Best Cycling Quotes from Famous People - \u0160koda We Love Cycling<\/title>\n<meta name=\"description\" content=\"Sometimes a big surprise, many celebrities frequently present themselves as cycling lovers. While searching the world wide web, we found composers,\" \/>\n<meta name=\"robots\" content=\"index, follow, max-snippet:-1, max-image-preview:large, max-video-preview:-1\" \/>\n<link rel=\"canonical\" href=\"https:\/\/www.welovecycling.com\/wide\/2020\/03\/31\/the-best-cycling-quotes-from-famous-people\/\" \/>\n<meta property=\"og:locale\" content=\"en_US\" \/>\n<meta property=\"og:type\" content=\"article\" \/>\n<meta property=\"og:title\" content=\"The Best Cycling Quotes from Famous People\" \/>\n<meta property=\"og:description\" content=\"Sometimes a big surprise, many celebrities frequently present themselves as cycling lovers. While searching the world wide web, we found composers,\" \/>\n<meta property=\"og:url\" content=\"https:\/\/www.welovecycling.com\/wide\/2020\/03\/31\/the-best-cycling-quotes-from-famous-people\/\" \/>\n<meta property=\"og:site_name\" content=\"\u0160koda We Love Cycling\" \/>\n<meta property=\"article:published_time\" content=\"2020-03-31T10:49:01+00:00\" \/>\n<meta property=\"article:modified_time\" content=\"2020-04-06T18:11:09+00:00\" \/>\n<meta property=\"og:image\" content=\"https:\/\/d2p6e6u75xmxt8.cloudfront.net\/2\/2020\/03\/JFK-CVR-profimedia-0177441122.webp\" \/>\n\t<meta property=\"og:image:width\" content=\"900\" \/>\n\t<meta property=\"og:image:height\" content=\"600\" \/>\n\t<meta property=\"og:image:type\" content=\"image\/webp\" \/>\n<meta name=\"twitter:card\" content=\"summary_large_image\" \/>\n<meta name=\"twitter:label1\" content=\"Written by\" \/>\n\t<meta name=\"twitter:data1\" content=\"Adam Marsal\" \/>\n\t<meta name=\"twitter:label2\" content=\"Est. reading time\" \/>\n\t<meta name=\"twitter:data2\" content=\"7\" \/>\n<script type=\"application\/ld+json\" class=\"yoast-schema-graph\">{\"@context\":\"https:\/\/schema.org\",\"@graph\":[{\"@type\":\"WebPage\",\"@id\":\"https:\/\/www.welovecycling.com\/wide\/2020\/03\/31\/the-best-cycling-quotes-from-famous-people\/\",\"url\":\"https:\/\/www.welovecycling.com\/wide\/2020\/03\/31\/the-best-cycling-quotes-from-famous-people\/\",\"name\":\"The Best Cycling Quotes from Famous People - \u0160koda We Love Cycling\",\"isPartOf\":{\"@id\":\"https:\/\/www.welovecycling.com\/wide\/#website\"},\"primaryImageOfPage\":{\"@id\":\"https:\/\/www.welovecycling.com\/wide\/2020\/03\/31\/the-best-cycling-quotes-from-famous-people\/#primaryimage\"},\"image\":{\"@id\":\"https:\/\/www.welovecycling.com\/wide\/2020\/03\/31\/the-best-cycling-quotes-from-famous-people\/#primaryimage\"},\"thumbnailUrl\":\"https:\/\/d2p6e6u75xmxt8.cloudfront.net\/2\/2020\/03\/JFK-CVR-profimedia-0177441122.webp\",\"datePublished\":\"2020-03-31T10:49:01+00:00\",\"dateModified\":\"2020-04-06T18:11:09+00:00\",\"author\":{\"@id\":\"\"},\"description\":\"Sometimes a big surprise, many celebrities frequently present themselves as cycling lovers. While searching the world wide web, we found composers,\",\"breadcrumb\":{\"@id\":\"https:\/\/www.welovecycling.com\/wide\/2020\/03\/31\/the-best-cycling-quotes-from-famous-people\/#breadcrumb\"},\"inLanguage\":\"en-US\",\"potentialAction\":[{\"@type\":\"ReadAction\",\"target\":[\"https:\/\/www.welovecycling.com\/wide\/2020\/03\/31\/the-best-cycling-quotes-from-famous-people\/\"]}]},{\"@type\":\"ImageObject\",\"inLanguage\":\"en-US\",\"@id\":\"https:\/\/www.welovecycling.com\/wide\/2020\/03\/31\/the-best-cycling-quotes-from-famous-people\/#primaryimage\",\"url\":\"https:\/\/d2p6e6u75xmxt8.cloudfront.net\/2\/2020\/03\/JFK-CVR-profimedia-0177441122.webp\",\"contentUrl\":\"https:\/\/d2p6e6u75xmxt8.cloudfront.net\/2\/2020\/03\/JFK-CVR-profimedia-0177441122.webp\",\"width\":900,\"height\":600},{\"@type\":\"BreadcrumbList\",\"@id\":\"https:\/\/www.welovecycling.com\/wide\/2020\/03\/31\/the-best-cycling-quotes-from-famous-people\/#breadcrumb\",\"itemListElement\":[{\"@type\":\"ListItem\",\"position\":1,\"name\":\"Home\",\"item\":\"https:\/\/www.welovecycling.com\/wide\/\"},{\"@type\":\"ListItem\",\"position\":2,\"name\":\"The Best Cycling Quotes from Famous People\"}]},{\"@type\":\"WebSite\",\"@id\":\"https:\/\/www.welovecycling.com\/wide\/#website\",\"url\":\"https:\/\/www.welovecycling.com\/wide\/\",\"name\":\"\u0160koda We Love Cycling\",\"description\":\"\u0160koda We Love Cycling magazine\",\"alternateName\":\"\u0160koda WLC\",\"potentialAction\":[{\"@type\":\"SearchAction\",\"target\":{\"@type\":\"EntryPoint\",\"urlTemplate\":\"https:\/\/www.welovecycling.com\/wide\/?s={search_term_string}\"},\"query-input\":{\"@type\":\"PropertyValueSpecification\",\"valueRequired\":true,\"valueName\":\"search_term_string\"}}],\"inLanguage\":\"en-US\"},{\"@type\":\"Person\",\"@id\":\"\",\"url\":\"https:\/\/www.welovecycling.com\/wide\/author\/\"}]}<\/script>\n<!-- \/ Yoast SEO Premium plugin. -->","yoast_head_json":{"title":"The Best Cycling Quotes from Famous People - \u0160koda We Love Cycling","description":"Sometimes a big surprise, many celebrities frequently present themselves as cycling lovers. While searching the world wide web, we found composers,","robots":{"index":"index","follow":"follow","max-snippet":"max-snippet:-1","max-image-preview":"max-image-preview:large","max-video-preview":"max-video-preview:-1"},"canonical":"https:\/\/www.welovecycling.com\/wide\/2020\/03\/31\/the-best-cycling-quotes-from-famous-people\/","og_locale":"en_US","og_type":"article","og_title":"The Best Cycling Quotes from Famous People","og_description":"Sometimes a big surprise, many celebrities frequently present themselves as cycling lovers. While searching the world wide web, we found composers,","og_url":"https:\/\/www.welovecycling.com\/wide\/2020\/03\/31\/the-best-cycling-quotes-from-famous-people\/","og_site_name":"\u0160koda We Love Cycling","article_published_time":"2020-03-31T10:49:01+00:00","article_modified_time":"2020-04-06T18:11:09+00:00","og_image":[{"width":900,"height":600,"url":"https:\/\/d2p6e6u75xmxt8.cloudfront.net\/2\/2020\/03\/JFK-CVR-profimedia-0177441122.webp","type":"image\/webp"}],"twitter_card":"summary_large_image","twitter_misc":{"Written by":"Adam Marsal","Est. reading time":"7"},"schema":{"@context":"https:\/\/schema.org","@graph":[{"@type":"WebPage","@id":"https:\/\/www.welovecycling.com\/wide\/2020\/03\/31\/the-best-cycling-quotes-from-famous-people\/","url":"https:\/\/www.welovecycling.com\/wide\/2020\/03\/31\/the-best-cycling-quotes-from-famous-people\/","name":"The Best Cycling Quotes from Famous People - \u0160koda We Love Cycling","isPartOf":{"@id":"https:\/\/www.welovecycling.com\/wide\/#website"},"primaryImageOfPage":{"@id":"https:\/\/www.welovecycling.com\/wide\/2020\/03\/31\/the-best-cycling-quotes-from-famous-people\/#primaryimage"},"image":{"@id":"https:\/\/www.welovecycling.com\/wide\/2020\/03\/31\/the-best-cycling-quotes-from-famous-people\/#primaryimage"},"thumbnailUrl":"https:\/\/d2p6e6u75xmxt8.cloudfront.net\/2\/2020\/03\/JFK-CVR-profimedia-0177441122.webp","datePublished":"2020-03-31T10:49:01+00:00","dateModified":"2020-04-06T18:11:09+00:00","author":{"@id":""},"description":"Sometimes a big surprise, many celebrities frequently present themselves as cycling lovers. While searching the world wide web, we found composers,","breadcrumb":{"@id":"https:\/\/www.welovecycling.com\/wide\/2020\/03\/31\/the-best-cycling-quotes-from-famous-people\/#breadcrumb"},"inLanguage":"en-US","potentialAction":[{"@type":"ReadAction","target":["https:\/\/www.welovecycling.com\/wide\/2020\/03\/31\/the-best-cycling-quotes-from-famous-people\/"]}]},{"@type":"ImageObject","inLanguage":"en-US","@id":"https:\/\/www.welovecycling.com\/wide\/2020\/03\/31\/the-best-cycling-quotes-from-famous-people\/#primaryimage","url":"https:\/\/d2p6e6u75xmxt8.cloudfront.net\/2\/2020\/03\/JFK-CVR-profimedia-0177441122.webp","contentUrl":"https:\/\/d2p6e6u75xmxt8.cloudfront.net\/2\/2020\/03\/JFK-CVR-profimedia-0177441122.webp","width":900,"height":600},{"@type":"BreadcrumbList","@id":"https:\/\/www.welovecycling.com\/wide\/2020\/03\/31\/the-best-cycling-quotes-from-famous-people\/#breadcrumb","itemListElement":[{"@type":"ListItem","position":1,"name":"Home","item":"https:\/\/www.welovecycling.com\/wide\/"},{"@type":"ListItem","position":2,"name":"The Best Cycling Quotes from Famous People"}]},{"@type":"WebSite","@id":"https:\/\/www.welovecycling.com\/wide\/#website","url":"https:\/\/www.welovecycling.com\/wide\/","name":"\u0160koda We Love Cycling","description":"\u0160koda We Love Cycling magazine","alternateName":"\u0160koda WLC","potentialAction":[{"@type":"SearchAction","target":{"@type":"EntryPoint","urlTemplate":"https:\/\/www.welovecycling.com\/wide\/?s={search_term_string}"},"query-input":{"@type":"PropertyValueSpecification","valueRequired":true,"valueName":"search_term_string"}}],"inLanguage":"en-US"},{"@type":"Person","@id":"","url":"https:\/\/www.welovecycling.com\/wide\/author\/"}]}},"_links":{"self":[{"href":"https:\/\/www.welovecycling.com\/wide\/wp-json\/wp\/v2\/posts\/177288","targetHints":{"allow":["GET"]}}],"collection":[{"href":"https:\/\/www.welovecycling.com\/wide\/wp-json\/wp\/v2\/posts"}],"about":[{"href":"https:\/\/www.welovecycling.com\/wide\/wp-json\/wp\/v2\/types\/post"}],"author":[{"embeddable":true,"href":"https:\/\/www.welovecycling.com\/wide\/wp-json\/wp\/v2\/users\/12"}],"replies":[{"embeddable":true,"href":"https:\/\/www.welovecycling.com\/wide\/wp-json\/wp\/v2\/comments?post=177288"}],"version-history":[{"count":2,"href":"https:\/\/www.welovecycling.com\/wide\/wp-json\/wp\/v2\/posts\/177288\/revisions"}],"predecessor-version":[{"id":177395,"href":"https:\/\/www.welovecycling.com\/wide\/wp-json\/wp\/v2\/posts\/177288\/revisions\/177395"}],"wp:featuredmedia":[{"embeddable":true,"href":"https:\/\/www.welovecycling.com\/wide\/wp-json\/wp\/v2\/media\/177343"}],"wp:attachment":[{"href":"https:\/\/www.welovecycling.com\/wide\/wp-json\/wp\/v2\/media?parent=177288"}],"wp:term":[{"taxonomy":"category","embeddable":true,"href":"https:\/\/www.welovecycling.com\/wide\/wp-json\/wp\/v2\/categories?post=177288"},{"taxonomy":"post_tag","embeddable":true,"href":"https:\/\/www.welovecycling.com\/wide\/wp-json\/wp\/v2\/tags?post=177288"},{"taxonomy":"global-categories","embeddable":true,"href":"https:\/\/www.welovecycling.com\/wide\/wp-json\/wp\/v2\/global-categories?post=177288"}],"curies":[{"name":"wp","href":"https:\/\/api.w.org\/{rel}","templated":true}]}}