{"id":177142,"date":"2020-03-10T13:31:54","date_gmt":"2020-03-10T13:31:54","guid":{"rendered":"https:\/\/www.welovecycling.com\/wide\/?p=177142"},"modified":"2020-03-10T13:31:54","modified_gmt":"2020-03-10T13:31:54","slug":"power-to-weight-ratio-why-do-cyclists-care-about-it","status":"publish","type":"post","link":"https:\/\/www.welovecycling.com\/wide\/2020\/03\/10\/power-to-weight-ratio-why-do-cyclists-care-about-it\/","title":{"rendered":"Power to Weight Ratio: Why Do Cyclists Care About It"},"content":{"rendered":"<p><strong>A lot of cyclists are working on their power-to-weight ratio and it wouldn\u2019t be hard to find some that are outright obsessed with it. That\u2019s because especially in certain scenarios involving long steep hills, the power-to-weight ratio is the best predictor of performance. Let\u2019s take a look at how much does this number influence performance on a flat surface compared to a medium and steep climb.<\/strong><!--more--><\/p>\n<h2><strong>Gravity, wind resistance, and road friction<\/strong><\/h2>\n<p>As a cyclist, you are fighting against three main forces when pushing your bike forward. You have to overcome gravity, drag caused by wind resistance, and drag caused by road friction. We know that gravity depends on the steepness of the road you\u2019re riding on, air resistance depends mostly on your speed and aero position, and road friction depends on the surface you are riding on. Now, let\u2019s take a look at a few scenarios to see how these forces influence absolute power and power-to-weight (PWR) requirements.<\/p>\n<h2><strong>Riding on flat roads<\/strong><\/h2>\n<p>On flats, you don\u2019t have to fight gravity at all, there\u2019s just wind resistance and friction. Friction is going to be very similar for both light and heavy riders. Bigger riders will have slightly more wind resistance because of their large frame but the difference won\u2019t be major in most cases. That\u2019s why absolute power is the main predictor of performance on flat courses. This is also why sprinters usually want big muscles and don\u2019t care that much about how heavy they get as opposed to endurance cyclists and hill specialists.<\/p>\n<p>https:\/\/www.instagram.com\/p\/Bvma0cFghQW\/<\/p>\n<p>Let\u2019s look at an example of two riders where the first weights 80 kg and can sustain 260W of power and the second weights 70 kg and can sustain 240W. The first cyclist has PWR of 3,25W\/kg and the second 3,43W\/kg. We will assume the winds are still and they both have an amazing road bike that weighs only 6 kg. If we use data on rolling and aerodynamic resistance, we can calculate that:<\/p>\n<p><strong>Our first rider will be able to maintain close to 36,9 km\/h<\/strong><br \/>\n<strong>Our second rider will be able to maintain only about 36,1 km\/h<\/strong><\/p>\n<p>Even though the second rider has a bigger PWR, he\/she will be slower when it comes to a flat race where gravity doesn\u2019t play a role. If this race were 37 km long, he\/she would still have 800 meters left when our first rider would cross the finish line.<\/p>\n<h2><strong>Riding uphill<\/strong><\/h2>\n<p>Gravity comes into play with hills and mountains. The steeper the climb, the lower the speed, which means that differences in wind resistance will become unimportant regardless of the size of the rider. But gravity will kick in instead. That\u2019s because carrying weight uphill causes you to have to work against the force of gravity. This explains why the power-to-weight ratio becomes especially important in this scenario and why climbers are trying to stay as lean as possible.<\/p>\n<p>https:\/\/www.instagram.com\/p\/BWshQ0FhGhY\/<\/p>\n<p>Returning back to our example, let\u2019s make our two riders do a hard 10-km-long 8 % gradient climb. We will again assume no winds and a 6-kg bike. For this scenario, we can calculate the following numbers:<\/p>\n<p><strong>Our first rider will be able to maintain close to 12,4 km\/h<\/strong><br \/>\n<strong>Our second rider will be able to maintain only about 12,9 km\/h<\/strong><\/p>\n<p>This tells us that our first rider will finish the climb in about 48 minutes and 20 seconds while our second climber would be at the top almost two minutes faster at 46 minutes and 26 seconds.<br \/>\nAbsolute power is not to be underestimated<\/p>\n<p>In short, we can say that the hillier the terrain, the more your power-to-weight ratio matters. But we must not forget that when power-to-weight ratios are identical, the rider with the highest absolute power will be faster. For example, if our first rider who weighs 80 kg improved to sustain 274W to match the PWR of 3,43W\/kg of our second rider, then he\/she will be faster because he\/she will have more power to overcome wind and frictional drag.<\/p>\n<h2><strong>What\u2019s the takeaway?<\/strong><\/h2>\n<p>The flatter the terrain, the more important absolute power becomes and the hillier the terrain, the more important PWR becomes. Now you have to decide what your priority is based on what type of riding you do most. If the power-to-weight ratio is important for you then stay tuned, there will be a lot more info in the following articles on how to improve it.<\/p>\n","protected":false},"excerpt":{"rendered":"<p>A lot of cyclists are working on their power-to-weight ratio and it wouldn\u2019t be hard to find some that are [&hellip;]<\/p>\n","protected":false},"author":12,"featured_media":174638,"comment_status":"open","ping_status":"open","sticky":false,"template":"","format":"standard","meta":{"footnotes":""},"categories":[332],"tags":[3954],"global-categories":[3366],"class_list":["post-177142","post","type-post","status-publish","format-standard","has-post-thumbnail","hentry","category-health-and-training","tag-power-to-weight-ratio","global-categories-cycling"],"yoast_head":"<!-- This site is optimized with the Yoast SEO Premium plugin v25.3 (Yoast SEO v25.9) - https:\/\/yoast.com\/wordpress\/plugins\/seo\/ -->\n<title>Power to Weight Ratio: Why Do Cyclists Care About It - \u0160koda We Love Cycling<\/title>\n<meta name=\"description\" content=\"A lot of cyclists are working on their power-to-weight ratio and it wouldn\u2019t be hard to find some that are outright obsessed with it. That\u2019s because\" \/>\n<meta name=\"robots\" content=\"index, follow, max-snippet:-1, max-image-preview:large, max-video-preview:-1\" \/>\n<link rel=\"canonical\" href=\"https:\/\/www.welovecycling.com\/wide\/2020\/03\/10\/power-to-weight-ratio-why-do-cyclists-care-about-it\/\" \/>\n<meta property=\"og:locale\" content=\"en_US\" \/>\n<meta property=\"og:type\" content=\"article\" \/>\n<meta property=\"og:title\" content=\"Power to Weight Ratio: Why Do Cyclists Care About It\" \/>\n<meta property=\"og:description\" content=\"A lot of cyclists are working on their power-to-weight ratio and it wouldn\u2019t be hard to find some that are outright obsessed with it. That\u2019s because\" \/>\n<meta property=\"og:url\" content=\"https:\/\/www.welovecycling.com\/wide\/2020\/03\/10\/power-to-weight-ratio-why-do-cyclists-care-about-it\/\" \/>\n<meta property=\"og:site_name\" content=\"\u0160koda We Love Cycling\" \/>\n<meta property=\"article:published_time\" content=\"2020-03-10T13:31:54+00:00\" \/>\n<meta property=\"og:image\" content=\"https:\/\/d2p6e6u75xmxt8.cloudfront.net\/2\/2019\/07\/Peter-Sagan-CVR-profimedia-0456877375.webp\" \/>\n\t<meta property=\"og:image:width\" content=\"900\" \/>\n\t<meta property=\"og:image:height\" content=\"600\" \/>\n\t<meta property=\"og:image:type\" content=\"image\/webp\" \/>\n<meta name=\"twitter:card\" content=\"summary_large_image\" \/>\n<meta name=\"twitter:label1\" content=\"Written by\" \/>\n\t<meta name=\"twitter:data1\" content=\"Jiri Kaloc\" \/>\n\t<meta name=\"twitter:label2\" content=\"Est. reading time\" \/>\n\t<meta name=\"twitter:data2\" content=\"5\" \/>\n<script type=\"application\/ld+json\" class=\"yoast-schema-graph\">{\"@context\":\"https:\/\/schema.org\",\"@graph\":[{\"@type\":\"WebPage\",\"@id\":\"https:\/\/www.welovecycling.com\/wide\/2020\/03\/10\/power-to-weight-ratio-why-do-cyclists-care-about-it\/\",\"url\":\"https:\/\/www.welovecycling.com\/wide\/2020\/03\/10\/power-to-weight-ratio-why-do-cyclists-care-about-it\/\",\"name\":\"Power to Weight Ratio: Why Do Cyclists Care About It - \u0160koda We Love Cycling\",\"isPartOf\":{\"@id\":\"https:\/\/www.welovecycling.com\/wide\/#website\"},\"primaryImageOfPage\":{\"@id\":\"https:\/\/www.welovecycling.com\/wide\/2020\/03\/10\/power-to-weight-ratio-why-do-cyclists-care-about-it\/#primaryimage\"},\"image\":{\"@id\":\"https:\/\/www.welovecycling.com\/wide\/2020\/03\/10\/power-to-weight-ratio-why-do-cyclists-care-about-it\/#primaryimage\"},\"thumbnailUrl\":\"https:\/\/d2p6e6u75xmxt8.cloudfront.net\/2\/2019\/07\/Peter-Sagan-CVR-profimedia-0456877375.webp\",\"datePublished\":\"2020-03-10T13:31:54+00:00\",\"author\":{\"@id\":\"\"},\"description\":\"A lot of cyclists are working on their power-to-weight ratio and it wouldn\u2019t be hard to find some that are outright obsessed with it. That\u2019s because\",\"breadcrumb\":{\"@id\":\"https:\/\/www.welovecycling.com\/wide\/2020\/03\/10\/power-to-weight-ratio-why-do-cyclists-care-about-it\/#breadcrumb\"},\"inLanguage\":\"en-US\",\"potentialAction\":[{\"@type\":\"ReadAction\",\"target\":[\"https:\/\/www.welovecycling.com\/wide\/2020\/03\/10\/power-to-weight-ratio-why-do-cyclists-care-about-it\/\"]}]},{\"@type\":\"ImageObject\",\"inLanguage\":\"en-US\",\"@id\":\"https:\/\/www.welovecycling.com\/wide\/2020\/03\/10\/power-to-weight-ratio-why-do-cyclists-care-about-it\/#primaryimage\",\"url\":\"https:\/\/d2p6e6u75xmxt8.cloudfront.net\/2\/2019\/07\/Peter-Sagan-CVR-profimedia-0456877375.webp\",\"contentUrl\":\"https:\/\/d2p6e6u75xmxt8.cloudfront.net\/2\/2019\/07\/Peter-Sagan-CVR-profimedia-0456877375.webp\",\"width\":900,\"height\":600},{\"@type\":\"BreadcrumbList\",\"@id\":\"https:\/\/www.welovecycling.com\/wide\/2020\/03\/10\/power-to-weight-ratio-why-do-cyclists-care-about-it\/#breadcrumb\",\"itemListElement\":[{\"@type\":\"ListItem\",\"position\":1,\"name\":\"Home\",\"item\":\"https:\/\/www.welovecycling.com\/wide\/\"},{\"@type\":\"ListItem\",\"position\":2,\"name\":\"Power to Weight Ratio: Why Do Cyclists Care About It\"}]},{\"@type\":\"WebSite\",\"@id\":\"https:\/\/www.welovecycling.com\/wide\/#website\",\"url\":\"https:\/\/www.welovecycling.com\/wide\/\",\"name\":\"\u0160koda We Love Cycling\",\"description\":\"\u0160koda We Love Cycling magazine\",\"alternateName\":\"\u0160koda WLC\",\"potentialAction\":[{\"@type\":\"SearchAction\",\"target\":{\"@type\":\"EntryPoint\",\"urlTemplate\":\"https:\/\/www.welovecycling.com\/wide\/?s={search_term_string}\"},\"query-input\":{\"@type\":\"PropertyValueSpecification\",\"valueRequired\":true,\"valueName\":\"search_term_string\"}}],\"inLanguage\":\"en-US\"},{\"@type\":\"Person\",\"@id\":\"\",\"url\":\"https:\/\/www.welovecycling.com\/wide\/author\/\"}]}<\/script>\n<!-- \/ Yoast SEO Premium plugin. -->","yoast_head_json":{"title":"Power to Weight Ratio: Why Do Cyclists Care About It - \u0160koda We Love Cycling","description":"A lot of cyclists are working on their power-to-weight ratio and it wouldn\u2019t be hard to find some that are outright obsessed with it. That\u2019s because","robots":{"index":"index","follow":"follow","max-snippet":"max-snippet:-1","max-image-preview":"max-image-preview:large","max-video-preview":"max-video-preview:-1"},"canonical":"https:\/\/www.welovecycling.com\/wide\/2020\/03\/10\/power-to-weight-ratio-why-do-cyclists-care-about-it\/","og_locale":"en_US","og_type":"article","og_title":"Power to Weight Ratio: Why Do Cyclists Care About It","og_description":"A lot of cyclists are working on their power-to-weight ratio and it wouldn\u2019t be hard to find some that are outright obsessed with it. That\u2019s because","og_url":"https:\/\/www.welovecycling.com\/wide\/2020\/03\/10\/power-to-weight-ratio-why-do-cyclists-care-about-it\/","og_site_name":"\u0160koda We Love Cycling","article_published_time":"2020-03-10T13:31:54+00:00","og_image":[{"width":900,"height":600,"url":"https:\/\/d2p6e6u75xmxt8.cloudfront.net\/2\/2019\/07\/Peter-Sagan-CVR-profimedia-0456877375.webp","type":"image\/webp"}],"twitter_card":"summary_large_image","twitter_misc":{"Written by":"Jiri Kaloc","Est. reading time":"5"},"schema":{"@context":"https:\/\/schema.org","@graph":[{"@type":"WebPage","@id":"https:\/\/www.welovecycling.com\/wide\/2020\/03\/10\/power-to-weight-ratio-why-do-cyclists-care-about-it\/","url":"https:\/\/www.welovecycling.com\/wide\/2020\/03\/10\/power-to-weight-ratio-why-do-cyclists-care-about-it\/","name":"Power to Weight Ratio: Why Do Cyclists Care About It - \u0160koda We Love Cycling","isPartOf":{"@id":"https:\/\/www.welovecycling.com\/wide\/#website"},"primaryImageOfPage":{"@id":"https:\/\/www.welovecycling.com\/wide\/2020\/03\/10\/power-to-weight-ratio-why-do-cyclists-care-about-it\/#primaryimage"},"image":{"@id":"https:\/\/www.welovecycling.com\/wide\/2020\/03\/10\/power-to-weight-ratio-why-do-cyclists-care-about-it\/#primaryimage"},"thumbnailUrl":"https:\/\/d2p6e6u75xmxt8.cloudfront.net\/2\/2019\/07\/Peter-Sagan-CVR-profimedia-0456877375.webp","datePublished":"2020-03-10T13:31:54+00:00","author":{"@id":""},"description":"A lot of cyclists are working on their power-to-weight ratio and it wouldn\u2019t be hard to find some that are outright obsessed with it. That\u2019s because","breadcrumb":{"@id":"https:\/\/www.welovecycling.com\/wide\/2020\/03\/10\/power-to-weight-ratio-why-do-cyclists-care-about-it\/#breadcrumb"},"inLanguage":"en-US","potentialAction":[{"@type":"ReadAction","target":["https:\/\/www.welovecycling.com\/wide\/2020\/03\/10\/power-to-weight-ratio-why-do-cyclists-care-about-it\/"]}]},{"@type":"ImageObject","inLanguage":"en-US","@id":"https:\/\/www.welovecycling.com\/wide\/2020\/03\/10\/power-to-weight-ratio-why-do-cyclists-care-about-it\/#primaryimage","url":"https:\/\/d2p6e6u75xmxt8.cloudfront.net\/2\/2019\/07\/Peter-Sagan-CVR-profimedia-0456877375.webp","contentUrl":"https:\/\/d2p6e6u75xmxt8.cloudfront.net\/2\/2019\/07\/Peter-Sagan-CVR-profimedia-0456877375.webp","width":900,"height":600},{"@type":"BreadcrumbList","@id":"https:\/\/www.welovecycling.com\/wide\/2020\/03\/10\/power-to-weight-ratio-why-do-cyclists-care-about-it\/#breadcrumb","itemListElement":[{"@type":"ListItem","position":1,"name":"Home","item":"https:\/\/www.welovecycling.com\/wide\/"},{"@type":"ListItem","position":2,"name":"Power to Weight Ratio: Why Do Cyclists Care About It"}]},{"@type":"WebSite","@id":"https:\/\/www.welovecycling.com\/wide\/#website","url":"https:\/\/www.welovecycling.com\/wide\/","name":"\u0160koda We Love Cycling","description":"\u0160koda We Love Cycling magazine","alternateName":"\u0160koda WLC","potentialAction":[{"@type":"SearchAction","target":{"@type":"EntryPoint","urlTemplate":"https:\/\/www.welovecycling.com\/wide\/?s={search_term_string}"},"query-input":{"@type":"PropertyValueSpecification","valueRequired":true,"valueName":"search_term_string"}}],"inLanguage":"en-US"},{"@type":"Person","@id":"","url":"https:\/\/www.welovecycling.com\/wide\/author\/"}]}},"_links":{"self":[{"href":"https:\/\/www.welovecycling.com\/wide\/wp-json\/wp\/v2\/posts\/177142","targetHints":{"allow":["GET"]}}],"collection":[{"href":"https:\/\/www.welovecycling.com\/wide\/wp-json\/wp\/v2\/posts"}],"about":[{"href":"https:\/\/www.welovecycling.com\/wide\/wp-json\/wp\/v2\/types\/post"}],"author":[{"embeddable":true,"href":"https:\/\/www.welovecycling.com\/wide\/wp-json\/wp\/v2\/users\/12"}],"replies":[{"embeddable":true,"href":"https:\/\/www.welovecycling.com\/wide\/wp-json\/wp\/v2\/comments?post=177142"}],"version-history":[{"count":2,"href":"https:\/\/www.welovecycling.com\/wide\/wp-json\/wp\/v2\/posts\/177142\/revisions"}],"predecessor-version":[{"id":177146,"href":"https:\/\/www.welovecycling.com\/wide\/wp-json\/wp\/v2\/posts\/177142\/revisions\/177146"}],"wp:featuredmedia":[{"embeddable":true,"href":"https:\/\/www.welovecycling.com\/wide\/wp-json\/wp\/v2\/media\/174638"}],"wp:attachment":[{"href":"https:\/\/www.welovecycling.com\/wide\/wp-json\/wp\/v2\/media?parent=177142"}],"wp:term":[{"taxonomy":"category","embeddable":true,"href":"https:\/\/www.welovecycling.com\/wide\/wp-json\/wp\/v2\/categories?post=177142"},{"taxonomy":"post_tag","embeddable":true,"href":"https:\/\/www.welovecycling.com\/wide\/wp-json\/wp\/v2\/tags?post=177142"},{"taxonomy":"global-categories","embeddable":true,"href":"https:\/\/www.welovecycling.com\/wide\/wp-json\/wp\/v2\/global-categories?post=177142"}],"curies":[{"name":"wp","href":"https:\/\/api.w.org\/{rel}","templated":true}]}}