{"id":176861,"date":"2020-02-12T10:05:56","date_gmt":"2020-02-12T10:05:56","guid":{"rendered":"https:\/\/www.welovecycling.com\/wide\/?p=176861"},"modified":"2024-08-08T06:03:06","modified_gmt":"2024-08-08T06:03:06","slug":"finally-a-fair-bike-market-has-arisen","status":"publish","type":"post","link":"https:\/\/www.welovecycling.com\/wide\/2020\/02\/12\/finally-a-fair-bike-market-has-arisen\/","title":{"rendered":"Finally A Fair Bike Market Has Arisen"},"content":{"rendered":"<p><strong>Six million bicycles are stolen in Europe every year, and that is just the number of the thefts that get reported. The story of <a href=\"https:\/\/bikefair.org\/\">BikeFair<\/a> began with one of them, a shady bike purchase, and a young graduate looking for new business opportunities in Rotterdam.<\/strong><!--more--><\/p>\n<p>Some Dutch people call bike theft a national sport. That\u2019s how Jan Pecnik came up with the idea to establish a safe space for buying or selling non-stolen bicycles in the Netherlands. After he had moved to Rotterdam to study at the university, he soon realised that a bicycle is a must. After checking a few bike stores in the city, he found out that a new bike is a bit too expensive for a student.<\/p>\n<p><img loading=\"lazy\" decoding=\"async\" class=\"alignnone wp-image-176862 size-full\" src=\"https:\/\/d2p6e6u75xmxt8.cloudfront.net\/2\/2020\/02\/BikeFair-1.JPG.jpg\" alt=\"\" width=\"1812\" height=\"581\" \/><\/p>\n<p>\u201cDays into searching a sold-out market on social media, with no other options available, I set up an appointment on the other side of the city, in a district even the school warned the students about up front. To my disappointment the seller, coming about half an hour late, brought a completely different bike and asked about 50% more than initially agreed on,\u201d Jan remembers.<\/p>\n<p>And while cash payment was the only option, withdrawing the extra money in a shady area with an unknown guy just behind the back was quite an uncomfortable experience. With no other bikes available, Jan took his chances nevertheless. Only to figure out later that the bike was likely stolen just a while ago.<\/p>\n<p>A couple of years later, while searching for a new work opportunity, Jan had a brilliant idea. How about creating a platform for those in search of a second-hand bike; one that is safe and guarantees a completely legal and clear transaction? Together with his friend, Dominik Nguyen, he set up BikeFair: an online platform for safe bicycle purchase. How does it work?<\/p>\n<blockquote class=\"instagram-media\" data-instgrm-captioned data-instgrm-permalink=\"https:\/\/www.instagram.com\/p\/ByCPhsjlvND\/?utm_source=ig_embed&amp;utm_campaign=loading\" data-instgrm-version=\"14\" style=\" background:#FFF; border:0; border-radius:3px; box-shadow:0 0 1px 0 rgba(0,0,0,0.5),0 1px 10px 0 rgba(0,0,0,0.15); margin: 1px; max-width:540px; min-width:326px; padding:0; width:99.375%; width:-webkit-calc(100% - 2px); width:calc(100% - 2px);\">\n<div style=\"padding:16px;\"> <a href=\"https:\/\/www.instagram.com\/p\/ByCPhsjlvND\/?utm_source=ig_embed&amp;utm_campaign=loading\" style=\" background:#FFFFFF; line-height:0; padding:0 0; text-align:center; text-decoration:none; width:100%;\" target=\"_blank\" rel=\"noopener\"> <\/p>\n<div style=\" display: flex; flex-direction: row; align-items: center;\">\n<div style=\"background-color: #F4F4F4; border-radius: 50%; flex-grow: 0; height: 40px; margin-right: 14px; width: 40px;\"><\/div>\n<div style=\"display: flex; flex-direction: column; flex-grow: 1; justify-content: center;\">\n<div style=\" background-color: #F4F4F4; border-radius: 4px; flex-grow: 0; height: 14px; margin-bottom: 6px; width: 100px;\"><\/div>\n<div style=\" background-color: #F4F4F4; border-radius: 4px; flex-grow: 0; height: 14px; width: 60px;\"><\/div>\n<\/div>\n<\/div>\n<div style=\"padding: 19% 0;\"><\/div>\n<div style=\"display:block; height:50px; margin:0 auto 12px; width:50px;\"><svg width=\"50px\" height=\"50px\" viewBox=\"0 0 60 60\" version=\"1.1\" xmlns=\"https:\/\/www.w3.org\/2000\/svg\" xmlns:xlink=\"https:\/\/www.w3.org\/1999\/xlink\"><g stroke=\"none\" stroke-width=\"1\" fill=\"none\" fill-rule=\"evenodd\"><g transform=\"translate(-511.000000, -20.000000)\" fill=\"#000000\"><g><path d=\"M556.869,30.41 C554.814,30.41 553.148,32.076 553.148,34.131 C553.148,36.186 554.814,37.852 556.869,37.852 C558.924,37.852 560.59,36.186 560.59,34.131 C560.59,32.076 558.924,30.41 556.869,30.41 M541,60.657 C535.114,60.657 530.342,55.887 530.342,50 C530.342,44.114 535.114,39.342 541,39.342 C546.887,39.342 551.658,44.114 551.658,50 C551.658,55.887 546.887,60.657 541,60.657 M541,33.886 C532.1,33.886 524.886,41.1 524.886,50 C524.886,58.899 532.1,66.113 541,66.113 C549.9,66.113 557.115,58.899 557.115,50 C557.115,41.1 549.9,33.886 541,33.886 M565.378,62.101 C565.244,65.022 564.756,66.606 564.346,67.663 C563.803,69.06 563.154,70.057 562.106,71.106 C561.058,72.155 560.06,72.803 558.662,73.347 C557.607,73.757 556.021,74.244 553.102,74.378 C549.944,74.521 548.997,74.552 541,74.552 C533.003,74.552 532.056,74.521 528.898,74.378 C525.979,74.244 524.393,73.757 523.338,73.347 C521.94,72.803 520.942,72.155 519.894,71.106 C518.846,70.057 518.197,69.06 517.654,67.663 C517.244,66.606 516.755,65.022 516.623,62.101 C516.479,58.943 516.448,57.996 516.448,50 C516.448,42.003 516.479,41.056 516.623,37.899 C516.755,34.978 517.244,33.391 517.654,32.338 C518.197,30.938 518.846,29.942 519.894,28.894 C520.942,27.846 521.94,27.196 523.338,26.654 C524.393,26.244 525.979,25.756 528.898,25.623 C532.057,25.479 533.004,25.448 541,25.448 C548.997,25.448 549.943,25.479 553.102,25.623 C556.021,25.756 557.607,26.244 558.662,26.654 C560.06,27.196 561.058,27.846 562.106,28.894 C563.154,29.942 563.803,30.938 564.346,32.338 C564.756,33.391 565.244,34.978 565.378,37.899 C565.522,41.056 565.552,42.003 565.552,50 C565.552,57.996 565.522,58.943 565.378,62.101 M570.82,37.631 C570.674,34.438 570.167,32.258 569.425,30.349 C568.659,28.377 567.633,26.702 565.965,25.035 C564.297,23.368 562.623,22.342 560.652,21.575 C558.743,20.834 556.562,20.326 553.369,20.18 C550.169,20.033 549.148,20 541,20 C532.853,20 531.831,20.033 528.631,20.18 C525.438,20.326 523.257,20.834 521.349,21.575 C519.376,22.342 517.703,23.368 516.035,25.035 C514.368,26.702 513.342,28.377 512.574,30.349 C511.834,32.258 511.326,34.438 511.181,37.631 C511.035,40.831 511,41.851 511,50 C511,58.147 511.035,59.17 511.181,62.369 C511.326,65.562 511.834,67.743 512.574,69.651 C513.342,71.625 514.368,73.296 516.035,74.965 C517.703,76.634 519.376,77.658 521.349,78.425 C523.257,79.167 525.438,79.673 528.631,79.82 C531.831,79.965 532.853,80.001 541,80.001 C549.148,80.001 550.169,79.965 553.369,79.82 C556.562,79.673 558.743,79.167 560.652,78.425 C562.623,77.658 564.297,76.634 565.965,74.965 C567.633,73.296 568.659,71.625 569.425,69.651 C570.167,67.743 570.674,65.562 570.82,62.369 C570.966,59.17 571,58.147 571,50 C571,41.851 570.966,40.831 570.82,37.631\"><\/path><\/g><\/g><\/g><\/svg><\/div>\n<div style=\"padding-top: 8px;\">\n<div style=\" color:#3897f0; font-family:Arial,sans-serif; font-size:14px; font-style:normal; font-weight:550; line-height:18px;\">Zobrazit p\u0159\u00edsp\u011bvek na Instagramu<\/div>\n<\/div>\n<div style=\"padding: 12.5% 0;\"><\/div>\n<div style=\"display: flex; flex-direction: row; margin-bottom: 14px; align-items: center;\">\n<div>\n<div style=\"background-color: #F4F4F4; border-radius: 50%; height: 12.5px; width: 12.5px; transform: translateX(0px) translateY(7px);\"><\/div>\n<div style=\"background-color: #F4F4F4; height: 12.5px; transform: rotate(-45deg) translateX(3px) translateY(1px); width: 12.5px; flex-grow: 0; margin-right: 14px; margin-left: 2px;\"><\/div>\n<div style=\"background-color: #F4F4F4; border-radius: 50%; height: 12.5px; width: 12.5px; transform: translateX(9px) translateY(-18px);\"><\/div>\n<\/div>\n<div style=\"margin-left: 8px;\">\n<div style=\" background-color: #F4F4F4; border-radius: 50%; flex-grow: 0; height: 20px; width: 20px;\"><\/div>\n<div style=\" width: 0; height: 0; border-top: 2px solid transparent; border-left: 6px solid #f4f4f4; border-bottom: 2px solid transparent; transform: translateX(16px) translateY(-4px) rotate(30deg)\"><\/div>\n<\/div>\n<div style=\"margin-left: auto;\">\n<div style=\" width: 0px; border-top: 8px solid #F4F4F4; border-right: 8px solid transparent; transform: translateY(16px);\"><\/div>\n<div style=\" background-color: #F4F4F4; flex-grow: 0; height: 12px; width: 16px; transform: translateY(-4px);\"><\/div>\n<div style=\" width: 0; height: 0; border-top: 8px solid #F4F4F4; border-left: 8px solid transparent; transform: translateY(-4px) translateX(8px);\"><\/div>\n<\/div>\n<\/div>\n<div style=\"display: flex; flex-direction: column; flex-grow: 1; justify-content: center; margin-bottom: 24px;\">\n<div style=\" background-color: #F4F4F4; border-radius: 4px; flex-grow: 0; height: 14px; margin-bottom: 6px; width: 224px;\"><\/div>\n<div style=\" background-color: #F4F4F4; border-radius: 4px; flex-grow: 0; height: 14px; width: 144px;\"><\/div>\n<\/div>\n<p><\/a><\/p>\n<p style=\" color:#c9c8cd; font-family:Arial,sans-serif; font-size:14px; line-height:17px; margin-bottom:0; margin-top:8px; overflow:hidden; padding:8px 0 7px; text-align:center; text-overflow:ellipsis; white-space:nowrap;\"><a href=\"https:\/\/www.instagram.com\/p\/ByCPhsjlvND\/?utm_source=ig_embed&amp;utm_campaign=loading\" style=\" color:#c9c8cd; font-family:Arial,sans-serif; font-size:14px; font-style:normal; font-weight:normal; line-height:17px; text-decoration:none;\" target=\"_blank\" rel=\"noopener\">P\u0159\u00edsp\u011bvek sd\u00edlen\u00fd BikeFair: De Fiets Marktplaats (@bikefairorg)<\/a><\/p>\n<\/div>\n<\/blockquote>\n<p> <script async src=\"\/\/www.instagram.com\/embed.js\"><\/script>&nbsp;<\/p>\n<h2><strong>Browsing for a new bike<\/strong><\/h2>\n<p>To find their new two-wheeled buddy, the customers simply browse the website using filters that help them sort the bicycles according to location, size or specific features. Once they pick their desired piece, they make a reservation and pay a deposit equalling the full price of the bicycle.<\/p>\n<p>Afterwards, a hand-over meeting is arranged with the seller. If the buyer likes what they see, they can simply confirm the handover with the BikeFair system and the deposit is swiftly transferred to the seller\u2019s account. If, for whatever reason, they don\u2019t like the bike, the deposit money is immediately returned to them. Simple as that.<\/p>\n<h2><strong>Totally legit<\/strong><\/h2>\n<p>Given the whole bike theft situation in the Netherlands, how does the BikeFair team make sure the bicycles on their platform are 100% theft-free?<\/p>\n<p>\u201cAmong others, we verify the legality of every single bike offered on BikeFair to make sure there is zero space for thieves and fencers. Together with the police and several world\u2019s largest registrars of stolen bikes we use frame numbers to check the track record of the bike, and in case of doubts we also touch base with the seller.\u201d<\/p>\n<figure id=\"attachment_146298\" aria-describedby=\"caption-attachment-146298\" style=\"width: 1800px\" class=\"wp-caption alignnone\"><img loading=\"lazy\" decoding=\"async\" class=\"size-full wp-image-146298\" src=\"https:\/\/d2p6e6u75xmxt8.cloudfront.net\/2\/2017\/01\/profimedia-0213825950.jpg\" alt=\"\" width=\"1800\" height=\"1200\" \/><figcaption id=\"caption-attachment-146298\" class=\"wp-caption-text\">A bridge over a the Singel canal in Amsterdam\u00a0\u00a9 Profimedia, Alamy<\/figcaption><\/figure>\n<p>Further measures include registering the bikes and their new owners in the Bike Index database and providing each bike with a non-removable security sticker. Last but not least, the BikeFair team engages in raising awareness of important cycling issues: how to choose the right lock, what is the best way to lock your bike or what to do when it gets stolen.<\/p>\n<p>At the moment, the BikeFair platform is available in the Netherlands, but in the spring of 2020, it shall be open for cyclists in the UK and US. Take that, thieves!<\/p>\n","protected":false},"excerpt":{"rendered":"<p>Six million bicycles are stolen in Europe every year, and that is just the number of the thefts that get [&hellip;]<\/p>\n","protected":false},"author":155,"featured_media":176865,"comment_status":"open","ping_status":"open","sticky":false,"template":"","format":"standard","meta":{"footnotes":""},"categories":[334,330],"tags":[3904,395,3889,3338],"global-categories":[3366],"class_list":["post-176861","post","type-post","status-publish","format-standard","has-post-thumbnail","hentry","category-socialising-and-culture","category-urban-cycling","tag-bike-market","tag-bike-stealing","tag-bikefair","tag-jan-pecnik","global-categories-cycling"],"yoast_head":"<!-- This site is optimized with the Yoast SEO Premium plugin v25.3 (Yoast SEO v25.9) - https:\/\/yoast.com\/wordpress\/plugins\/seo\/ -->\n<title>Finally A Fair Bike Market Has Arisen - \u0160koda We Love Cycling<\/title>\n<meta name=\"description\" content=\"Six million bicycles are stolen in Europe every year, and that is just the number of the thefts that get reported. The story of BikeFair began with one of\" \/>\n<meta name=\"robots\" content=\"index, follow, max-snippet:-1, max-image-preview:large, max-video-preview:-1\" \/>\n<link rel=\"canonical\" href=\"https:\/\/www.welovecycling.com\/wide\/2020\/02\/12\/finally-a-fair-bike-market-has-arisen\/\" \/>\n<meta property=\"og:locale\" content=\"en_US\" \/>\n<meta property=\"og:type\" content=\"article\" \/>\n<meta property=\"og:title\" content=\"Finally A Fair Bike Market Has Arisen\" \/>\n<meta property=\"og:description\" content=\"Six million bicycles are stolen in Europe every year, and that is just the number of the thefts that get reported. The story of BikeFair began with one of\" \/>\n<meta property=\"og:url\" content=\"https:\/\/www.welovecycling.com\/wide\/2020\/02\/12\/finally-a-fair-bike-market-has-arisen\/\" \/>\n<meta property=\"og:site_name\" content=\"\u0160koda We Love Cycling\" \/>\n<meta property=\"article:published_time\" content=\"2020-02-12T10:05:56+00:00\" \/>\n<meta property=\"article:modified_time\" content=\"2024-08-08T06:03:06+00:00\" \/>\n<meta property=\"og:image\" content=\"https:\/\/d2p6e6u75xmxt8.cloudfront.net\/2\/2020\/02\/Utrecht-CVR-profimedia-0466667101.webp\" \/>\n\t<meta property=\"og:image:width\" content=\"900\" \/>\n\t<meta property=\"og:image:height\" content=\"600\" \/>\n\t<meta property=\"og:image:type\" content=\"image\/webp\" \/>\n<meta name=\"author\" content=\"andreamchamp\" \/>\n<meta name=\"twitter:card\" content=\"summary_large_image\" \/>\n<meta name=\"twitter:label1\" content=\"Written by\" \/>\n\t<meta name=\"twitter:data1\" content=\"Tereza Antonova\" \/>\n\t<meta name=\"twitter:label2\" content=\"Est. reading time\" \/>\n\t<meta name=\"twitter:data2\" content=\"7\" \/>\n<script type=\"application\/ld+json\" class=\"yoast-schema-graph\">{\"@context\":\"https:\/\/schema.org\",\"@graph\":[{\"@type\":\"WebPage\",\"@id\":\"https:\/\/www.welovecycling.com\/wide\/2020\/02\/12\/finally-a-fair-bike-market-has-arisen\/\",\"url\":\"https:\/\/www.welovecycling.com\/wide\/2020\/02\/12\/finally-a-fair-bike-market-has-arisen\/\",\"name\":\"Finally A Fair Bike Market Has Arisen - \u0160koda We Love Cycling\",\"isPartOf\":{\"@id\":\"https:\/\/www.welovecycling.com\/wide\/#website\"},\"primaryImageOfPage\":{\"@id\":\"https:\/\/www.welovecycling.com\/wide\/2020\/02\/12\/finally-a-fair-bike-market-has-arisen\/#primaryimage\"},\"image\":{\"@id\":\"https:\/\/www.welovecycling.com\/wide\/2020\/02\/12\/finally-a-fair-bike-market-has-arisen\/#primaryimage\"},\"thumbnailUrl\":\"https:\/\/d2p6e6u75xmxt8.cloudfront.net\/2\/2020\/02\/Utrecht-CVR-profimedia-0466667101.webp\",\"datePublished\":\"2020-02-12T10:05:56+00:00\",\"dateModified\":\"2024-08-08T06:03:06+00:00\",\"author\":{\"@id\":\"https:\/\/www.welovecycling.com\/wide\/#\/schema\/person\/aacfad255a8e6289bb4427c1cb01dde3\"},\"description\":\"Six million bicycles are stolen in Europe every year, and that is just the number of the thefts that get reported. The story of BikeFair began with one of\",\"breadcrumb\":{\"@id\":\"https:\/\/www.welovecycling.com\/wide\/2020\/02\/12\/finally-a-fair-bike-market-has-arisen\/#breadcrumb\"},\"inLanguage\":\"en-US\",\"potentialAction\":[{\"@type\":\"ReadAction\",\"target\":[\"https:\/\/www.welovecycling.com\/wide\/2020\/02\/12\/finally-a-fair-bike-market-has-arisen\/\"]}]},{\"@type\":\"ImageObject\",\"inLanguage\":\"en-US\",\"@id\":\"https:\/\/www.welovecycling.com\/wide\/2020\/02\/12\/finally-a-fair-bike-market-has-arisen\/#primaryimage\",\"url\":\"https:\/\/d2p6e6u75xmxt8.cloudfront.net\/2\/2020\/02\/Utrecht-CVR-profimedia-0466667101.webp\",\"contentUrl\":\"https:\/\/d2p6e6u75xmxt8.cloudfront.net\/2\/2020\/02\/Utrecht-CVR-profimedia-0466667101.webp\",\"width\":900,\"height\":600},{\"@type\":\"BreadcrumbList\",\"@id\":\"https:\/\/www.welovecycling.com\/wide\/2020\/02\/12\/finally-a-fair-bike-market-has-arisen\/#breadcrumb\",\"itemListElement\":[{\"@type\":\"ListItem\",\"position\":1,\"name\":\"Home\",\"item\":\"https:\/\/www.welovecycling.com\/wide\/\"},{\"@type\":\"ListItem\",\"position\":2,\"name\":\"Finally A Fair Bike Market Has Arisen\"}]},{\"@type\":\"WebSite\",\"@id\":\"https:\/\/www.welovecycling.com\/wide\/#website\",\"url\":\"https:\/\/www.welovecycling.com\/wide\/\",\"name\":\"\u0160koda We Love Cycling\",\"description\":\"\u0160koda We Love Cycling magazine\",\"alternateName\":\"\u0160koda WLC\",\"potentialAction\":[{\"@type\":\"SearchAction\",\"target\":{\"@type\":\"EntryPoint\",\"urlTemplate\":\"https:\/\/www.welovecycling.com\/wide\/?s={search_term_string}\"},\"query-input\":{\"@type\":\"PropertyValueSpecification\",\"valueRequired\":true,\"valueName\":\"search_term_string\"}}],\"inLanguage\":\"en-US\"},{\"@type\":\"Person\",\"@id\":\"https:\/\/www.welovecycling.com\/wide\/#\/schema\/person\/aacfad255a8e6289bb4427c1cb01dde3\",\"name\":\"andreamchamp\",\"image\":{\"@type\":\"ImageObject\",\"inLanguage\":\"en-US\",\"@id\":\"https:\/\/www.welovecycling.com\/wide\/#\/schema\/person\/image\/\",\"url\":\"https:\/\/secure.gravatar.com\/avatar\/ba05d11c94daa34f2e23b9af71171bd22a03f25a73c6016b9bc66788a88267f7?s=96&d=mm&r=g\",\"contentUrl\":\"https:\/\/secure.gravatar.com\/avatar\/ba05d11c94daa34f2e23b9af71171bd22a03f25a73c6016b9bc66788a88267f7?s=96&d=mm&r=g\",\"caption\":\"andreamchamp\"},\"url\":\"https:\/\/www.welovecycling.com\/wide\/author\/andreamchamp\/\"}]}<\/script>\n<!-- \/ Yoast SEO Premium plugin. -->","yoast_head_json":{"title":"Finally A Fair Bike Market Has Arisen - \u0160koda We Love Cycling","description":"Six million bicycles are stolen in Europe every year, and that is just the number of the thefts that get reported. The story of BikeFair began with one of","robots":{"index":"index","follow":"follow","max-snippet":"max-snippet:-1","max-image-preview":"max-image-preview:large","max-video-preview":"max-video-preview:-1"},"canonical":"https:\/\/www.welovecycling.com\/wide\/2020\/02\/12\/finally-a-fair-bike-market-has-arisen\/","og_locale":"en_US","og_type":"article","og_title":"Finally A Fair Bike Market Has Arisen","og_description":"Six million bicycles are stolen in Europe every year, and that is just the number of the thefts that get reported. The story of BikeFair began with one of","og_url":"https:\/\/www.welovecycling.com\/wide\/2020\/02\/12\/finally-a-fair-bike-market-has-arisen\/","og_site_name":"\u0160koda We Love Cycling","article_published_time":"2020-02-12T10:05:56+00:00","article_modified_time":"2024-08-08T06:03:06+00:00","og_image":[{"width":900,"height":600,"url":"https:\/\/d2p6e6u75xmxt8.cloudfront.net\/2\/2020\/02\/Utrecht-CVR-profimedia-0466667101.webp","type":"image\/webp"}],"author":"andreamchamp","twitter_card":"summary_large_image","twitter_misc":{"Written by":"Tereza Antonova","Est. reading time":"7"},"schema":{"@context":"https:\/\/schema.org","@graph":[{"@type":"WebPage","@id":"https:\/\/www.welovecycling.com\/wide\/2020\/02\/12\/finally-a-fair-bike-market-has-arisen\/","url":"https:\/\/www.welovecycling.com\/wide\/2020\/02\/12\/finally-a-fair-bike-market-has-arisen\/","name":"Finally A Fair Bike Market Has Arisen - \u0160koda We Love Cycling","isPartOf":{"@id":"https:\/\/www.welovecycling.com\/wide\/#website"},"primaryImageOfPage":{"@id":"https:\/\/www.welovecycling.com\/wide\/2020\/02\/12\/finally-a-fair-bike-market-has-arisen\/#primaryimage"},"image":{"@id":"https:\/\/www.welovecycling.com\/wide\/2020\/02\/12\/finally-a-fair-bike-market-has-arisen\/#primaryimage"},"thumbnailUrl":"https:\/\/d2p6e6u75xmxt8.cloudfront.net\/2\/2020\/02\/Utrecht-CVR-profimedia-0466667101.webp","datePublished":"2020-02-12T10:05:56+00:00","dateModified":"2024-08-08T06:03:06+00:00","author":{"@id":"https:\/\/www.welovecycling.com\/wide\/#\/schema\/person\/aacfad255a8e6289bb4427c1cb01dde3"},"description":"Six million bicycles are stolen in Europe every year, and that is just the number of the thefts that get reported. The story of BikeFair began with one of","breadcrumb":{"@id":"https:\/\/www.welovecycling.com\/wide\/2020\/02\/12\/finally-a-fair-bike-market-has-arisen\/#breadcrumb"},"inLanguage":"en-US","potentialAction":[{"@type":"ReadAction","target":["https:\/\/www.welovecycling.com\/wide\/2020\/02\/12\/finally-a-fair-bike-market-has-arisen\/"]}]},{"@type":"ImageObject","inLanguage":"en-US","@id":"https:\/\/www.welovecycling.com\/wide\/2020\/02\/12\/finally-a-fair-bike-market-has-arisen\/#primaryimage","url":"https:\/\/d2p6e6u75xmxt8.cloudfront.net\/2\/2020\/02\/Utrecht-CVR-profimedia-0466667101.webp","contentUrl":"https:\/\/d2p6e6u75xmxt8.cloudfront.net\/2\/2020\/02\/Utrecht-CVR-profimedia-0466667101.webp","width":900,"height":600},{"@type":"BreadcrumbList","@id":"https:\/\/www.welovecycling.com\/wide\/2020\/02\/12\/finally-a-fair-bike-market-has-arisen\/#breadcrumb","itemListElement":[{"@type":"ListItem","position":1,"name":"Home","item":"https:\/\/www.welovecycling.com\/wide\/"},{"@type":"ListItem","position":2,"name":"Finally A Fair Bike Market Has Arisen"}]},{"@type":"WebSite","@id":"https:\/\/www.welovecycling.com\/wide\/#website","url":"https:\/\/www.welovecycling.com\/wide\/","name":"\u0160koda We Love Cycling","description":"\u0160koda We Love Cycling magazine","alternateName":"\u0160koda WLC","potentialAction":[{"@type":"SearchAction","target":{"@type":"EntryPoint","urlTemplate":"https:\/\/www.welovecycling.com\/wide\/?s={search_term_string}"},"query-input":{"@type":"PropertyValueSpecification","valueRequired":true,"valueName":"search_term_string"}}],"inLanguage":"en-US"},{"@type":"Person","@id":"https:\/\/www.welovecycling.com\/wide\/#\/schema\/person\/aacfad255a8e6289bb4427c1cb01dde3","name":"andreamchamp","image":{"@type":"ImageObject","inLanguage":"en-US","@id":"https:\/\/www.welovecycling.com\/wide\/#\/schema\/person\/image\/","url":"https:\/\/secure.gravatar.com\/avatar\/ba05d11c94daa34f2e23b9af71171bd22a03f25a73c6016b9bc66788a88267f7?s=96&d=mm&r=g","contentUrl":"https:\/\/secure.gravatar.com\/avatar\/ba05d11c94daa34f2e23b9af71171bd22a03f25a73c6016b9bc66788a88267f7?s=96&d=mm&r=g","caption":"andreamchamp"},"url":"https:\/\/www.welovecycling.com\/wide\/author\/andreamchamp\/"}]}},"_links":{"self":[{"href":"https:\/\/www.welovecycling.com\/wide\/wp-json\/wp\/v2\/posts\/176861","targetHints":{"allow":["GET"]}}],"collection":[{"href":"https:\/\/www.welovecycling.com\/wide\/wp-json\/wp\/v2\/posts"}],"about":[{"href":"https:\/\/www.welovecycling.com\/wide\/wp-json\/wp\/v2\/types\/post"}],"author":[{"embeddable":true,"href":"https:\/\/www.welovecycling.com\/wide\/wp-json\/wp\/v2\/users\/155"}],"replies":[{"embeddable":true,"href":"https:\/\/www.welovecycling.com\/wide\/wp-json\/wp\/v2\/comments?post=176861"}],"version-history":[{"count":3,"href":"https:\/\/www.welovecycling.com\/wide\/wp-json\/wp\/v2\/posts\/176861\/revisions"}],"predecessor-version":[{"id":196452,"href":"https:\/\/www.welovecycling.com\/wide\/wp-json\/wp\/v2\/posts\/176861\/revisions\/196452"}],"wp:featuredmedia":[{"embeddable":true,"href":"https:\/\/www.welovecycling.com\/wide\/wp-json\/wp\/v2\/media\/176865"}],"wp:attachment":[{"href":"https:\/\/www.welovecycling.com\/wide\/wp-json\/wp\/v2\/media?parent=176861"}],"wp:term":[{"taxonomy":"category","embeddable":true,"href":"https:\/\/www.welovecycling.com\/wide\/wp-json\/wp\/v2\/categories?post=176861"},{"taxonomy":"post_tag","embeddable":true,"href":"https:\/\/www.welovecycling.com\/wide\/wp-json\/wp\/v2\/tags?post=176861"},{"taxonomy":"global-categories","embeddable":true,"href":"https:\/\/www.welovecycling.com\/wide\/wp-json\/wp\/v2\/global-categories?post=176861"}],"curies":[{"name":"wp","href":"https:\/\/api.w.org\/{rel}","templated":true}]}}