{"id":176578,"date":"2020-01-13T15:41:58","date_gmt":"2020-01-13T15:41:58","guid":{"rendered":"https:\/\/www.welovecycling.com\/wide\/?p=176578"},"modified":"2020-01-13T15:51:27","modified_gmt":"2020-01-13T15:51:27","slug":"cycle-chic-the-movement-which-turned-bicycle-into-fashion","status":"publish","type":"post","link":"https:\/\/www.welovecycling.com\/wide\/2020\/01\/13\/cycle-chic-the-movement-which-turned-bicycle-into-fashion\/","title":{"rendered":"Cycle Chic: The Movement Which Turned Bicycles into Fashion"},"content":{"rendered":"<p><strong>I don\u2019t know about you but before I get on my bike, I put on a helmet, socks and sneakers, an old pair of jeans and, depending on the temperature, I grab whatever sweater, t-shirt or jacket that\u2019s handy. And if it\u2019s raining or snowing, I put on the TV. I don\u2019t want to make a fashion statement while rolling; I just want to roll.<\/strong><!--more--><\/p>\n<p>But there are people \u2013 many of them are women \u2013 who do see the bicycle as a fashion accessory and a platform to show off their chic wardrobes, such as this New Yorker leading off a story in <em>The New York Times<\/em>: \u201cTalk about making an entrance. Intent on arriving at a recent gala in style, Topaz Page-Green swooshed onto the scene on her trusty vintage roadster. She wore, of all things, a scarlet dress with a slinky 1920s feel. \u2018It was to the ankles,\u2019 she recalled. \u2018I had to hoist it up\u2019.\u201d<\/p>\n<figure id=\"attachment_176579\" aria-describedby=\"caption-attachment-176579\" style=\"width: 1024px\" class=\"wp-caption alignnone\"><img loading=\"lazy\" decoding=\"async\" class=\"size-full wp-image-176579\" src=\"https:\/\/d2p6e6u75xmxt8.cloudfront.net\/2\/2020\/01\/BIKE-JP-E-jumbo.jpg\" alt=\"\" width=\"1024\" height=\"895\" \/><figcaption id=\"caption-attachment-176579\" class=\"wp-caption-text\">\u00a9\u00a0Elizabeth Lippman for The New York Times<\/figcaption><\/figure>\n<p>The story was featured in the newspaper\u2019s Fashion &amp; Style section and its headline read: <em>Bicycle Chic Gains Speed<\/em>. It should, actually, have read <em>Cycle Chic<\/em> because that is the name of a movement founded (and named) in 2007 by Mikael Colville-Andersen, a Canadian-Danish urban designer and mobility expert who works with local and national governments to help them make their cities and countries more bike friendly.<\/p>\n<p>Colville-Andersen coined the term <em>cycle chic<\/em> (or, yes, <em>bicycle chic<\/em>) to denote cycling around town in fashionable everyday clothes, bike accessories, and chic bikes, such as Ms Page-Green\u2019s \u201ctrusty vintage roadster.\u201d It seems, though, that his mission was to make cycling itself chic and he is credited with helping to turn cycling into the globally popular transportation mode it is today. He began with the Cycle Chic blog in June 2007, in which he published what is sometimes referred to as \u201cThe Photo That Launched a Million Bicycles\u201d.<\/p>\n<figure id=\"attachment_176581\" aria-describedby=\"caption-attachment-176581\" style=\"width: 560px\" class=\"wp-caption alignnone\"><img loading=\"lazy\" decoding=\"async\" class=\"wp-image-176581 size-full\" src=\"https:\/\/d2p6e6u75xmxt8.cloudfront.net\/2\/2020\/01\/eabafb3b4f7bac3bc351d46b01ec5bac.jpg\" alt=\"\" width=\"560\" height=\"640\" \/><figcaption id=\"caption-attachment-176581\" class=\"wp-caption-text\">The Photo That Launched a Million Bicycles\u00a0\u00a9\u00a0Mikael Colville-Andersen<\/figcaption><\/figure>\n<p>The blog aimed to put a growing number of his photos about Copenhagen&#8217;s bicycle culture in one place on the internet. These photos included shots of fashionable Copenhagen cyclists riding their two-wheelers around town. As a result and to everyone\u2019s surprise, the media and cyclists took the phrase <em>cycle chic<\/em> to another level (as the <em>New York Times<\/em> article above illustrates) and launched a global movement and a fashion trend. In turn, the blog took on a street-style mode and attracted a broad readership that included people interested in fashion as well as those working in the industry.<\/p>\n<p>The <a href=\"http:\/\/www.copenhagencyclechic.com\">Cycle Chic blog<\/a>\u00a0was named among the Top Ten Fashion Blogs by the Guardian (which also dubbed Colville-Andersen \u201cThe Sartorialist on Two Wheels\u201d), was included in the Top 100 Blogs Worldwide by the Times and was named one of the Top 10 Hottest Fashion Websites by Marketing Magazine.<\/p>\n<figure id=\"attachment_176582\" aria-describedby=\"caption-attachment-176582\" style=\"width: 1000px\" class=\"wp-caption alignnone\"><img loading=\"lazy\" decoding=\"async\" class=\"wp-image-176582 size-full\" src=\"https:\/\/d2p6e6u75xmxt8.cloudfront.net\/2\/2020\/01\/RABSCH_0048aSW_cyclechic_blog.jpg\" alt=\"\" width=\"1000\" height=\"525\" \/><figcaption id=\"caption-attachment-176582\" class=\"wp-caption-text\">Mikael Colville-Andersen by Thomas Rabsch<\/figcaption><\/figure>\n<p>Not only that but the blog inspired the creation of hundreds of other, similar blogs and websites around the world, many of which came together to form the Cycle Chic Republic, which held annual conferences to discuss the impact of cycling on urban lifestyles.<\/p>\n<p>Note, however, the past tense <em>held<\/em>. The link to the Cycle Chic Republic website timed out, strongly suggesting that it no longer exists. In addition, the final Cycle Chic blog entry is dated September 7, 2018, which implies that Colville-Andersen has moved on and that the Cycle Chic movement has served its purpose, which the blog defined as, \u201cCycle Chic aims to take back the bike culture by showing how the bicycle once again can be an integral, respectable and feasible transport form, free of sports clothes and gear, and how it can play a vital role in increasing life quality in cities.\u201d<\/p>\n<p>In any case, cycling has always been chic no matter what you\u2019re wearing, right?<\/p>\n","protected":false},"excerpt":{"rendered":"<p>I don\u2019t know about you but before I get on my bike, I put on a helmet, socks and sneakers, [&hellip;]<\/p>\n","protected":false},"author":12,"featured_media":176584,"comment_status":"open","ping_status":"open","sticky":false,"template":"","format":"standard","meta":{"footnotes":""},"categories":[330],"tags":[3833,2880,2502],"global-categories":[3366],"class_list":["post-176578","post","type-post","status-publish","format-standard","has-post-thumbnail","hentry","category-urban-cycling","tag-bicycle-chic","tag-cycle-chic","tag-mikael-colville-andersen","global-categories-cycling"],"yoast_head":"<!-- This site is optimized with the Yoast SEO Premium plugin v25.3 (Yoast SEO v25.9) - https:\/\/yoast.com\/wordpress\/plugins\/seo\/ -->\n<title>Cycle Chic: The Movement Which Turned Bicycles into Fashion - \u0160koda We Love Cycling<\/title>\n<meta name=\"description\" content=\"I don\u2019t know about you but before I get on my bike, I put on a helmet, socks and sneakers, an old pair of jeans and, depending on the temperature, I grab\" \/>\n<meta name=\"robots\" content=\"index, follow, max-snippet:-1, max-image-preview:large, max-video-preview:-1\" \/>\n<link rel=\"canonical\" href=\"https:\/\/www.welovecycling.com\/wide\/2020\/01\/13\/cycle-chic-the-movement-which-turned-bicycle-into-fashion\/\" \/>\n<meta property=\"og:locale\" content=\"en_US\" \/>\n<meta property=\"og:type\" content=\"article\" \/>\n<meta property=\"og:title\" content=\"Cycle Chic: The Movement Which Turned Bicycles into Fashion\" \/>\n<meta property=\"og:description\" content=\"I don\u2019t know about you but before I get on my bike, I put on a helmet, socks and sneakers, an old pair of jeans and, depending on the temperature, I grab\" \/>\n<meta property=\"og:url\" content=\"https:\/\/www.welovecycling.com\/wide\/2020\/01\/13\/cycle-chic-the-movement-which-turned-bicycle-into-fashion\/\" \/>\n<meta property=\"og:site_name\" content=\"\u0160koda We Love Cycling\" \/>\n<meta property=\"article:published_time\" content=\"2020-01-13T15:41:58+00:00\" \/>\n<meta property=\"article:modified_time\" content=\"2020-01-13T15:51:27+00:00\" \/>\n<meta property=\"og:image\" content=\"https:\/\/d2p6e6u75xmxt8.cloudfront.net\/2\/2020\/01\/Cycle-Chic-CVR.webp\" \/>\n\t<meta property=\"og:image:width\" content=\"900\" \/>\n\t<meta property=\"og:image:height\" content=\"600\" \/>\n\t<meta property=\"og:image:type\" content=\"image\/webp\" \/>\n<meta name=\"twitter:card\" content=\"summary_large_image\" \/>\n<meta name=\"twitter:label1\" content=\"Written by\" \/>\n\t<meta name=\"twitter:data1\" content=\"Siegfried Mortkowitz\" \/>\n\t<meta name=\"twitter:label2\" content=\"Est. reading time\" \/>\n\t<meta name=\"twitter:data2\" content=\"7\" \/>\n<script type=\"application\/ld+json\" class=\"yoast-schema-graph\">{\"@context\":\"https:\/\/schema.org\",\"@graph\":[{\"@type\":\"WebPage\",\"@id\":\"https:\/\/www.welovecycling.com\/wide\/2020\/01\/13\/cycle-chic-the-movement-which-turned-bicycle-into-fashion\/\",\"url\":\"https:\/\/www.welovecycling.com\/wide\/2020\/01\/13\/cycle-chic-the-movement-which-turned-bicycle-into-fashion\/\",\"name\":\"Cycle Chic: The Movement Which Turned Bicycles into Fashion - \u0160koda We Love Cycling\",\"isPartOf\":{\"@id\":\"https:\/\/www.welovecycling.com\/wide\/#website\"},\"primaryImageOfPage\":{\"@id\":\"https:\/\/www.welovecycling.com\/wide\/2020\/01\/13\/cycle-chic-the-movement-which-turned-bicycle-into-fashion\/#primaryimage\"},\"image\":{\"@id\":\"https:\/\/www.welovecycling.com\/wide\/2020\/01\/13\/cycle-chic-the-movement-which-turned-bicycle-into-fashion\/#primaryimage\"},\"thumbnailUrl\":\"https:\/\/d2p6e6u75xmxt8.cloudfront.net\/2\/2020\/01\/Cycle-Chic-CVR.webp\",\"datePublished\":\"2020-01-13T15:41:58+00:00\",\"dateModified\":\"2020-01-13T15:51:27+00:00\",\"author\":{\"@id\":\"\"},\"description\":\"I don\u2019t know about you but before I get on my bike, I put on a helmet, socks and sneakers, an old pair of jeans and, depending on the temperature, I grab\",\"breadcrumb\":{\"@id\":\"https:\/\/www.welovecycling.com\/wide\/2020\/01\/13\/cycle-chic-the-movement-which-turned-bicycle-into-fashion\/#breadcrumb\"},\"inLanguage\":\"en-US\",\"potentialAction\":[{\"@type\":\"ReadAction\",\"target\":[\"https:\/\/www.welovecycling.com\/wide\/2020\/01\/13\/cycle-chic-the-movement-which-turned-bicycle-into-fashion\/\"]}]},{\"@type\":\"ImageObject\",\"inLanguage\":\"en-US\",\"@id\":\"https:\/\/www.welovecycling.com\/wide\/2020\/01\/13\/cycle-chic-the-movement-which-turned-bicycle-into-fashion\/#primaryimage\",\"url\":\"https:\/\/d2p6e6u75xmxt8.cloudfront.net\/2\/2020\/01\/Cycle-Chic-CVR.webp\",\"contentUrl\":\"https:\/\/d2p6e6u75xmxt8.cloudfront.net\/2\/2020\/01\/Cycle-Chic-CVR.webp\",\"width\":900,\"height\":600},{\"@type\":\"BreadcrumbList\",\"@id\":\"https:\/\/www.welovecycling.com\/wide\/2020\/01\/13\/cycle-chic-the-movement-which-turned-bicycle-into-fashion\/#breadcrumb\",\"itemListElement\":[{\"@type\":\"ListItem\",\"position\":1,\"name\":\"Home\",\"item\":\"https:\/\/www.welovecycling.com\/wide\/\"},{\"@type\":\"ListItem\",\"position\":2,\"name\":\"Cycle Chic: The Movement Which Turned Bicycles into Fashion\"}]},{\"@type\":\"WebSite\",\"@id\":\"https:\/\/www.welovecycling.com\/wide\/#website\",\"url\":\"https:\/\/www.welovecycling.com\/wide\/\",\"name\":\"\u0160koda We Love Cycling\",\"description\":\"\u0160koda We Love Cycling magazine\",\"alternateName\":\"\u0160koda WLC\",\"potentialAction\":[{\"@type\":\"SearchAction\",\"target\":{\"@type\":\"EntryPoint\",\"urlTemplate\":\"https:\/\/www.welovecycling.com\/wide\/?s={search_term_string}\"},\"query-input\":{\"@type\":\"PropertyValueSpecification\",\"valueRequired\":true,\"valueName\":\"search_term_string\"}}],\"inLanguage\":\"en-US\"},{\"@type\":\"Person\",\"@id\":\"\",\"url\":\"https:\/\/www.welovecycling.com\/wide\/author\/\"}]}<\/script>\n<!-- \/ Yoast SEO Premium plugin. -->","yoast_head_json":{"title":"Cycle Chic: The Movement Which Turned Bicycles into Fashion - \u0160koda We Love Cycling","description":"I don\u2019t know about you but before I get on my bike, I put on a helmet, socks and sneakers, an old pair of jeans and, depending on the temperature, I grab","robots":{"index":"index","follow":"follow","max-snippet":"max-snippet:-1","max-image-preview":"max-image-preview:large","max-video-preview":"max-video-preview:-1"},"canonical":"https:\/\/www.welovecycling.com\/wide\/2020\/01\/13\/cycle-chic-the-movement-which-turned-bicycle-into-fashion\/","og_locale":"en_US","og_type":"article","og_title":"Cycle Chic: The Movement Which Turned Bicycles into Fashion","og_description":"I don\u2019t know about you but before I get on my bike, I put on a helmet, socks and sneakers, an old pair of jeans and, depending on the temperature, I grab","og_url":"https:\/\/www.welovecycling.com\/wide\/2020\/01\/13\/cycle-chic-the-movement-which-turned-bicycle-into-fashion\/","og_site_name":"\u0160koda We Love Cycling","article_published_time":"2020-01-13T15:41:58+00:00","article_modified_time":"2020-01-13T15:51:27+00:00","og_image":[{"width":900,"height":600,"url":"https:\/\/d2p6e6u75xmxt8.cloudfront.net\/2\/2020\/01\/Cycle-Chic-CVR.webp","type":"image\/webp"}],"twitter_card":"summary_large_image","twitter_misc":{"Written by":"Siegfried Mortkowitz","Est. reading time":"7"},"schema":{"@context":"https:\/\/schema.org","@graph":[{"@type":"WebPage","@id":"https:\/\/www.welovecycling.com\/wide\/2020\/01\/13\/cycle-chic-the-movement-which-turned-bicycle-into-fashion\/","url":"https:\/\/www.welovecycling.com\/wide\/2020\/01\/13\/cycle-chic-the-movement-which-turned-bicycle-into-fashion\/","name":"Cycle Chic: The Movement Which Turned Bicycles into Fashion - \u0160koda We Love Cycling","isPartOf":{"@id":"https:\/\/www.welovecycling.com\/wide\/#website"},"primaryImageOfPage":{"@id":"https:\/\/www.welovecycling.com\/wide\/2020\/01\/13\/cycle-chic-the-movement-which-turned-bicycle-into-fashion\/#primaryimage"},"image":{"@id":"https:\/\/www.welovecycling.com\/wide\/2020\/01\/13\/cycle-chic-the-movement-which-turned-bicycle-into-fashion\/#primaryimage"},"thumbnailUrl":"https:\/\/d2p6e6u75xmxt8.cloudfront.net\/2\/2020\/01\/Cycle-Chic-CVR.webp","datePublished":"2020-01-13T15:41:58+00:00","dateModified":"2020-01-13T15:51:27+00:00","author":{"@id":""},"description":"I don\u2019t know about you but before I get on my bike, I put on a helmet, socks and sneakers, an old pair of jeans and, depending on the temperature, I grab","breadcrumb":{"@id":"https:\/\/www.welovecycling.com\/wide\/2020\/01\/13\/cycle-chic-the-movement-which-turned-bicycle-into-fashion\/#breadcrumb"},"inLanguage":"en-US","potentialAction":[{"@type":"ReadAction","target":["https:\/\/www.welovecycling.com\/wide\/2020\/01\/13\/cycle-chic-the-movement-which-turned-bicycle-into-fashion\/"]}]},{"@type":"ImageObject","inLanguage":"en-US","@id":"https:\/\/www.welovecycling.com\/wide\/2020\/01\/13\/cycle-chic-the-movement-which-turned-bicycle-into-fashion\/#primaryimage","url":"https:\/\/d2p6e6u75xmxt8.cloudfront.net\/2\/2020\/01\/Cycle-Chic-CVR.webp","contentUrl":"https:\/\/d2p6e6u75xmxt8.cloudfront.net\/2\/2020\/01\/Cycle-Chic-CVR.webp","width":900,"height":600},{"@type":"BreadcrumbList","@id":"https:\/\/www.welovecycling.com\/wide\/2020\/01\/13\/cycle-chic-the-movement-which-turned-bicycle-into-fashion\/#breadcrumb","itemListElement":[{"@type":"ListItem","position":1,"name":"Home","item":"https:\/\/www.welovecycling.com\/wide\/"},{"@type":"ListItem","position":2,"name":"Cycle Chic: The Movement Which Turned Bicycles into Fashion"}]},{"@type":"WebSite","@id":"https:\/\/www.welovecycling.com\/wide\/#website","url":"https:\/\/www.welovecycling.com\/wide\/","name":"\u0160koda We Love Cycling","description":"\u0160koda We Love Cycling magazine","alternateName":"\u0160koda WLC","potentialAction":[{"@type":"SearchAction","target":{"@type":"EntryPoint","urlTemplate":"https:\/\/www.welovecycling.com\/wide\/?s={search_term_string}"},"query-input":{"@type":"PropertyValueSpecification","valueRequired":true,"valueName":"search_term_string"}}],"inLanguage":"en-US"},{"@type":"Person","@id":"","url":"https:\/\/www.welovecycling.com\/wide\/author\/"}]}},"_links":{"self":[{"href":"https:\/\/www.welovecycling.com\/wide\/wp-json\/wp\/v2\/posts\/176578","targetHints":{"allow":["GET"]}}],"collection":[{"href":"https:\/\/www.welovecycling.com\/wide\/wp-json\/wp\/v2\/posts"}],"about":[{"href":"https:\/\/www.welovecycling.com\/wide\/wp-json\/wp\/v2\/types\/post"}],"author":[{"embeddable":true,"href":"https:\/\/www.welovecycling.com\/wide\/wp-json\/wp\/v2\/users\/12"}],"replies":[{"embeddable":true,"href":"https:\/\/www.welovecycling.com\/wide\/wp-json\/wp\/v2\/comments?post=176578"}],"version-history":[{"count":2,"href":"https:\/\/www.welovecycling.com\/wide\/wp-json\/wp\/v2\/posts\/176578\/revisions"}],"predecessor-version":[{"id":176585,"href":"https:\/\/www.welovecycling.com\/wide\/wp-json\/wp\/v2\/posts\/176578\/revisions\/176585"}],"wp:featuredmedia":[{"embeddable":true,"href":"https:\/\/www.welovecycling.com\/wide\/wp-json\/wp\/v2\/media\/176584"}],"wp:attachment":[{"href":"https:\/\/www.welovecycling.com\/wide\/wp-json\/wp\/v2\/media?parent=176578"}],"wp:term":[{"taxonomy":"category","embeddable":true,"href":"https:\/\/www.welovecycling.com\/wide\/wp-json\/wp\/v2\/categories?post=176578"},{"taxonomy":"post_tag","embeddable":true,"href":"https:\/\/www.welovecycling.com\/wide\/wp-json\/wp\/v2\/tags?post=176578"},{"taxonomy":"global-categories","embeddable":true,"href":"https:\/\/www.welovecycling.com\/wide\/wp-json\/wp\/v2\/global-categories?post=176578"}],"curies":[{"name":"wp","href":"https:\/\/api.w.org\/{rel}","templated":true}]}}