{"id":176211,"date":"2019-11-27T10:48:08","date_gmt":"2019-11-27T10:48:08","guid":{"rendered":"https:\/\/www.welovecycling.com\/wide\/?p=176211"},"modified":"2019-12-04T10:45:05","modified_gmt":"2019-12-04T10:45:05","slug":"bicycles-of-the-future-what-will-we-ride-in-the-years-to-come","status":"publish","type":"post","link":"https:\/\/www.welovecycling.com\/wide\/2019\/11\/27\/bicycles-of-the-future-what-will-we-ride-in-the-years-to-come\/","title":{"rendered":"Bicycles of the Future: What Will We Ride in the Years to Come?"},"content":{"rendered":"<p><strong>In many ways, we\u2019re already living in the future. The digital revolution, which has already transformed our lives, is really just beginning. Who would have imagined that we would use the telephone as a means of payment one day? As a result (and because of climate change), we are <a href=\"https:\/\/inhabitat.com\/6-futuristic-bicycle-designs\/\">obsessed with the future<\/a>, probably more than ever before. That applies equally to philosophers, scientists, architects, car manufacturers, and even <a href=\"https:\/\/www.thecoolist.com\/custom-bicycle-concepts-10-amazing-bikes-of-the-future\/\">bicycle designers<\/a>.<\/strong><!--more--><\/p>\n<p>The bike hasn\u2019t changed much in the last century \u2013 as they say, if something works, don\u2019t fix it \u2013 but if the designs described below are any indication, the bicycle of the future will be almost as game-changing as the mobile phone (but it will still, apparently, have two wheels and handlebars).<\/p>\n<p>The Cube Urban Street Bike Concept gets rid of the seat tube and upper sections of the standard frame in favour of a three-piece system that has the back wheel attached only via the axle. Because of it, this model is significantly lighter (therefore much faster) and way sexier than what we are riding today. One issue may be stability and durability, especially for that \u2018floating\u2019 rear wheel, on rough surfaces such as cobblestones.<\/p>\n<figure id=\"attachment_176213\" aria-describedby=\"caption-attachment-176213\" style=\"width: 600px\" class=\"wp-caption alignnone\"><img loading=\"lazy\" decoding=\"async\" class=\"size-full wp-image-176213\" src=\"https:\/\/d2p6e6u75xmxt8.cloudfront.net\/2\/2019\/11\/cube-urban-street-bike-concept-1.jpg\" alt=\"\" width=\"600\" height=\"391\" \/><figcaption id=\"caption-attachment-176213\" class=\"wp-caption-text\">The Cube Urban Street Bike Concept<\/figcaption><\/figure>\n<p>The Furious Sports Bike Concept by Nenad Kostadinov ditches the down tube and top stay but nevertheless appears to be robust and stable enough for challenging surfaces. What makes this design unique and thoroughly futuristic is the onboard computer, which displays a range of data about the ride such as speed, location, and calorie consumption. The information is displayed front and centre throughout the ride so that the rider is always aware of where he or she is and how much pizza can be consumed that evening without guilt.<\/p>\n<figure id=\"attachment_176214\" aria-describedby=\"caption-attachment-176214\" style=\"width: 600px\" class=\"wp-caption alignnone\"><img loading=\"lazy\" decoding=\"async\" class=\"size-full wp-image-176214\" src=\"https:\/\/d2p6e6u75xmxt8.cloudfront.net\/2\/2019\/11\/furious-sports-bike_by-nenad-kostadinov_1.jpg\" alt=\"\" width=\"600\" height=\"554\" \/><figcaption id=\"caption-attachment-176214\" class=\"wp-caption-text\">The Furious Sports Bike Concept<\/figcaption><\/figure>\n<p>Chris Boardman\u2019s Intelligent Bike Concept may be the most accurate model of what changes we can expect in the bikes of the future. The British Olympic gold medalist and Tour de France stage winner has designed a bicycle with a solar-powered back-up motor, an onboard computer, a fingerprint security scanner, and wheels without spokes. And, yes, it looks great too. The fact that it is available currently only as a design suggests it may be years before we see it on the streets. But we are talking about the future, right?<\/p>\n<figure id=\"attachment_176216\" aria-describedby=\"caption-attachment-176216\" style=\"width: 600px\" class=\"wp-caption alignnone\"><img loading=\"lazy\" decoding=\"async\" class=\"size-full wp-image-176216\" src=\"https:\/\/d2p6e6u75xmxt8.cloudfront.net\/2\/2019\/11\/intelligent-bike-concept-chris-boardman.jpg\" alt=\"\" width=\"600\" height=\"404\" \/><figcaption id=\"caption-attachment-176216\" class=\"wp-caption-text\">Chris Boardman\u2019s Intelligent Bike Concept<\/figcaption><\/figure>\n<p>The Wire Bike Concept by Ionit Predescu is another design that sheds weight to increase speed. It does so by using a suspension frame system instead of the traditional bike frame. Like a suspension bridge, the weight on the bike helps sustain the structure\u2019s form and stability. The solid pieces of the bike will be made of carbon fibre and the cables will be of light Kevlar.<\/p>\n<figure id=\"attachment_176215\" aria-describedby=\"caption-attachment-176215\" style=\"width: 600px\" class=\"wp-caption alignnone\"><img loading=\"lazy\" decoding=\"async\" class=\"size-full wp-image-176215\" src=\"https:\/\/d2p6e6u75xmxt8.cloudfront.net\/2\/2019\/11\/wire-bike-concept_ionut-predescu_1.jpg\" alt=\"\" width=\"600\" height=\"450\" \/><figcaption id=\"caption-attachment-176215\" class=\"wp-caption-text\">The Wire Bike Concept<\/figcaption><\/figure>\n<p>The Mando Footloose is a chainless, folding urban bike that uses high-tech solutions from the automotive industry to make city riding safe and efficient. This small bike generates power through pedalling. That energy is then stored in a lithium battery which powers a small motor. The bicycle is fully automated and even auto-detects slopes to shift gears.<\/p>\n<figure id=\"attachment_176217\" aria-describedby=\"caption-attachment-176217\" style=\"width: 728px\" class=\"wp-caption alignnone\"><img loading=\"lazy\" decoding=\"async\" class=\"size-full wp-image-176217\" src=\"https:\/\/d2p6e6u75xmxt8.cloudfront.net\/2\/2019\/11\/mando-2.jpg\" alt=\"\" width=\"728\" height=\"488\" \/><figcaption id=\"caption-attachment-176217\" class=\"wp-caption-text\">The Mando Footloose<\/figcaption><\/figure>\n<p>The Eco 07 Bike Concept by Victor Aleman is my personal favourite because it is designed to be completely disassembled and fit into a container about the size of a briefcase. It also looks good. Unfortunately, the current design isn\u2019t meant to be taken apart every day but only when you won\u2019t use it for a while. But someone will certainly solve that issue. Because, if you think about it, you\u2019ll be able to cycle to work, to a restaurant or home, take the bike apart, stick it in a specially-designed backpack and take it with you. No more parking problems, no more wrestling the bike into an elevator or carrying it up the stairs. And if you\u2019re doing some serious mountain biking and come to impassable terrain \u2013 no more lugging the bike up or down a daunting slope.<\/p>\n<figure id=\"attachment_176218\" aria-describedby=\"caption-attachment-176218\" style=\"width: 600px\" class=\"wp-caption alignnone\"><img loading=\"lazy\" decoding=\"async\" class=\"wp-image-176218 size-full\" src=\"https:\/\/d2p6e6u75xmxt8.cloudfront.net\/2\/2019\/11\/eco-07-bike-concept_victor-aleman_1.jpg\" alt=\"\" width=\"600\" height=\"312\" \/><figcaption id=\"caption-attachment-176218\" class=\"wp-caption-text\">The Eco 07 Bike Concept<\/figcaption><\/figure>\n","protected":false},"excerpt":{"rendered":"<p>In many ways, we\u2019re already living in the future. The digital revolution, which has already transformed our lives, is really [&hellip;]<\/p>\n","protected":false},"author":12,"featured_media":176220,"comment_status":"open","ping_status":"open","sticky":false,"template":"","format":"standard","meta":{"footnotes":""},"categories":[334],"tags":[3733,3732,3731],"global-categories":[3367],"class_list":["post-176211","post","type-post","status-publish","format-standard","has-post-thumbnail","hentry","category-socialising-and-culture","tag-cube-urban-street-bike","tag-furious-sports-bike","tag-nenad-kostadinov","global-categories-emobility"],"yoast_head":"<!-- This site is optimized with the Yoast SEO Premium plugin v25.3 (Yoast SEO v25.9) - https:\/\/yoast.com\/wordpress\/plugins\/seo\/ -->\n<title>Bicycles of the Future: What Will We Ride in the Years to Come? - \u0160koda We Love Cycling<\/title>\n<meta name=\"description\" content=\"In many ways, we\u2019re already living in the future. The digital revolution, which has already transformed our lives, is really just beginning. Who would\" \/>\n<meta name=\"robots\" content=\"index, follow, max-snippet:-1, max-image-preview:large, max-video-preview:-1\" \/>\n<link rel=\"canonical\" href=\"https:\/\/www.welovecycling.com\/wide\/2019\/11\/27\/bicycles-of-the-future-what-will-we-ride-in-the-years-to-come\/\" \/>\n<meta property=\"og:locale\" content=\"en_US\" \/>\n<meta property=\"og:type\" content=\"article\" \/>\n<meta property=\"og:title\" content=\"Bicycles of the Future: What Will We Ride in the Years to Come?\" \/>\n<meta property=\"og:description\" content=\"In many ways, we\u2019re already living in the future. The digital revolution, which has already transformed our lives, is really just beginning. Who would\" \/>\n<meta property=\"og:url\" content=\"https:\/\/www.welovecycling.com\/wide\/2019\/11\/27\/bicycles-of-the-future-what-will-we-ride-in-the-years-to-come\/\" \/>\n<meta property=\"og:site_name\" content=\"\u0160koda We Love Cycling\" \/>\n<meta property=\"article:published_time\" content=\"2019-11-27T10:48:08+00:00\" \/>\n<meta property=\"article:modified_time\" content=\"2019-12-04T10:45:05+00:00\" \/>\n<meta property=\"og:image\" content=\"https:\/\/d2p6e6u75xmxt8.cloudfront.net\/2\/2019\/11\/Futuristic-Bicycles-CVR.webp\" \/>\n\t<meta property=\"og:image:width\" content=\"900\" \/>\n\t<meta property=\"og:image:height\" content=\"600\" \/>\n\t<meta property=\"og:image:type\" content=\"image\/webp\" \/>\n<meta name=\"twitter:card\" content=\"summary_large_image\" \/>\n<meta name=\"twitter:label1\" content=\"Written by\" \/>\n\t<meta name=\"twitter:data1\" content=\"Siegfried Mortkowitz\" \/>\n\t<meta name=\"twitter:label2\" content=\"Est. reading time\" \/>\n\t<meta name=\"twitter:data2\" content=\"7\" \/>\n<script type=\"application\/ld+json\" class=\"yoast-schema-graph\">{\"@context\":\"https:\/\/schema.org\",\"@graph\":[{\"@type\":\"WebPage\",\"@id\":\"https:\/\/www.welovecycling.com\/wide\/2019\/11\/27\/bicycles-of-the-future-what-will-we-ride-in-the-years-to-come\/\",\"url\":\"https:\/\/www.welovecycling.com\/wide\/2019\/11\/27\/bicycles-of-the-future-what-will-we-ride-in-the-years-to-come\/\",\"name\":\"Bicycles of the Future: What Will We Ride in the Years to Come? - \u0160koda We Love Cycling\",\"isPartOf\":{\"@id\":\"https:\/\/www.welovecycling.com\/wide\/#website\"},\"primaryImageOfPage\":{\"@id\":\"https:\/\/www.welovecycling.com\/wide\/2019\/11\/27\/bicycles-of-the-future-what-will-we-ride-in-the-years-to-come\/#primaryimage\"},\"image\":{\"@id\":\"https:\/\/www.welovecycling.com\/wide\/2019\/11\/27\/bicycles-of-the-future-what-will-we-ride-in-the-years-to-come\/#primaryimage\"},\"thumbnailUrl\":\"https:\/\/d2p6e6u75xmxt8.cloudfront.net\/2\/2019\/11\/Futuristic-Bicycles-CVR.webp\",\"datePublished\":\"2019-11-27T10:48:08+00:00\",\"dateModified\":\"2019-12-04T10:45:05+00:00\",\"author\":{\"@id\":\"\"},\"description\":\"In many ways, we\u2019re already living in the future. The digital revolution, which has already transformed our lives, is really just beginning. Who would\",\"breadcrumb\":{\"@id\":\"https:\/\/www.welovecycling.com\/wide\/2019\/11\/27\/bicycles-of-the-future-what-will-we-ride-in-the-years-to-come\/#breadcrumb\"},\"inLanguage\":\"en-US\",\"potentialAction\":[{\"@type\":\"ReadAction\",\"target\":[\"https:\/\/www.welovecycling.com\/wide\/2019\/11\/27\/bicycles-of-the-future-what-will-we-ride-in-the-years-to-come\/\"]}]},{\"@type\":\"ImageObject\",\"inLanguage\":\"en-US\",\"@id\":\"https:\/\/www.welovecycling.com\/wide\/2019\/11\/27\/bicycles-of-the-future-what-will-we-ride-in-the-years-to-come\/#primaryimage\",\"url\":\"https:\/\/d2p6e6u75xmxt8.cloudfront.net\/2\/2019\/11\/Futuristic-Bicycles-CVR.webp\",\"contentUrl\":\"https:\/\/d2p6e6u75xmxt8.cloudfront.net\/2\/2019\/11\/Futuristic-Bicycles-CVR.webp\",\"width\":900,\"height\":600},{\"@type\":\"BreadcrumbList\",\"@id\":\"https:\/\/www.welovecycling.com\/wide\/2019\/11\/27\/bicycles-of-the-future-what-will-we-ride-in-the-years-to-come\/#breadcrumb\",\"itemListElement\":[{\"@type\":\"ListItem\",\"position\":1,\"name\":\"Home\",\"item\":\"https:\/\/www.welovecycling.com\/wide\/\"},{\"@type\":\"ListItem\",\"position\":2,\"name\":\"Bicycles of the Future: What Will We Ride in the Years to Come?\"}]},{\"@type\":\"WebSite\",\"@id\":\"https:\/\/www.welovecycling.com\/wide\/#website\",\"url\":\"https:\/\/www.welovecycling.com\/wide\/\",\"name\":\"\u0160koda We Love Cycling\",\"description\":\"\u0160koda We Love Cycling magazine\",\"alternateName\":\"\u0160koda WLC\",\"potentialAction\":[{\"@type\":\"SearchAction\",\"target\":{\"@type\":\"EntryPoint\",\"urlTemplate\":\"https:\/\/www.welovecycling.com\/wide\/?s={search_term_string}\"},\"query-input\":{\"@type\":\"PropertyValueSpecification\",\"valueRequired\":true,\"valueName\":\"search_term_string\"}}],\"inLanguage\":\"en-US\"},{\"@type\":\"Person\",\"@id\":\"\",\"url\":\"https:\/\/www.welovecycling.com\/wide\/author\/\"}]}<\/script>\n<!-- \/ Yoast SEO Premium plugin. -->","yoast_head_json":{"title":"Bicycles of the Future: What Will We Ride in the Years to Come? - \u0160koda We Love Cycling","description":"In many ways, we\u2019re already living in the future. The digital revolution, which has already transformed our lives, is really just beginning. Who would","robots":{"index":"index","follow":"follow","max-snippet":"max-snippet:-1","max-image-preview":"max-image-preview:large","max-video-preview":"max-video-preview:-1"},"canonical":"https:\/\/www.welovecycling.com\/wide\/2019\/11\/27\/bicycles-of-the-future-what-will-we-ride-in-the-years-to-come\/","og_locale":"en_US","og_type":"article","og_title":"Bicycles of the Future: What Will We Ride in the Years to Come?","og_description":"In many ways, we\u2019re already living in the future. The digital revolution, which has already transformed our lives, is really just beginning. Who would","og_url":"https:\/\/www.welovecycling.com\/wide\/2019\/11\/27\/bicycles-of-the-future-what-will-we-ride-in-the-years-to-come\/","og_site_name":"\u0160koda We Love Cycling","article_published_time":"2019-11-27T10:48:08+00:00","article_modified_time":"2019-12-04T10:45:05+00:00","og_image":[{"width":900,"height":600,"url":"https:\/\/d2p6e6u75xmxt8.cloudfront.net\/2\/2019\/11\/Futuristic-Bicycles-CVR.webp","type":"image\/webp"}],"twitter_card":"summary_large_image","twitter_misc":{"Written by":"Siegfried Mortkowitz","Est. reading time":"7"},"schema":{"@context":"https:\/\/schema.org","@graph":[{"@type":"WebPage","@id":"https:\/\/www.welovecycling.com\/wide\/2019\/11\/27\/bicycles-of-the-future-what-will-we-ride-in-the-years-to-come\/","url":"https:\/\/www.welovecycling.com\/wide\/2019\/11\/27\/bicycles-of-the-future-what-will-we-ride-in-the-years-to-come\/","name":"Bicycles of the Future: What Will We Ride in the Years to Come? - \u0160koda We Love Cycling","isPartOf":{"@id":"https:\/\/www.welovecycling.com\/wide\/#website"},"primaryImageOfPage":{"@id":"https:\/\/www.welovecycling.com\/wide\/2019\/11\/27\/bicycles-of-the-future-what-will-we-ride-in-the-years-to-come\/#primaryimage"},"image":{"@id":"https:\/\/www.welovecycling.com\/wide\/2019\/11\/27\/bicycles-of-the-future-what-will-we-ride-in-the-years-to-come\/#primaryimage"},"thumbnailUrl":"https:\/\/d2p6e6u75xmxt8.cloudfront.net\/2\/2019\/11\/Futuristic-Bicycles-CVR.webp","datePublished":"2019-11-27T10:48:08+00:00","dateModified":"2019-12-04T10:45:05+00:00","author":{"@id":""},"description":"In many ways, we\u2019re already living in the future. The digital revolution, which has already transformed our lives, is really just beginning. Who would","breadcrumb":{"@id":"https:\/\/www.welovecycling.com\/wide\/2019\/11\/27\/bicycles-of-the-future-what-will-we-ride-in-the-years-to-come\/#breadcrumb"},"inLanguage":"en-US","potentialAction":[{"@type":"ReadAction","target":["https:\/\/www.welovecycling.com\/wide\/2019\/11\/27\/bicycles-of-the-future-what-will-we-ride-in-the-years-to-come\/"]}]},{"@type":"ImageObject","inLanguage":"en-US","@id":"https:\/\/www.welovecycling.com\/wide\/2019\/11\/27\/bicycles-of-the-future-what-will-we-ride-in-the-years-to-come\/#primaryimage","url":"https:\/\/d2p6e6u75xmxt8.cloudfront.net\/2\/2019\/11\/Futuristic-Bicycles-CVR.webp","contentUrl":"https:\/\/d2p6e6u75xmxt8.cloudfront.net\/2\/2019\/11\/Futuristic-Bicycles-CVR.webp","width":900,"height":600},{"@type":"BreadcrumbList","@id":"https:\/\/www.welovecycling.com\/wide\/2019\/11\/27\/bicycles-of-the-future-what-will-we-ride-in-the-years-to-come\/#breadcrumb","itemListElement":[{"@type":"ListItem","position":1,"name":"Home","item":"https:\/\/www.welovecycling.com\/wide\/"},{"@type":"ListItem","position":2,"name":"Bicycles of the Future: What Will We Ride in the Years to Come?"}]},{"@type":"WebSite","@id":"https:\/\/www.welovecycling.com\/wide\/#website","url":"https:\/\/www.welovecycling.com\/wide\/","name":"\u0160koda We Love Cycling","description":"\u0160koda We Love Cycling magazine","alternateName":"\u0160koda WLC","potentialAction":[{"@type":"SearchAction","target":{"@type":"EntryPoint","urlTemplate":"https:\/\/www.welovecycling.com\/wide\/?s={search_term_string}"},"query-input":{"@type":"PropertyValueSpecification","valueRequired":true,"valueName":"search_term_string"}}],"inLanguage":"en-US"},{"@type":"Person","@id":"","url":"https:\/\/www.welovecycling.com\/wide\/author\/"}]}},"_links":{"self":[{"href":"https:\/\/www.welovecycling.com\/wide\/wp-json\/wp\/v2\/posts\/176211","targetHints":{"allow":["GET"]}}],"collection":[{"href":"https:\/\/www.welovecycling.com\/wide\/wp-json\/wp\/v2\/posts"}],"about":[{"href":"https:\/\/www.welovecycling.com\/wide\/wp-json\/wp\/v2\/types\/post"}],"author":[{"embeddable":true,"href":"https:\/\/www.welovecycling.com\/wide\/wp-json\/wp\/v2\/users\/12"}],"replies":[{"embeddable":true,"href":"https:\/\/www.welovecycling.com\/wide\/wp-json\/wp\/v2\/comments?post=176211"}],"version-history":[{"count":1,"href":"https:\/\/www.welovecycling.com\/wide\/wp-json\/wp\/v2\/posts\/176211\/revisions"}],"predecessor-version":[{"id":176219,"href":"https:\/\/www.welovecycling.com\/wide\/wp-json\/wp\/v2\/posts\/176211\/revisions\/176219"}],"wp:featuredmedia":[{"embeddable":true,"href":"https:\/\/www.welovecycling.com\/wide\/wp-json\/wp\/v2\/media\/176220"}],"wp:attachment":[{"href":"https:\/\/www.welovecycling.com\/wide\/wp-json\/wp\/v2\/media?parent=176211"}],"wp:term":[{"taxonomy":"category","embeddable":true,"href":"https:\/\/www.welovecycling.com\/wide\/wp-json\/wp\/v2\/categories?post=176211"},{"taxonomy":"post_tag","embeddable":true,"href":"https:\/\/www.welovecycling.com\/wide\/wp-json\/wp\/v2\/tags?post=176211"},{"taxonomy":"global-categories","embeddable":true,"href":"https:\/\/www.welovecycling.com\/wide\/wp-json\/wp\/v2\/global-categories?post=176211"}],"curies":[{"name":"wp","href":"https:\/\/api.w.org\/{rel}","templated":true}]}}