{"id":176032,"date":"2019-11-11T12:00:42","date_gmt":"2019-11-11T12:00:42","guid":{"rendered":"https:\/\/www.welovecycling.com\/wide\/?p=176032"},"modified":"2019-11-11T12:00:42","modified_gmt":"2019-11-11T12:00:42","slug":"van-der-poel-wins-third-european-cyclocross-championship-in-a-row-and-other-cool-news-from-the-world-of-cycling","status":"publish","type":"post","link":"https:\/\/www.welovecycling.com\/wide\/2019\/11\/11\/van-der-poel-wins-third-european-cyclocross-championship-in-a-row-and-other-cool-news-from-the-world-of-cycling\/","title":{"rendered":"Van der Poel Wins Third European Cyclocross Championship in a Row and Other Cool News from the World of Cycling"},"content":{"rendered":"<p><strong>Another Monday is here and our news from the world of cycling with it! So, what did you miss?<\/strong><!--more--><\/p>\n<h2><strong>The Dutchman beats Eli Iserbyt<\/strong><\/h2>\n<p>Mathieu van der Poel held off every single attack by his rivals until there was no one in the front but Eli Iserbyt and himself. The 24-year-old Dutchman then launched an attack of his own in the final lap of the race and beat the younger Belgian.<\/p>\n<p>\u201cIt was a difficult course to make a difference,\u201d Van der Poel admitted. \u201eI have some very big goals in 2020 and now I\u2019m a little bit focused and excited for the races on the road and then the Olympics.\u201d<\/p>\n<p>Van der Poel now holds the European title as well as the World and the Dutch national title. The sky seems to be the limit for this young man.<\/p>\n<h2><strong>Thanks for clearing that out<\/strong><\/h2>\n<div class=\"embed-controller-wrapper\">\n<blockquote class=\"twitter-tweet\" data-width=\"500\" data-dnt=\"true\">\n<p lang=\"en\" dir=\"ltr\">Just to get out in front of this, it was loose cartilage taken out&#8230;<\/p>\n<p>To prevent everyone asking the same two questions here are the answers <\/p>\n<p>A) roughly a hundred grams <\/p>\n<p>B) no I can\u2019t&#8230; <a href=\"https:\/\/t.co\/QfE72ogwzV\">https:\/\/t.co\/QfE72ogwzV<\/a><\/p>\n<p>&mdash; George Bennett? (@georgenbennett) <a href=\"https:\/\/twitter.com\/georgenbennett\/status\/1191464082588815360?ref_src=twsrc%5Etfw\">November 4, 2019<\/a><\/p><\/blockquote>\n<p><script async data-src=\"https:\/\/platform.twitter.com\/widgets.js\" charset=\"utf-8\"><\/script><\/div>\n<h2><strong>Legend<\/strong><\/h2>\n<div class=\"embed-controller-wrapper\">\n<blockquote class=\"twitter-tweet\" data-width=\"500\" data-dnt=\"true\">\n<p lang=\"en\" dir=\"ltr\">Just walked past a proper old dude in a flat cap sitting in an old Jaguar XJ&#8230;.With old skool house music pure banging full from the speakers.<\/p>\n<p>Made my whole day. What a legend.<\/p>\n<p>&mdash; Mark Cavendish (@MarkCavendish) <a href=\"https:\/\/twitter.com\/MarkCavendish\/status\/1192138001842876417?ref_src=twsrc%5Etfw\">November 6, 2019<\/a><\/p><\/blockquote>\n<p><script async data-src=\"https:\/\/platform.twitter.com\/widgets.js\" charset=\"utf-8\"><\/script><\/div>\n<h2><strong>What sorcery is this?<\/strong><\/h2>\n<div class=\"embed-controller-wrapper\">\n<blockquote class=\"twitter-tweet\" data-width=\"500\" data-dnt=\"true\">\n<p lang=\"en\" dir=\"ltr\">And you wonder what happens in the off-season&#8230;.???<\/p>\n<p>\ud83e\udd23 \ud83e\udd23 \ud83e\udd23 \ud83e\udd23<\/p>\n<p>(We would love to hear more of <a href=\"https:\/\/twitter.com\/EdwardTheuns?ref_src=twsrc%5Etfw\">@EdwardTheuns<\/a>&#39; rap&#8230;.) <a href=\"https:\/\/t.co\/tVDEBw5xRu\">https:\/\/t.co\/tVDEBw5xRu<\/a><\/p>\n<p>&mdash; Lidl-Trek (@LidlTrek) <a href=\"https:\/\/twitter.com\/LidlTrek\/status\/1191750965214380032?ref_src=twsrc%5Etfw\">November 5, 2019<\/a><\/p><\/blockquote>\n<p><script async data-src=\"https:\/\/platform.twitter.com\/widgets.js\" charset=\"utf-8\"><\/script><\/div>\n<h2><strong>That smile<\/strong><\/h2>\n<p>https:\/\/twitter.com\/youmuppet_\/status\/1191792665320468481<\/p>\n","protected":false},"excerpt":{"rendered":"<p>Another Monday is here and our news from the world of cycling with it! So, what did you miss?<\/p>\n","protected":false},"author":12,"featured_media":176037,"comment_status":"open","ping_status":"open","sticky":false,"template":"","format":"standard","meta":{"footnotes":""},"categories":[328],"tags":[3692,3691,3693,2247,461,2933],"global-categories":[3449],"class_list":["post-176032","post","type-post","status-publish","format-standard","has-post-thumbnail","hentry","category-outdoor-mountain","tag-edward-theuns","tag-eli-iserbyt","tag-european-cyclocross-championship","tag-george-bennet","tag-mark-cavendish","tag-mathieu-van-der-poel","global-categories-kodiaq"],"yoast_head":"<!-- This site is optimized with the Yoast SEO Premium plugin v25.3 (Yoast SEO v25.9) - https:\/\/yoast.com\/wordpress\/plugins\/seo\/ -->\n<title>Van der Poel Wins Third European Cyclocross Championship in a Row and Other Cool News from the World of Cycling - \u0160koda We Love Cycling<\/title>\n<meta name=\"description\" content=\"Another Monday is here and our news from the world of cycling with it! So, what did you miss? The Dutchman beats Eli Iserbyt Mathieu van der Poel held off\" \/>\n<meta name=\"robots\" content=\"index, follow, max-snippet:-1, max-image-preview:large, max-video-preview:-1\" \/>\n<link rel=\"canonical\" href=\"https:\/\/www.welovecycling.com\/wide\/2019\/11\/11\/van-der-poel-wins-third-european-cyclocross-championship-in-a-row-and-other-cool-news-from-the-world-of-cycling\/\" \/>\n<meta property=\"og:locale\" content=\"en_US\" \/>\n<meta property=\"og:type\" content=\"article\" \/>\n<meta property=\"og:title\" content=\"Van der Poel Wins Third European Cyclocross Championship in a Row and Other Cool News from the World of Cycling\" \/>\n<meta property=\"og:description\" content=\"Another Monday is here and our news from the world of cycling with it! So, what did you miss? The Dutchman beats Eli Iserbyt Mathieu van der Poel held off\" \/>\n<meta property=\"og:url\" content=\"https:\/\/www.welovecycling.com\/wide\/2019\/11\/11\/van-der-poel-wins-third-european-cyclocross-championship-in-a-row-and-other-cool-news-from-the-world-of-cycling\/\" \/>\n<meta property=\"og:site_name\" content=\"\u0160koda We Love Cycling\" \/>\n<meta property=\"article:published_time\" content=\"2019-11-11T12:00:42+00:00\" \/>\n<meta property=\"og:image\" content=\"https:\/\/d2p6e6u75xmxt8.cloudfront.net\/2\/2019\/11\/Mathieu-van-der-Poel-CVR-profimedia-0482108820.webp\" \/>\n\t<meta property=\"og:image:width\" content=\"900\" \/>\n\t<meta property=\"og:image:height\" content=\"600\" \/>\n\t<meta property=\"og:image:type\" content=\"image\/webp\" \/>\n<meta name=\"twitter:card\" content=\"summary_large_image\" \/>\n<meta name=\"twitter:label1\" content=\"Written by\" \/>\n\t<meta name=\"twitter:data1\" content=\"Monica Buck\" \/>\n\t<meta name=\"twitter:label2\" content=\"Est. reading time\" \/>\n\t<meta name=\"twitter:data2\" content=\"3\" \/>\n<script type=\"application\/ld+json\" class=\"yoast-schema-graph\">{\"@context\":\"https:\/\/schema.org\",\"@graph\":[{\"@type\":\"WebPage\",\"@id\":\"https:\/\/www.welovecycling.com\/wide\/2019\/11\/11\/van-der-poel-wins-third-european-cyclocross-championship-in-a-row-and-other-cool-news-from-the-world-of-cycling\/\",\"url\":\"https:\/\/www.welovecycling.com\/wide\/2019\/11\/11\/van-der-poel-wins-third-european-cyclocross-championship-in-a-row-and-other-cool-news-from-the-world-of-cycling\/\",\"name\":\"Van der Poel Wins Third European Cyclocross Championship in a Row and Other Cool News from the World of Cycling - \u0160koda We Love Cycling\",\"isPartOf\":{\"@id\":\"https:\/\/www.welovecycling.com\/wide\/#website\"},\"primaryImageOfPage\":{\"@id\":\"https:\/\/www.welovecycling.com\/wide\/2019\/11\/11\/van-der-poel-wins-third-european-cyclocross-championship-in-a-row-and-other-cool-news-from-the-world-of-cycling\/#primaryimage\"},\"image\":{\"@id\":\"https:\/\/www.welovecycling.com\/wide\/2019\/11\/11\/van-der-poel-wins-third-european-cyclocross-championship-in-a-row-and-other-cool-news-from-the-world-of-cycling\/#primaryimage\"},\"thumbnailUrl\":\"https:\/\/d2p6e6u75xmxt8.cloudfront.net\/2\/2019\/11\/Mathieu-van-der-Poel-CVR-profimedia-0482108820.webp\",\"datePublished\":\"2019-11-11T12:00:42+00:00\",\"author\":{\"@id\":\"\"},\"description\":\"Another Monday is here and our news from the world of cycling with it! So, what did you miss? The Dutchman beats Eli Iserbyt Mathieu van der Poel held off\",\"breadcrumb\":{\"@id\":\"https:\/\/www.welovecycling.com\/wide\/2019\/11\/11\/van-der-poel-wins-third-european-cyclocross-championship-in-a-row-and-other-cool-news-from-the-world-of-cycling\/#breadcrumb\"},\"inLanguage\":\"en-US\",\"potentialAction\":[{\"@type\":\"ReadAction\",\"target\":[\"https:\/\/www.welovecycling.com\/wide\/2019\/11\/11\/van-der-poel-wins-third-european-cyclocross-championship-in-a-row-and-other-cool-news-from-the-world-of-cycling\/\"]}]},{\"@type\":\"ImageObject\",\"inLanguage\":\"en-US\",\"@id\":\"https:\/\/www.welovecycling.com\/wide\/2019\/11\/11\/van-der-poel-wins-third-european-cyclocross-championship-in-a-row-and-other-cool-news-from-the-world-of-cycling\/#primaryimage\",\"url\":\"https:\/\/d2p6e6u75xmxt8.cloudfront.net\/2\/2019\/11\/Mathieu-van-der-Poel-CVR-profimedia-0482108820.webp\",\"contentUrl\":\"https:\/\/d2p6e6u75xmxt8.cloudfront.net\/2\/2019\/11\/Mathieu-van-der-Poel-CVR-profimedia-0482108820.webp\",\"width\":900,\"height\":600},{\"@type\":\"BreadcrumbList\",\"@id\":\"https:\/\/www.welovecycling.com\/wide\/2019\/11\/11\/van-der-poel-wins-third-european-cyclocross-championship-in-a-row-and-other-cool-news-from-the-world-of-cycling\/#breadcrumb\",\"itemListElement\":[{\"@type\":\"ListItem\",\"position\":1,\"name\":\"Home\",\"item\":\"https:\/\/www.welovecycling.com\/wide\/\"},{\"@type\":\"ListItem\",\"position\":2,\"name\":\"Van der Poel Wins Third European Cyclocross Championship in a Row and Other Cool News from the World of Cycling\"}]},{\"@type\":\"WebSite\",\"@id\":\"https:\/\/www.welovecycling.com\/wide\/#website\",\"url\":\"https:\/\/www.welovecycling.com\/wide\/\",\"name\":\"\u0160koda We Love Cycling\",\"description\":\"\u0160koda We Love Cycling magazine\",\"alternateName\":\"\u0160koda WLC\",\"potentialAction\":[{\"@type\":\"SearchAction\",\"target\":{\"@type\":\"EntryPoint\",\"urlTemplate\":\"https:\/\/www.welovecycling.com\/wide\/?s={search_term_string}\"},\"query-input\":{\"@type\":\"PropertyValueSpecification\",\"valueRequired\":true,\"valueName\":\"search_term_string\"}}],\"inLanguage\":\"en-US\"},{\"@type\":\"Person\",\"@id\":\"\",\"url\":\"https:\/\/www.welovecycling.com\/wide\/author\/\"}]}<\/script>\n<!-- \/ Yoast SEO Premium plugin. -->","yoast_head_json":{"title":"Van der Poel Wins Third European Cyclocross Championship in a Row and Other Cool News from the World of Cycling - \u0160koda We Love Cycling","description":"Another Monday is here and our news from the world of cycling with it! So, what did you miss? The Dutchman beats Eli Iserbyt Mathieu van der Poel held off","robots":{"index":"index","follow":"follow","max-snippet":"max-snippet:-1","max-image-preview":"max-image-preview:large","max-video-preview":"max-video-preview:-1"},"canonical":"https:\/\/www.welovecycling.com\/wide\/2019\/11\/11\/van-der-poel-wins-third-european-cyclocross-championship-in-a-row-and-other-cool-news-from-the-world-of-cycling\/","og_locale":"en_US","og_type":"article","og_title":"Van der Poel Wins Third European Cyclocross Championship in a Row and Other Cool News from the World of Cycling","og_description":"Another Monday is here and our news from the world of cycling with it! So, what did you miss? The Dutchman beats Eli Iserbyt Mathieu van der Poel held off","og_url":"https:\/\/www.welovecycling.com\/wide\/2019\/11\/11\/van-der-poel-wins-third-european-cyclocross-championship-in-a-row-and-other-cool-news-from-the-world-of-cycling\/","og_site_name":"\u0160koda We Love Cycling","article_published_time":"2019-11-11T12:00:42+00:00","og_image":[{"width":900,"height":600,"url":"https:\/\/d2p6e6u75xmxt8.cloudfront.net\/2\/2019\/11\/Mathieu-van-der-Poel-CVR-profimedia-0482108820.webp","type":"image\/webp"}],"twitter_card":"summary_large_image","twitter_misc":{"Written by":"Monica Buck","Est. reading time":"3"},"schema":{"@context":"https:\/\/schema.org","@graph":[{"@type":"WebPage","@id":"https:\/\/www.welovecycling.com\/wide\/2019\/11\/11\/van-der-poel-wins-third-european-cyclocross-championship-in-a-row-and-other-cool-news-from-the-world-of-cycling\/","url":"https:\/\/www.welovecycling.com\/wide\/2019\/11\/11\/van-der-poel-wins-third-european-cyclocross-championship-in-a-row-and-other-cool-news-from-the-world-of-cycling\/","name":"Van der Poel Wins Third European Cyclocross Championship in a Row and Other Cool News from the World of Cycling - \u0160koda We Love Cycling","isPartOf":{"@id":"https:\/\/www.welovecycling.com\/wide\/#website"},"primaryImageOfPage":{"@id":"https:\/\/www.welovecycling.com\/wide\/2019\/11\/11\/van-der-poel-wins-third-european-cyclocross-championship-in-a-row-and-other-cool-news-from-the-world-of-cycling\/#primaryimage"},"image":{"@id":"https:\/\/www.welovecycling.com\/wide\/2019\/11\/11\/van-der-poel-wins-third-european-cyclocross-championship-in-a-row-and-other-cool-news-from-the-world-of-cycling\/#primaryimage"},"thumbnailUrl":"https:\/\/d2p6e6u75xmxt8.cloudfront.net\/2\/2019\/11\/Mathieu-van-der-Poel-CVR-profimedia-0482108820.webp","datePublished":"2019-11-11T12:00:42+00:00","author":{"@id":""},"description":"Another Monday is here and our news from the world of cycling with it! So, what did you miss? The Dutchman beats Eli Iserbyt Mathieu van der Poel held off","breadcrumb":{"@id":"https:\/\/www.welovecycling.com\/wide\/2019\/11\/11\/van-der-poel-wins-third-european-cyclocross-championship-in-a-row-and-other-cool-news-from-the-world-of-cycling\/#breadcrumb"},"inLanguage":"en-US","potentialAction":[{"@type":"ReadAction","target":["https:\/\/www.welovecycling.com\/wide\/2019\/11\/11\/van-der-poel-wins-third-european-cyclocross-championship-in-a-row-and-other-cool-news-from-the-world-of-cycling\/"]}]},{"@type":"ImageObject","inLanguage":"en-US","@id":"https:\/\/www.welovecycling.com\/wide\/2019\/11\/11\/van-der-poel-wins-third-european-cyclocross-championship-in-a-row-and-other-cool-news-from-the-world-of-cycling\/#primaryimage","url":"https:\/\/d2p6e6u75xmxt8.cloudfront.net\/2\/2019\/11\/Mathieu-van-der-Poel-CVR-profimedia-0482108820.webp","contentUrl":"https:\/\/d2p6e6u75xmxt8.cloudfront.net\/2\/2019\/11\/Mathieu-van-der-Poel-CVR-profimedia-0482108820.webp","width":900,"height":600},{"@type":"BreadcrumbList","@id":"https:\/\/www.welovecycling.com\/wide\/2019\/11\/11\/van-der-poel-wins-third-european-cyclocross-championship-in-a-row-and-other-cool-news-from-the-world-of-cycling\/#breadcrumb","itemListElement":[{"@type":"ListItem","position":1,"name":"Home","item":"https:\/\/www.welovecycling.com\/wide\/"},{"@type":"ListItem","position":2,"name":"Van der Poel Wins Third European Cyclocross Championship in a Row and Other Cool News from the World of Cycling"}]},{"@type":"WebSite","@id":"https:\/\/www.welovecycling.com\/wide\/#website","url":"https:\/\/www.welovecycling.com\/wide\/","name":"\u0160koda We Love Cycling","description":"\u0160koda We Love Cycling magazine","alternateName":"\u0160koda WLC","potentialAction":[{"@type":"SearchAction","target":{"@type":"EntryPoint","urlTemplate":"https:\/\/www.welovecycling.com\/wide\/?s={search_term_string}"},"query-input":{"@type":"PropertyValueSpecification","valueRequired":true,"valueName":"search_term_string"}}],"inLanguage":"en-US"},{"@type":"Person","@id":"","url":"https:\/\/www.welovecycling.com\/wide\/author\/"}]}},"_links":{"self":[{"href":"https:\/\/www.welovecycling.com\/wide\/wp-json\/wp\/v2\/posts\/176032","targetHints":{"allow":["GET"]}}],"collection":[{"href":"https:\/\/www.welovecycling.com\/wide\/wp-json\/wp\/v2\/posts"}],"about":[{"href":"https:\/\/www.welovecycling.com\/wide\/wp-json\/wp\/v2\/types\/post"}],"author":[{"embeddable":true,"href":"https:\/\/www.welovecycling.com\/wide\/wp-json\/wp\/v2\/users\/12"}],"replies":[{"embeddable":true,"href":"https:\/\/www.welovecycling.com\/wide\/wp-json\/wp\/v2\/comments?post=176032"}],"version-history":[{"count":1,"href":"https:\/\/www.welovecycling.com\/wide\/wp-json\/wp\/v2\/posts\/176032\/revisions"}],"predecessor-version":[{"id":176038,"href":"https:\/\/www.welovecycling.com\/wide\/wp-json\/wp\/v2\/posts\/176032\/revisions\/176038"}],"wp:featuredmedia":[{"embeddable":true,"href":"https:\/\/www.welovecycling.com\/wide\/wp-json\/wp\/v2\/media\/176037"}],"wp:attachment":[{"href":"https:\/\/www.welovecycling.com\/wide\/wp-json\/wp\/v2\/media?parent=176032"}],"wp:term":[{"taxonomy":"category","embeddable":true,"href":"https:\/\/www.welovecycling.com\/wide\/wp-json\/wp\/v2\/categories?post=176032"},{"taxonomy":"post_tag","embeddable":true,"href":"https:\/\/www.welovecycling.com\/wide\/wp-json\/wp\/v2\/tags?post=176032"},{"taxonomy":"global-categories","embeddable":true,"href":"https:\/\/www.welovecycling.com\/wide\/wp-json\/wp\/v2\/global-categories?post=176032"}],"curies":[{"name":"wp","href":"https:\/\/api.w.org\/{rel}","templated":true}]}}