{"id":175918,"date":"2019-11-01T11:39:31","date_gmt":"2019-11-01T11:39:31","guid":{"rendered":"https:\/\/www.welovecycling.com\/wide\/?p=175918"},"modified":"2019-11-01T11:39:31","modified_gmt":"2019-11-01T11:39:31","slug":"how-to-store-the-bike-away-for-the-winter","status":"publish","type":"post","link":"https:\/\/www.welovecycling.com\/wide\/2019\/11\/01\/how-to-store-the-bike-away-for-the-winter\/","title":{"rendered":"How to Store the Bike Away for the Winter"},"content":{"rendered":"<p><strong>Despite the resolutions we make each year at about the same time, swearing that we\u2019ll cycle even through winter, most of us give up with first November showers. Putting a bicycle aside for the winter is not as complicated as in the case of a motorbike, however, even bicycles have their specific demands. If you want to enjoy your bike when the sun shows up in March, follow these quick steps.<\/strong><!--more--><\/p>\n<h2><strong>Clean the bike<\/strong><\/h2>\n<p>Clean your bike thoroughly and dry the entire frame and all the components with a rag as crusted mud on the tubes or deep in the components is the last thing the bike deserves.<\/p>\n<p><a href=\"https:\/\/d2p6e6u75xmxt8.cloudfront.net\/2\/2019\/01\/Adam-Marsal-Bike-Cleaning-11.jpg\"><img loading=\"lazy\" decoding=\"async\" class=\"alignnone size-full wp-image-172045\" src=\"https:\/\/d2p6e6u75xmxt8.cloudfront.net\/2\/2019\/01\/Adam-Marsal-Bike-Cleaning-11.jpg\" alt=\"\" width=\"1366\" height=\"600\" \/><\/a><\/p>\n<h2><strong>Clean and lube the chain<\/strong><\/h2>\n<p>The chain should be cleaned properly by using either a bike chain cleaner that you can get from 10 euros or special washing brooms that are offered in a variety of sizes. A small hand broom in cooperation with an old toothbrush can do the work too.<\/p>\n<h2><strong>Fight the humidity<\/strong><\/h2>\n<p>The environment in most cellars is rather humid, which might render a mixture of rust and mildew on the components and the frame scratches alike. To prevent material degradation, wipe the frame tubes with a cloth moistened with silicon oil. This procedure should conserve the bike through the winter. On top of that, grease the chain as if you wanted to ride out in the rain to keep it protected against air moisture. You also might cover the bike with a blanket to hide it from air dust that would mingle with the oil layer and generate a slimy mess.<\/p>\n<h2><strong>Don&#8217;t let the tires perish<\/strong><\/h2>\n<p>Should the bike stand on flat tires for a long time, the rubber material would degrade and perish the same way as if a car was left with empty tires \u2013 its weight would eventually press the rims through the rubber. To prevent that, inflate both tires completely and check them once a month.<\/p>\n<p><a href=\"https:\/\/d2p6e6u75xmxt8.cloudfront.net\/2\/2017\/07\/coverpoh.jpg\"><img loading=\"lazy\" decoding=\"async\" class=\"alignnone size-full wp-image-160674\" src=\"https:\/\/d2p6e6u75xmxt8.cloudfront.net\/2\/2017\/07\/coverpoh.jpg\" alt=\"\" width=\"1375\" height=\"600\" \/><\/a><\/p>\n<h2><strong>Store it where you live<\/strong><\/h2>\n<p>The best place to store the bike is in a dry place in your flat with a constant temperature not dropping below 19\u00b0C. If your flat is big enough, you can easily skip most of the preparations as both cold and humidity have no chance to make any damage. The chain shouldn&#8217;t be greased as it might soil the floor or furniture.<\/p>\n<h2><strong>Make the servicing now<\/strong><\/h2>\n<p>If you want to have your bike ready as soon as spring comes, late autumn is the best time to bring it to the bike shop and let all the maintenance be done. While in spring the bike shops are under attack of cyclist and bikers craving to have their first sunny ride, in autumn and winter the waiting periods are short and most of the commissions can be completed within just a few days. Even though most people are putting off bike service until spring, the early maintenance will pay off.<\/p>\n<h2><strong>Keep it in the bike bag<\/strong><\/h2>\n<p>Some people prefer to remove the wheels and dismantle both handlebars and the seat post and put the bike into a bicycle bag for the whole winter. This solution is a space saver and keeps the bike well preserved.<\/p>\n","protected":false},"excerpt":{"rendered":"<p>Despite the resolutions we make each year at about the same time, swearing that we\u2019ll cycle even through winter, most [&hellip;]<\/p>\n","protected":false},"author":12,"featured_media":175919,"comment_status":"open","ping_status":"open","sticky":false,"template":"","format":"standard","meta":{"footnotes":""},"categories":[328,329],"tags":[3659,3660,604],"global-categories":[3377,3449],"class_list":["post-175918","post","type-post","status-publish","format-standard","has-post-thumbnail","hentry","category-outdoor-mountain","category-road-cycling","tag-cycling-in-winter","tag-storing-a-bicycle","tag-winter-cycling","global-categories-karoq","global-categories-kodiaq"],"yoast_head":"<!-- This site is optimized with the Yoast SEO Premium plugin v25.3 (Yoast SEO v25.9) - https:\/\/yoast.com\/wordpress\/plugins\/seo\/ -->\n<title>How to Store the Bike Away for the Winter - \u0160koda We Love Cycling<\/title>\n<meta name=\"description\" content=\"Despite the resolutions we make each year at about the same time, swearing that we\u2019ll cycle even through winter, most of us give up with first November\" \/>\n<meta name=\"robots\" content=\"index, follow, max-snippet:-1, max-image-preview:large, max-video-preview:-1\" \/>\n<link rel=\"canonical\" href=\"https:\/\/www.welovecycling.com\/wide\/2019\/11\/01\/how-to-store-the-bike-away-for-the-winter\/\" \/>\n<meta property=\"og:locale\" content=\"en_US\" \/>\n<meta property=\"og:type\" content=\"article\" \/>\n<meta property=\"og:title\" content=\"How to Store the Bike Away for the Winter\" \/>\n<meta property=\"og:description\" content=\"Despite the resolutions we make each year at about the same time, swearing that we\u2019ll cycle even through winter, most of us give up with first November\" \/>\n<meta property=\"og:url\" content=\"https:\/\/www.welovecycling.com\/wide\/2019\/11\/01\/how-to-store-the-bike-away-for-the-winter\/\" \/>\n<meta property=\"og:site_name\" content=\"\u0160koda We Love Cycling\" \/>\n<meta property=\"article:published_time\" content=\"2019-11-01T11:39:31+00:00\" \/>\n<meta property=\"og:image\" content=\"https:\/\/d2p6e6u75xmxt8.cloudfront.net\/2\/2019\/11\/Bicycle-Winter-CVR-profimedia-0310952546.webp\" \/>\n\t<meta property=\"og:image:width\" content=\"900\" \/>\n\t<meta property=\"og:image:height\" content=\"600\" \/>\n\t<meta property=\"og:image:type\" content=\"image\/webp\" \/>\n<meta name=\"twitter:card\" content=\"summary_large_image\" \/>\n<meta name=\"twitter:label1\" content=\"Written by\" \/>\n\t<meta name=\"twitter:data1\" content=\"Adam Marsal\" \/>\n\t<meta name=\"twitter:label2\" content=\"Est. reading time\" \/>\n\t<meta name=\"twitter:data2\" content=\"5\" \/>\n<script type=\"application\/ld+json\" class=\"yoast-schema-graph\">{\"@context\":\"https:\/\/schema.org\",\"@graph\":[{\"@type\":\"WebPage\",\"@id\":\"https:\/\/www.welovecycling.com\/wide\/2019\/11\/01\/how-to-store-the-bike-away-for-the-winter\/\",\"url\":\"https:\/\/www.welovecycling.com\/wide\/2019\/11\/01\/how-to-store-the-bike-away-for-the-winter\/\",\"name\":\"How to Store the Bike Away for the Winter - \u0160koda We Love Cycling\",\"isPartOf\":{\"@id\":\"https:\/\/www.welovecycling.com\/wide\/#website\"},\"primaryImageOfPage\":{\"@id\":\"https:\/\/www.welovecycling.com\/wide\/2019\/11\/01\/how-to-store-the-bike-away-for-the-winter\/#primaryimage\"},\"image\":{\"@id\":\"https:\/\/www.welovecycling.com\/wide\/2019\/11\/01\/how-to-store-the-bike-away-for-the-winter\/#primaryimage\"},\"thumbnailUrl\":\"https:\/\/d2p6e6u75xmxt8.cloudfront.net\/2\/2019\/11\/Bicycle-Winter-CVR-profimedia-0310952546.webp\",\"datePublished\":\"2019-11-01T11:39:31+00:00\",\"author\":{\"@id\":\"\"},\"description\":\"Despite the resolutions we make each year at about the same time, swearing that we\u2019ll cycle even through winter, most of us give up with first November\",\"breadcrumb\":{\"@id\":\"https:\/\/www.welovecycling.com\/wide\/2019\/11\/01\/how-to-store-the-bike-away-for-the-winter\/#breadcrumb\"},\"inLanguage\":\"en-US\",\"potentialAction\":[{\"@type\":\"ReadAction\",\"target\":[\"https:\/\/www.welovecycling.com\/wide\/2019\/11\/01\/how-to-store-the-bike-away-for-the-winter\/\"]}]},{\"@type\":\"ImageObject\",\"inLanguage\":\"en-US\",\"@id\":\"https:\/\/www.welovecycling.com\/wide\/2019\/11\/01\/how-to-store-the-bike-away-for-the-winter\/#primaryimage\",\"url\":\"https:\/\/d2p6e6u75xmxt8.cloudfront.net\/2\/2019\/11\/Bicycle-Winter-CVR-profimedia-0310952546.webp\",\"contentUrl\":\"https:\/\/d2p6e6u75xmxt8.cloudfront.net\/2\/2019\/11\/Bicycle-Winter-CVR-profimedia-0310952546.webp\",\"width\":900,\"height\":600},{\"@type\":\"BreadcrumbList\",\"@id\":\"https:\/\/www.welovecycling.com\/wide\/2019\/11\/01\/how-to-store-the-bike-away-for-the-winter\/#breadcrumb\",\"itemListElement\":[{\"@type\":\"ListItem\",\"position\":1,\"name\":\"Home\",\"item\":\"https:\/\/www.welovecycling.com\/wide\/\"},{\"@type\":\"ListItem\",\"position\":2,\"name\":\"How to Store the Bike Away for the Winter\"}]},{\"@type\":\"WebSite\",\"@id\":\"https:\/\/www.welovecycling.com\/wide\/#website\",\"url\":\"https:\/\/www.welovecycling.com\/wide\/\",\"name\":\"\u0160koda We Love Cycling\",\"description\":\"\u0160koda We Love Cycling magazine\",\"alternateName\":\"\u0160koda WLC\",\"potentialAction\":[{\"@type\":\"SearchAction\",\"target\":{\"@type\":\"EntryPoint\",\"urlTemplate\":\"https:\/\/www.welovecycling.com\/wide\/?s={search_term_string}\"},\"query-input\":{\"@type\":\"PropertyValueSpecification\",\"valueRequired\":true,\"valueName\":\"search_term_string\"}}],\"inLanguage\":\"en-US\"},{\"@type\":\"Person\",\"@id\":\"\",\"url\":\"https:\/\/www.welovecycling.com\/wide\/author\/\"}]}<\/script>\n<!-- \/ Yoast SEO Premium plugin. -->","yoast_head_json":{"title":"How to Store the Bike Away for the Winter - \u0160koda We Love Cycling","description":"Despite the resolutions we make each year at about the same time, swearing that we\u2019ll cycle even through winter, most of us give up with first November","robots":{"index":"index","follow":"follow","max-snippet":"max-snippet:-1","max-image-preview":"max-image-preview:large","max-video-preview":"max-video-preview:-1"},"canonical":"https:\/\/www.welovecycling.com\/wide\/2019\/11\/01\/how-to-store-the-bike-away-for-the-winter\/","og_locale":"en_US","og_type":"article","og_title":"How to Store the Bike Away for the Winter","og_description":"Despite the resolutions we make each year at about the same time, swearing that we\u2019ll cycle even through winter, most of us give up with first November","og_url":"https:\/\/www.welovecycling.com\/wide\/2019\/11\/01\/how-to-store-the-bike-away-for-the-winter\/","og_site_name":"\u0160koda We Love Cycling","article_published_time":"2019-11-01T11:39:31+00:00","og_image":[{"width":900,"height":600,"url":"https:\/\/d2p6e6u75xmxt8.cloudfront.net\/2\/2019\/11\/Bicycle-Winter-CVR-profimedia-0310952546.webp","type":"image\/webp"}],"twitter_card":"summary_large_image","twitter_misc":{"Written by":"Adam Marsal","Est. reading time":"5"},"schema":{"@context":"https:\/\/schema.org","@graph":[{"@type":"WebPage","@id":"https:\/\/www.welovecycling.com\/wide\/2019\/11\/01\/how-to-store-the-bike-away-for-the-winter\/","url":"https:\/\/www.welovecycling.com\/wide\/2019\/11\/01\/how-to-store-the-bike-away-for-the-winter\/","name":"How to Store the Bike Away for the Winter - \u0160koda We Love Cycling","isPartOf":{"@id":"https:\/\/www.welovecycling.com\/wide\/#website"},"primaryImageOfPage":{"@id":"https:\/\/www.welovecycling.com\/wide\/2019\/11\/01\/how-to-store-the-bike-away-for-the-winter\/#primaryimage"},"image":{"@id":"https:\/\/www.welovecycling.com\/wide\/2019\/11\/01\/how-to-store-the-bike-away-for-the-winter\/#primaryimage"},"thumbnailUrl":"https:\/\/d2p6e6u75xmxt8.cloudfront.net\/2\/2019\/11\/Bicycle-Winter-CVR-profimedia-0310952546.webp","datePublished":"2019-11-01T11:39:31+00:00","author":{"@id":""},"description":"Despite the resolutions we make each year at about the same time, swearing that we\u2019ll cycle even through winter, most of us give up with first November","breadcrumb":{"@id":"https:\/\/www.welovecycling.com\/wide\/2019\/11\/01\/how-to-store-the-bike-away-for-the-winter\/#breadcrumb"},"inLanguage":"en-US","potentialAction":[{"@type":"ReadAction","target":["https:\/\/www.welovecycling.com\/wide\/2019\/11\/01\/how-to-store-the-bike-away-for-the-winter\/"]}]},{"@type":"ImageObject","inLanguage":"en-US","@id":"https:\/\/www.welovecycling.com\/wide\/2019\/11\/01\/how-to-store-the-bike-away-for-the-winter\/#primaryimage","url":"https:\/\/d2p6e6u75xmxt8.cloudfront.net\/2\/2019\/11\/Bicycle-Winter-CVR-profimedia-0310952546.webp","contentUrl":"https:\/\/d2p6e6u75xmxt8.cloudfront.net\/2\/2019\/11\/Bicycle-Winter-CVR-profimedia-0310952546.webp","width":900,"height":600},{"@type":"BreadcrumbList","@id":"https:\/\/www.welovecycling.com\/wide\/2019\/11\/01\/how-to-store-the-bike-away-for-the-winter\/#breadcrumb","itemListElement":[{"@type":"ListItem","position":1,"name":"Home","item":"https:\/\/www.welovecycling.com\/wide\/"},{"@type":"ListItem","position":2,"name":"How to Store the Bike Away for the Winter"}]},{"@type":"WebSite","@id":"https:\/\/www.welovecycling.com\/wide\/#website","url":"https:\/\/www.welovecycling.com\/wide\/","name":"\u0160koda We Love Cycling","description":"\u0160koda We Love Cycling magazine","alternateName":"\u0160koda WLC","potentialAction":[{"@type":"SearchAction","target":{"@type":"EntryPoint","urlTemplate":"https:\/\/www.welovecycling.com\/wide\/?s={search_term_string}"},"query-input":{"@type":"PropertyValueSpecification","valueRequired":true,"valueName":"search_term_string"}}],"inLanguage":"en-US"},{"@type":"Person","@id":"","url":"https:\/\/www.welovecycling.com\/wide\/author\/"}]}},"_links":{"self":[{"href":"https:\/\/www.welovecycling.com\/wide\/wp-json\/wp\/v2\/posts\/175918","targetHints":{"allow":["GET"]}}],"collection":[{"href":"https:\/\/www.welovecycling.com\/wide\/wp-json\/wp\/v2\/posts"}],"about":[{"href":"https:\/\/www.welovecycling.com\/wide\/wp-json\/wp\/v2\/types\/post"}],"author":[{"embeddable":true,"href":"https:\/\/www.welovecycling.com\/wide\/wp-json\/wp\/v2\/users\/12"}],"replies":[{"embeddable":true,"href":"https:\/\/www.welovecycling.com\/wide\/wp-json\/wp\/v2\/comments?post=175918"}],"version-history":[{"count":1,"href":"https:\/\/www.welovecycling.com\/wide\/wp-json\/wp\/v2\/posts\/175918\/revisions"}],"predecessor-version":[{"id":175920,"href":"https:\/\/www.welovecycling.com\/wide\/wp-json\/wp\/v2\/posts\/175918\/revisions\/175920"}],"wp:featuredmedia":[{"embeddable":true,"href":"https:\/\/www.welovecycling.com\/wide\/wp-json\/wp\/v2\/media\/175919"}],"wp:attachment":[{"href":"https:\/\/www.welovecycling.com\/wide\/wp-json\/wp\/v2\/media?parent=175918"}],"wp:term":[{"taxonomy":"category","embeddable":true,"href":"https:\/\/www.welovecycling.com\/wide\/wp-json\/wp\/v2\/categories?post=175918"},{"taxonomy":"post_tag","embeddable":true,"href":"https:\/\/www.welovecycling.com\/wide\/wp-json\/wp\/v2\/tags?post=175918"},{"taxonomy":"global-categories","embeddable":true,"href":"https:\/\/www.welovecycling.com\/wide\/wp-json\/wp\/v2\/global-categories?post=175918"}],"curies":[{"name":"wp","href":"https:\/\/api.w.org\/{rel}","templated":true}]}}