{"id":175611,"date":"2019-10-02T13:08:05","date_gmt":"2019-10-02T13:08:05","guid":{"rendered":"https:\/\/www.welovecycling.com\/wide\/?p=175611"},"modified":"2019-10-02T13:08:05","modified_gmt":"2019-10-02T13:08:05","slug":"from-being-americas-most-talented-cyclist-to-being-homeless","status":"publish","type":"post","link":"https:\/\/www.welovecycling.com\/wide\/2019\/10\/02\/from-being-americas-most-talented-cyclist-to-being-homeless\/","title":{"rendered":"From Being America\u2019s Most Talented Cyclist to Being Homeless"},"content":{"rendered":"<p><strong>She was once considered America&#8217;s best cyclist. If you try to find her these days, check one of Seattle\u2019s night shelters or a Woman\u2019s Day Center, as that\u2019s where she resides now. Rebecca Twigg, a holder of six world championship medals, represents both the story of great success and promising future, and the dark side of professional cycling.<\/strong><!--more--><\/p>\n<p>Becca was a gifted child. Aged 14, she entered the University of Washington to study biology and computer science while immersing in cycling and conquering national championships within just one year of entering the world of athletics.<\/p>\n<p>Unfortunately, Rebecca\u2019s future was not as bright as she was. Before turning 16, Rebecca\u2019s mom kicked her out of their home. The young teenager waited the night out at a train station and called her team leader the next morning, asking if she could crash at his home. The following years were marked by a similar scenario. With no real basecamp, Becca would stay at hotels on the road while travelling to races or back \u201chome\u201d in Seattle, staying at friends\u2019 places.<\/p>\n<figure id=\"attachment_175615\" aria-describedby=\"caption-attachment-175615\" style=\"width: 1250px\" class=\"wp-caption alignnone\"><a href=\"https:\/\/d2p6e6u75xmxt8.cloudfront.net\/2\/2019\/10\/Rebecca-Twigg-profimedia-0395049880.jpg\"><img loading=\"lazy\" decoding=\"async\" class=\"size-full wp-image-175615\" src=\"https:\/\/d2p6e6u75xmxt8.cloudfront.net\/2\/2019\/10\/Rebecca-Twigg-profimedia-0395049880.jpg\" alt=\"\" width=\"1250\" height=\"938\" \/><\/a><figcaption id=\"caption-attachment-175615\" class=\"wp-caption-text\">The photo was taken on August 26th 1987 on the occasion of the Indoor Cycling World Championship in Vienna and shows Rebecca Twigg, who set up a new world record.\u00a0<strong>\u00a9<\/strong>\u00a0Klaus Titzer \/ AFP \/ Profimedia<\/figcaption><\/figure>\n<p>A famous Polish-American coach, Eddie Borysewicz, took Becca under his wing. We\u2019re at the beginning of the 80s, which, in a way, brought a breaking point to women\u2019s cycling. The upcoming 1984 Olympic Games would be the first Games to include a women\u2019s cycling race. In 1982, Becca triumphs at the world championship and Eddie invites her to live and train in the Olympic Training Center in Colorado Springs. And so she does.<\/p>\n<p>Twigg wins a silver medal, finishing just a few inches behind her colleague Connie Carpenter-Phinney. That feat opened the door to a promising future. In the following years, Rebecca will become an American cycling star, conquering numerous national and world championships, making the covers of cycling magazines, and setting world records.<\/p>\n<p>Unfortunately, aged 25, Twigg crashed her bike in Texas and got 13 stitches to her head. The recovery took some time and Becca realized the previous years left her feeling burnt out. She decided to take a break and finish her studies. After getting an associate degree in computer science, the excellent cyclist became a programmer.<\/p>\n<figure id=\"attachment_175617\" aria-describedby=\"caption-attachment-175617\" style=\"width: 1250px\" class=\"wp-caption alignnone\"><a href=\"https:\/\/d2p6e6u75xmxt8.cloudfront.net\/2\/2019\/10\/profimedia-0395049891.jpg\"><img loading=\"lazy\" decoding=\"async\" class=\"size-full wp-image-175617\" src=\"https:\/\/d2p6e6u75xmxt8.cloudfront.net\/2\/2019\/10\/profimedia-0395049891.jpg\" alt=\"\" width=\"1250\" height=\"810\" \/><\/a><figcaption id=\"caption-attachment-175617\" class=\"wp-caption-text\">Rebecca Twigg triumphs at the Indoor Cycling World Championship in Vienna. <strong>\u00a9<\/strong>\u00a0M. Leckel \/ AFP \/ Profimedia<\/figcaption><\/figure>\n<p>Three years later, however, Becca came back to cycling. A nine-month training for the 1992 Olympics earned her a bronze medal in the 3,000-metre pursuit \u2013 the last success if we count it in metal. The ultimate dealbreaker came with the 1996 Olympic Games (Becca left after an unsuccessful start). In 1997, she raced in the world championship but finished eighth. That put an end to Twigg\u2019s cycling career.<\/p>\n<p>Becca took up a programming job, which wasn\u2019t the greatest fit. The fixed work hours, limited flexibility, and a sense of solitude behind the desk resulted in a somewhat fragile state of mind. In her fifties, Twigg finally quit the last IT job and stopped searching for another one. Feelings of anxiety occupied her mind enough. For the second time in her life, she became homeless.<\/p>\n<p>Rebecca\u2019s story startled many, including the Day Center staff, her friends, and family. Her stunning intelligence and friendly yet introverted personality combined with the promising life story left everyone wondering. Why and how could this happen?<\/p>\n<figure id=\"attachment_175614\" aria-describedby=\"caption-attachment-175614\" style=\"width: 986px\" class=\"wp-caption alignnone\"><a href=\"https:\/\/d2p6e6u75xmxt8.cloudfront.net\/2\/2019\/10\/Rebecca-Twigg-profimedia-0017421783.jpg\"><img loading=\"lazy\" decoding=\"async\" class=\"size-full wp-image-175614\" src=\"https:\/\/d2p6e6u75xmxt8.cloudfront.net\/2\/2019\/10\/Rebecca-Twigg-profimedia-0017421783.jpg\" alt=\"\" width=\"986\" height=\"1250\" \/><\/a><figcaption id=\"caption-attachment-175614\" class=\"wp-caption-text\">Rebecca Twigg waves to the crowd after finishing first in the three-kilometre Individual Pursuit competition and setting a new world record in this category. Twigg clocked a time of 3:36.081 minutes. <strong>\u00a9<\/strong>\u00a0ROBERTO SCHMIDT \/ AFP \/ Profimedia<\/figcaption><\/figure>\n<p>Becca herself claims there is a certain feeling of guilt, preventing her from taking up offers of assistance or permanent housing. She wouldn\u2019t accept any of them as she feels she had advantages in life she did not deserve. Why should I have a bed and a home, when others cannot?<\/p>\n<p>Along with Tamara Garkuchina, Rebecca Twigg is the most successful rider in the history of UCI Track Cycling World Championships \u2013 a holder of six gold medals. For the last five years, she has also been a homeless person. Maybe this is an important reminder to all of us: there is no certainty that a great success at one point in our lives guarantees happiness for the rest of it.<\/p>\n","protected":false},"excerpt":{"rendered":"<p>She was once considered America&#8217;s best cyclist. If you try to find her these days, check one of Seattle\u2019s night [&hellip;]<\/p>\n","protected":false},"author":12,"featured_media":175613,"comment_status":"open","ping_status":"open","sticky":false,"template":"","format":"standard","meta":{"footnotes":""},"categories":[334],"tags":[3571,2872,3570,2873],"global-categories":[3366],"class_list":["post-175611","post","type-post","status-publish","format-standard","has-post-thumbnail","hentry","category-socialising-and-culture","tag-connie-carpenter-phinney","tag-cycling-women","tag-rebecca-twigg","tag-women-cycling-legends","global-categories-cycling"],"yoast_head":"<!-- This site is optimized with the Yoast SEO Premium plugin v25.3 (Yoast SEO v25.9) - https:\/\/yoast.com\/wordpress\/plugins\/seo\/ -->\n<title>From Being America\u2019s Most Talented Cyclist to Being Homeless - \u0160koda We Love Cycling<\/title>\n<meta name=\"description\" content=\"She was once considered America&#039;s best cyclist. If you try to find her these days, check one of Seattle\u2019s night shelters or a Woman\u2019s Day Center, as\" \/>\n<meta name=\"robots\" content=\"index, follow, max-snippet:-1, max-image-preview:large, max-video-preview:-1\" \/>\n<link rel=\"canonical\" href=\"https:\/\/www.welovecycling.com\/wide\/2019\/10\/02\/from-being-americas-most-talented-cyclist-to-being-homeless\/\" \/>\n<meta property=\"og:locale\" content=\"en_US\" \/>\n<meta property=\"og:type\" content=\"article\" \/>\n<meta property=\"og:title\" content=\"From Being America\u2019s Most Talented Cyclist to Being Homeless\" \/>\n<meta property=\"og:description\" content=\"She was once considered America&#039;s best cyclist. If you try to find her these days, check one of Seattle\u2019s night shelters or a Woman\u2019s Day Center, as\" \/>\n<meta property=\"og:url\" content=\"https:\/\/www.welovecycling.com\/wide\/2019\/10\/02\/from-being-americas-most-talented-cyclist-to-being-homeless\/\" \/>\n<meta property=\"og:site_name\" content=\"\u0160koda We Love Cycling\" \/>\n<meta property=\"article:published_time\" content=\"2019-10-02T13:08:05+00:00\" \/>\n<meta property=\"og:image\" content=\"https:\/\/d2p6e6u75xmxt8.cloudfront.net\/2\/2019\/10\/Rebecca-Twigg-CVR-profimedia-0017421781.webp\" \/>\n\t<meta property=\"og:image:width\" content=\"900\" \/>\n\t<meta property=\"og:image:height\" content=\"600\" \/>\n\t<meta property=\"og:image:type\" content=\"image\/webp\" \/>\n<meta name=\"twitter:card\" content=\"summary_large_image\" \/>\n<meta name=\"twitter:label1\" content=\"Written by\" \/>\n\t<meta name=\"twitter:data1\" content=\"Tereza Antonova\" \/>\n\t<meta name=\"twitter:label2\" content=\"Est. reading time\" \/>\n\t<meta name=\"twitter:data2\" content=\"7\" \/>\n<script type=\"application\/ld+json\" class=\"yoast-schema-graph\">{\"@context\":\"https:\/\/schema.org\",\"@graph\":[{\"@type\":\"WebPage\",\"@id\":\"https:\/\/www.welovecycling.com\/wide\/2019\/10\/02\/from-being-americas-most-talented-cyclist-to-being-homeless\/\",\"url\":\"https:\/\/www.welovecycling.com\/wide\/2019\/10\/02\/from-being-americas-most-talented-cyclist-to-being-homeless\/\",\"name\":\"From Being America\u2019s Most Talented Cyclist to Being Homeless - \u0160koda We Love Cycling\",\"isPartOf\":{\"@id\":\"https:\/\/www.welovecycling.com\/wide\/#website\"},\"primaryImageOfPage\":{\"@id\":\"https:\/\/www.welovecycling.com\/wide\/2019\/10\/02\/from-being-americas-most-talented-cyclist-to-being-homeless\/#primaryimage\"},\"image\":{\"@id\":\"https:\/\/www.welovecycling.com\/wide\/2019\/10\/02\/from-being-americas-most-talented-cyclist-to-being-homeless\/#primaryimage\"},\"thumbnailUrl\":\"https:\/\/d2p6e6u75xmxt8.cloudfront.net\/2\/2019\/10\/Rebecca-Twigg-CVR-profimedia-0017421781.webp\",\"datePublished\":\"2019-10-02T13:08:05+00:00\",\"author\":{\"@id\":\"\"},\"description\":\"She was once considered America's best cyclist. If you try to find her these days, check one of Seattle\u2019s night shelters or a Woman\u2019s Day Center, as\",\"breadcrumb\":{\"@id\":\"https:\/\/www.welovecycling.com\/wide\/2019\/10\/02\/from-being-americas-most-talented-cyclist-to-being-homeless\/#breadcrumb\"},\"inLanguage\":\"en-US\",\"potentialAction\":[{\"@type\":\"ReadAction\",\"target\":[\"https:\/\/www.welovecycling.com\/wide\/2019\/10\/02\/from-being-americas-most-talented-cyclist-to-being-homeless\/\"]}]},{\"@type\":\"ImageObject\",\"inLanguage\":\"en-US\",\"@id\":\"https:\/\/www.welovecycling.com\/wide\/2019\/10\/02\/from-being-americas-most-talented-cyclist-to-being-homeless\/#primaryimage\",\"url\":\"https:\/\/d2p6e6u75xmxt8.cloudfront.net\/2\/2019\/10\/Rebecca-Twigg-CVR-profimedia-0017421781.webp\",\"contentUrl\":\"https:\/\/d2p6e6u75xmxt8.cloudfront.net\/2\/2019\/10\/Rebecca-Twigg-CVR-profimedia-0017421781.webp\",\"width\":900,\"height\":600},{\"@type\":\"BreadcrumbList\",\"@id\":\"https:\/\/www.welovecycling.com\/wide\/2019\/10\/02\/from-being-americas-most-talented-cyclist-to-being-homeless\/#breadcrumb\",\"itemListElement\":[{\"@type\":\"ListItem\",\"position\":1,\"name\":\"Home\",\"item\":\"https:\/\/www.welovecycling.com\/wide\/\"},{\"@type\":\"ListItem\",\"position\":2,\"name\":\"From Being America\u2019s Most Talented Cyclist to Being Homeless\"}]},{\"@type\":\"WebSite\",\"@id\":\"https:\/\/www.welovecycling.com\/wide\/#website\",\"url\":\"https:\/\/www.welovecycling.com\/wide\/\",\"name\":\"\u0160koda We Love Cycling\",\"description\":\"\u0160koda We Love Cycling magazine\",\"alternateName\":\"\u0160koda WLC\",\"potentialAction\":[{\"@type\":\"SearchAction\",\"target\":{\"@type\":\"EntryPoint\",\"urlTemplate\":\"https:\/\/www.welovecycling.com\/wide\/?s={search_term_string}\"},\"query-input\":{\"@type\":\"PropertyValueSpecification\",\"valueRequired\":true,\"valueName\":\"search_term_string\"}}],\"inLanguage\":\"en-US\"},{\"@type\":\"Person\",\"@id\":\"\",\"url\":\"https:\/\/www.welovecycling.com\/wide\/author\/\"}]}<\/script>\n<!-- \/ Yoast SEO Premium plugin. -->","yoast_head_json":{"title":"From Being America\u2019s Most Talented Cyclist to Being Homeless - \u0160koda We Love Cycling","description":"She was once considered America's best cyclist. If you try to find her these days, check one of Seattle\u2019s night shelters or a Woman\u2019s Day Center, as","robots":{"index":"index","follow":"follow","max-snippet":"max-snippet:-1","max-image-preview":"max-image-preview:large","max-video-preview":"max-video-preview:-1"},"canonical":"https:\/\/www.welovecycling.com\/wide\/2019\/10\/02\/from-being-americas-most-talented-cyclist-to-being-homeless\/","og_locale":"en_US","og_type":"article","og_title":"From Being America\u2019s Most Talented Cyclist to Being Homeless","og_description":"She was once considered America's best cyclist. If you try to find her these days, check one of Seattle\u2019s night shelters or a Woman\u2019s Day Center, as","og_url":"https:\/\/www.welovecycling.com\/wide\/2019\/10\/02\/from-being-americas-most-talented-cyclist-to-being-homeless\/","og_site_name":"\u0160koda We Love Cycling","article_published_time":"2019-10-02T13:08:05+00:00","og_image":[{"width":900,"height":600,"url":"https:\/\/d2p6e6u75xmxt8.cloudfront.net\/2\/2019\/10\/Rebecca-Twigg-CVR-profimedia-0017421781.webp","type":"image\/webp"}],"twitter_card":"summary_large_image","twitter_misc":{"Written by":"Tereza Antonova","Est. reading time":"7"},"schema":{"@context":"https:\/\/schema.org","@graph":[{"@type":"WebPage","@id":"https:\/\/www.welovecycling.com\/wide\/2019\/10\/02\/from-being-americas-most-talented-cyclist-to-being-homeless\/","url":"https:\/\/www.welovecycling.com\/wide\/2019\/10\/02\/from-being-americas-most-talented-cyclist-to-being-homeless\/","name":"From Being America\u2019s Most Talented Cyclist to Being Homeless - \u0160koda We Love Cycling","isPartOf":{"@id":"https:\/\/www.welovecycling.com\/wide\/#website"},"primaryImageOfPage":{"@id":"https:\/\/www.welovecycling.com\/wide\/2019\/10\/02\/from-being-americas-most-talented-cyclist-to-being-homeless\/#primaryimage"},"image":{"@id":"https:\/\/www.welovecycling.com\/wide\/2019\/10\/02\/from-being-americas-most-talented-cyclist-to-being-homeless\/#primaryimage"},"thumbnailUrl":"https:\/\/d2p6e6u75xmxt8.cloudfront.net\/2\/2019\/10\/Rebecca-Twigg-CVR-profimedia-0017421781.webp","datePublished":"2019-10-02T13:08:05+00:00","author":{"@id":""},"description":"She was once considered America's best cyclist. If you try to find her these days, check one of Seattle\u2019s night shelters or a Woman\u2019s Day Center, as","breadcrumb":{"@id":"https:\/\/www.welovecycling.com\/wide\/2019\/10\/02\/from-being-americas-most-talented-cyclist-to-being-homeless\/#breadcrumb"},"inLanguage":"en-US","potentialAction":[{"@type":"ReadAction","target":["https:\/\/www.welovecycling.com\/wide\/2019\/10\/02\/from-being-americas-most-talented-cyclist-to-being-homeless\/"]}]},{"@type":"ImageObject","inLanguage":"en-US","@id":"https:\/\/www.welovecycling.com\/wide\/2019\/10\/02\/from-being-americas-most-talented-cyclist-to-being-homeless\/#primaryimage","url":"https:\/\/d2p6e6u75xmxt8.cloudfront.net\/2\/2019\/10\/Rebecca-Twigg-CVR-profimedia-0017421781.webp","contentUrl":"https:\/\/d2p6e6u75xmxt8.cloudfront.net\/2\/2019\/10\/Rebecca-Twigg-CVR-profimedia-0017421781.webp","width":900,"height":600},{"@type":"BreadcrumbList","@id":"https:\/\/www.welovecycling.com\/wide\/2019\/10\/02\/from-being-americas-most-talented-cyclist-to-being-homeless\/#breadcrumb","itemListElement":[{"@type":"ListItem","position":1,"name":"Home","item":"https:\/\/www.welovecycling.com\/wide\/"},{"@type":"ListItem","position":2,"name":"From Being America\u2019s Most Talented Cyclist to Being Homeless"}]},{"@type":"WebSite","@id":"https:\/\/www.welovecycling.com\/wide\/#website","url":"https:\/\/www.welovecycling.com\/wide\/","name":"\u0160koda We Love Cycling","description":"\u0160koda We Love Cycling magazine","alternateName":"\u0160koda WLC","potentialAction":[{"@type":"SearchAction","target":{"@type":"EntryPoint","urlTemplate":"https:\/\/www.welovecycling.com\/wide\/?s={search_term_string}"},"query-input":{"@type":"PropertyValueSpecification","valueRequired":true,"valueName":"search_term_string"}}],"inLanguage":"en-US"},{"@type":"Person","@id":"","url":"https:\/\/www.welovecycling.com\/wide\/author\/"}]}},"_links":{"self":[{"href":"https:\/\/www.welovecycling.com\/wide\/wp-json\/wp\/v2\/posts\/175611","targetHints":{"allow":["GET"]}}],"collection":[{"href":"https:\/\/www.welovecycling.com\/wide\/wp-json\/wp\/v2\/posts"}],"about":[{"href":"https:\/\/www.welovecycling.com\/wide\/wp-json\/wp\/v2\/types\/post"}],"author":[{"embeddable":true,"href":"https:\/\/www.welovecycling.com\/wide\/wp-json\/wp\/v2\/users\/12"}],"replies":[{"embeddable":true,"href":"https:\/\/www.welovecycling.com\/wide\/wp-json\/wp\/v2\/comments?post=175611"}],"version-history":[{"count":2,"href":"https:\/\/www.welovecycling.com\/wide\/wp-json\/wp\/v2\/posts\/175611\/revisions"}],"predecessor-version":[{"id":175618,"href":"https:\/\/www.welovecycling.com\/wide\/wp-json\/wp\/v2\/posts\/175611\/revisions\/175618"}],"wp:featuredmedia":[{"embeddable":true,"href":"https:\/\/www.welovecycling.com\/wide\/wp-json\/wp\/v2\/media\/175613"}],"wp:attachment":[{"href":"https:\/\/www.welovecycling.com\/wide\/wp-json\/wp\/v2\/media?parent=175611"}],"wp:term":[{"taxonomy":"category","embeddable":true,"href":"https:\/\/www.welovecycling.com\/wide\/wp-json\/wp\/v2\/categories?post=175611"},{"taxonomy":"post_tag","embeddable":true,"href":"https:\/\/www.welovecycling.com\/wide\/wp-json\/wp\/v2\/tags?post=175611"},{"taxonomy":"global-categories","embeddable":true,"href":"https:\/\/www.welovecycling.com\/wide\/wp-json\/wp\/v2\/global-categories?post=175611"}],"curies":[{"name":"wp","href":"https:\/\/api.w.org\/{rel}","templated":true}]}}