{"id":175602,"date":"2019-10-01T12:51:25","date_gmt":"2019-10-01T12:51:25","guid":{"rendered":"https:\/\/www.welovecycling.com\/wide\/?p=175602"},"modified":"2019-10-01T12:51:25","modified_gmt":"2019-10-01T12:51:25","slug":"the-anatomy-of-a-crash-how-does-it-work","status":"publish","type":"post","link":"https:\/\/www.welovecycling.com\/wide\/2019\/10\/01\/the-anatomy-of-a-crash-how-does-it-work\/","title":{"rendered":"The Anatomy of a Crash: How Does It Work?"},"content":{"rendered":"<p><strong>In the summer of 2017, Peter Sagan was disqualified from Le Tour de France following a collision with his arch-rival Mark Cavendish. Cavendish was badly injured and arguments about who was at fault spread like wildfire across social media. Let\u2019s see it at full speed.<\/strong><!--more--><\/p>\n<lite-youtube videoid=mgwZsxukSL8 params=\"enablejsapi=1\" style=\"background-image: url('https:\/\/i.ytimg.com\/vi_webp\/mgwZsxukSL8\/maxresdefault.webp');\"><\/lite-youtube>\n<p>The race referees had the difficult decision of whether or not to disqualify the incumbent favourite for the \u0160koda Green Jersey. In the following days, months, and years, armchair referees have, with varying degrees of success, poured over the forensics. Here\u2019s what we love and what we\u2019ll ignore from each analysis.<\/p>\n<h2><strong>The frame by frame<\/strong><\/h2>\n<p>I love this video for its outlandishly documented analysis of what\u2019s happening in every frame of the footage. Some of my favourite notes are, \u201cCavendish brake lever hooks under Sagan\u2019s right arm\u201d but not before, \u201cCavendish looks alarmed &amp; stops pedalling\u201d.<\/p>\n<lite-youtube videoid=ci6P69_T4p8 params=\"enablejsapi=1\" style=\"background-image: url('https:\/\/i.ytimg.com\/vi_webp\/ci6P69_T4p8\/maxresdefault.webp');\"><\/lite-youtube>\n<p>I\u2019m sure you\u2019ll join me in mourning the lack of bullet-time capability but, fortunately, much of Le Tour is filmed at extremely high frame-rates.<\/p>\n<p><em>We love: The detail<\/em><br \/>\n<em>We\u2019ll ignore: The complete disregard for real-time thought processes<\/em><\/p>\n<h2><strong>The psychic<\/strong><\/h2>\n<p>Not many of us have been in a pro-tour peloton and, most of the time, most of the peloton aren\u2019t in a position to compete for the big points in a sprint. So, not many of us really know what it\u2019s like, which is why I love The Psychic\u2019s ability to understand that, \u201cSagan decided to chase Demare\u201d.<\/p>\n<lite-youtube videoid=sstUSQFlJYo params=\"enablejsapi=1\" style=\"background-image: url('https:\/\/i.ytimg.com\/vi_webp\/sstUSQFlJYo\/maxresdefault.webp');\"><\/lite-youtube>\n<p>I\u2019ve willing to bet that even Sagan may struggle to accurately recall what was really going through his mind when the adrenaline and testosterone are finally engaged after a brisk 200-km ride into Vittel. I disagree with The Psychic because it\u2019s likely Sagan knew other cyclists were around him \u2013 but I\u2019m sympathetic to the argument that he believed he was taking a fair line into the sprint.<\/p>\n<p><em>We love: The certain knowledge of Sagan\u2019s mind<\/em><br \/>\n<em>We\u2019ll ignore: Any certain knowledge of Sagan\u2019s mind<\/em><\/p>\n<h2><strong>The rules\u2019 analyst<\/strong><\/h2>\n<p>This is such a wonderfully scientific video and differs from the previous two in one key factor \u2013 the rules are what determine the outcome of the UCI judgement. What physically happened in the event is one thing \u2013 it\u2019s the action\u2019s context within the rules of the race that really matters.<\/p>\n<lite-youtube videoid=297Td7TwkG4 params=\"enablejsapi=1\" style=\"background-image: url('https:\/\/i.ytimg.com\/vi_webp\/297Td7TwkG4\/maxresdefault.webp');\"><\/lite-youtube>\n<p>So, while the footage is helpful and more detailed than ever before, you have to work through the often impenetrable rules of the race to arrive at a fair decision. That decision is then subject to appeal \u2013 and Sagan and the UCI came to an amicable decision after the UCI accepted that the crash was unfortunate and unintentional.<\/p>\n<p><em>We love: That people care about the rules<\/em><br \/>\n<em>We\u2019ll ignore: Actually reading the rules<\/em><\/p>\n<p>The long-term result is that in February of this year, the UCI announced that it would expand its use of video referees to 20 leading races. Unsurprising when you think of the consequences of getting it wrong.<\/p>\n","protected":false},"excerpt":{"rendered":"<p>In the summer of 2017, Peter Sagan was disqualified from Le Tour de France following a collision with his arch-rival [&hellip;]<\/p>\n","protected":false},"author":12,"featured_media":175608,"comment_status":"open","ping_status":"open","sticky":false,"template":"","format":"standard","meta":{"footnotes":""},"categories":[329],"tags":[461,381,3569,3453],"global-categories":[3366],"class_list":["post-175602","post","type-post","status-publish","format-standard","has-post-thumbnail","hentry","category-road-cycling","tag-mark-cavendish","tag-peter-sagan","tag-sagan-cavendish-crash","tag-skoda-green-jersey","global-categories-cycling"],"yoast_head":"<!-- This site is optimized with the Yoast SEO Premium plugin v25.3 (Yoast SEO v25.9) - https:\/\/yoast.com\/wordpress\/plugins\/seo\/ -->\n<title>The Anatomy of a Crash: How Does It Work? - \u0160koda We Love Cycling<\/title>\n<meta name=\"description\" content=\"In the summer of 2017, Peter Sagan was disqualified from Le Tour de France following a collision with his arch-rival Mark Cavendish. Cavendish was badly\" \/>\n<meta name=\"robots\" content=\"index, follow, max-snippet:-1, max-image-preview:large, max-video-preview:-1\" \/>\n<link rel=\"canonical\" href=\"https:\/\/www.welovecycling.com\/wide\/2019\/10\/01\/the-anatomy-of-a-crash-how-does-it-work\/\" \/>\n<meta property=\"og:locale\" content=\"en_US\" \/>\n<meta property=\"og:type\" content=\"article\" \/>\n<meta property=\"og:title\" content=\"The Anatomy of a Crash: How Does It Work?\" \/>\n<meta property=\"og:description\" content=\"In the summer of 2017, Peter Sagan was disqualified from Le Tour de France following a collision with his arch-rival Mark Cavendish. Cavendish was badly\" \/>\n<meta property=\"og:url\" content=\"https:\/\/www.welovecycling.com\/wide\/2019\/10\/01\/the-anatomy-of-a-crash-how-does-it-work\/\" \/>\n<meta property=\"og:site_name\" content=\"\u0160koda We Love Cycling\" \/>\n<meta property=\"article:published_time\" content=\"2019-10-01T12:51:25+00:00\" \/>\n<meta property=\"og:image\" content=\"https:\/\/d2p6e6u75xmxt8.cloudfront.net\/2\/2019\/10\/Sagan-Cavendish-Crash-CVR-profimedia-0340747368.webp\" \/>\n\t<meta property=\"og:image:width\" content=\"900\" \/>\n\t<meta property=\"og:image:height\" content=\"600\" \/>\n\t<meta property=\"og:image:type\" content=\"image\/webp\" \/>\n<meta name=\"twitter:card\" content=\"summary_large_image\" \/>\n<meta name=\"twitter:label1\" content=\"Written by\" \/>\n\t<meta name=\"twitter:data1\" content=\"Christopher Ashley\" \/>\n\t<meta name=\"twitter:label2\" content=\"Est. reading time\" \/>\n\t<meta name=\"twitter:data2\" content=\"7\" \/>\n<script type=\"application\/ld+json\" class=\"yoast-schema-graph\">{\"@context\":\"https:\/\/schema.org\",\"@graph\":[{\"@type\":\"WebPage\",\"@id\":\"https:\/\/www.welovecycling.com\/wide\/2019\/10\/01\/the-anatomy-of-a-crash-how-does-it-work\/\",\"url\":\"https:\/\/www.welovecycling.com\/wide\/2019\/10\/01\/the-anatomy-of-a-crash-how-does-it-work\/\",\"name\":\"The Anatomy of a Crash: How Does It Work? - \u0160koda We Love Cycling\",\"isPartOf\":{\"@id\":\"https:\/\/www.welovecycling.com\/wide\/#website\"},\"primaryImageOfPage\":{\"@id\":\"https:\/\/www.welovecycling.com\/wide\/2019\/10\/01\/the-anatomy-of-a-crash-how-does-it-work\/#primaryimage\"},\"image\":{\"@id\":\"https:\/\/www.welovecycling.com\/wide\/2019\/10\/01\/the-anatomy-of-a-crash-how-does-it-work\/#primaryimage\"},\"thumbnailUrl\":\"https:\/\/d2p6e6u75xmxt8.cloudfront.net\/2\/2019\/10\/Sagan-Cavendish-Crash-CVR-profimedia-0340747368.webp\",\"datePublished\":\"2019-10-01T12:51:25+00:00\",\"author\":{\"@id\":\"\"},\"description\":\"In the summer of 2017, Peter Sagan was disqualified from Le Tour de France following a collision with his arch-rival Mark Cavendish. Cavendish was badly\",\"breadcrumb\":{\"@id\":\"https:\/\/www.welovecycling.com\/wide\/2019\/10\/01\/the-anatomy-of-a-crash-how-does-it-work\/#breadcrumb\"},\"inLanguage\":\"en-US\",\"potentialAction\":[{\"@type\":\"ReadAction\",\"target\":[\"https:\/\/www.welovecycling.com\/wide\/2019\/10\/01\/the-anatomy-of-a-crash-how-does-it-work\/\"]}]},{\"@type\":\"ImageObject\",\"inLanguage\":\"en-US\",\"@id\":\"https:\/\/www.welovecycling.com\/wide\/2019\/10\/01\/the-anatomy-of-a-crash-how-does-it-work\/#primaryimage\",\"url\":\"https:\/\/d2p6e6u75xmxt8.cloudfront.net\/2\/2019\/10\/Sagan-Cavendish-Crash-CVR-profimedia-0340747368.webp\",\"contentUrl\":\"https:\/\/d2p6e6u75xmxt8.cloudfront.net\/2\/2019\/10\/Sagan-Cavendish-Crash-CVR-profimedia-0340747368.webp\",\"width\":900,\"height\":600},{\"@type\":\"BreadcrumbList\",\"@id\":\"https:\/\/www.welovecycling.com\/wide\/2019\/10\/01\/the-anatomy-of-a-crash-how-does-it-work\/#breadcrumb\",\"itemListElement\":[{\"@type\":\"ListItem\",\"position\":1,\"name\":\"Home\",\"item\":\"https:\/\/www.welovecycling.com\/wide\/\"},{\"@type\":\"ListItem\",\"position\":2,\"name\":\"The Anatomy of a Crash: How Does It Work?\"}]},{\"@type\":\"WebSite\",\"@id\":\"https:\/\/www.welovecycling.com\/wide\/#website\",\"url\":\"https:\/\/www.welovecycling.com\/wide\/\",\"name\":\"\u0160koda We Love Cycling\",\"description\":\"\u0160koda We Love Cycling magazine\",\"alternateName\":\"\u0160koda WLC\",\"potentialAction\":[{\"@type\":\"SearchAction\",\"target\":{\"@type\":\"EntryPoint\",\"urlTemplate\":\"https:\/\/www.welovecycling.com\/wide\/?s={search_term_string}\"},\"query-input\":{\"@type\":\"PropertyValueSpecification\",\"valueRequired\":true,\"valueName\":\"search_term_string\"}}],\"inLanguage\":\"en-US\"},{\"@type\":\"Person\",\"@id\":\"\",\"url\":\"https:\/\/www.welovecycling.com\/wide\/author\/\"}]}<\/script>\n<!-- \/ Yoast SEO Premium plugin. -->","yoast_head_json":{"title":"The Anatomy of a Crash: How Does It Work? - \u0160koda We Love Cycling","description":"In the summer of 2017, Peter Sagan was disqualified from Le Tour de France following a collision with his arch-rival Mark Cavendish. Cavendish was badly","robots":{"index":"index","follow":"follow","max-snippet":"max-snippet:-1","max-image-preview":"max-image-preview:large","max-video-preview":"max-video-preview:-1"},"canonical":"https:\/\/www.welovecycling.com\/wide\/2019\/10\/01\/the-anatomy-of-a-crash-how-does-it-work\/","og_locale":"en_US","og_type":"article","og_title":"The Anatomy of a Crash: How Does It Work?","og_description":"In the summer of 2017, Peter Sagan was disqualified from Le Tour de France following a collision with his arch-rival Mark Cavendish. Cavendish was badly","og_url":"https:\/\/www.welovecycling.com\/wide\/2019\/10\/01\/the-anatomy-of-a-crash-how-does-it-work\/","og_site_name":"\u0160koda We Love Cycling","article_published_time":"2019-10-01T12:51:25+00:00","og_image":[{"width":900,"height":600,"url":"https:\/\/d2p6e6u75xmxt8.cloudfront.net\/2\/2019\/10\/Sagan-Cavendish-Crash-CVR-profimedia-0340747368.webp","type":"image\/webp"}],"twitter_card":"summary_large_image","twitter_misc":{"Written by":"Christopher Ashley","Est. reading time":"7"},"schema":{"@context":"https:\/\/schema.org","@graph":[{"@type":"WebPage","@id":"https:\/\/www.welovecycling.com\/wide\/2019\/10\/01\/the-anatomy-of-a-crash-how-does-it-work\/","url":"https:\/\/www.welovecycling.com\/wide\/2019\/10\/01\/the-anatomy-of-a-crash-how-does-it-work\/","name":"The Anatomy of a Crash: How Does It Work? - \u0160koda We Love Cycling","isPartOf":{"@id":"https:\/\/www.welovecycling.com\/wide\/#website"},"primaryImageOfPage":{"@id":"https:\/\/www.welovecycling.com\/wide\/2019\/10\/01\/the-anatomy-of-a-crash-how-does-it-work\/#primaryimage"},"image":{"@id":"https:\/\/www.welovecycling.com\/wide\/2019\/10\/01\/the-anatomy-of-a-crash-how-does-it-work\/#primaryimage"},"thumbnailUrl":"https:\/\/d2p6e6u75xmxt8.cloudfront.net\/2\/2019\/10\/Sagan-Cavendish-Crash-CVR-profimedia-0340747368.webp","datePublished":"2019-10-01T12:51:25+00:00","author":{"@id":""},"description":"In the summer of 2017, Peter Sagan was disqualified from Le Tour de France following a collision with his arch-rival Mark Cavendish. Cavendish was badly","breadcrumb":{"@id":"https:\/\/www.welovecycling.com\/wide\/2019\/10\/01\/the-anatomy-of-a-crash-how-does-it-work\/#breadcrumb"},"inLanguage":"en-US","potentialAction":[{"@type":"ReadAction","target":["https:\/\/www.welovecycling.com\/wide\/2019\/10\/01\/the-anatomy-of-a-crash-how-does-it-work\/"]}]},{"@type":"ImageObject","inLanguage":"en-US","@id":"https:\/\/www.welovecycling.com\/wide\/2019\/10\/01\/the-anatomy-of-a-crash-how-does-it-work\/#primaryimage","url":"https:\/\/d2p6e6u75xmxt8.cloudfront.net\/2\/2019\/10\/Sagan-Cavendish-Crash-CVR-profimedia-0340747368.webp","contentUrl":"https:\/\/d2p6e6u75xmxt8.cloudfront.net\/2\/2019\/10\/Sagan-Cavendish-Crash-CVR-profimedia-0340747368.webp","width":900,"height":600},{"@type":"BreadcrumbList","@id":"https:\/\/www.welovecycling.com\/wide\/2019\/10\/01\/the-anatomy-of-a-crash-how-does-it-work\/#breadcrumb","itemListElement":[{"@type":"ListItem","position":1,"name":"Home","item":"https:\/\/www.welovecycling.com\/wide\/"},{"@type":"ListItem","position":2,"name":"The Anatomy of a Crash: How Does It Work?"}]},{"@type":"WebSite","@id":"https:\/\/www.welovecycling.com\/wide\/#website","url":"https:\/\/www.welovecycling.com\/wide\/","name":"\u0160koda We Love Cycling","description":"\u0160koda We Love Cycling magazine","alternateName":"\u0160koda WLC","potentialAction":[{"@type":"SearchAction","target":{"@type":"EntryPoint","urlTemplate":"https:\/\/www.welovecycling.com\/wide\/?s={search_term_string}"},"query-input":{"@type":"PropertyValueSpecification","valueRequired":true,"valueName":"search_term_string"}}],"inLanguage":"en-US"},{"@type":"Person","@id":"","url":"https:\/\/www.welovecycling.com\/wide\/author\/"}]}},"_links":{"self":[{"href":"https:\/\/www.welovecycling.com\/wide\/wp-json\/wp\/v2\/posts\/175602","targetHints":{"allow":["GET"]}}],"collection":[{"href":"https:\/\/www.welovecycling.com\/wide\/wp-json\/wp\/v2\/posts"}],"about":[{"href":"https:\/\/www.welovecycling.com\/wide\/wp-json\/wp\/v2\/types\/post"}],"author":[{"embeddable":true,"href":"https:\/\/www.welovecycling.com\/wide\/wp-json\/wp\/v2\/users\/12"}],"replies":[{"embeddable":true,"href":"https:\/\/www.welovecycling.com\/wide\/wp-json\/wp\/v2\/comments?post=175602"}],"version-history":[{"count":2,"href":"https:\/\/www.welovecycling.com\/wide\/wp-json\/wp\/v2\/posts\/175602\/revisions"}],"predecessor-version":[{"id":175609,"href":"https:\/\/www.welovecycling.com\/wide\/wp-json\/wp\/v2\/posts\/175602\/revisions\/175609"}],"wp:featuredmedia":[{"embeddable":true,"href":"https:\/\/www.welovecycling.com\/wide\/wp-json\/wp\/v2\/media\/175608"}],"wp:attachment":[{"href":"https:\/\/www.welovecycling.com\/wide\/wp-json\/wp\/v2\/media?parent=175602"}],"wp:term":[{"taxonomy":"category","embeddable":true,"href":"https:\/\/www.welovecycling.com\/wide\/wp-json\/wp\/v2\/categories?post=175602"},{"taxonomy":"post_tag","embeddable":true,"href":"https:\/\/www.welovecycling.com\/wide\/wp-json\/wp\/v2\/tags?post=175602"},{"taxonomy":"global-categories","embeddable":true,"href":"https:\/\/www.welovecycling.com\/wide\/wp-json\/wp\/v2\/global-categories?post=175602"}],"curies":[{"name":"wp","href":"https:\/\/api.w.org\/{rel}","templated":true}]}}