{"id":175596,"date":"2019-10-01T12:29:36","date_gmt":"2019-10-01T12:29:36","guid":{"rendered":"https:\/\/www.welovecycling.com\/wide\/?p=175596"},"modified":"2019-10-01T12:30:58","modified_gmt":"2019-10-01T12:30:58","slug":"build-your-own-cycling-training-plan-seasonal-goals","status":"publish","type":"post","link":"https:\/\/www.welovecycling.com\/wide\/2019\/10\/01\/build-your-own-cycling-training-plan-seasonal-goals\/","title":{"rendered":"Build Your Own Cycling Training Plan \u2013 Seasonal Goals"},"content":{"rendered":"<p><strong>This year\u2019s racing season is slowly coming to an end and many cyclists are starting to think about plans for next year. If you don\u2019t have a pro team or coach that would help you set up a training plan, then this series is for you. You will learn how to choose seasonal goals, how to build training blocks, and structure individual workouts. By the end, you will be able to build your cycling training plan.<\/strong><br \/>\n<!--more--><\/p>\n<p>The first thing that you have to do before even starting with a training plan is to set your seasonal goals. Having goals will help you maintain motivation and discipline by adding purpose to your everyday grind. It will also allow you to track progress. In short, a training plan is only effective when it\u2019s moving you closer to a well-defined goal.<\/p>\n<figure id=\"attachment_162504\" aria-describedby=\"caption-attachment-162504\" style=\"width: 1300px\" class=\"wp-caption alignnone\"><a href=\"https:\/\/d2p6e6u75xmxt8.cloudfront.net\/2\/2017\/12\/WLC_CatchingBreath_2017_Riders-Bartosz_5.jpg\"><img loading=\"lazy\" decoding=\"async\" class=\"size-full wp-image-162504\" src=\"https:\/\/d2p6e6u75xmxt8.cloudfront.net\/2\/2017\/12\/WLC_CatchingBreath_2017_Riders-Bartosz_5.jpg\" alt=\"\" width=\"1300\" height=\"867\" \/><\/a><figcaption id=\"caption-attachment-162504\" class=\"wp-caption-text\">Set up realistic goals.<\/figcaption><\/figure>\n<h2><strong>Make your goals smart<\/strong><\/h2>\n<p>If you\u2019re not sure how to define your goals you can use the S.M.A.R.T. technique. Let\u2019s try to use it to improve an example goal a road cyclist might set, \u201cto get faster\u201d. To make the goal specific (S), you might want to specify which race you want to be faster in. Having a specific goal will allow you to create a specific strategy to best achieve it. To make it measurable (M), you can set a specific time you want to finish in. Measurable goals help you track progress and make appropriate adjustments. To make your goal achievable (A), you should make your finish time challenging enough but not unrealistic. Setting achievable goals keeps you motivated. To make your goal relevant (R), you should choose a race you really care about. Relevant goals will matter to you, which is essential if you\u2019re going to dedicate your whole season to them. And lastly, your goals should be time-bound (T). In this example, choosing a specific race solves the problem because it gives you a clear start date. So, an improved version of our example goal might go something like this:<\/p>\n<p>\u201cImprove my time in the local 2020 Gran Fondo by 30 minutes.\u201d<\/p>\n<figure id=\"attachment_162502\" aria-describedby=\"caption-attachment-162502\" style=\"width: 1300px\" class=\"wp-caption alignnone\"><a href=\"https:\/\/d2p6e6u75xmxt8.cloudfront.net\/2\/2017\/12\/WLC_CatchingBreath_2017_Riders_6.jpg\"><img loading=\"lazy\" decoding=\"async\" class=\"size-full wp-image-162502\" src=\"https:\/\/d2p6e6u75xmxt8.cloudfront.net\/2\/2017\/12\/WLC_CatchingBreath_2017_Riders_6.jpg\" alt=\"\" width=\"1300\" height=\"867\" \/><\/a><figcaption id=\"caption-attachment-162502\" class=\"wp-caption-text\">Training at Warila pass<\/figcaption><\/figure>\n<h2><strong>Different goals for different riders<\/strong><\/h2>\n<p>Depending on your current skill level, your style of riding, and preferences, you might want to consider a variety of goals. If you need a little bit of inspiration, check out the following goals. They are all S.M.A.R.T. but only you can judge whether they are relevant (R) to you.<\/p>\n<p>1. Reduce body fat by 2 % to set a personal best time in my local hill climb event in April.<br \/>\n2. Shave off 15 seconds on my favourite local downhill track by the end of September next year.<br \/>\n3. Get enough points to upgrade to a higher racing category by the end of July next year.<br \/>\n4. Improve my power output by 30 watts in a 1-hour effort by the end of March next year.<\/p>\n<p>Once you select your goals for the seasons \u2013 and you can have multiple different ones as long as they are achievable (A) \u2013 you can start building the training plan that will give you the best chance at achieving those goals. The next article will be all about creating the big elementary building blocks of a training plan: mesocycles.<\/p>\n","protected":false},"excerpt":{"rendered":"<p>This year\u2019s racing season is slowly coming to an end and many cyclists are starting to think about plans for [&hellip;]<\/p>\n","protected":false},"author":12,"featured_media":175598,"comment_status":"open","ping_status":"open","sticky":false,"template":"","format":"standard","meta":{"footnotes":""},"categories":[332],"tags":[3568,3305],"global-categories":[3366],"class_list":["post-175596","post","type-post","status-publish","format-standard","has-post-thumbnail","hentry","category-health-and-training","tag-build-your-own-cycling-training-plan","tag-cycling-training","global-categories-cycling"],"yoast_head":"<!-- This site is optimized with the Yoast SEO Premium plugin v25.3 (Yoast SEO v25.9) - https:\/\/yoast.com\/wordpress\/plugins\/seo\/ -->\n<title>Build Your Own Cycling Training Plan \u2013 Seasonal Goals - \u0160koda We Love Cycling<\/title>\n<meta name=\"description\" content=\"This year\u2019s racing season is slowly coming to an end and many cyclists are starting to think about plans for next year. If you don\u2019t have a pro team or\" \/>\n<meta name=\"robots\" content=\"index, follow, max-snippet:-1, max-image-preview:large, max-video-preview:-1\" \/>\n<link rel=\"canonical\" href=\"https:\/\/www.welovecycling.com\/wide\/2019\/10\/01\/build-your-own-cycling-training-plan-seasonal-goals\/\" \/>\n<meta property=\"og:locale\" content=\"en_US\" \/>\n<meta property=\"og:type\" content=\"article\" \/>\n<meta property=\"og:title\" content=\"Build Your Own Cycling Training Plan \u2013 Seasonal Goals\" \/>\n<meta property=\"og:description\" content=\"This year\u2019s racing season is slowly coming to an end and many cyclists are starting to think about plans for next year. If you don\u2019t have a pro team or\" \/>\n<meta property=\"og:url\" content=\"https:\/\/www.welovecycling.com\/wide\/2019\/10\/01\/build-your-own-cycling-training-plan-seasonal-goals\/\" \/>\n<meta property=\"og:site_name\" content=\"\u0160koda We Love Cycling\" \/>\n<meta property=\"article:published_time\" content=\"2019-10-01T12:29:36+00:00\" \/>\n<meta property=\"article:modified_time\" content=\"2019-10-01T12:30:58+00:00\" \/>\n<meta property=\"og:image\" content=\"https:\/\/d2p6e6u75xmxt8.cloudfront.net\/2\/2019\/10\/Cycling-Training-CVR-profimedia-0374728344.webp\" \/>\n\t<meta property=\"og:image:width\" content=\"900\" \/>\n\t<meta property=\"og:image:height\" content=\"600\" \/>\n\t<meta property=\"og:image:type\" content=\"image\/webp\" \/>\n<meta name=\"twitter:card\" content=\"summary_large_image\" \/>\n<meta name=\"twitter:label1\" content=\"Written by\" \/>\n\t<meta name=\"twitter:data1\" content=\"Jiri Kaloc\" \/>\n\t<meta name=\"twitter:label2\" content=\"Est. reading time\" \/>\n\t<meta name=\"twitter:data2\" content=\"4\" \/>\n<script type=\"application\/ld+json\" class=\"yoast-schema-graph\">{\"@context\":\"https:\/\/schema.org\",\"@graph\":[{\"@type\":\"WebPage\",\"@id\":\"https:\/\/www.welovecycling.com\/wide\/2019\/10\/01\/build-your-own-cycling-training-plan-seasonal-goals\/\",\"url\":\"https:\/\/www.welovecycling.com\/wide\/2019\/10\/01\/build-your-own-cycling-training-plan-seasonal-goals\/\",\"name\":\"Build Your Own Cycling Training Plan \u2013 Seasonal Goals - \u0160koda We Love Cycling\",\"isPartOf\":{\"@id\":\"https:\/\/www.welovecycling.com\/wide\/#website\"},\"primaryImageOfPage\":{\"@id\":\"https:\/\/www.welovecycling.com\/wide\/2019\/10\/01\/build-your-own-cycling-training-plan-seasonal-goals\/#primaryimage\"},\"image\":{\"@id\":\"https:\/\/www.welovecycling.com\/wide\/2019\/10\/01\/build-your-own-cycling-training-plan-seasonal-goals\/#primaryimage\"},\"thumbnailUrl\":\"https:\/\/d2p6e6u75xmxt8.cloudfront.net\/2\/2019\/10\/Cycling-Training-CVR-profimedia-0374728344.webp\",\"datePublished\":\"2019-10-01T12:29:36+00:00\",\"dateModified\":\"2019-10-01T12:30:58+00:00\",\"author\":{\"@id\":\"\"},\"description\":\"This year\u2019s racing season is slowly coming to an end and many cyclists are starting to think about plans for next year. If you don\u2019t have a pro team or\",\"breadcrumb\":{\"@id\":\"https:\/\/www.welovecycling.com\/wide\/2019\/10\/01\/build-your-own-cycling-training-plan-seasonal-goals\/#breadcrumb\"},\"inLanguage\":\"en-US\",\"potentialAction\":[{\"@type\":\"ReadAction\",\"target\":[\"https:\/\/www.welovecycling.com\/wide\/2019\/10\/01\/build-your-own-cycling-training-plan-seasonal-goals\/\"]}]},{\"@type\":\"ImageObject\",\"inLanguage\":\"en-US\",\"@id\":\"https:\/\/www.welovecycling.com\/wide\/2019\/10\/01\/build-your-own-cycling-training-plan-seasonal-goals\/#primaryimage\",\"url\":\"https:\/\/d2p6e6u75xmxt8.cloudfront.net\/2\/2019\/10\/Cycling-Training-CVR-profimedia-0374728344.webp\",\"contentUrl\":\"https:\/\/d2p6e6u75xmxt8.cloudfront.net\/2\/2019\/10\/Cycling-Training-CVR-profimedia-0374728344.webp\",\"width\":900,\"height\":600,\"caption\":\"Road cyclist\"},{\"@type\":\"BreadcrumbList\",\"@id\":\"https:\/\/www.welovecycling.com\/wide\/2019\/10\/01\/build-your-own-cycling-training-plan-seasonal-goals\/#breadcrumb\",\"itemListElement\":[{\"@type\":\"ListItem\",\"position\":1,\"name\":\"Home\",\"item\":\"https:\/\/www.welovecycling.com\/wide\/\"},{\"@type\":\"ListItem\",\"position\":2,\"name\":\"Build Your Own Cycling Training Plan \u2013 Seasonal Goals\"}]},{\"@type\":\"WebSite\",\"@id\":\"https:\/\/www.welovecycling.com\/wide\/#website\",\"url\":\"https:\/\/www.welovecycling.com\/wide\/\",\"name\":\"\u0160koda We Love Cycling\",\"description\":\"\u0160koda We Love Cycling magazine\",\"alternateName\":\"\u0160koda WLC\",\"potentialAction\":[{\"@type\":\"SearchAction\",\"target\":{\"@type\":\"EntryPoint\",\"urlTemplate\":\"https:\/\/www.welovecycling.com\/wide\/?s={search_term_string}\"},\"query-input\":{\"@type\":\"PropertyValueSpecification\",\"valueRequired\":true,\"valueName\":\"search_term_string\"}}],\"inLanguage\":\"en-US\"},{\"@type\":\"Person\",\"@id\":\"\",\"url\":\"https:\/\/www.welovecycling.com\/wide\/author\/\"}]}<\/script>\n<!-- \/ Yoast SEO Premium plugin. -->","yoast_head_json":{"title":"Build Your Own Cycling Training Plan \u2013 Seasonal Goals - \u0160koda We Love Cycling","description":"This year\u2019s racing season is slowly coming to an end and many cyclists are starting to think about plans for next year. If you don\u2019t have a pro team or","robots":{"index":"index","follow":"follow","max-snippet":"max-snippet:-1","max-image-preview":"max-image-preview:large","max-video-preview":"max-video-preview:-1"},"canonical":"https:\/\/www.welovecycling.com\/wide\/2019\/10\/01\/build-your-own-cycling-training-plan-seasonal-goals\/","og_locale":"en_US","og_type":"article","og_title":"Build Your Own Cycling Training Plan \u2013 Seasonal Goals","og_description":"This year\u2019s racing season is slowly coming to an end and many cyclists are starting to think about plans for next year. If you don\u2019t have a pro team or","og_url":"https:\/\/www.welovecycling.com\/wide\/2019\/10\/01\/build-your-own-cycling-training-plan-seasonal-goals\/","og_site_name":"\u0160koda We Love Cycling","article_published_time":"2019-10-01T12:29:36+00:00","article_modified_time":"2019-10-01T12:30:58+00:00","og_image":[{"width":900,"height":600,"url":"https:\/\/d2p6e6u75xmxt8.cloudfront.net\/2\/2019\/10\/Cycling-Training-CVR-profimedia-0374728344.webp","type":"image\/webp"}],"twitter_card":"summary_large_image","twitter_misc":{"Written by":"Jiri Kaloc","Est. reading time":"4"},"schema":{"@context":"https:\/\/schema.org","@graph":[{"@type":"WebPage","@id":"https:\/\/www.welovecycling.com\/wide\/2019\/10\/01\/build-your-own-cycling-training-plan-seasonal-goals\/","url":"https:\/\/www.welovecycling.com\/wide\/2019\/10\/01\/build-your-own-cycling-training-plan-seasonal-goals\/","name":"Build Your Own Cycling Training Plan \u2013 Seasonal Goals - \u0160koda We Love Cycling","isPartOf":{"@id":"https:\/\/www.welovecycling.com\/wide\/#website"},"primaryImageOfPage":{"@id":"https:\/\/www.welovecycling.com\/wide\/2019\/10\/01\/build-your-own-cycling-training-plan-seasonal-goals\/#primaryimage"},"image":{"@id":"https:\/\/www.welovecycling.com\/wide\/2019\/10\/01\/build-your-own-cycling-training-plan-seasonal-goals\/#primaryimage"},"thumbnailUrl":"https:\/\/d2p6e6u75xmxt8.cloudfront.net\/2\/2019\/10\/Cycling-Training-CVR-profimedia-0374728344.webp","datePublished":"2019-10-01T12:29:36+00:00","dateModified":"2019-10-01T12:30:58+00:00","author":{"@id":""},"description":"This year\u2019s racing season is slowly coming to an end and many cyclists are starting to think about plans for next year. If you don\u2019t have a pro team or","breadcrumb":{"@id":"https:\/\/www.welovecycling.com\/wide\/2019\/10\/01\/build-your-own-cycling-training-plan-seasonal-goals\/#breadcrumb"},"inLanguage":"en-US","potentialAction":[{"@type":"ReadAction","target":["https:\/\/www.welovecycling.com\/wide\/2019\/10\/01\/build-your-own-cycling-training-plan-seasonal-goals\/"]}]},{"@type":"ImageObject","inLanguage":"en-US","@id":"https:\/\/www.welovecycling.com\/wide\/2019\/10\/01\/build-your-own-cycling-training-plan-seasonal-goals\/#primaryimage","url":"https:\/\/d2p6e6u75xmxt8.cloudfront.net\/2\/2019\/10\/Cycling-Training-CVR-profimedia-0374728344.webp","contentUrl":"https:\/\/d2p6e6u75xmxt8.cloudfront.net\/2\/2019\/10\/Cycling-Training-CVR-profimedia-0374728344.webp","width":900,"height":600,"caption":"Road cyclist"},{"@type":"BreadcrumbList","@id":"https:\/\/www.welovecycling.com\/wide\/2019\/10\/01\/build-your-own-cycling-training-plan-seasonal-goals\/#breadcrumb","itemListElement":[{"@type":"ListItem","position":1,"name":"Home","item":"https:\/\/www.welovecycling.com\/wide\/"},{"@type":"ListItem","position":2,"name":"Build Your Own Cycling Training Plan \u2013 Seasonal Goals"}]},{"@type":"WebSite","@id":"https:\/\/www.welovecycling.com\/wide\/#website","url":"https:\/\/www.welovecycling.com\/wide\/","name":"\u0160koda We Love Cycling","description":"\u0160koda We Love Cycling magazine","alternateName":"\u0160koda WLC","potentialAction":[{"@type":"SearchAction","target":{"@type":"EntryPoint","urlTemplate":"https:\/\/www.welovecycling.com\/wide\/?s={search_term_string}"},"query-input":{"@type":"PropertyValueSpecification","valueRequired":true,"valueName":"search_term_string"}}],"inLanguage":"en-US"},{"@type":"Person","@id":"","url":"https:\/\/www.welovecycling.com\/wide\/author\/"}]}},"_links":{"self":[{"href":"https:\/\/www.welovecycling.com\/wide\/wp-json\/wp\/v2\/posts\/175596","targetHints":{"allow":["GET"]}}],"collection":[{"href":"https:\/\/www.welovecycling.com\/wide\/wp-json\/wp\/v2\/posts"}],"about":[{"href":"https:\/\/www.welovecycling.com\/wide\/wp-json\/wp\/v2\/types\/post"}],"author":[{"embeddable":true,"href":"https:\/\/www.welovecycling.com\/wide\/wp-json\/wp\/v2\/users\/12"}],"replies":[{"embeddable":true,"href":"https:\/\/www.welovecycling.com\/wide\/wp-json\/wp\/v2\/comments?post=175596"}],"version-history":[{"count":2,"href":"https:\/\/www.welovecycling.com\/wide\/wp-json\/wp\/v2\/posts\/175596\/revisions"}],"predecessor-version":[{"id":175601,"href":"https:\/\/www.welovecycling.com\/wide\/wp-json\/wp\/v2\/posts\/175596\/revisions\/175601"}],"wp:featuredmedia":[{"embeddable":true,"href":"https:\/\/www.welovecycling.com\/wide\/wp-json\/wp\/v2\/media\/175598"}],"wp:attachment":[{"href":"https:\/\/www.welovecycling.com\/wide\/wp-json\/wp\/v2\/media?parent=175596"}],"wp:term":[{"taxonomy":"category","embeddable":true,"href":"https:\/\/www.welovecycling.com\/wide\/wp-json\/wp\/v2\/categories?post=175596"},{"taxonomy":"post_tag","embeddable":true,"href":"https:\/\/www.welovecycling.com\/wide\/wp-json\/wp\/v2\/tags?post=175596"},{"taxonomy":"global-categories","embeddable":true,"href":"https:\/\/www.welovecycling.com\/wide\/wp-json\/wp\/v2\/global-categories?post=175596"}],"curies":[{"name":"wp","href":"https:\/\/api.w.org\/{rel}","templated":true}]}}