{"id":175393,"date":"2019-09-12T11:45:35","date_gmt":"2019-09-12T11:45:35","guid":{"rendered":"https:\/\/www.welovecycling.com\/wide\/?p=175393"},"modified":"2019-09-12T11:45:35","modified_gmt":"2019-09-12T11:45:35","slug":"new-research-tour-de-france-peloton-influenced-by-sight-not-aerodynamics","status":"publish","type":"post","link":"https:\/\/www.welovecycling.com\/wide\/2019\/09\/12\/new-research-tour-de-france-peloton-influenced-by-sight-not-aerodynamics\/","title":{"rendered":"New Research: Tour de France Peloton Influenced by Sight, Not Aerodynamics"},"content":{"rendered":"<p><strong>The 2019 Tour de France has concluded, and like every year it allowed millions of spectators to marvel at the tightly packed formation of cyclists, known as the peloton. It\u2019s common knowledge that cyclists form the peloton in order to protect themselves against the wind and to gain an aerodynamic advantage. But what if something else influences the patterns of riders in the peloton too?<\/strong><br \/>\n<!--more--><\/p>\n<h2><strong>What influences the formation and shape of the peloton?<\/strong><\/h2>\n<p>A recently published study that was started four years ago by professor Tadd Truscott of Utah State University and Jesse Belden from the Naval Undersea Warfare Center aims to describe and better understand the behaviour of the peloton. The researchers analysed hours of aerial footage from the 2016 Tour de France and found that motion from the front of the pack appeared to pass through the peloton in a network fashion, with individuals reacting to one another in a relatively short time and space. That made them speculate that there\u2019s more at play than just aerodynamics.<\/p>\n<figure id=\"attachment_175396\" aria-describedby=\"caption-attachment-175396\" style=\"width: 1250px\" class=\"wp-caption alignnone\"><a href=\"https:\/\/d2p6e6u75xmxt8.cloudfront.net\/2\/2019\/09\/profimedia-0461208768.jpg\"><img loading=\"lazy\" decoding=\"async\" class=\"size-full wp-image-175396\" src=\"https:\/\/d2p6e6u75xmxt8.cloudfront.net\/2\/2019\/09\/profimedia-0461208768.jpg\" alt=\"\" width=\"1250\" height=\"834\" \/><\/a><figcaption id=\"caption-attachment-175396\" class=\"wp-caption-text\">Final stage of the 106th edition of the Tour de France. Paris, July 28, 2019.\u00a0\u00a9 Profimedia, AFP<\/figcaption><\/figure>\n<p>&#8220;Tour de France riders are often only a few centimetres apart from neighbours on all sides,&#8221; said Truscott. &#8220;Our image analysis revealed that cyclists align in patterns within a plus or minus 30-degree arc corresponding to the human near-peripheral visual field. This helps them safely react to changes or disturbances from neighbouring riders.&#8221;<\/p>\n<h2><strong>Riders don\u2019t align in optimal aerodynamic drafting positions<\/strong><\/h2>\n<p>It has been shown that peloton formations can substantially lower individual rider energy expenditure. But the analysis of aerial footage showed that riders generally don&#8217;t align in optimal aerodynamic drafting positions, which suggests that there are other factors at play.<\/p>\n<p>https:\/\/www.instagram.com\/p\/B0fXJR_I1XA\/<\/p>\n<h2><strong>Vision is a major factor that shapes the peloton<\/strong><\/h2>\n<p>The researchers observed that the peloton shape changes throughout a stage. It starts wide and elongates as the stage progresses. Also, most stages usually start slower and speed up as they near the end, requiring increasingly higher efforts from riders. The researchers observed that these two factors, an elongated peloton and a harder effort towards the end of the stage, correspond to a narrower field of vision. As riders&#8217; heart rates increase, their field of vision narrows because of the limitations of the human body. This decreases the field of perception, which leads to a stretching out of the peloton.<\/p>\n<p>&#8220;In other words, the visual ability of individual riders governs the underlying shape, response to changes in the road and spacing between individuals,&#8221; said Truscott.<\/p>\n<figure id=\"attachment_175397\" aria-describedby=\"caption-attachment-175397\" style=\"width: 1250px\" class=\"wp-caption alignnone\"><a href=\"https:\/\/d2p6e6u75xmxt8.cloudfront.net\/2\/2019\/09\/profimedia-0461257450.jpg\"><img loading=\"lazy\" decoding=\"async\" class=\"size-full wp-image-175397\" src=\"https:\/\/d2p6e6u75xmxt8.cloudfront.net\/2\/2019\/09\/profimedia-0461257450.jpg\" alt=\"\" width=\"1250\" height=\"833\" \/><\/a><figcaption id=\"caption-attachment-175397\" class=\"wp-caption-text\">The peloton on Champs Elysees, France &#8211; 29 Jul 2019.\u00a0\u00a9 Profimedia, Shutterstock Editorial<\/figcaption><\/figure>\n<h2><strong>What did we learn from this?<\/strong><\/h2>\n<p>This information is probably not particularly useful for the Tour riders themselves. They have developed instincts for how to interact in a peloton through thousands of hours of practice. But the researchers say that their findings will help formulate new ways of predicting collective behaviour. For example, this research could have real implications for directing a network of individual machines such as autonomous cars. Perhaps the Tour de France peloton will unintentionally contribute to better road safety when autonomous vehicles become the norm.<\/p>\n","protected":false},"excerpt":{"rendered":"<p>The 2019 Tour de France has concluded, and like every year it allowed millions of spectators to marvel at the [&hellip;]<\/p>\n","protected":false},"author":12,"featured_media":173811,"comment_status":"open","ping_status":"open","sticky":false,"template":"","format":"standard","meta":{"footnotes":""},"categories":[329],"tags":[3498,3325,1980],"global-categories":[],"class_list":["post-175393","post","type-post","status-publish","format-standard","has-post-thumbnail","hentry","category-road-cycling","tag-cycling-aerodynamics","tag-cycling-research","tag-peloton"],"yoast_head":"<!-- This site is optimized with the Yoast SEO Premium plugin v25.3 (Yoast SEO v25.9) - https:\/\/yoast.com\/wordpress\/plugins\/seo\/ -->\n<title>New Research: Tour de France Peloton Influenced by Sight, Not Aerodynamics - \u0160koda We Love Cycling<\/title>\n<meta name=\"description\" content=\"The 2019 Tour de France has concluded, and like every year it allowed millions of spectators to marvel at the tightly packed formation of cyclists, known\" \/>\n<meta name=\"robots\" content=\"index, follow, max-snippet:-1, max-image-preview:large, max-video-preview:-1\" \/>\n<link rel=\"canonical\" href=\"https:\/\/www.welovecycling.com\/wide\/2019\/09\/12\/new-research-tour-de-france-peloton-influenced-by-sight-not-aerodynamics\/\" \/>\n<meta property=\"og:locale\" content=\"en_US\" \/>\n<meta property=\"og:type\" content=\"article\" \/>\n<meta property=\"og:title\" content=\"New Research: Tour de France Peloton Influenced by Sight, Not Aerodynamics\" \/>\n<meta property=\"og:description\" content=\"The 2019 Tour de France has concluded, and like every year it allowed millions of spectators to marvel at the tightly packed formation of cyclists, known\" \/>\n<meta property=\"og:url\" content=\"https:\/\/www.welovecycling.com\/wide\/2019\/09\/12\/new-research-tour-de-france-peloton-influenced-by-sight-not-aerodynamics\/\" \/>\n<meta property=\"og:site_name\" content=\"\u0160koda We Love Cycling\" \/>\n<meta property=\"article:published_time\" content=\"2019-09-12T11:45:35+00:00\" \/>\n<meta property=\"og:image\" content=\"https:\/\/d2p6e6u75xmxt8.cloudfront.net\/2\/2019\/05\/tour-de-france-2018-profimedia-0380466339-CVR.webp\" \/>\n\t<meta property=\"og:image:width\" content=\"900\" \/>\n\t<meta property=\"og:image:height\" content=\"600\" \/>\n\t<meta property=\"og:image:type\" content=\"image\/webp\" \/>\n<meta name=\"twitter:card\" content=\"summary_large_image\" \/>\n<meta name=\"twitter:label1\" content=\"Written by\" \/>\n\t<meta name=\"twitter:data1\" content=\"Jiri Kaloc\" \/>\n\t<meta name=\"twitter:label2\" content=\"Est. reading time\" \/>\n\t<meta name=\"twitter:data2\" content=\"4\" \/>\n<script type=\"application\/ld+json\" class=\"yoast-schema-graph\">{\"@context\":\"https:\/\/schema.org\",\"@graph\":[{\"@type\":\"WebPage\",\"@id\":\"https:\/\/www.welovecycling.com\/wide\/2019\/09\/12\/new-research-tour-de-france-peloton-influenced-by-sight-not-aerodynamics\/\",\"url\":\"https:\/\/www.welovecycling.com\/wide\/2019\/09\/12\/new-research-tour-de-france-peloton-influenced-by-sight-not-aerodynamics\/\",\"name\":\"New Research: Tour de France Peloton Influenced by Sight, Not Aerodynamics - \u0160koda We Love Cycling\",\"isPartOf\":{\"@id\":\"https:\/\/www.welovecycling.com\/wide\/#website\"},\"primaryImageOfPage\":{\"@id\":\"https:\/\/www.welovecycling.com\/wide\/2019\/09\/12\/new-research-tour-de-france-peloton-influenced-by-sight-not-aerodynamics\/#primaryimage\"},\"image\":{\"@id\":\"https:\/\/www.welovecycling.com\/wide\/2019\/09\/12\/new-research-tour-de-france-peloton-influenced-by-sight-not-aerodynamics\/#primaryimage\"},\"thumbnailUrl\":\"https:\/\/d2p6e6u75xmxt8.cloudfront.net\/2\/2019\/05\/tour-de-france-2018-profimedia-0380466339-CVR.webp\",\"datePublished\":\"2019-09-12T11:45:35+00:00\",\"author\":{\"@id\":\"\"},\"description\":\"The 2019 Tour de France has concluded, and like every year it allowed millions of spectators to marvel at the tightly packed formation of cyclists, known\",\"breadcrumb\":{\"@id\":\"https:\/\/www.welovecycling.com\/wide\/2019\/09\/12\/new-research-tour-de-france-peloton-influenced-by-sight-not-aerodynamics\/#breadcrumb\"},\"inLanguage\":\"en-US\",\"potentialAction\":[{\"@type\":\"ReadAction\",\"target\":[\"https:\/\/www.welovecycling.com\/wide\/2019\/09\/12\/new-research-tour-de-france-peloton-influenced-by-sight-not-aerodynamics\/\"]}]},{\"@type\":\"ImageObject\",\"inLanguage\":\"en-US\",\"@id\":\"https:\/\/www.welovecycling.com\/wide\/2019\/09\/12\/new-research-tour-de-france-peloton-influenced-by-sight-not-aerodynamics\/#primaryimage\",\"url\":\"https:\/\/d2p6e6u75xmxt8.cloudfront.net\/2\/2019\/05\/tour-de-france-2018-profimedia-0380466339-CVR.webp\",\"contentUrl\":\"https:\/\/d2p6e6u75xmxt8.cloudfront.net\/2\/2019\/05\/tour-de-france-2018-profimedia-0380466339-CVR.webp\",\"width\":900,\"height\":600,\"caption\":\"\u00a9 Profimedia\"},{\"@type\":\"BreadcrumbList\",\"@id\":\"https:\/\/www.welovecycling.com\/wide\/2019\/09\/12\/new-research-tour-de-france-peloton-influenced-by-sight-not-aerodynamics\/#breadcrumb\",\"itemListElement\":[{\"@type\":\"ListItem\",\"position\":1,\"name\":\"Home\",\"item\":\"https:\/\/www.welovecycling.com\/wide\/\"},{\"@type\":\"ListItem\",\"position\":2,\"name\":\"New Research: Tour de France Peloton Influenced by Sight, Not Aerodynamics\"}]},{\"@type\":\"WebSite\",\"@id\":\"https:\/\/www.welovecycling.com\/wide\/#website\",\"url\":\"https:\/\/www.welovecycling.com\/wide\/\",\"name\":\"\u0160koda We Love Cycling\",\"description\":\"\u0160koda We Love Cycling magazine\",\"alternateName\":\"\u0160koda WLC\",\"potentialAction\":[{\"@type\":\"SearchAction\",\"target\":{\"@type\":\"EntryPoint\",\"urlTemplate\":\"https:\/\/www.welovecycling.com\/wide\/?s={search_term_string}\"},\"query-input\":{\"@type\":\"PropertyValueSpecification\",\"valueRequired\":true,\"valueName\":\"search_term_string\"}}],\"inLanguage\":\"en-US\"},{\"@type\":\"Person\",\"@id\":\"\",\"url\":\"https:\/\/www.welovecycling.com\/wide\/author\/\"}]}<\/script>\n<!-- \/ Yoast SEO Premium plugin. -->","yoast_head_json":{"title":"New Research: Tour de France Peloton Influenced by Sight, Not Aerodynamics - \u0160koda We Love Cycling","description":"The 2019 Tour de France has concluded, and like every year it allowed millions of spectators to marvel at the tightly packed formation of cyclists, known","robots":{"index":"index","follow":"follow","max-snippet":"max-snippet:-1","max-image-preview":"max-image-preview:large","max-video-preview":"max-video-preview:-1"},"canonical":"https:\/\/www.welovecycling.com\/wide\/2019\/09\/12\/new-research-tour-de-france-peloton-influenced-by-sight-not-aerodynamics\/","og_locale":"en_US","og_type":"article","og_title":"New Research: Tour de France Peloton Influenced by Sight, Not Aerodynamics","og_description":"The 2019 Tour de France has concluded, and like every year it allowed millions of spectators to marvel at the tightly packed formation of cyclists, known","og_url":"https:\/\/www.welovecycling.com\/wide\/2019\/09\/12\/new-research-tour-de-france-peloton-influenced-by-sight-not-aerodynamics\/","og_site_name":"\u0160koda We Love Cycling","article_published_time":"2019-09-12T11:45:35+00:00","og_image":[{"width":900,"height":600,"url":"https:\/\/d2p6e6u75xmxt8.cloudfront.net\/2\/2019\/05\/tour-de-france-2018-profimedia-0380466339-CVR.webp","type":"image\/webp"}],"twitter_card":"summary_large_image","twitter_misc":{"Written by":"Jiri Kaloc","Est. reading time":"4"},"schema":{"@context":"https:\/\/schema.org","@graph":[{"@type":"WebPage","@id":"https:\/\/www.welovecycling.com\/wide\/2019\/09\/12\/new-research-tour-de-france-peloton-influenced-by-sight-not-aerodynamics\/","url":"https:\/\/www.welovecycling.com\/wide\/2019\/09\/12\/new-research-tour-de-france-peloton-influenced-by-sight-not-aerodynamics\/","name":"New Research: Tour de France Peloton Influenced by Sight, Not Aerodynamics - \u0160koda We Love Cycling","isPartOf":{"@id":"https:\/\/www.welovecycling.com\/wide\/#website"},"primaryImageOfPage":{"@id":"https:\/\/www.welovecycling.com\/wide\/2019\/09\/12\/new-research-tour-de-france-peloton-influenced-by-sight-not-aerodynamics\/#primaryimage"},"image":{"@id":"https:\/\/www.welovecycling.com\/wide\/2019\/09\/12\/new-research-tour-de-france-peloton-influenced-by-sight-not-aerodynamics\/#primaryimage"},"thumbnailUrl":"https:\/\/d2p6e6u75xmxt8.cloudfront.net\/2\/2019\/05\/tour-de-france-2018-profimedia-0380466339-CVR.webp","datePublished":"2019-09-12T11:45:35+00:00","author":{"@id":""},"description":"The 2019 Tour de France has concluded, and like every year it allowed millions of spectators to marvel at the tightly packed formation of cyclists, known","breadcrumb":{"@id":"https:\/\/www.welovecycling.com\/wide\/2019\/09\/12\/new-research-tour-de-france-peloton-influenced-by-sight-not-aerodynamics\/#breadcrumb"},"inLanguage":"en-US","potentialAction":[{"@type":"ReadAction","target":["https:\/\/www.welovecycling.com\/wide\/2019\/09\/12\/new-research-tour-de-france-peloton-influenced-by-sight-not-aerodynamics\/"]}]},{"@type":"ImageObject","inLanguage":"en-US","@id":"https:\/\/www.welovecycling.com\/wide\/2019\/09\/12\/new-research-tour-de-france-peloton-influenced-by-sight-not-aerodynamics\/#primaryimage","url":"https:\/\/d2p6e6u75xmxt8.cloudfront.net\/2\/2019\/05\/tour-de-france-2018-profimedia-0380466339-CVR.webp","contentUrl":"https:\/\/d2p6e6u75xmxt8.cloudfront.net\/2\/2019\/05\/tour-de-france-2018-profimedia-0380466339-CVR.webp","width":900,"height":600,"caption":"\u00a9 Profimedia"},{"@type":"BreadcrumbList","@id":"https:\/\/www.welovecycling.com\/wide\/2019\/09\/12\/new-research-tour-de-france-peloton-influenced-by-sight-not-aerodynamics\/#breadcrumb","itemListElement":[{"@type":"ListItem","position":1,"name":"Home","item":"https:\/\/www.welovecycling.com\/wide\/"},{"@type":"ListItem","position":2,"name":"New Research: Tour de France Peloton Influenced by Sight, Not Aerodynamics"}]},{"@type":"WebSite","@id":"https:\/\/www.welovecycling.com\/wide\/#website","url":"https:\/\/www.welovecycling.com\/wide\/","name":"\u0160koda We Love Cycling","description":"\u0160koda We Love Cycling magazine","alternateName":"\u0160koda WLC","potentialAction":[{"@type":"SearchAction","target":{"@type":"EntryPoint","urlTemplate":"https:\/\/www.welovecycling.com\/wide\/?s={search_term_string}"},"query-input":{"@type":"PropertyValueSpecification","valueRequired":true,"valueName":"search_term_string"}}],"inLanguage":"en-US"},{"@type":"Person","@id":"","url":"https:\/\/www.welovecycling.com\/wide\/author\/"}]}},"_links":{"self":[{"href":"https:\/\/www.welovecycling.com\/wide\/wp-json\/wp\/v2\/posts\/175393","targetHints":{"allow":["GET"]}}],"collection":[{"href":"https:\/\/www.welovecycling.com\/wide\/wp-json\/wp\/v2\/posts"}],"about":[{"href":"https:\/\/www.welovecycling.com\/wide\/wp-json\/wp\/v2\/types\/post"}],"author":[{"embeddable":true,"href":"https:\/\/www.welovecycling.com\/wide\/wp-json\/wp\/v2\/users\/12"}],"replies":[{"embeddable":true,"href":"https:\/\/www.welovecycling.com\/wide\/wp-json\/wp\/v2\/comments?post=175393"}],"version-history":[{"count":2,"href":"https:\/\/www.welovecycling.com\/wide\/wp-json\/wp\/v2\/posts\/175393\/revisions"}],"predecessor-version":[{"id":175399,"href":"https:\/\/www.welovecycling.com\/wide\/wp-json\/wp\/v2\/posts\/175393\/revisions\/175399"}],"wp:featuredmedia":[{"embeddable":true,"href":"https:\/\/www.welovecycling.com\/wide\/wp-json\/wp\/v2\/media\/173811"}],"wp:attachment":[{"href":"https:\/\/www.welovecycling.com\/wide\/wp-json\/wp\/v2\/media?parent=175393"}],"wp:term":[{"taxonomy":"category","embeddable":true,"href":"https:\/\/www.welovecycling.com\/wide\/wp-json\/wp\/v2\/categories?post=175393"},{"taxonomy":"post_tag","embeddable":true,"href":"https:\/\/www.welovecycling.com\/wide\/wp-json\/wp\/v2\/tags?post=175393"},{"taxonomy":"global-categories","embeddable":true,"href":"https:\/\/www.welovecycling.com\/wide\/wp-json\/wp\/v2\/global-categories?post=175393"}],"curies":[{"name":"wp","href":"https:\/\/api.w.org\/{rel}","templated":true}]}}