{"id":175204,"date":"2019-09-02T11:18:52","date_gmt":"2019-09-02T11:18:52","guid":{"rendered":"https:\/\/www.welovecycling.com\/wide\/?p=175204"},"modified":"2019-09-02T11:18:52","modified_gmt":"2019-09-02T11:18:52","slug":"nairo-quintana-in-red-and-other-cool-news-from-the-world-of-cycling","status":"publish","type":"post","link":"https:\/\/www.welovecycling.com\/wide\/2019\/09\/02\/nairo-quintana-in-red-and-other-cool-news-from-the-world-of-cycling\/","title":{"rendered":"Nairo Quintana in Red and Other Cool News from the World of Cycling"},"content":{"rendered":"<p><strong>Another Monday is here and our news from the world of cycling with it. So, what did you miss?<\/strong><br \/>\n<!--more--><\/p>\n<h2><strong>The Colombian back in the red jersey<\/strong><\/h2>\n<p>Tadej Poga\u010dar (UAE Team Emirates) won his first-ever Grand Tour stage when he dropped Nairo Quintana in the final stretch of stage nine. However, the Colombian is far from being sad, as his finish 23 seconds down on the Slovenian secured him the red jersey.<\/p>\n<p>Both Rogli\u010d and Miguel \u00c1ngel L\u00f3pez fell during the gravel section of the stage, and while Rogli\u010d came out unscathed, L\u00f3pez wasn\u2019t that lucky. After clipping wheels with Sergio Higuita, he came down hard.<\/p>\n<div class=\"embed-controller-wrapper\">\n<blockquote class=\"twitter-tweet\" data-width=\"500\" data-dnt=\"true\">\n<p lang=\"es\" dir=\"ltr\"><a href=\"https:\/\/twitter.com\/hashtag\/LAVUELTAxESPN?src=hash&amp;ref_src=twsrc%5Etfw\">#LAVUELTAxESPN<\/a> \u00a1Superman <a href=\"https:\/\/twitter.com\/hashtag\/L%C3%B3pez?src=hash&amp;ref_src=twsrc%5Etfw\">#L\u00f3pez<\/a> se cay\u00f3 en la etapa 9 y qued\u00f3 lastimado en su codo y en otras partes! \u00a1Fuerza guerrero! <a href=\"https:\/\/t.co\/u65d06XJ2L\">pic.twitter.com\/u65d06XJ2L<\/a><\/p>\n<p>&mdash; ESPN Ciclismo (@ESPNCiclismo) <a href=\"https:\/\/twitter.com\/ESPNCiclismo\/status\/1168194817463115778?ref_src=twsrc%5Etfw\">September 1, 2019<\/a><\/p><\/blockquote>\n<p><script async data-src=\"https:\/\/platform.twitter.com\/widgets.js\" charset=\"utf-8\"><\/script><\/div>\n<p>\u201cIt wasn\u2019t anything special,\u201d L\u00f3pez insisted. \u201cWe entered the gravel section with a lead of about 30 seconds and unfortunately the bike slipped and I crashed on a corner.\u201d In the end, he finished 38 seconds down on Quintana.<\/p>\n<p>Rogli\u010d\u2019s accident was due to a stationary motorbike in the middle of the road. Something Jumbo-Visma\u2019s Addy Engels was very displeased about.<\/p>\n<p>\u201cIt was very chaotic at one point,\u201d Engels said after the stage. \u201cNot only because of the gravel strip, but also because of the bad weather. Primo\u017e fell on the gravel section due to a stationary motorbike. That is not okay and should not happen. All in all, I think that, given the situation at that point, we have done a good job. We are in good shape. Although we will never know what else would have been possible without that fall.\u201d Rogli\u010d now sits in second place, six seconds down on Nairo.<\/p>\n<p>The final stage of the first week provided a stunning spectacle. With the time trial coming up on Tuesday, the race is bound to get even more interesting. Who do you favour for the GC?<\/p>\n<h4><strong>Vuelta a Espa\u00f1a &#8211; stage nine<\/strong><\/h4>\n<p>1. Tadej Poga\u010dar (UAE Team Emirates) \u2013 2:58:09<br \/>\n2. Nairo Quintana (Movistar) + 23s<br \/>\n3. Primo\u017e Rogli\u010d (Jumbo-Visma) + 48s<br \/>\n4. Alejandro Valverde (Movistar)<br \/>\n5. Marc Soler (Movistar) + 57s<br \/>\n6. Hermann Pernsteiner (Bahrain-Merida) + 59s<br \/>\n7. Sergio Higuita (EF Education First) + 1:01<br \/>\n8. Wilco Kelderman (Sunweb)<br \/>\n9. Miguel \u00c1ngel L\u00f3pez (Astana)<br \/>\n10. Tao Geoghegan Hart (Ineos) + 1:38<\/p>\n<h4>General classification after stage nine<\/h4>\n<p>1. Nairo Quintana (Movistar) \u2013 35:18:18<br \/>\n2. Primo\u017e Rogli\u010d (Jumbo-Visma) + 6s<br \/>\n3. Miguel \u00c1ngel L\u00f3pez (Astana) + 17s<br \/>\n4. Alejandro Valverde (Movistar) + 20s<br \/>\n5. Tadej Poga\u010dar (UAE Team Emirates) + 1:42<br \/>\n6. Carl Frederik Hagen (Lotto-Soudal) + 1:46<br \/>\n7. Nicolas Edet (Cofidis) + 2:21<br \/>\n8. Rafa\u0142 Majka (Bora-Hansgrohe) + 3:22<br \/>\n9. Wilco Kelderman (Sunweb) + 3:53<br \/>\n10. Dylan Teuns (Bahrain-Merida) + 4:46<\/p>\n<h2><strong>You know what to do<\/strong><\/h2>\n<p>https:\/\/www.instagram.com\/p\/B13PZZYoMre\/<\/p>\n<h2><strong>Play it like you mean it<\/strong><\/h2>\n<div class=\"embed-controller-wrapper\">\n<blockquote class=\"twitter-tweet\" data-width=\"500\" data-dnt=\"true\">\n<p lang=\"en\" dir=\"ltr\">Probably still the coolest trick I&#39;ve ever done \ud83d\ude06 <a href=\"https:\/\/t.co\/nObb75QIJ3\">https:\/\/t.co\/nObb75QIJ3<\/a><\/p>\n<p>&mdash; Ellen Noble (@ellenlikesbikes) <a href=\"https:\/\/twitter.com\/ellenlikesbikes\/status\/1167248019915464704?ref_src=twsrc%5Etfw\">August 30, 2019<\/a><\/p><\/blockquote>\n<p><script async data-src=\"https:\/\/platform.twitter.com\/widgets.js\" charset=\"utf-8\"><\/script><\/div>\n<h2><strong>Catch him!<\/strong><\/h2>\n<div class=\"embed-controller-wrapper\">\n<blockquote class=\"twitter-tweet\" data-width=\"500\" data-dnt=\"true\">\n<p lang=\"en\" dir=\"ltr\">Catch me if you can&#8230; Thanks to my friend <a href=\"https:\/\/twitter.com\/Daniel87Oss?ref_src=twsrc%5Etfw\">@Daniel87Oss<\/a>  for his amazing filming skills and <a href=\"https:\/\/twitter.com\/GoPro?ref_src=twsrc%5Etfw\">@GoPro<\/a> for the incredibly steady Hero7 Black cameras. <a href=\"https:\/\/twitter.com\/iamspecialized?ref_src=twsrc%5Etfw\">@iamspecialized<\/a> <a href=\"https:\/\/twitter.com\/sportful?ref_src=twsrc%5Etfw\">@sportful<\/a> <a href=\"https:\/\/twitter.com\/ride100percent?ref_src=twsrc%5Etfw\">@ride100percent<\/a> <a href=\"https:\/\/twitter.com\/osmonutrition?ref_src=twsrc%5Etfw\">@osmonutrition<\/a> <a href=\"https:\/\/t.co\/AUeU8s8hT4\">pic.twitter.com\/AUeU8s8hT4<\/a><\/p>\n<p>&mdash; Peter Sagan (@petosagan) <a href=\"https:\/\/twitter.com\/petosagan\/status\/1167537127267229698?ref_src=twsrc%5Etfw\">August 30, 2019<\/a><\/p><\/blockquote>\n<p><script async data-src=\"https:\/\/platform.twitter.com\/widgets.js\" charset=\"utf-8\"><\/script><\/div>\n<h2><strong>Sweeet<\/strong><\/h2>\n<div class=\"embed-controller-wrapper\">\n<blockquote class=\"twitter-tweet\" data-width=\"500\" data-dnt=\"true\">\n<p lang=\"en\" dir=\"ltr\">Support from <a href=\"https:\/\/twitter.com\/JetseBol?ref_src=twsrc%5Etfw\">@JetseBol<\/a>\u2019s son Mikel <a href=\"https:\/\/t.co\/ZLUdny8WBQ\">pic.twitter.com\/ZLUdny8WBQ<\/a><\/p>\n<p>&mdash; Jos\u00e9 Been (@JoseBeenTV) <a href=\"https:\/\/twitter.com\/JoseBeenTV\/status\/1166732744153546752?ref_src=twsrc%5Etfw\">August 28, 2019<\/a><\/p><\/blockquote>\n<p><script async data-src=\"https:\/\/platform.twitter.com\/widgets.js\" charset=\"utf-8\"><\/script><\/div>\n<h2><strong>What do you think?<\/strong><\/h2>\n<p>https:\/\/www.instagram.com\/p\/B1tAOytoTu0\/<\/p>\n","protected":false},"excerpt":{"rendered":"<p>Another Monday is here and our news from the world of cycling with it. So, what did you miss?<\/p>\n","protected":false},"author":12,"featured_media":175211,"comment_status":"open","ping_status":"open","sticky":false,"template":"","format":"standard","meta":{"footnotes":""},"categories":[329],"tags":[3343,479,3393,2228,494,3415],"global-categories":[],"class_list":["post-175204","post","type-post","status-publish","format-standard","has-post-thumbnail","hentry","category-road-cycling","tag-ellen-noble","tag-la-vuelta","tag-la-vuelta-2019","tag-miguel-angel-lopez","tag-nairo-quintana","tag-tadej-pogacar"],"yoast_head":"<!-- This site is optimized with the Yoast SEO Premium plugin v25.3 (Yoast SEO v25.9) - https:\/\/yoast.com\/wordpress\/plugins\/seo\/ -->\n<title>Nairo Quintana in Red and Other Cool News from the World of Cycling - \u0160koda We Love Cycling<\/title>\n<meta name=\"description\" content=\"Another Monday is here and our news from the world of cycling with it. So, what did you miss? The Colombian back in the red jersey Tadej Poga\u010dar (UAE Team\" \/>\n<meta name=\"robots\" content=\"index, follow, max-snippet:-1, max-image-preview:large, max-video-preview:-1\" \/>\n<link rel=\"canonical\" href=\"https:\/\/www.welovecycling.com\/wide\/2019\/09\/02\/nairo-quintana-in-red-and-other-cool-news-from-the-world-of-cycling\/\" \/>\n<meta property=\"og:locale\" content=\"en_US\" \/>\n<meta property=\"og:type\" content=\"article\" \/>\n<meta property=\"og:title\" content=\"Nairo Quintana in Red and Other Cool News from the World of Cycling\" \/>\n<meta property=\"og:description\" content=\"Another Monday is here and our news from the world of cycling with it. So, what did you miss? The Colombian back in the red jersey Tadej Poga\u010dar (UAE Team\" \/>\n<meta property=\"og:url\" content=\"https:\/\/www.welovecycling.com\/wide\/2019\/09\/02\/nairo-quintana-in-red-and-other-cool-news-from-the-world-of-cycling\/\" \/>\n<meta property=\"og:site_name\" content=\"\u0160koda We Love Cycling\" \/>\n<meta property=\"article:published_time\" content=\"2019-09-02T11:18:52+00:00\" \/>\n<meta property=\"og:image\" content=\"https:\/\/d2p6e6u75xmxt8.cloudfront.net\/2\/2019\/09\/Nairo-Quintana-CVR-profimedia-0468251619.webp\" \/>\n\t<meta property=\"og:image:width\" content=\"900\" \/>\n\t<meta property=\"og:image:height\" content=\"600\" \/>\n\t<meta property=\"og:image:type\" content=\"image\/webp\" \/>\n<meta name=\"twitter:card\" content=\"summary_large_image\" \/>\n<meta name=\"twitter:label1\" content=\"Written by\" \/>\n\t<meta name=\"twitter:data1\" content=\"Monica Buck\" \/>\n\t<meta name=\"twitter:label2\" content=\"Est. reading time\" \/>\n\t<meta name=\"twitter:data2\" content=\"4\" \/>\n<script type=\"application\/ld+json\" class=\"yoast-schema-graph\">{\"@context\":\"https:\/\/schema.org\",\"@graph\":[{\"@type\":\"WebPage\",\"@id\":\"https:\/\/www.welovecycling.com\/wide\/2019\/09\/02\/nairo-quintana-in-red-and-other-cool-news-from-the-world-of-cycling\/\",\"url\":\"https:\/\/www.welovecycling.com\/wide\/2019\/09\/02\/nairo-quintana-in-red-and-other-cool-news-from-the-world-of-cycling\/\",\"name\":\"Nairo Quintana in Red and Other Cool News from the World of Cycling - \u0160koda We Love Cycling\",\"isPartOf\":{\"@id\":\"https:\/\/www.welovecycling.com\/wide\/#website\"},\"primaryImageOfPage\":{\"@id\":\"https:\/\/www.welovecycling.com\/wide\/2019\/09\/02\/nairo-quintana-in-red-and-other-cool-news-from-the-world-of-cycling\/#primaryimage\"},\"image\":{\"@id\":\"https:\/\/www.welovecycling.com\/wide\/2019\/09\/02\/nairo-quintana-in-red-and-other-cool-news-from-the-world-of-cycling\/#primaryimage\"},\"thumbnailUrl\":\"https:\/\/d2p6e6u75xmxt8.cloudfront.net\/2\/2019\/09\/Nairo-Quintana-CVR-profimedia-0468251619.webp\",\"datePublished\":\"2019-09-02T11:18:52+00:00\",\"author\":{\"@id\":\"\"},\"description\":\"Another Monday is here and our news from the world of cycling with it. So, what did you miss? The Colombian back in the red jersey Tadej Poga\u010dar (UAE Team\",\"breadcrumb\":{\"@id\":\"https:\/\/www.welovecycling.com\/wide\/2019\/09\/02\/nairo-quintana-in-red-and-other-cool-news-from-the-world-of-cycling\/#breadcrumb\"},\"inLanguage\":\"en-US\",\"potentialAction\":[{\"@type\":\"ReadAction\",\"target\":[\"https:\/\/www.welovecycling.com\/wide\/2019\/09\/02\/nairo-quintana-in-red-and-other-cool-news-from-the-world-of-cycling\/\"]}]},{\"@type\":\"ImageObject\",\"inLanguage\":\"en-US\",\"@id\":\"https:\/\/www.welovecycling.com\/wide\/2019\/09\/02\/nairo-quintana-in-red-and-other-cool-news-from-the-world-of-cycling\/#primaryimage\",\"url\":\"https:\/\/d2p6e6u75xmxt8.cloudfront.net\/2\/2019\/09\/Nairo-Quintana-CVR-profimedia-0468251619.webp\",\"contentUrl\":\"https:\/\/d2p6e6u75xmxt8.cloudfront.net\/2\/2019\/09\/Nairo-Quintana-CVR-profimedia-0468251619.webp\",\"width\":900,\"height\":600},{\"@type\":\"BreadcrumbList\",\"@id\":\"https:\/\/www.welovecycling.com\/wide\/2019\/09\/02\/nairo-quintana-in-red-and-other-cool-news-from-the-world-of-cycling\/#breadcrumb\",\"itemListElement\":[{\"@type\":\"ListItem\",\"position\":1,\"name\":\"Home\",\"item\":\"https:\/\/www.welovecycling.com\/wide\/\"},{\"@type\":\"ListItem\",\"position\":2,\"name\":\"Nairo Quintana in Red and Other Cool News from the World of Cycling\"}]},{\"@type\":\"WebSite\",\"@id\":\"https:\/\/www.welovecycling.com\/wide\/#website\",\"url\":\"https:\/\/www.welovecycling.com\/wide\/\",\"name\":\"\u0160koda We Love Cycling\",\"description\":\"\u0160koda We Love Cycling magazine\",\"alternateName\":\"\u0160koda WLC\",\"potentialAction\":[{\"@type\":\"SearchAction\",\"target\":{\"@type\":\"EntryPoint\",\"urlTemplate\":\"https:\/\/www.welovecycling.com\/wide\/?s={search_term_string}\"},\"query-input\":{\"@type\":\"PropertyValueSpecification\",\"valueRequired\":true,\"valueName\":\"search_term_string\"}}],\"inLanguage\":\"en-US\"},{\"@type\":\"Person\",\"@id\":\"\",\"url\":\"https:\/\/www.welovecycling.com\/wide\/author\/\"}]}<\/script>\n<!-- \/ Yoast SEO Premium plugin. -->","yoast_head_json":{"title":"Nairo Quintana in Red and Other Cool News from the World of Cycling - \u0160koda We Love Cycling","description":"Another Monday is here and our news from the world of cycling with it. So, what did you miss? The Colombian back in the red jersey Tadej Poga\u010dar (UAE Team","robots":{"index":"index","follow":"follow","max-snippet":"max-snippet:-1","max-image-preview":"max-image-preview:large","max-video-preview":"max-video-preview:-1"},"canonical":"https:\/\/www.welovecycling.com\/wide\/2019\/09\/02\/nairo-quintana-in-red-and-other-cool-news-from-the-world-of-cycling\/","og_locale":"en_US","og_type":"article","og_title":"Nairo Quintana in Red and Other Cool News from the World of Cycling","og_description":"Another Monday is here and our news from the world of cycling with it. So, what did you miss? The Colombian back in the red jersey Tadej Poga\u010dar (UAE Team","og_url":"https:\/\/www.welovecycling.com\/wide\/2019\/09\/02\/nairo-quintana-in-red-and-other-cool-news-from-the-world-of-cycling\/","og_site_name":"\u0160koda We Love Cycling","article_published_time":"2019-09-02T11:18:52+00:00","og_image":[{"width":900,"height":600,"url":"https:\/\/d2p6e6u75xmxt8.cloudfront.net\/2\/2019\/09\/Nairo-Quintana-CVR-profimedia-0468251619.webp","type":"image\/webp"}],"twitter_card":"summary_large_image","twitter_misc":{"Written by":"Monica Buck","Est. reading time":"4"},"schema":{"@context":"https:\/\/schema.org","@graph":[{"@type":"WebPage","@id":"https:\/\/www.welovecycling.com\/wide\/2019\/09\/02\/nairo-quintana-in-red-and-other-cool-news-from-the-world-of-cycling\/","url":"https:\/\/www.welovecycling.com\/wide\/2019\/09\/02\/nairo-quintana-in-red-and-other-cool-news-from-the-world-of-cycling\/","name":"Nairo Quintana in Red and Other Cool News from the World of Cycling - \u0160koda We Love Cycling","isPartOf":{"@id":"https:\/\/www.welovecycling.com\/wide\/#website"},"primaryImageOfPage":{"@id":"https:\/\/www.welovecycling.com\/wide\/2019\/09\/02\/nairo-quintana-in-red-and-other-cool-news-from-the-world-of-cycling\/#primaryimage"},"image":{"@id":"https:\/\/www.welovecycling.com\/wide\/2019\/09\/02\/nairo-quintana-in-red-and-other-cool-news-from-the-world-of-cycling\/#primaryimage"},"thumbnailUrl":"https:\/\/d2p6e6u75xmxt8.cloudfront.net\/2\/2019\/09\/Nairo-Quintana-CVR-profimedia-0468251619.webp","datePublished":"2019-09-02T11:18:52+00:00","author":{"@id":""},"description":"Another Monday is here and our news from the world of cycling with it. So, what did you miss? The Colombian back in the red jersey Tadej Poga\u010dar (UAE Team","breadcrumb":{"@id":"https:\/\/www.welovecycling.com\/wide\/2019\/09\/02\/nairo-quintana-in-red-and-other-cool-news-from-the-world-of-cycling\/#breadcrumb"},"inLanguage":"en-US","potentialAction":[{"@type":"ReadAction","target":["https:\/\/www.welovecycling.com\/wide\/2019\/09\/02\/nairo-quintana-in-red-and-other-cool-news-from-the-world-of-cycling\/"]}]},{"@type":"ImageObject","inLanguage":"en-US","@id":"https:\/\/www.welovecycling.com\/wide\/2019\/09\/02\/nairo-quintana-in-red-and-other-cool-news-from-the-world-of-cycling\/#primaryimage","url":"https:\/\/d2p6e6u75xmxt8.cloudfront.net\/2\/2019\/09\/Nairo-Quintana-CVR-profimedia-0468251619.webp","contentUrl":"https:\/\/d2p6e6u75xmxt8.cloudfront.net\/2\/2019\/09\/Nairo-Quintana-CVR-profimedia-0468251619.webp","width":900,"height":600},{"@type":"BreadcrumbList","@id":"https:\/\/www.welovecycling.com\/wide\/2019\/09\/02\/nairo-quintana-in-red-and-other-cool-news-from-the-world-of-cycling\/#breadcrumb","itemListElement":[{"@type":"ListItem","position":1,"name":"Home","item":"https:\/\/www.welovecycling.com\/wide\/"},{"@type":"ListItem","position":2,"name":"Nairo Quintana in Red and Other Cool News from the World of Cycling"}]},{"@type":"WebSite","@id":"https:\/\/www.welovecycling.com\/wide\/#website","url":"https:\/\/www.welovecycling.com\/wide\/","name":"\u0160koda We Love Cycling","description":"\u0160koda We Love Cycling magazine","alternateName":"\u0160koda WLC","potentialAction":[{"@type":"SearchAction","target":{"@type":"EntryPoint","urlTemplate":"https:\/\/www.welovecycling.com\/wide\/?s={search_term_string}"},"query-input":{"@type":"PropertyValueSpecification","valueRequired":true,"valueName":"search_term_string"}}],"inLanguage":"en-US"},{"@type":"Person","@id":"","url":"https:\/\/www.welovecycling.com\/wide\/author\/"}]}},"_links":{"self":[{"href":"https:\/\/www.welovecycling.com\/wide\/wp-json\/wp\/v2\/posts\/175204","targetHints":{"allow":["GET"]}}],"collection":[{"href":"https:\/\/www.welovecycling.com\/wide\/wp-json\/wp\/v2\/posts"}],"about":[{"href":"https:\/\/www.welovecycling.com\/wide\/wp-json\/wp\/v2\/types\/post"}],"author":[{"embeddable":true,"href":"https:\/\/www.welovecycling.com\/wide\/wp-json\/wp\/v2\/users\/12"}],"replies":[{"embeddable":true,"href":"https:\/\/www.welovecycling.com\/wide\/wp-json\/wp\/v2\/comments?post=175204"}],"version-history":[{"count":1,"href":"https:\/\/www.welovecycling.com\/wide\/wp-json\/wp\/v2\/posts\/175204\/revisions"}],"predecessor-version":[{"id":175212,"href":"https:\/\/www.welovecycling.com\/wide\/wp-json\/wp\/v2\/posts\/175204\/revisions\/175212"}],"wp:featuredmedia":[{"embeddable":true,"href":"https:\/\/www.welovecycling.com\/wide\/wp-json\/wp\/v2\/media\/175211"}],"wp:attachment":[{"href":"https:\/\/www.welovecycling.com\/wide\/wp-json\/wp\/v2\/media?parent=175204"}],"wp:term":[{"taxonomy":"category","embeddable":true,"href":"https:\/\/www.welovecycling.com\/wide\/wp-json\/wp\/v2\/categories?post=175204"},{"taxonomy":"post_tag","embeddable":true,"href":"https:\/\/www.welovecycling.com\/wide\/wp-json\/wp\/v2\/tags?post=175204"},{"taxonomy":"global-categories","embeddable":true,"href":"https:\/\/www.welovecycling.com\/wide\/wp-json\/wp\/v2\/global-categories?post=175204"}],"curies":[{"name":"wp","href":"https:\/\/api.w.org\/{rel}","templated":true}]}}