{"id":175136,"date":"2019-08-27T12:00:16","date_gmt":"2019-08-27T12:00:16","guid":{"rendered":"https:\/\/www.welovecycling.com\/wide\/?p=175136"},"modified":"2019-08-27T12:01:16","modified_gmt":"2019-08-27T12:01:16","slug":"summer-training-combine-racing-and-training","status":"publish","type":"post","link":"https:\/\/www.welovecycling.com\/wide\/2019\/08\/27\/summer-training-combine-racing-and-training\/","title":{"rendered":"Summer Training \u2013 Combine Racing and Training"},"content":{"rendered":"<p><strong>Racing is a big part of summer for many cyclists. The opportunities to participate in local events and social rides are plentiful. It\u2019s easy to sign up for too much and halt progress or overtrain as a result. In this article, we will take a closer look at how to plan your training around races in an effective way that gives you the opportunity to both have fun and improve.<\/strong><\/p>\n<h2><!--more--><br \/>\n<strong>Making a summer plan<\/strong><\/h2>\n<p>Your training plan in summer will be different from winter. The off-season is where you want to build up your aerobic base and focus on quantity. When the racing season comes, you want to switch more towards intervals to build speed and focus more on quality. The specifics depend on your fitness level, ambitions, and the type and number of events you want to do. But in general, you want a good mix of endurance (talking tempo), intervals (heavy-breathing efforts), and recovery days (light activity and rest).<\/p>\n<h2><strong>A three-day cycle<\/strong><\/h2>\n<p>One way of doing this is to have a three-day cycle of two endurance days followed by an interval and then have an easy day after two cycles. For example, this would mean Monday, Tuesday, Thursday, and Friday endurance, Wednesday and Saturday intervals, and Sunday rest. You can tweak this template to add races in various ways. Let\u2019s take a look at three popular variations.<\/p>\n<figure id=\"attachment_175144\" aria-describedby=\"caption-attachment-175144\" style=\"width: 1000px\" class=\"wp-caption alignnone\"><a href=\"https:\/\/d2p6e6u75xmxt8.cloudfront.net\/2\/2019\/08\/cyclist-nature-profimedia-0430992578-2.jpg\"><img loading=\"lazy\" decoding=\"async\" class=\"wp-image-175144 size-full\" src=\"https:\/\/d2p6e6u75xmxt8.cloudfront.net\/2\/2019\/08\/cyclist-nature-profimedia-0430992578-2.jpg\" alt=\"\" width=\"1000\" height=\"667\" \/><\/a><figcaption id=\"caption-attachment-175144\" class=\"wp-caption-text\">You should schedule blocks of two weeks or more of focused training in between your races. \u00a9 Profimedia, DPphoto<\/figcaption><\/figure>\n<h2><strong>A taper before a big race<\/strong><\/h2>\n<p>This variation is ideal for the one or two most important races of your summer. How it works is you start your week as usual. Monday and Tuesday are endurance days, Wednesday intervals, Thursday endurance again, and both Friday and Saturday are your rest days to get your legs fresh for the Sunday event. And you can easily transition into the following week with an easy endurance day on Monday again.<\/p>\n<h2><strong>A training race<\/strong><\/h2>\n<p>This variation is best for smaller races you\u2019re doing for fun and to spice up your training. You start with an endurance ride on Monday but then you do your usual higher intensity intervals on Tuesday instead of Wednesday. You then follow this up with three endurance days Wednesday through Friday and do intervals on Saturday as usual. The event on Sunday then serves as overload training because you\u2019re pushing two hard days in a row. The following week starts with an easy endurance day on Monday as usual.<\/p>\n<figure id=\"attachment_175145\" aria-describedby=\"caption-attachment-175145\" style=\"width: 1024px\" class=\"wp-caption alignnone\"><a href=\"https:\/\/d2p6e6u75xmxt8.cloudfront.net\/2\/2019\/08\/amateur-race-profimedia-0467167696.jpg\"><img loading=\"lazy\" decoding=\"async\" class=\"wp-image-175145 size-large\" src=\"https:\/\/d2p6e6u75xmxt8.cloudfront.net\/2\/2019\/08\/amateur-race-profimedia-0467167696-1024x650.jpg\" alt=\"\" width=\"1024\" height=\"650\" \/><\/a><figcaption id=\"caption-attachment-175145\" class=\"wp-caption-text\">Finding an event that challenges you in a different way is key. \u00a9 Profimedia, EPA<\/figcaption><\/figure>\n<h2><strong>Racing every weekend<\/strong><\/h2>\n<p>Many people prefer racing every weekend to fit in as many events and fun as possible. Even though this isn\u2019t the best strategy to maximize performance in each event, it can still be done in a smart way. Let\u2019s say you race every Sunday. Your Mondays should be rest days with light activity followed by endurance on Tuesdays, then the usual intervals on Wednesday, and endurance on Thursday. Friday should be a rest day with light activity only followed by a shorter interval session on Saturday to wake up your legs for the Sunday race. The second recovery day is there to compensate for adding a race to two interval days in one week. Even though you might be racing for fun, it\u2019s always harder on the body than most training sessions.<\/p>\n<h2><strong>Adjust it to your schedule<\/strong><\/h2>\n<p>The advantage of the three-day cycle system is that you can adapt it to almost any race schedule you have. Just keep one rest day a week at a minimum and don\u2019t hesitate to add a second light day if more demanding events start piling up. Having a handle on your summer training is key if you want to improve sustainably while enjoying races and social rides too.<\/p>\n","protected":false},"excerpt":{"rendered":"<p>Racing is a big part of summer for many cyclists. The opportunities to participate in local events and social rides [&hellip;]<\/p>\n","protected":false},"author":99,"featured_media":175143,"comment_status":"open","ping_status":"open","sticky":false,"template":"","format":"standard","meta":{"footnotes":""},"categories":[332],"tags":[3423,3315,355],"global-categories":[],"class_list":["post-175136","post","type-post","status-publish","format-standard","has-post-thumbnail","hentry","category-health-and-training","tag-racing","tag-summer-training","tag-training"],"yoast_head":"<!-- This site is optimized with the Yoast SEO Premium plugin v25.3 (Yoast SEO v25.9) - https:\/\/yoast.com\/wordpress\/plugins\/seo\/ -->\n<title>Summer Training \u2013 Combine Racing and Training - \u0160koda We Love Cycling<\/title>\n<meta name=\"description\" content=\"Racing is a big part of summer for many cyclists. The opportunities to participate in local events and social rides are plentiful. It\u2019s easy to sign up\" \/>\n<meta name=\"robots\" content=\"index, follow, max-snippet:-1, max-image-preview:large, max-video-preview:-1\" \/>\n<link rel=\"canonical\" href=\"https:\/\/www.welovecycling.com\/wide\/2019\/08\/27\/summer-training-combine-racing-and-training\/\" \/>\n<meta property=\"og:locale\" content=\"en_US\" \/>\n<meta property=\"og:type\" content=\"article\" \/>\n<meta property=\"og:title\" content=\"Summer Training \u2013 Combine Racing and Training\" \/>\n<meta property=\"og:description\" content=\"Racing is a big part of summer for many cyclists. The opportunities to participate in local events and social rides are plentiful. It\u2019s easy to sign up\" \/>\n<meta property=\"og:url\" content=\"https:\/\/www.welovecycling.com\/wide\/2019\/08\/27\/summer-training-combine-racing-and-training\/\" \/>\n<meta property=\"og:site_name\" content=\"\u0160koda We Love Cycling\" \/>\n<meta property=\"article:published_time\" content=\"2019-08-27T12:00:16+00:00\" \/>\n<meta property=\"article:modified_time\" content=\"2019-08-27T12:01:16+00:00\" \/>\n<meta property=\"og:image\" content=\"https:\/\/d2p6e6u75xmxt8.cloudfront.net\/2\/2019\/08\/road-cyclists-nature-profimedia-0340157192-CVR.webp\" \/>\n\t<meta property=\"og:image:width\" content=\"900\" \/>\n\t<meta property=\"og:image:height\" content=\"600\" \/>\n\t<meta property=\"og:image:type\" content=\"image\/webp\" \/>\n<meta name=\"author\" content=\"tereza\" \/>\n<meta name=\"twitter:card\" content=\"summary_large_image\" \/>\n<meta name=\"twitter:label1\" content=\"Written by\" \/>\n\t<meta name=\"twitter:data1\" content=\"Jiri Kaloc\" \/>\n\t<meta name=\"twitter:label2\" content=\"Est. reading time\" \/>\n\t<meta name=\"twitter:data2\" content=\"4\" \/>\n<script type=\"application\/ld+json\" class=\"yoast-schema-graph\">{\"@context\":\"https:\/\/schema.org\",\"@graph\":[{\"@type\":\"WebPage\",\"@id\":\"https:\/\/www.welovecycling.com\/wide\/2019\/08\/27\/summer-training-combine-racing-and-training\/\",\"url\":\"https:\/\/www.welovecycling.com\/wide\/2019\/08\/27\/summer-training-combine-racing-and-training\/\",\"name\":\"Summer Training \u2013 Combine Racing and Training - \u0160koda We Love Cycling\",\"isPartOf\":{\"@id\":\"https:\/\/www.welovecycling.com\/wide\/#website\"},\"primaryImageOfPage\":{\"@id\":\"https:\/\/www.welovecycling.com\/wide\/2019\/08\/27\/summer-training-combine-racing-and-training\/#primaryimage\"},\"image\":{\"@id\":\"https:\/\/www.welovecycling.com\/wide\/2019\/08\/27\/summer-training-combine-racing-and-training\/#primaryimage\"},\"thumbnailUrl\":\"https:\/\/d2p6e6u75xmxt8.cloudfront.net\/2\/2019\/08\/road-cyclists-nature-profimedia-0340157192-CVR.webp\",\"datePublished\":\"2019-08-27T12:00:16+00:00\",\"dateModified\":\"2019-08-27T12:01:16+00:00\",\"author\":{\"@id\":\"https:\/\/www.welovecycling.com\/wide\/#\/schema\/person\/50f01ecd18718d2333cf72e823c4f926\"},\"description\":\"Racing is a big part of summer for many cyclists. The opportunities to participate in local events and social rides are plentiful. It\u2019s easy to sign up\",\"breadcrumb\":{\"@id\":\"https:\/\/www.welovecycling.com\/wide\/2019\/08\/27\/summer-training-combine-racing-and-training\/#breadcrumb\"},\"inLanguage\":\"en-US\",\"potentialAction\":[{\"@type\":\"ReadAction\",\"target\":[\"https:\/\/www.welovecycling.com\/wide\/2019\/08\/27\/summer-training-combine-racing-and-training\/\"]}]},{\"@type\":\"ImageObject\",\"inLanguage\":\"en-US\",\"@id\":\"https:\/\/www.welovecycling.com\/wide\/2019\/08\/27\/summer-training-combine-racing-and-training\/#primaryimage\",\"url\":\"https:\/\/d2p6e6u75xmxt8.cloudfront.net\/2\/2019\/08\/road-cyclists-nature-profimedia-0340157192-CVR.webp\",\"contentUrl\":\"https:\/\/d2p6e6u75xmxt8.cloudfront.net\/2\/2019\/08\/road-cyclists-nature-profimedia-0340157192-CVR.webp\",\"width\":900,\"height\":600},{\"@type\":\"BreadcrumbList\",\"@id\":\"https:\/\/www.welovecycling.com\/wide\/2019\/08\/27\/summer-training-combine-racing-and-training\/#breadcrumb\",\"itemListElement\":[{\"@type\":\"ListItem\",\"position\":1,\"name\":\"Home\",\"item\":\"https:\/\/www.welovecycling.com\/wide\/\"},{\"@type\":\"ListItem\",\"position\":2,\"name\":\"Summer Training \u2013 Combine Racing and Training\"}]},{\"@type\":\"WebSite\",\"@id\":\"https:\/\/www.welovecycling.com\/wide\/#website\",\"url\":\"https:\/\/www.welovecycling.com\/wide\/\",\"name\":\"\u0160koda We Love Cycling\",\"description\":\"\u0160koda We Love Cycling magazine\",\"alternateName\":\"\u0160koda WLC\",\"potentialAction\":[{\"@type\":\"SearchAction\",\"target\":{\"@type\":\"EntryPoint\",\"urlTemplate\":\"https:\/\/www.welovecycling.com\/wide\/?s={search_term_string}\"},\"query-input\":{\"@type\":\"PropertyValueSpecification\",\"valueRequired\":true,\"valueName\":\"search_term_string\"}}],\"inLanguage\":\"en-US\"},{\"@type\":\"Person\",\"@id\":\"https:\/\/www.welovecycling.com\/wide\/#\/schema\/person\/50f01ecd18718d2333cf72e823c4f926\",\"name\":\"tereza\",\"image\":{\"@type\":\"ImageObject\",\"inLanguage\":\"en-US\",\"@id\":\"https:\/\/www.welovecycling.com\/wide\/#\/schema\/person\/image\/\",\"url\":\"https:\/\/secure.gravatar.com\/avatar\/1f9eb71be33845f0afabce3791bc1c58ecdb0a25c62964987e5dbcf7a20d2ec7?s=96&d=mm&r=g\",\"contentUrl\":\"https:\/\/secure.gravatar.com\/avatar\/1f9eb71be33845f0afabce3791bc1c58ecdb0a25c62964987e5dbcf7a20d2ec7?s=96&d=mm&r=g\",\"caption\":\"tereza\"},\"url\":\"https:\/\/www.welovecycling.com\/wide\/author\/tereza\/\"}]}<\/script>\n<!-- \/ Yoast SEO Premium plugin. -->","yoast_head_json":{"title":"Summer Training \u2013 Combine Racing and Training - \u0160koda We Love Cycling","description":"Racing is a big part of summer for many cyclists. The opportunities to participate in local events and social rides are plentiful. It\u2019s easy to sign up","robots":{"index":"index","follow":"follow","max-snippet":"max-snippet:-1","max-image-preview":"max-image-preview:large","max-video-preview":"max-video-preview:-1"},"canonical":"https:\/\/www.welovecycling.com\/wide\/2019\/08\/27\/summer-training-combine-racing-and-training\/","og_locale":"en_US","og_type":"article","og_title":"Summer Training \u2013 Combine Racing and Training","og_description":"Racing is a big part of summer for many cyclists. The opportunities to participate in local events and social rides are plentiful. It\u2019s easy to sign up","og_url":"https:\/\/www.welovecycling.com\/wide\/2019\/08\/27\/summer-training-combine-racing-and-training\/","og_site_name":"\u0160koda We Love Cycling","article_published_time":"2019-08-27T12:00:16+00:00","article_modified_time":"2019-08-27T12:01:16+00:00","og_image":[{"width":900,"height":600,"url":"https:\/\/d2p6e6u75xmxt8.cloudfront.net\/2\/2019\/08\/road-cyclists-nature-profimedia-0340157192-CVR.webp","type":"image\/webp"}],"author":"tereza","twitter_card":"summary_large_image","twitter_misc":{"Written by":"Jiri Kaloc","Est. reading time":"4"},"schema":{"@context":"https:\/\/schema.org","@graph":[{"@type":"WebPage","@id":"https:\/\/www.welovecycling.com\/wide\/2019\/08\/27\/summer-training-combine-racing-and-training\/","url":"https:\/\/www.welovecycling.com\/wide\/2019\/08\/27\/summer-training-combine-racing-and-training\/","name":"Summer Training \u2013 Combine Racing and Training - \u0160koda We Love Cycling","isPartOf":{"@id":"https:\/\/www.welovecycling.com\/wide\/#website"},"primaryImageOfPage":{"@id":"https:\/\/www.welovecycling.com\/wide\/2019\/08\/27\/summer-training-combine-racing-and-training\/#primaryimage"},"image":{"@id":"https:\/\/www.welovecycling.com\/wide\/2019\/08\/27\/summer-training-combine-racing-and-training\/#primaryimage"},"thumbnailUrl":"https:\/\/d2p6e6u75xmxt8.cloudfront.net\/2\/2019\/08\/road-cyclists-nature-profimedia-0340157192-CVR.webp","datePublished":"2019-08-27T12:00:16+00:00","dateModified":"2019-08-27T12:01:16+00:00","author":{"@id":"https:\/\/www.welovecycling.com\/wide\/#\/schema\/person\/50f01ecd18718d2333cf72e823c4f926"},"description":"Racing is a big part of summer for many cyclists. The opportunities to participate in local events and social rides are plentiful. It\u2019s easy to sign up","breadcrumb":{"@id":"https:\/\/www.welovecycling.com\/wide\/2019\/08\/27\/summer-training-combine-racing-and-training\/#breadcrumb"},"inLanguage":"en-US","potentialAction":[{"@type":"ReadAction","target":["https:\/\/www.welovecycling.com\/wide\/2019\/08\/27\/summer-training-combine-racing-and-training\/"]}]},{"@type":"ImageObject","inLanguage":"en-US","@id":"https:\/\/www.welovecycling.com\/wide\/2019\/08\/27\/summer-training-combine-racing-and-training\/#primaryimage","url":"https:\/\/d2p6e6u75xmxt8.cloudfront.net\/2\/2019\/08\/road-cyclists-nature-profimedia-0340157192-CVR.webp","contentUrl":"https:\/\/d2p6e6u75xmxt8.cloudfront.net\/2\/2019\/08\/road-cyclists-nature-profimedia-0340157192-CVR.webp","width":900,"height":600},{"@type":"BreadcrumbList","@id":"https:\/\/www.welovecycling.com\/wide\/2019\/08\/27\/summer-training-combine-racing-and-training\/#breadcrumb","itemListElement":[{"@type":"ListItem","position":1,"name":"Home","item":"https:\/\/www.welovecycling.com\/wide\/"},{"@type":"ListItem","position":2,"name":"Summer Training \u2013 Combine Racing and Training"}]},{"@type":"WebSite","@id":"https:\/\/www.welovecycling.com\/wide\/#website","url":"https:\/\/www.welovecycling.com\/wide\/","name":"\u0160koda We Love Cycling","description":"\u0160koda We Love Cycling magazine","alternateName":"\u0160koda WLC","potentialAction":[{"@type":"SearchAction","target":{"@type":"EntryPoint","urlTemplate":"https:\/\/www.welovecycling.com\/wide\/?s={search_term_string}"},"query-input":{"@type":"PropertyValueSpecification","valueRequired":true,"valueName":"search_term_string"}}],"inLanguage":"en-US"},{"@type":"Person","@id":"https:\/\/www.welovecycling.com\/wide\/#\/schema\/person\/50f01ecd18718d2333cf72e823c4f926","name":"tereza","image":{"@type":"ImageObject","inLanguage":"en-US","@id":"https:\/\/www.welovecycling.com\/wide\/#\/schema\/person\/image\/","url":"https:\/\/secure.gravatar.com\/avatar\/1f9eb71be33845f0afabce3791bc1c58ecdb0a25c62964987e5dbcf7a20d2ec7?s=96&d=mm&r=g","contentUrl":"https:\/\/secure.gravatar.com\/avatar\/1f9eb71be33845f0afabce3791bc1c58ecdb0a25c62964987e5dbcf7a20d2ec7?s=96&d=mm&r=g","caption":"tereza"},"url":"https:\/\/www.welovecycling.com\/wide\/author\/tereza\/"}]}},"_links":{"self":[{"href":"https:\/\/www.welovecycling.com\/wide\/wp-json\/wp\/v2\/posts\/175136","targetHints":{"allow":["GET"]}}],"collection":[{"href":"https:\/\/www.welovecycling.com\/wide\/wp-json\/wp\/v2\/posts"}],"about":[{"href":"https:\/\/www.welovecycling.com\/wide\/wp-json\/wp\/v2\/types\/post"}],"author":[{"embeddable":true,"href":"https:\/\/www.welovecycling.com\/wide\/wp-json\/wp\/v2\/users\/99"}],"replies":[{"embeddable":true,"href":"https:\/\/www.welovecycling.com\/wide\/wp-json\/wp\/v2\/comments?post=175136"}],"version-history":[{"count":2,"href":"https:\/\/www.welovecycling.com\/wide\/wp-json\/wp\/v2\/posts\/175136\/revisions"}],"predecessor-version":[{"id":175154,"href":"https:\/\/www.welovecycling.com\/wide\/wp-json\/wp\/v2\/posts\/175136\/revisions\/175154"}],"wp:featuredmedia":[{"embeddable":true,"href":"https:\/\/www.welovecycling.com\/wide\/wp-json\/wp\/v2\/media\/175143"}],"wp:attachment":[{"href":"https:\/\/www.welovecycling.com\/wide\/wp-json\/wp\/v2\/media?parent=175136"}],"wp:term":[{"taxonomy":"category","embeddable":true,"href":"https:\/\/www.welovecycling.com\/wide\/wp-json\/wp\/v2\/categories?post=175136"},{"taxonomy":"post_tag","embeddable":true,"href":"https:\/\/www.welovecycling.com\/wide\/wp-json\/wp\/v2\/tags?post=175136"},{"taxonomy":"global-categories","embeddable":true,"href":"https:\/\/www.welovecycling.com\/wide\/wp-json\/wp\/v2\/global-categories?post=175136"}],"curies":[{"name":"wp","href":"https:\/\/api.w.org\/{rel}","templated":true}]}}