{"id":175119,"date":"2019-08-23T13:32:48","date_gmt":"2019-08-23T13:32:48","guid":{"rendered":"https:\/\/www.welovecycling.com\/wide\/?p=175119"},"modified":"2019-08-23T13:32:48","modified_gmt":"2019-08-23T13:32:48","slug":"cycling-milestones-that-every-cyclist-should-celebrate","status":"publish","type":"post","link":"https:\/\/www.welovecycling.com\/wide\/2019\/08\/23\/cycling-milestones-that-every-cyclist-should-celebrate\/","title":{"rendered":"Cycling Milestones That Every Cyclist Should Celebrate"},"content":{"rendered":"<p><strong>There are so many things to appreciate about the journey of becoming a cyclist. With the ever-present opportunity for a personal record, the potential discovery of a new road or the accomplishment achieved through increased fitness, the possibilities are endless. Whether you\u2019re working towards the completion of a specific event, mastering a particular skill or simply riding for fun, there will inevitably be some milestones you\u2019ll be able to look back on and smile.<\/strong><!--more--><\/p>\n<p>Regardless of your level and what you do (or don\u2019t) eventually hope to accomplish, it is important to celebrate the little landmark moments that help you realize how far you\u2019ve come since you first started riding bikes. Here are a few of our favourites.<\/p>\n<h2><strong>Hitting the 50-mile mark<\/strong><\/h2>\n<p>For many cyclists, 50 miles marks their first \u201cbig\u201d ride. A formidable achievement to be sure, although this might become a standard procedure in the future, the first time you\u2019ve pedalled half a century deserves a little celebration. It is also reason to look with anticipation on what is still to come. Once you know you\u2019ve got the skills and stamina for those long rides, there\u2019s nothing stopping you from crushing 70 miles, 80 miles, and beyond!<\/p>\n<figure id=\"attachment_165354\" aria-describedby=\"caption-attachment-165354\" style=\"width: 1376px\" class=\"wp-caption alignnone\"><a href=\"https:\/\/d2p6e6u75xmxt8.cloudfront.net\/2\/2018\/06\/print2.jpg\"><img loading=\"lazy\" decoding=\"async\" class=\"size-full wp-image-165354\" src=\"https:\/\/d2p6e6u75xmxt8.cloudfront.net\/2\/2018\/06\/print2.jpg\" alt=\"\" width=\"1376\" height=\"918\" \/><\/a><figcaption id=\"caption-attachment-165354\" class=\"wp-caption-text\">Ji\u0159\u00ed Je\u017eek leading a group ride.<\/figcaption><\/figure>\n<h2><strong>Your first time sporting those beloved cycling tan lines<\/strong><\/h2>\n<p>Proudly exhibited by pros and amateurs alike, it\u2019s irresistible to share a hilarious photo of your first crisp cycling tan lines. A sign of both distinction and dedication within the community, it\u2019s fun to show off that you\u2019ve taken your hobby to the next level. Don\u2019t despair if they happen to appear at the most inopportune time, they can act as a conversation starter at that wedding or major event you\u2019ve got coming up next weekend. That being said, also don\u2019t forget to practice sun safety and know that as a cyclist, you\u2019ll be going through copious amounts of sunblock.<\/p>\n<h2><strong>The exhilaration of riding clipless pedals<\/strong><\/h2>\n<p>This is a big hurdle for many and for good reasons. It\u2019s intimidating and feeling unlike anything you\u2019ve likely experienced before. But once you get the hang of it, you\u2019re about to discover a whole new dimension of cycling. Clipless pedals allow you to feel more connected to your bike, experiencing it as a direct extension of your strength and power.<\/p>\n<h2><strong>Your first road rash<\/strong><\/h2>\n<p>Hopefully, this doesn\u2019t go hand in hand with the milestones mentioned above but if it does \u2014 just embrace it. If you ride on the road long enough, you\u2019re bound to encounter an unpredictable accident eventually. Hopefully road rash is the only injury you ride away with and it\u2019s ok if the mental recovery from a crash takes some time. If you do come to ride another day though, it\u2019s a testament to your love of the sport and the strength and character it has helped you cultivate.<\/p>\n<figure id=\"attachment_147809\" aria-describedby=\"caption-attachment-147809\" style=\"width: 1170px\" class=\"wp-caption alignnone\"><a href=\"https:\/\/d2p6e6u75xmxt8.cloudfront.net\/2\/2017\/04\/climbers-jersey-mount-haleakala-1121-large-w1170-h780-crop-flags1.jpg\"><img loading=\"lazy\" decoding=\"async\" class=\"wp-image-147809 size-full\" src=\"https:\/\/d2p6e6u75xmxt8.cloudfront.net\/2\/2017\/04\/climbers-jersey-mount-haleakala-1121-large-w1170-h780-crop-flags1.jpg\" alt=\"\" width=\"1170\" height=\"780\" \/><\/a><figcaption id=\"caption-attachment-147809\" class=\"wp-caption-text\">The activity tracking app STRAVA is gaining more popularity and users by day \u2013 no wonder, it\u2019s tempting to compete with tens of thousands of athletes from all around the world in real time and sometimes even beat them.<\/figcaption><\/figure>\n<h2><strong>Taking a Strava title for the first time<\/strong><\/h2>\n<p>Whether you\u2019ve had your eye on the prize for months or simply kicked things into next gear without even realizing it, seeing your name in the #1 spot on the Strava leaderboards is a pretty awesome feeling. If being the fastest, at least somewhere, on your bike isn\u2019t a little pleasure in life worth celebrating, then we don\u2019t know what is.<\/p>\n<h2><strong>Getting lost, and finding your way back again<\/strong><\/h2>\n<p>Having the confidence to explore an area without a pre-planned route is a bold and exciting move. The freedom to go ahead and get a little bit lost on purpose is what bike riding is all about. This is the best way to discover new beautiful and remote places and to embrace your sense of adventure.<\/p>\n<h2><strong>The feeling of putting on your first \u201creal\u201d kit<\/strong><\/h2>\n<p>Slipping into your first matching jersey and bib shorts is a feeling like none other. You may have been rocking some nice hand-me-downs or a mix-and-match combo prior but having your own new kit means you\u2019ve invested in your sport and are ready to level up. You\u2019ll instantly feel ready to go oh so much faster and chances are \u2014 you will.<\/p>\n<figure id=\"attachment_174341\" aria-describedby=\"caption-attachment-174341\" style=\"width: 1080px\" class=\"wp-caption alignnone\"><a href=\"https:\/\/d2p6e6u75xmxt8.cloudfront.net\/2\/2019\/06\/Margot-Gough-1.JPG.jpg\"><img loading=\"lazy\" decoding=\"async\" class=\"wp-image-174341 size-full\" src=\"https:\/\/d2p6e6u75xmxt8.cloudfront.net\/2\/2019\/06\/Margot-Gough-1.JPG.jpg\" alt=\"\" width=\"1080\" height=\"1080\" \/><\/a><figcaption id=\"caption-attachment-174341\" class=\"wp-caption-text\">Pedal Wenches on a ride.<\/figcaption><\/figure>\n<h2><strong>Becoming part of a team<\/strong><\/h2>\n<p>We often preach the good books of the cycling community and with good reason. For many cyclists, this is the most valuable gift that their bike has given them. Regardless of how serious or formal your riding pals are, being part of a group means you have people to share your passion with, in addition to valuable sources of riding wisdom.<\/p>\n<h2><strong>When those around you officially recognise you\u2019re a bike fanatic<\/strong><\/h2>\n<p>Often marked by the first time you receive a first bike-themed knick-knack as a gift, this is the moment when the people in your life see you and think of cycling. You may have thought of yourself as a cyclist for a while but this is the moment that your friends and family do too. Thankfully, you can never have too many bike-patterned socks or Christmas ornaments, right?<\/p>\n<h2><strong>Being able to help others out on the group ride<\/strong><\/h2>\n<p>Being able to pass down the wisdom that was once shared with you is one of the best feelings out there. The moment you realise you\u2019re in a position to provide help and encouragement to the newbies is a special one. It\u2019ll help you remember what it felt like to be there and to appreciate how far you\u2019ve come.<\/p>\n","protected":false},"excerpt":{"rendered":"<p>There are so many things to appreciate about the journey of becoming a cyclist. With the ever-present opportunity for a [&hellip;]<\/p>\n","protected":false},"author":12,"featured_media":165437,"comment_status":"open","ping_status":"open","sticky":false,"template":"","format":"standard","meta":{"footnotes":""},"categories":[334],"tags":[3416,2870],"global-categories":[],"class_list":["post-175119","post","type-post","status-publish","format-standard","has-post-thumbnail","hentry","category-socialising-and-culture","tag-cycling-achievement","tag-cycling-milestones"],"yoast_head":"<!-- This site is optimized with the Yoast SEO Premium plugin v25.3 (Yoast SEO v25.9) - https:\/\/yoast.com\/wordpress\/plugins\/seo\/ -->\n<title>Cycling Milestones That Every Cyclist Should Celebrate - \u0160koda We Love Cycling<\/title>\n<meta name=\"description\" content=\"There are so many things to appreciate about the journey of becoming a cyclist. With the ever-present opportunity for a personal record, the potential\" \/>\n<meta name=\"robots\" content=\"index, follow, max-snippet:-1, max-image-preview:large, max-video-preview:-1\" \/>\n<link rel=\"canonical\" href=\"https:\/\/www.welovecycling.com\/wide\/2019\/08\/23\/cycling-milestones-that-every-cyclist-should-celebrate\/\" \/>\n<meta property=\"og:locale\" content=\"en_US\" \/>\n<meta property=\"og:type\" content=\"article\" \/>\n<meta property=\"og:title\" content=\"Cycling Milestones That Every Cyclist Should Celebrate\" \/>\n<meta property=\"og:description\" content=\"There are so many things to appreciate about the journey of becoming a cyclist. With the ever-present opportunity for a personal record, the potential\" \/>\n<meta property=\"og:url\" content=\"https:\/\/www.welovecycling.com\/wide\/2019\/08\/23\/cycling-milestones-that-every-cyclist-should-celebrate\/\" \/>\n<meta property=\"og:site_name\" content=\"\u0160koda We Love Cycling\" \/>\n<meta property=\"article:published_time\" content=\"2019-08-23T13:32:48+00:00\" \/>\n<meta property=\"og:image\" content=\"https:\/\/d2p6e6u75xmxt8.cloudfront.net\/2\/2018\/06\/profimedia-0375198150-1-1.webp\" \/>\n\t<meta property=\"og:image:width\" content=\"900\" \/>\n\t<meta property=\"og:image:height\" content=\"600\" \/>\n\t<meta property=\"og:image:type\" content=\"image\/webp\" \/>\n<meta name=\"twitter:card\" content=\"summary_large_image\" \/>\n<meta name=\"twitter:label1\" content=\"Written by\" \/>\n\t<meta name=\"twitter:data1\" content=\"Megan Flottorp\" \/>\n\t<meta name=\"twitter:label2\" content=\"Est. reading time\" \/>\n\t<meta name=\"twitter:data2\" content=\"8\" \/>\n<script type=\"application\/ld+json\" class=\"yoast-schema-graph\">{\"@context\":\"https:\/\/schema.org\",\"@graph\":[{\"@type\":\"WebPage\",\"@id\":\"https:\/\/www.welovecycling.com\/wide\/2019\/08\/23\/cycling-milestones-that-every-cyclist-should-celebrate\/\",\"url\":\"https:\/\/www.welovecycling.com\/wide\/2019\/08\/23\/cycling-milestones-that-every-cyclist-should-celebrate\/\",\"name\":\"Cycling Milestones That Every Cyclist Should Celebrate - \u0160koda We Love Cycling\",\"isPartOf\":{\"@id\":\"https:\/\/www.welovecycling.com\/wide\/#website\"},\"primaryImageOfPage\":{\"@id\":\"https:\/\/www.welovecycling.com\/wide\/2019\/08\/23\/cycling-milestones-that-every-cyclist-should-celebrate\/#primaryimage\"},\"image\":{\"@id\":\"https:\/\/www.welovecycling.com\/wide\/2019\/08\/23\/cycling-milestones-that-every-cyclist-should-celebrate\/#primaryimage\"},\"thumbnailUrl\":\"https:\/\/d2p6e6u75xmxt8.cloudfront.net\/2\/2018\/06\/profimedia-0375198150-1-1.webp\",\"datePublished\":\"2019-08-23T13:32:48+00:00\",\"author\":{\"@id\":\"\"},\"description\":\"There are so many things to appreciate about the journey of becoming a cyclist. With the ever-present opportunity for a personal record, the potential\",\"breadcrumb\":{\"@id\":\"https:\/\/www.welovecycling.com\/wide\/2019\/08\/23\/cycling-milestones-that-every-cyclist-should-celebrate\/#breadcrumb\"},\"inLanguage\":\"en-US\",\"potentialAction\":[{\"@type\":\"ReadAction\",\"target\":[\"https:\/\/www.welovecycling.com\/wide\/2019\/08\/23\/cycling-milestones-that-every-cyclist-should-celebrate\/\"]}]},{\"@type\":\"ImageObject\",\"inLanguage\":\"en-US\",\"@id\":\"https:\/\/www.welovecycling.com\/wide\/2019\/08\/23\/cycling-milestones-that-every-cyclist-should-celebrate\/#primaryimage\",\"url\":\"https:\/\/d2p6e6u75xmxt8.cloudfront.net\/2\/2018\/06\/profimedia-0375198150-1-1.webp\",\"contentUrl\":\"https:\/\/d2p6e6u75xmxt8.cloudfront.net\/2\/2018\/06\/profimedia-0375198150-1-1.webp\",\"width\":900,\"height\":600},{\"@type\":\"BreadcrumbList\",\"@id\":\"https:\/\/www.welovecycling.com\/wide\/2019\/08\/23\/cycling-milestones-that-every-cyclist-should-celebrate\/#breadcrumb\",\"itemListElement\":[{\"@type\":\"ListItem\",\"position\":1,\"name\":\"Home\",\"item\":\"https:\/\/www.welovecycling.com\/wide\/\"},{\"@type\":\"ListItem\",\"position\":2,\"name\":\"Cycling Milestones That Every Cyclist Should Celebrate\"}]},{\"@type\":\"WebSite\",\"@id\":\"https:\/\/www.welovecycling.com\/wide\/#website\",\"url\":\"https:\/\/www.welovecycling.com\/wide\/\",\"name\":\"\u0160koda We Love Cycling\",\"description\":\"\u0160koda We Love Cycling magazine\",\"alternateName\":\"\u0160koda WLC\",\"potentialAction\":[{\"@type\":\"SearchAction\",\"target\":{\"@type\":\"EntryPoint\",\"urlTemplate\":\"https:\/\/www.welovecycling.com\/wide\/?s={search_term_string}\"},\"query-input\":{\"@type\":\"PropertyValueSpecification\",\"valueRequired\":true,\"valueName\":\"search_term_string\"}}],\"inLanguage\":\"en-US\"},{\"@type\":\"Person\",\"@id\":\"\",\"url\":\"https:\/\/www.welovecycling.com\/wide\/author\/\"}]}<\/script>\n<!-- \/ Yoast SEO Premium plugin. -->","yoast_head_json":{"title":"Cycling Milestones That Every Cyclist Should Celebrate - \u0160koda We Love Cycling","description":"There are so many things to appreciate about the journey of becoming a cyclist. With the ever-present opportunity for a personal record, the potential","robots":{"index":"index","follow":"follow","max-snippet":"max-snippet:-1","max-image-preview":"max-image-preview:large","max-video-preview":"max-video-preview:-1"},"canonical":"https:\/\/www.welovecycling.com\/wide\/2019\/08\/23\/cycling-milestones-that-every-cyclist-should-celebrate\/","og_locale":"en_US","og_type":"article","og_title":"Cycling Milestones That Every Cyclist Should Celebrate","og_description":"There are so many things to appreciate about the journey of becoming a cyclist. With the ever-present opportunity for a personal record, the potential","og_url":"https:\/\/www.welovecycling.com\/wide\/2019\/08\/23\/cycling-milestones-that-every-cyclist-should-celebrate\/","og_site_name":"\u0160koda We Love Cycling","article_published_time":"2019-08-23T13:32:48+00:00","og_image":[{"width":900,"height":600,"url":"https:\/\/d2p6e6u75xmxt8.cloudfront.net\/2\/2018\/06\/profimedia-0375198150-1-1.webp","type":"image\/webp"}],"twitter_card":"summary_large_image","twitter_misc":{"Written by":"Megan Flottorp","Est. reading time":"8"},"schema":{"@context":"https:\/\/schema.org","@graph":[{"@type":"WebPage","@id":"https:\/\/www.welovecycling.com\/wide\/2019\/08\/23\/cycling-milestones-that-every-cyclist-should-celebrate\/","url":"https:\/\/www.welovecycling.com\/wide\/2019\/08\/23\/cycling-milestones-that-every-cyclist-should-celebrate\/","name":"Cycling Milestones That Every Cyclist Should Celebrate - \u0160koda We Love Cycling","isPartOf":{"@id":"https:\/\/www.welovecycling.com\/wide\/#website"},"primaryImageOfPage":{"@id":"https:\/\/www.welovecycling.com\/wide\/2019\/08\/23\/cycling-milestones-that-every-cyclist-should-celebrate\/#primaryimage"},"image":{"@id":"https:\/\/www.welovecycling.com\/wide\/2019\/08\/23\/cycling-milestones-that-every-cyclist-should-celebrate\/#primaryimage"},"thumbnailUrl":"https:\/\/d2p6e6u75xmxt8.cloudfront.net\/2\/2018\/06\/profimedia-0375198150-1-1.webp","datePublished":"2019-08-23T13:32:48+00:00","author":{"@id":""},"description":"There are so many things to appreciate about the journey of becoming a cyclist. With the ever-present opportunity for a personal record, the potential","breadcrumb":{"@id":"https:\/\/www.welovecycling.com\/wide\/2019\/08\/23\/cycling-milestones-that-every-cyclist-should-celebrate\/#breadcrumb"},"inLanguage":"en-US","potentialAction":[{"@type":"ReadAction","target":["https:\/\/www.welovecycling.com\/wide\/2019\/08\/23\/cycling-milestones-that-every-cyclist-should-celebrate\/"]}]},{"@type":"ImageObject","inLanguage":"en-US","@id":"https:\/\/www.welovecycling.com\/wide\/2019\/08\/23\/cycling-milestones-that-every-cyclist-should-celebrate\/#primaryimage","url":"https:\/\/d2p6e6u75xmxt8.cloudfront.net\/2\/2018\/06\/profimedia-0375198150-1-1.webp","contentUrl":"https:\/\/d2p6e6u75xmxt8.cloudfront.net\/2\/2018\/06\/profimedia-0375198150-1-1.webp","width":900,"height":600},{"@type":"BreadcrumbList","@id":"https:\/\/www.welovecycling.com\/wide\/2019\/08\/23\/cycling-milestones-that-every-cyclist-should-celebrate\/#breadcrumb","itemListElement":[{"@type":"ListItem","position":1,"name":"Home","item":"https:\/\/www.welovecycling.com\/wide\/"},{"@type":"ListItem","position":2,"name":"Cycling Milestones That Every Cyclist Should Celebrate"}]},{"@type":"WebSite","@id":"https:\/\/www.welovecycling.com\/wide\/#website","url":"https:\/\/www.welovecycling.com\/wide\/","name":"\u0160koda We Love Cycling","description":"\u0160koda We Love Cycling magazine","alternateName":"\u0160koda WLC","potentialAction":[{"@type":"SearchAction","target":{"@type":"EntryPoint","urlTemplate":"https:\/\/www.welovecycling.com\/wide\/?s={search_term_string}"},"query-input":{"@type":"PropertyValueSpecification","valueRequired":true,"valueName":"search_term_string"}}],"inLanguage":"en-US"},{"@type":"Person","@id":"","url":"https:\/\/www.welovecycling.com\/wide\/author\/"}]}},"_links":{"self":[{"href":"https:\/\/www.welovecycling.com\/wide\/wp-json\/wp\/v2\/posts\/175119","targetHints":{"allow":["GET"]}}],"collection":[{"href":"https:\/\/www.welovecycling.com\/wide\/wp-json\/wp\/v2\/posts"}],"about":[{"href":"https:\/\/www.welovecycling.com\/wide\/wp-json\/wp\/v2\/types\/post"}],"author":[{"embeddable":true,"href":"https:\/\/www.welovecycling.com\/wide\/wp-json\/wp\/v2\/users\/12"}],"replies":[{"embeddable":true,"href":"https:\/\/www.welovecycling.com\/wide\/wp-json\/wp\/v2\/comments?post=175119"}],"version-history":[{"count":1,"href":"https:\/\/www.welovecycling.com\/wide\/wp-json\/wp\/v2\/posts\/175119\/revisions"}],"predecessor-version":[{"id":175120,"href":"https:\/\/www.welovecycling.com\/wide\/wp-json\/wp\/v2\/posts\/175119\/revisions\/175120"}],"wp:featuredmedia":[{"embeddable":true,"href":"https:\/\/www.welovecycling.com\/wide\/wp-json\/wp\/v2\/media\/165437"}],"wp:attachment":[{"href":"https:\/\/www.welovecycling.com\/wide\/wp-json\/wp\/v2\/media?parent=175119"}],"wp:term":[{"taxonomy":"category","embeddable":true,"href":"https:\/\/www.welovecycling.com\/wide\/wp-json\/wp\/v2\/categories?post=175119"},{"taxonomy":"post_tag","embeddable":true,"href":"https:\/\/www.welovecycling.com\/wide\/wp-json\/wp\/v2\/tags?post=175119"},{"taxonomy":"global-categories","embeddable":true,"href":"https:\/\/www.welovecycling.com\/wide\/wp-json\/wp\/v2\/global-categories?post=175119"}],"curies":[{"name":"wp","href":"https:\/\/api.w.org\/{rel}","templated":true}]}}